{"id":17139,"date":"2009-04-10T12:57:55","date_gmt":"2009-04-10T10:57:55","guid":{"rendered":"http:\/\/www.visit-ulcinj.com\/blog\/?p=17139"},"modified":"2009-04-10T12:57:55","modified_gmt":"2009-04-10T10:57:55","slug":"juna-ketu-ka-njerez-te-bukur","status":"publish","type":"post","link":"https:\/\/www.visit-ulcinj.com\/blog\/2009\/04\/10\/juna-ketu-ka-njerez-te-bukur\/","title":{"rendered":"Juna : K\u00ebtu ka njer\u00ebz t\u00eb bukur"},"content":{"rendered":"<p><em><span class=\"newsdate\"><a href=\"http:\/\/www.visit-ulcinj.com\/blog\/wp-content\/uploads\/2009\/04\/juna-anjeza-per-banoret.jpg\"><img loading=\"lazy\" class=\"alignleft size-full wp-image-17140\" title=\"juna-anjeza-per-banoret-big-brother-albania-2\" src=\"http:\/\/www.visit-ulcinj.com\/blog\/wp-content\/uploads\/2009\/04\/juna-anjeza-per-banoret.jpg\" alt=\"juna-anjeza-per-banoret-big-brother-albania-2\" width=\"300\" height=\"205\" \/><\/a>06\/04\/09 14:40<\/span><\/em><\/p>\n<p>Juna dhe Anjeza shikojn\u00eb fotot duke i komentuar ato. Juna thot\u00eb:-\u201cKam v\u00ebn\u00eb re q\u00eb k\u00ebtu ka njer\u00ebz shum\u00eb t\u00eb bukur!\u201d Anjeza i thot\u00eb q\u00eb t\u00eb gjith\u00eb jan\u00eb shum\u00eb t\u00eb mir\u00eb, dhe shton q\u00eb jan\u00eb m\u00eb t\u00eb mir\u00eb se banor\u00ebt e Big Brother 1 nga paraqitja. Juna i thot\u00eb q\u00eb \u00ebsht\u00eb e rrall\u00eb q\u00eb t\u00eb gjesh persona q\u00eb jetojn\u00eb bashk\u00eb q\u00eb t\u00eb jen\u00eb t\u00eb gjith\u00eb t\u00eb bukur, dhe q\u00eb kombinohen me nj\u00ebri-tjetrin.<\/p>\n","protected":false},"excerpt":{"rendered":"<p>06\/04\/09 14:40 Juna dhe Anjeza shikojn\u00eb fotot duke i komentuar ato. Juna thot\u00eb:-\u201cKam v\u00ebn\u00eb re q\u00eb k\u00ebtu ka njer\u00ebz shum\u00eb t\u00eb bukur!\u201d Anjeza i thot\u00eb q\u00eb t\u00eb gjith\u00eb jan\u00eb shum\u00eb t\u00eb mir\u00eb, dhe shton q\u00eb jan\u00eb m\u00eb t\u00eb mir\u00eb se banor\u00ebt e Big Brother 1 nga paraqitja. Juna i thot\u00eb q\u00eb \u00ebsht\u00eb e rrall\u00eb q\u00eb [&hellip;]<\/p>\n","protected":false},"author":1,"featured_media":0,"comment_status":"open","ping_status":"closed","sticky":false,"template":"","format":"standard","meta":{"spay_email":"","jetpack_publicize_message":"","jetpack_is_tweetstorm":false,"jetpack_publicize_feature_enabled":true},"categories":[6502],"tags":[8289,5057,6506,6516,6712,7129,1442,6891,6693,6887],"jetpack_publicize_connections":[],"yoast_head":"<!-- This site is optimized with the Yoast SEO plugin v19.1 - https:\/\/yoast.com\/wordpress\/plugins\/seo\/ -->\n<title>Juna : K\u00c3\u00abtu ka njer\u00c3\u00abz t\u00c3\u00ab bukur | Big Brother Albania 2<\/title>\n<meta name=\"description\" content=\"Big Brother Albania 2 - Juna dhe Anjeza shikojn\u00c3\u00ab fotot duke i komentuar ato. Juna thot\u00c3\u00ab:-\u00e2\u20ac\u0153Kam v\u00c3\u00abn\u00c3\u00ab re q\u00c3\u00ab k\u00c3\u00abtu ka njer\u00c3\u00abz shum\u00c3\u00ab t\u00c3\u00ab bukur!\u00e2\u20ac\u009d Anjeza i thot\u00c3\u00ab q\u00c3\u00ab t\u00c3\u00ab gjith\u00c3\u00ab jan\u00c3\u00ab shum\u00c3\u00ab t\u00c3\u00ab mir\u00c3\u00ab\" \/>\n<meta name=\"robots\" content=\"index, follow, max-snippet:-1, max-image-preview:large, max-video-preview:-1\" \/>\n<link rel=\"canonical\" href=\"https:\/\/www.visit-ulcinj.com\/blog\/2009\/04\/10\/juna-ketu-ka-njerez-te-bukur\/\" \/>\n<meta property=\"og:locale\" content=\"en_US\" \/>\n<meta property=\"og:type\" content=\"article\" \/>\n<meta property=\"og:title\" content=\"Juna : K\u00c3\u00abtu ka njer\u00c3\u00abz t\u00c3\u00ab bukur | Big Brother Albania 2\" \/>\n<meta property=\"og:description\" content=\"Big Brother Albania 2 - Juna dhe Anjeza shikojn\u00c3\u00ab fotot duke i komentuar ato. Juna thot\u00c3\u00ab:-\u00e2\u20ac\u0153Kam v\u00c3\u00abn\u00c3\u00ab re q\u00c3\u00ab k\u00c3\u00abtu ka njer\u00c3\u00abz shum\u00c3\u00ab t\u00c3\u00ab bukur!\u00e2\u20ac\u009d Anjeza i thot\u00c3\u00ab q\u00c3\u00ab t\u00c3\u00ab gjith\u00c3\u00ab jan\u00c3\u00ab shum\u00c3\u00ab t\u00c3\u00ab mir\u00c3\u00ab\" \/>\n<meta property=\"og:url\" content=\"https:\/\/www.visit-ulcinj.com\/blog\/2009\/04\/10\/juna-ketu-ka-njerez-te-bukur\/\" \/>\n<meta property=\"og:site_name\" content=\"Lajme nga Ulqini\" \/>\n<meta property=\"article:published_time\" content=\"2009-04-10T10:57:55+00:00\" \/>\n<meta property=\"og:image\" content=\"http:\/\/www.visit-ulcinj.com\/blog\/wp-content\/uploads\/2009\/04\/juna-anjeza-per-banoret.jpg\" \/>\n<meta name=\"twitter:label1\" content=\"Written by\" \/>\n\t<meta name=\"twitter:data1\" content=\"ulqini\" \/>\n<script type=\"application\/ld+json\" class=\"yoast-schema-graph\">{\"@context\":\"https:\/\/schema.org\",\"@graph\":[{\"@type\":\"WebSite\",\"@id\":\"https:\/\/www.visit-ulcinj.com\/blog\/#website\",\"url\":\"https:\/\/www.visit-ulcinj.com\/blog\/\",\"name\":\"Lajme nga Ulqini\",\"description\":\"Lajme,Vijesti,Ulqini,Ulqin,Crna Gora,Mali i Zi\",\"potentialAction\":[{\"@type\":\"SearchAction\",\"target\":{\"@type\":\"EntryPoint\",\"urlTemplate\":\"https:\/\/www.visit-ulcinj.com\/blog\/?s={search_term_string}\"},\"query-input\":\"required name=search_term_string\"}],\"inLanguage\":\"en-US\"},{\"@type\":\"ImageObject\",\"inLanguage\":\"en-US\",\"@id\":\"https:\/\/www.visit-ulcinj.com\/blog\/2009\/04\/10\/juna-ketu-ka-njerez-te-bukur\/#primaryimage\",\"url\":\"http:\/\/www.visit-ulcinj.com\/blog\/wp-content\/uploads\/2009\/04\/juna-anjeza-per-banoret.jpg\",\"contentUrl\":\"http:\/\/www.visit-ulcinj.com\/blog\/wp-content\/uploads\/2009\/04\/juna-anjeza-per-banoret.jpg\"},{\"@type\":\"WebPage\",\"@id\":\"https:\/\/www.visit-ulcinj.com\/blog\/2009\/04\/10\/juna-ketu-ka-njerez-te-bukur\/#webpage\",\"url\":\"https:\/\/www.visit-ulcinj.com\/blog\/2009\/04\/10\/juna-ketu-ka-njerez-te-bukur\/\",\"name\":\"Juna : K\u00c3\u00abtu ka njer\u00c3\u00abz t\u00c3\u00ab bukur | Big Brother Albania 2\",\"isPartOf\":{\"@id\":\"https:\/\/www.visit-ulcinj.com\/blog\/#website\"},\"primaryImageOfPage\":{\"@id\":\"https:\/\/www.visit-ulcinj.com\/blog\/2009\/04\/10\/juna-ketu-ka-njerez-te-bukur\/#primaryimage\"},\"datePublished\":\"2009-04-10T10:57:55+00:00\",\"dateModified\":\"2009-04-10T10:57:55+00:00\",\"author\":{\"@id\":\"https:\/\/www.visit-ulcinj.com\/blog\/#\/schema\/person\/dcab619c614d3038751c63bc2aadc06d\"},\"description\":\"Big Brother Albania 2 - Juna dhe Anjeza shikojn\u00c3\u00ab fotot duke i komentuar ato. Juna thot\u00c3\u00ab:-\u00e2\u20ac\u0153Kam v\u00c3\u00abn\u00c3\u00ab re q\u00c3\u00ab k\u00c3\u00abtu ka njer\u00c3\u00abz shum\u00c3\u00ab t\u00c3\u00ab bukur!\u00e2\u20ac\u009d Anjeza i thot\u00c3\u00ab q\u00c3\u00ab t\u00c3\u00ab gjith\u00c3\u00ab jan\u00c3\u00ab shum\u00c3\u00ab t\u00c3\u00ab mir\u00c3\u00ab\",\"breadcrumb\":{\"@id\":\"https:\/\/www.visit-ulcinj.com\/blog\/2009\/04\/10\/juna-ketu-ka-njerez-te-bukur\/#breadcrumb\"},\"inLanguage\":\"en-US\",\"potentialAction\":[{\"@type\":\"ReadAction\",\"target\":[\"https:\/\/www.visit-ulcinj.com\/blog\/2009\/04\/10\/juna-ketu-ka-njerez-te-bukur\/\"]}]},{\"@type\":\"BreadcrumbList\",\"@id\":\"https:\/\/www.visit-ulcinj.com\/blog\/2009\/04\/10\/juna-ketu-ka-njerez-te-bukur\/#breadcrumb\",\"itemListElement\":[{\"@type\":\"ListItem\",\"position\":1,\"name\":\"Juna : K\u00ebtu ka njer\u00ebz t\u00eb bukur\"}]},{\"@type\":\"Person\",\"@id\":\"https:\/\/www.visit-ulcinj.com\/blog\/#\/schema\/person\/dcab619c614d3038751c63bc2aadc06d\",\"name\":\"ulqini\",\"sameAs\":[\"http:\/\/www.visit-ulcinj.com\"],\"url\":\"https:\/\/www.visit-ulcinj.com\/blog\/author\/admin\/\"}]}<\/script>\n<!-- \/ Yoast SEO plugin. -->","yoast_head_json":{"title":"Juna : K\u00c3\u00abtu ka njer\u00c3\u00abz t\u00c3\u00ab bukur | Big Brother Albania 2","description":"Big Brother Albania 2 - Juna dhe Anjeza shikojn\u00c3\u00ab fotot duke i komentuar ato. Juna thot\u00c3\u00ab:-\u00e2\u20ac\u0153Kam v\u00c3\u00abn\u00c3\u00ab re q\u00c3\u00ab k\u00c3\u00abtu ka njer\u00c3\u00abz shum\u00c3\u00ab t\u00c3\u00ab bukur!\u00e2\u20ac\u009d Anjeza i thot\u00c3\u00ab q\u00c3\u00ab t\u00c3\u00ab gjith\u00c3\u00ab jan\u00c3\u00ab shum\u00c3\u00ab t\u00c3\u00ab mir\u00c3\u00ab","robots":{"index":"index","follow":"follow","max-snippet":"max-snippet:-1","max-image-preview":"max-image-preview:large","max-video-preview":"max-video-preview:-1"},"canonical":"https:\/\/www.visit-ulcinj.com\/blog\/2009\/04\/10\/juna-ketu-ka-njerez-te-bukur\/","og_locale":"en_US","og_type":"article","og_title":"Juna : K\u00c3\u00abtu ka njer\u00c3\u00abz t\u00c3\u00ab bukur | Big Brother Albania 2","og_description":"Big Brother Albania 2 - Juna dhe Anjeza shikojn\u00c3\u00ab fotot duke i komentuar ato. Juna thot\u00c3\u00ab:-\u00e2\u20ac\u0153Kam v\u00c3\u00abn\u00c3\u00ab re q\u00c3\u00ab k\u00c3\u00abtu ka njer\u00c3\u00abz shum\u00c3\u00ab t\u00c3\u00ab bukur!\u00e2\u20ac\u009d Anjeza i thot\u00c3\u00ab q\u00c3\u00ab t\u00c3\u00ab gjith\u00c3\u00ab jan\u00c3\u00ab shum\u00c3\u00ab t\u00c3\u00ab mir\u00c3\u00ab","og_url":"https:\/\/www.visit-ulcinj.com\/blog\/2009\/04\/10\/juna-ketu-ka-njerez-te-bukur\/","og_site_name":"Lajme nga Ulqini","article_published_time":"2009-04-10T10:57:55+00:00","og_image":[{"url":"http:\/\/www.visit-ulcinj.com\/blog\/wp-content\/uploads\/2009\/04\/juna-anjeza-per-banoret.jpg"}],"twitter_misc":{"Written by":"ulqini"},"schema":{"@context":"https:\/\/schema.org","@graph":[{"@type":"WebSite","@id":"https:\/\/www.visit-ulcinj.com\/blog\/#website","url":"https:\/\/www.visit-ulcinj.com\/blog\/","name":"Lajme nga Ulqini","description":"Lajme,Vijesti,Ulqini,Ulqin,Crna Gora,Mali i Zi","potentialAction":[{"@type":"SearchAction","target":{"@type":"EntryPoint","urlTemplate":"https:\/\/www.visit-ulcinj.com\/blog\/?s={search_term_string}"},"query-input":"required name=search_term_string"}],"inLanguage":"en-US"},{"@type":"ImageObject","inLanguage":"en-US","@id":"https:\/\/www.visit-ulcinj.com\/blog\/2009\/04\/10\/juna-ketu-ka-njerez-te-bukur\/#primaryimage","url":"http:\/\/www.visit-ulcinj.com\/blog\/wp-content\/uploads\/2009\/04\/juna-anjeza-per-banoret.jpg","contentUrl":"http:\/\/www.visit-ulcinj.com\/blog\/wp-content\/uploads\/2009\/04\/juna-anjeza-per-banoret.jpg"},{"@type":"WebPage","@id":"https:\/\/www.visit-ulcinj.com\/blog\/2009\/04\/10\/juna-ketu-ka-njerez-te-bukur\/#webpage","url":"https:\/\/www.visit-ulcinj.com\/blog\/2009\/04\/10\/juna-ketu-ka-njerez-te-bukur\/","name":"Juna : K\u00c3\u00abtu ka njer\u00c3\u00abz t\u00c3\u00ab bukur | Big Brother Albania 2","isPartOf":{"@id":"https:\/\/www.visit-ulcinj.com\/blog\/#website"},"primaryImageOfPage":{"@id":"https:\/\/www.visit-ulcinj.com\/blog\/2009\/04\/10\/juna-ketu-ka-njerez-te-bukur\/#primaryimage"},"datePublished":"2009-04-10T10:57:55+00:00","dateModified":"2009-04-10T10:57:55+00:00","author":{"@id":"https:\/\/www.visit-ulcinj.com\/blog\/#\/schema\/person\/dcab619c614d3038751c63bc2aadc06d"},"description":"Big Brother Albania 2 - Juna dhe Anjeza shikojn\u00c3\u00ab fotot duke i komentuar ato. Juna thot\u00c3\u00ab:-\u00e2\u20ac\u0153Kam v\u00c3\u00abn\u00c3\u00ab re q\u00c3\u00ab k\u00c3\u00abtu ka njer\u00c3\u00abz shum\u00c3\u00ab t\u00c3\u00ab bukur!\u00e2\u20ac\u009d Anjeza i thot\u00c3\u00ab q\u00c3\u00ab t\u00c3\u00ab gjith\u00c3\u00ab jan\u00c3\u00ab shum\u00c3\u00ab t\u00c3\u00ab mir\u00c3\u00ab","breadcrumb":{"@id":"https:\/\/www.visit-ulcinj.com\/blog\/2009\/04\/10\/juna-ketu-ka-njerez-te-bukur\/#breadcrumb"},"inLanguage":"en-US","potentialAction":[{"@type":"ReadAction","target":["https:\/\/www.visit-ulcinj.com\/blog\/2009\/04\/10\/juna-ketu-ka-njerez-te-bukur\/"]}]},{"@type":"BreadcrumbList","@id":"https:\/\/www.visit-ulcinj.com\/blog\/2009\/04\/10\/juna-ketu-ka-njerez-te-bukur\/#breadcrumb","itemListElement":[{"@type":"ListItem","position":1,"name":"Juna : K\u00ebtu ka njer\u00ebz t\u00eb bukur"}]},{"@type":"Person","@id":"https:\/\/www.visit-ulcinj.com\/blog\/#\/schema\/person\/dcab619c614d3038751c63bc2aadc06d","name":"ulqini","sameAs":["http:\/\/www.visit-ulcinj.com"],"url":"https:\/\/www.visit-ulcinj.com\/blog\/author\/admin\/"}]}},"jetpack_featured_media_url":"","jetpack_sharing_enabled":true,"jetpack_shortlink":"https:\/\/wp.me\/pe6lTn-4sr","_links":{"self":[{"href":"https:\/\/www.visit-ulcinj.com\/blog\/wp-json\/wp\/v2\/posts\/17139"}],"collection":[{"href":"https:\/\/www.visit-ulcinj.com\/blog\/wp-json\/wp\/v2\/posts"}],"about":[{"href":"https:\/\/www.visit-ulcinj.com\/blog\/wp-json\/wp\/v2\/types\/post"}],"author":[{"embeddable":true,"href":"https:\/\/www.visit-ulcinj.com\/blog\/wp-json\/wp\/v2\/users\/1"}],"replies":[{"embeddable":true,"href":"https:\/\/www.visit-ulcinj.com\/blog\/wp-json\/wp\/v2\/comments?post=17139"}],"version-history":[{"count":0,"href":"https:\/\/www.visit-ulcinj.com\/blog\/wp-json\/wp\/v2\/posts\/17139\/revisions"}],"wp:attachment":[{"href":"https:\/\/www.visit-ulcinj.com\/blog\/wp-json\/wp\/v2\/media?parent=17139"}],"wp:term":[{"taxonomy":"category","embeddable":true,"href":"https:\/\/www.visit-ulcinj.com\/blog\/wp-json\/wp\/v2\/categories?post=17139"},{"taxonomy":"post_tag","embeddable":true,"href":"https:\/\/www.visit-ulcinj.com\/blog\/wp-json\/wp\/v2\/tags?post=17139"}],"curies":[{"name":"wp","href":"https:\/\/api.w.org\/{rel}","templated":true}]}}