{"id":1714,"date":"2008-05-20T14:25:25","date_gmt":"2008-05-20T19:25:25","guid":{"rendered":"http:\/\/www.visit-ulcinj.com\/blog\/?p=1714"},"modified":"2008-05-20T14:25:25","modified_gmt":"2008-05-20T19:25:25","slug":"deshmi-e-historise-se-lavdishme","status":"publish","type":"post","link":"https:\/\/www.visit-ulcinj.com\/blog\/2008\/05\/20\/deshmi-e-historise-se-lavdishme\/","title":{"rendered":"D\u00ebshmi e historis\u00eb s\u00eb lavdishme"},"content":{"rendered":"<p><a href=\"http:\/\/www.visit-ulcinj.com\/blog\/wp-content\/uploads\/2008\/05\/hajro-ulqinaku.jpg\"><img loading=\"lazy\" class=\"alignleft attachment wp-att-1715\" style=\"float: left;\" src=\"http:\/\/www.visit-ulcinj.com\/blog\/wp-content\/uploads\/2008\/05\/hajro-ulqinaku.thumbnail.jpg\" alt=\"hajro ulqinaku\" width=\"185\" height=\"294\" \/><\/a>Detaria ka p\u00ebrb\u00ebr\u00eb n\u00eb t\u00eb kaluar\u00ebn deg\u00ebn kryesore t\u00eb jetes\u00ebs p\u00ebr qytetar\u00ebt e Ulqinit. Historia flet se Ulqini n\u00eb t\u00eb kaluar\u00ebn, jo fort t\u00eb larg\u00ebt, ka pasur nj\u00eb flot\u00eb t\u00eb fuqishme, e cila \u00ebsht\u00eb krahasuar me flotat m\u00eb t\u00eb njohura n\u00eb rajon, kurse detar\u00ebt ulqinak\u00eb kan\u00eb qen\u00eb t\u00eb njohur dhe me z\u00eb jo vet\u00ebm n\u00eb rajon, por edhe m\u00eb gjer\u00eb. P\u00ebr fat t\u00eb keq, shum\u00eb\u00e7ka nga kjo pjes\u00eb e historis\u00eb s\u00eb lavdishme t\u00eb k\u00ebtij qyteti ka mbetur e pashkruar, e padokumentuar, dhe si e till\u00eb \u00ebsht\u00eb harruar. Bile edhe ato pak libra q\u00eb jan\u00eb shkruar mbi detarin\u00eb e Ulqinit, pra historin\u00eb e tij, n\u00eb t\u00eb shumt\u00ebn e rasteve jan\u00eb shkruar nga joshqiptar\u00ebt, shpesh duke i keqinterpretuar gj\u00ebrat, qoft\u00eb p\u00ebr interesa t\u00eb koh\u00ebs apo p\u00ebr interesa t\u00eb tjera.<br \/>\nVet\u00ebm viteve t\u00eb fundit v\u00ebrehet nj\u00eb p\u00ebrpjekje e shtuar e studiuesve p\u00ebr tzu marr\u00eb me k\u00ebt\u00eb pjes\u00eb t\u00eb pashkruar t\u00eb historis\u00eb s\u00eb detaris\u00eb s\u00eb Ulqinit. N\u00eb k\u00ebt\u00eb mes nj\u00eb rol t\u00eb ve\u00e7ant\u00eb z\u00eb Hajro Ulqinaku. Pas dy librave paraprak\u00eb &#8220;Deti, detaria e Ulqinit&#8221; dhe &#8220;Detar\u00eb, peshkatar\u00eb ulqinak\u00eb&#8221;, ai i ka shtuar s\u00eb fundi k\u00ebtij cikli mbi detarin\u00eb librin &#8220;Detaria, detar\u00eb, dokumente&#8221;.<br \/>\nKy lib\u00ebr p\u00ebrb\u00ebn vazhdimin e p\u00ebrpjekjeve t\u00eb k\u00ebtij autori p\u00ebr t\u00eb d\u00ebshmuar mbi nj\u00eb pjes\u00eb t\u00eb historis\u00eb s\u00eb lavdishme t\u00eb detaris\u00eb s\u00eb Ulqinit. N\u00eb lib\u00ebr jan\u00eb prezantuar nj\u00eb varg i detar\u00ebve t\u00eb njohur ulqinak\u00eb q\u00eb nga koh\u00ebt m\u00eb t\u00eb lashta e deri n\u00eb dit\u00ebt e sotme, t\u00eb cil\u00ebt edhe e kan\u00eb sh\u00ebnuar historin\u00eb e detaris\u00eb s\u00eb k\u00ebtij qyteti. Autori e ka nd\u00ebrtuar librin mbi baz\u00ebn e t\u00eb dh\u00ebnave dhe d\u00ebshmive t\u00eb trash\u00ebgimtar\u00ebve t\u00eb detar\u00ebve, t\u00eb dh\u00ebna dhe d\u00ebshmi q\u00eb jan\u00eb p\u00ebrcjellur e bartur deri n\u00eb dit\u00ebt e sotme. Shum\u00eb nga k\u00ebto t\u00eb dh\u00ebna jan\u00eb shkruar pa u ndryshuar dhe pa nd\u00ebrhyr\u00eb fare n\u00eb to apo si\u00e7 thot\u00eb vet\u00eb autori, &#8220;i ka qit n\u00eb let\u00ebr, n\u00eb lib\u00ebr, ashtu si\u00e7 ia kan\u00eb kall\u00ebzuar&#8221;.<a href=\"http:\/\/www.visit-ulcinj.com\/blog\/wp-content\/uploads\/2008\/05\/hajroulqinaku1.jpg\"><img loading=\"lazy\" class=\"alignright attachment wp-att-1716\" style=\"float: right;\" src=\"http:\/\/www.visit-ulcinj.com\/blog\/wp-content\/uploads\/2008\/05\/hajroulqinaku1.thumbnail.jpg\" alt=\"hajro ulqinaku1\" width=\"150\" height=\"200\" \/><\/a><br \/>\nPor p\u00ebrve\u00e7 k\u00ebtyre t\u00eb dh\u00ebnave, Ulqinaku n\u00eb librin e tij \u00ebsht\u00eb mb\u00ebshtetur edhe n\u00eb dokumentet autentike t\u00eb s\u00eb kaluar\u00ebs, si matrikulla t\u00eb detar\u00ebve, libreza detarie, diploma, tapi, kontrata p\u00ebr shitblerjen e anijeve, leje lundrimi, \u00e7ertifikata, dekrete etj., nj\u00eb pjes\u00eb e t\u00eb cilave t\u00eb publikuara p\u00ebr her\u00eb t\u00eb par\u00eb, gj\u00eb q\u00eb ia rrisin vler\u00ebn k\u00ebtij libri. P\u00ebr fat t\u00eb keq, shum\u00eb nga k\u00ebto dokumente, t\u00eb cilat p\u00ebrb\u00ebjn\u00eb baz\u00ebn e studimeve mbi detarin\u00eb e Ulqinit, jan\u00eb humbur, qoft\u00eb nga pakujdesia apo nga rrethana t\u00eb tjera objektive.<br \/>\nLibri &#8220;Detaria, detar\u00eb, dokumente&#8221; p\u00ebrb\u00ebn nj\u00eb kontribut t\u00eb \u00e7muesh\u00ebm p\u00ebr dokumentimin e historis\u00eb s\u00eb Ulqinit, por edhe nj\u00eb ndihmes\u00eb p\u00ebr studimet e ardhshme mbi detarin\u00eb e k\u00ebtij qyteti.<br \/>\n<strong>Ismet Kallaba<br \/>\nKoha Javore<\/strong><\/p>\n<p><strong> KTO JAN VIDEO T\u00cb ULQINIT T\u00cb LASHT JAN P\u00cbR TU SHIQUAR SE KAN VLER HISTORIKE<\/strong><\/p>\n<!--YouTube Error: bad URL entered-->\n<p align=\"right\">\n","protected":false},"excerpt":{"rendered":"<p><img loading=\"lazy\" class=\"alignleft attachment wp-att-1715\" style=\"float: left;\" src=\"http:\/\/www.visit-ulcinj.com\/blog\/wp-content\/uploads\/2008\/05\/hajro-ulqinaku.thumbnail.jpg\" alt=\"hajro ulqinaku\" width=\"140\" height=\"140\" \/><\/p>\n","protected":false},"author":1,"featured_media":0,"comment_status":"open","ping_status":"closed","sticky":false,"template":"","format":"standard","meta":{"spay_email":"","jetpack_publicize_message":"","jetpack_is_tweetstorm":false,"jetpack_publicize_feature_enabled":true},"categories":[4,12],"tags":[3318,3317,3319,961,3320],"jetpack_publicize_connections":[],"yoast_head":"<!-- This site is optimized with the Yoast SEO plugin v19.1 - https:\/\/yoast.com\/wordpress\/plugins\/seo\/ -->\n<title>D\u00ebshmi e historis\u00eb s\u00eb lavdishme - Lajme nga Ulqini<\/title>\n<meta name=\"robots\" content=\"index, follow, max-snippet:-1, max-image-preview:large, max-video-preview:-1\" \/>\n<link rel=\"canonical\" href=\"https:\/\/www.visit-ulcinj.com\/blog\/2008\/05\/20\/deshmi-e-historise-se-lavdishme\/\" \/>\n<meta property=\"og:locale\" content=\"en_US\" \/>\n<meta property=\"og:type\" content=\"article\" \/>\n<meta property=\"og:title\" content=\"D\u00ebshmi e historis\u00eb s\u00eb lavdishme - Lajme nga Ulqini\" \/>\n<meta property=\"og:url\" content=\"https:\/\/www.visit-ulcinj.com\/blog\/2008\/05\/20\/deshmi-e-historise-se-lavdishme\/\" \/>\n<meta property=\"og:site_name\" content=\"Lajme nga Ulqini\" \/>\n<meta property=\"article:published_time\" content=\"2008-05-20T19:25:25+00:00\" \/>\n<meta property=\"og:image\" content=\"http:\/\/www.visit-ulcinj.com\/blog\/wp-content\/uploads\/2008\/05\/hajro-ulqinaku.thumbnail.jpg\" \/>\n<meta name=\"twitter:label1\" content=\"Written by\" \/>\n\t<meta name=\"twitter:data1\" content=\"ulqini\" \/>\n\t<meta name=\"twitter:label2\" content=\"Est. reading time\" \/>\n\t<meta name=\"twitter:data2\" content=\"3 minutes\" \/>\n<script type=\"application\/ld+json\" class=\"yoast-schema-graph\">{\"@context\":\"https:\/\/schema.org\",\"@graph\":[{\"@type\":\"WebSite\",\"@id\":\"https:\/\/www.visit-ulcinj.com\/blog\/#website\",\"url\":\"https:\/\/www.visit-ulcinj.com\/blog\/\",\"name\":\"Lajme nga Ulqini\",\"description\":\"Lajme,Vijesti,Ulqini,Ulqin,Crna Gora,Mali i Zi\",\"potentialAction\":[{\"@type\":\"SearchAction\",\"target\":{\"@type\":\"EntryPoint\",\"urlTemplate\":\"https:\/\/www.visit-ulcinj.com\/blog\/?s={search_term_string}\"},\"query-input\":\"required name=search_term_string\"}],\"inLanguage\":\"en-US\"},{\"@type\":\"ImageObject\",\"inLanguage\":\"en-US\",\"@id\":\"https:\/\/www.visit-ulcinj.com\/blog\/2008\/05\/20\/deshmi-e-historise-se-lavdishme\/#primaryimage\",\"url\":\"http:\/\/www.visit-ulcinj.com\/blog\/wp-content\/uploads\/2008\/05\/hajro-ulqinaku.thumbnail.jpg\",\"contentUrl\":\"http:\/\/www.visit-ulcinj.com\/blog\/wp-content\/uploads\/2008\/05\/hajro-ulqinaku.thumbnail.jpg\"},{\"@type\":\"WebPage\",\"@id\":\"https:\/\/www.visit-ulcinj.com\/blog\/2008\/05\/20\/deshmi-e-historise-se-lavdishme\/#webpage\",\"url\":\"https:\/\/www.visit-ulcinj.com\/blog\/2008\/05\/20\/deshmi-e-historise-se-lavdishme\/\",\"name\":\"D\u00ebshmi e historis\u00eb s\u00eb lavdishme - Lajme nga Ulqini\",\"isPartOf\":{\"@id\":\"https:\/\/www.visit-ulcinj.com\/blog\/#website\"},\"primaryImageOfPage\":{\"@id\":\"https:\/\/www.visit-ulcinj.com\/blog\/2008\/05\/20\/deshmi-e-historise-se-lavdishme\/#primaryimage\"},\"datePublished\":\"2008-05-20T19:25:25+00:00\",\"dateModified\":\"2008-05-20T19:25:25+00:00\",\"author\":{\"@id\":\"https:\/\/www.visit-ulcinj.com\/blog\/#\/schema\/person\/dcab619c614d3038751c63bc2aadc06d\"},\"breadcrumb\":{\"@id\":\"https:\/\/www.visit-ulcinj.com\/blog\/2008\/05\/20\/deshmi-e-historise-se-lavdishme\/#breadcrumb\"},\"inLanguage\":\"en-US\",\"potentialAction\":[{\"@type\":\"ReadAction\",\"target\":[\"https:\/\/www.visit-ulcinj.com\/blog\/2008\/05\/20\/deshmi-e-historise-se-lavdishme\/\"]}]},{\"@type\":\"BreadcrumbList\",\"@id\":\"https:\/\/www.visit-ulcinj.com\/blog\/2008\/05\/20\/deshmi-e-historise-se-lavdishme\/#breadcrumb\",\"itemListElement\":[{\"@type\":\"ListItem\",\"position\":1,\"name\":\"D\u00ebshmi e historis\u00eb s\u00eb lavdishme\"}]},{\"@type\":\"Person\",\"@id\":\"https:\/\/www.visit-ulcinj.com\/blog\/#\/schema\/person\/dcab619c614d3038751c63bc2aadc06d\",\"name\":\"ulqini\",\"sameAs\":[\"http:\/\/www.visit-ulcinj.com\"],\"url\":\"https:\/\/www.visit-ulcinj.com\/blog\/author\/admin\/\"}]}<\/script>\n<!-- \/ Yoast SEO plugin. -->","yoast_head_json":{"title":"D\u00ebshmi e historis\u00eb s\u00eb lavdishme - Lajme nga Ulqini","robots":{"index":"index","follow":"follow","max-snippet":"max-snippet:-1","max-image-preview":"max-image-preview:large","max-video-preview":"max-video-preview:-1"},"canonical":"https:\/\/www.visit-ulcinj.com\/blog\/2008\/05\/20\/deshmi-e-historise-se-lavdishme\/","og_locale":"en_US","og_type":"article","og_title":"D\u00ebshmi e historis\u00eb s\u00eb lavdishme - Lajme nga Ulqini","og_url":"https:\/\/www.visit-ulcinj.com\/blog\/2008\/05\/20\/deshmi-e-historise-se-lavdishme\/","og_site_name":"Lajme nga Ulqini","article_published_time":"2008-05-20T19:25:25+00:00","og_image":[{"url":"http:\/\/www.visit-ulcinj.com\/blog\/wp-content\/uploads\/2008\/05\/hajro-ulqinaku.thumbnail.jpg"}],"twitter_misc":{"Written by":"ulqini","Est. reading time":"3 minutes"},"schema":{"@context":"https:\/\/schema.org","@graph":[{"@type":"WebSite","@id":"https:\/\/www.visit-ulcinj.com\/blog\/#website","url":"https:\/\/www.visit-ulcinj.com\/blog\/","name":"Lajme nga Ulqini","description":"Lajme,Vijesti,Ulqini,Ulqin,Crna Gora,Mali i Zi","potentialAction":[{"@type":"SearchAction","target":{"@type":"EntryPoint","urlTemplate":"https:\/\/www.visit-ulcinj.com\/blog\/?s={search_term_string}"},"query-input":"required name=search_term_string"}],"inLanguage":"en-US"},{"@type":"ImageObject","inLanguage":"en-US","@id":"https:\/\/www.visit-ulcinj.com\/blog\/2008\/05\/20\/deshmi-e-historise-se-lavdishme\/#primaryimage","url":"http:\/\/www.visit-ulcinj.com\/blog\/wp-content\/uploads\/2008\/05\/hajro-ulqinaku.thumbnail.jpg","contentUrl":"http:\/\/www.visit-ulcinj.com\/blog\/wp-content\/uploads\/2008\/05\/hajro-ulqinaku.thumbnail.jpg"},{"@type":"WebPage","@id":"https:\/\/www.visit-ulcinj.com\/blog\/2008\/05\/20\/deshmi-e-historise-se-lavdishme\/#webpage","url":"https:\/\/www.visit-ulcinj.com\/blog\/2008\/05\/20\/deshmi-e-historise-se-lavdishme\/","name":"D\u00ebshmi e historis\u00eb s\u00eb lavdishme - Lajme nga Ulqini","isPartOf":{"@id":"https:\/\/www.visit-ulcinj.com\/blog\/#website"},"primaryImageOfPage":{"@id":"https:\/\/www.visit-ulcinj.com\/blog\/2008\/05\/20\/deshmi-e-historise-se-lavdishme\/#primaryimage"},"datePublished":"2008-05-20T19:25:25+00:00","dateModified":"2008-05-20T19:25:25+00:00","author":{"@id":"https:\/\/www.visit-ulcinj.com\/blog\/#\/schema\/person\/dcab619c614d3038751c63bc2aadc06d"},"breadcrumb":{"@id":"https:\/\/www.visit-ulcinj.com\/blog\/2008\/05\/20\/deshmi-e-historise-se-lavdishme\/#breadcrumb"},"inLanguage":"en-US","potentialAction":[{"@type":"ReadAction","target":["https:\/\/www.visit-ulcinj.com\/blog\/2008\/05\/20\/deshmi-e-historise-se-lavdishme\/"]}]},{"@type":"BreadcrumbList","@id":"https:\/\/www.visit-ulcinj.com\/blog\/2008\/05\/20\/deshmi-e-historise-se-lavdishme\/#breadcrumb","itemListElement":[{"@type":"ListItem","position":1,"name":"D\u00ebshmi e historis\u00eb s\u00eb lavdishme"}]},{"@type":"Person","@id":"https:\/\/www.visit-ulcinj.com\/blog\/#\/schema\/person\/dcab619c614d3038751c63bc2aadc06d","name":"ulqini","sameAs":["http:\/\/www.visit-ulcinj.com"],"url":"https:\/\/www.visit-ulcinj.com\/blog\/author\/admin\/"}]}},"jetpack_featured_media_url":"","jetpack_sharing_enabled":true,"jetpack_shortlink":"https:\/\/wp.me\/pe6lTn-rE","_links":{"self":[{"href":"https:\/\/www.visit-ulcinj.com\/blog\/wp-json\/wp\/v2\/posts\/1714"}],"collection":[{"href":"https:\/\/www.visit-ulcinj.com\/blog\/wp-json\/wp\/v2\/posts"}],"about":[{"href":"https:\/\/www.visit-ulcinj.com\/blog\/wp-json\/wp\/v2\/types\/post"}],"author":[{"embeddable":true,"href":"https:\/\/www.visit-ulcinj.com\/blog\/wp-json\/wp\/v2\/users\/1"}],"replies":[{"embeddable":true,"href":"https:\/\/www.visit-ulcinj.com\/blog\/wp-json\/wp\/v2\/comments?post=1714"}],"version-history":[{"count":0,"href":"https:\/\/www.visit-ulcinj.com\/blog\/wp-json\/wp\/v2\/posts\/1714\/revisions"}],"wp:attachment":[{"href":"https:\/\/www.visit-ulcinj.com\/blog\/wp-json\/wp\/v2\/media?parent=1714"}],"wp:term":[{"taxonomy":"category","embeddable":true,"href":"https:\/\/www.visit-ulcinj.com\/blog\/wp-json\/wp\/v2\/categories?post=1714"},{"taxonomy":"post_tag","embeddable":true,"href":"https:\/\/www.visit-ulcinj.com\/blog\/wp-json\/wp\/v2\/tags?post=1714"}],"curies":[{"name":"wp","href":"https:\/\/api.w.org\/{rel}","templated":true}]}}