{"id":17153,"date":"2009-04-10T13:12:22","date_gmt":"2009-04-10T11:12:22","guid":{"rendered":"http:\/\/www.visit-ulcinj.com\/blog\/?p=17153"},"modified":"2009-04-10T13:12:22","modified_gmt":"2009-04-10T11:12:22","slug":"anjeza-me-duket-akoma-si-enderr","status":"publish","type":"post","link":"https:\/\/www.visit-ulcinj.com\/blog\/2009\/04\/10\/anjeza-me-duket-akoma-si-enderr\/","title":{"rendered":"Anjeza : M\u00eb duket akoma si \u00ebnd\u00ebrr"},"content":{"rendered":"<p><em><span class=\"newsdate\"><a href=\"http:\/\/www.visit-ulcinj.com\/blog\/wp-content\/uploads\/2009\/04\/arjonianjeza2-copy.jpg\"><img loading=\"lazy\" class=\"alignleft size-full wp-image-17154\" title=\"arjonianjeza2-copy\" src=\"http:\/\/www.visit-ulcinj.com\/blog\/wp-content\/uploads\/2009\/04\/arjonianjeza2-copy.jpg\" alt=\"arjonianjeza2-copy\" width=\"300\" height=\"205\" \/><\/a>07\/04\/09 01:50<\/span><\/em><\/p>\n<p>\u201cM\u00eb duket akoma si \u00ebnd\u00ebrr!\u201d \u2013 ka th\u00ebn\u00eb Anjeza, duke iu referuar faktit q\u00eb ajo ishte tashm\u00eb nj\u00eb nga banor\u00ebt e sht\u00ebpis\u00eb m\u00eb t\u00eb famshme t\u00eb Shqip\u00ebris\u00eb. Ajo i tregoi Arjonit se motra e saj e kishte marre vesh dit\u00ebn e fundit q\u00eb Anjeza po hynte k\u00ebtu, madje ajo kishte aplikuar \u201cashtu kot\u201d dhe e kishte b\u00ebr\u00eb pa patur ndonj\u00eb shpres\u00eb t\u00eb madhe. E \u00ebma, q\u00eb kishte patur vet\u00ebm hallin e shkoll\u00ebs, i kishte th\u00ebn\u00eb se kishte luajtur mendsh. P\u00ebr ta qet\u00ebsuar at\u00eb por edhe veten, ajo kishte biseduar me profesor\u00ebt dhe koh\u00ebn e humbur do ta rikuperonte kur t\u00eb dilte. \u201cSi mendon, pse t\u00eb kan\u00eb zgjedhur ty?\u201d- e ka pyetur Arjoni. \u201cNuk e di!\u201d \u2013 \u00ebsht\u00eb p\u00ebrgjigjur Anjeza.<\/p>\n","protected":false},"excerpt":{"rendered":"<p>07\/04\/09 01:50 \u201cM\u00eb duket akoma si \u00ebnd\u00ebrr!\u201d \u2013 ka th\u00ebn\u00eb Anjeza, duke iu referuar faktit q\u00eb ajo ishte tashm\u00eb nj\u00eb nga banor\u00ebt e sht\u00ebpis\u00eb m\u00eb t\u00eb famshme t\u00eb Shqip\u00ebris\u00eb. Ajo i tregoi Arjonit se motra e saj e kishte marre vesh dit\u00ebn e fundit q\u00eb Anjeza po hynte k\u00ebtu, madje ajo kishte aplikuar \u201cashtu kot\u201d [&hellip;]<\/p>\n","protected":false},"author":1,"featured_media":0,"comment_status":"open","ping_status":"closed","sticky":false,"template":"","format":"standard","meta":{"spay_email":"","jetpack_publicize_message":"","jetpack_is_tweetstorm":false,"jetpack_publicize_feature_enabled":true},"categories":[6502],"tags":[8289,6525,5057,6506,6516,6712,7129,8861,6891,6693,6887],"jetpack_publicize_connections":[],"yoast_head":"<!-- This site is optimized with the Yoast SEO plugin v19.1 - https:\/\/yoast.com\/wordpress\/plugins\/seo\/ -->\n<title>Anjeza : M\u00c3\u00ab duket akoma si \u00c3\u00abnd\u00c3\u00abrr | Big Brother Albania 2<\/title>\n<meta name=\"description\" content=\"Big BRother Albania 2 - \u00e2\u20ac\u0153M\u00c3\u00ab duket akoma si \u00c3\u00abnd\u00c3\u00abrr!\u00e2\u20ac\u009d \u00e2\u20ac\u201c ka th\u00c3\u00abn\u00c3\u00ab Anjeza, duke iu referuar faktit q\u00c3\u00ab ajo ishte tashm\u00c3\u00ab nj\u00c3\u00ab nga banor\u00c3\u00abt e sht\u00c3\u00abpis\u00c3\u00ab m\u00c3\u00ab t\u00c3\u00ab famshme t\u00c3\u00ab Shqip\u00c3\u00abris\u00c3\u00ab. Ajo\" \/>\n<meta name=\"robots\" content=\"index, follow, max-snippet:-1, max-image-preview:large, max-video-preview:-1\" \/>\n<link rel=\"canonical\" href=\"https:\/\/www.visit-ulcinj.com\/blog\/2009\/04\/10\/anjeza-me-duket-akoma-si-enderr\/\" \/>\n<meta property=\"og:locale\" content=\"en_US\" \/>\n<meta property=\"og:type\" content=\"article\" \/>\n<meta property=\"og:title\" content=\"Anjeza : M\u00c3\u00ab duket akoma si \u00c3\u00abnd\u00c3\u00abrr | Big Brother Albania 2\" \/>\n<meta property=\"og:description\" content=\"Big BRother Albania 2 - \u00e2\u20ac\u0153M\u00c3\u00ab duket akoma si \u00c3\u00abnd\u00c3\u00abrr!\u00e2\u20ac\u009d \u00e2\u20ac\u201c ka th\u00c3\u00abn\u00c3\u00ab Anjeza, duke iu referuar faktit q\u00c3\u00ab ajo ishte tashm\u00c3\u00ab nj\u00c3\u00ab nga banor\u00c3\u00abt e sht\u00c3\u00abpis\u00c3\u00ab m\u00c3\u00ab t\u00c3\u00ab famshme t\u00c3\u00ab Shqip\u00c3\u00abris\u00c3\u00ab. Ajo\" \/>\n<meta property=\"og:url\" content=\"https:\/\/www.visit-ulcinj.com\/blog\/2009\/04\/10\/anjeza-me-duket-akoma-si-enderr\/\" \/>\n<meta property=\"og:site_name\" content=\"Lajme nga Ulqini\" \/>\n<meta property=\"article:published_time\" content=\"2009-04-10T11:12:22+00:00\" \/>\n<meta property=\"og:image\" content=\"http:\/\/www.visit-ulcinj.com\/blog\/wp-content\/uploads\/2009\/04\/arjonianjeza2-copy.jpg\" \/>\n<meta name=\"twitter:label1\" content=\"Written by\" \/>\n\t<meta name=\"twitter:data1\" content=\"ulqini\" \/>\n\t<meta name=\"twitter:label2\" content=\"Est. reading time\" \/>\n\t<meta name=\"twitter:data2\" content=\"1 minute\" \/>\n<script type=\"application\/ld+json\" class=\"yoast-schema-graph\">{\"@context\":\"https:\/\/schema.org\",\"@graph\":[{\"@type\":\"WebSite\",\"@id\":\"https:\/\/www.visit-ulcinj.com\/blog\/#website\",\"url\":\"https:\/\/www.visit-ulcinj.com\/blog\/\",\"name\":\"Lajme nga Ulqini\",\"description\":\"Lajme,Vijesti,Ulqini,Ulqin,Crna Gora,Mali i Zi\",\"potentialAction\":[{\"@type\":\"SearchAction\",\"target\":{\"@type\":\"EntryPoint\",\"urlTemplate\":\"https:\/\/www.visit-ulcinj.com\/blog\/?s={search_term_string}\"},\"query-input\":\"required name=search_term_string\"}],\"inLanguage\":\"en-US\"},{\"@type\":\"ImageObject\",\"inLanguage\":\"en-US\",\"@id\":\"https:\/\/www.visit-ulcinj.com\/blog\/2009\/04\/10\/anjeza-me-duket-akoma-si-enderr\/#primaryimage\",\"url\":\"http:\/\/www.visit-ulcinj.com\/blog\/wp-content\/uploads\/2009\/04\/arjonianjeza2-copy.jpg\",\"contentUrl\":\"http:\/\/www.visit-ulcinj.com\/blog\/wp-content\/uploads\/2009\/04\/arjonianjeza2-copy.jpg\"},{\"@type\":\"WebPage\",\"@id\":\"https:\/\/www.visit-ulcinj.com\/blog\/2009\/04\/10\/anjeza-me-duket-akoma-si-enderr\/#webpage\",\"url\":\"https:\/\/www.visit-ulcinj.com\/blog\/2009\/04\/10\/anjeza-me-duket-akoma-si-enderr\/\",\"name\":\"Anjeza : M\u00c3\u00ab duket akoma si \u00c3\u00abnd\u00c3\u00abrr | Big Brother Albania 2\",\"isPartOf\":{\"@id\":\"https:\/\/www.visit-ulcinj.com\/blog\/#website\"},\"primaryImageOfPage\":{\"@id\":\"https:\/\/www.visit-ulcinj.com\/blog\/2009\/04\/10\/anjeza-me-duket-akoma-si-enderr\/#primaryimage\"},\"datePublished\":\"2009-04-10T11:12:22+00:00\",\"dateModified\":\"2009-04-10T11:12:22+00:00\",\"author\":{\"@id\":\"https:\/\/www.visit-ulcinj.com\/blog\/#\/schema\/person\/dcab619c614d3038751c63bc2aadc06d\"},\"description\":\"Big BRother Albania 2 - \u00e2\u20ac\u0153M\u00c3\u00ab duket akoma si \u00c3\u00abnd\u00c3\u00abrr!\u00e2\u20ac\u009d \u00e2\u20ac\u201c ka th\u00c3\u00abn\u00c3\u00ab Anjeza, duke iu referuar faktit q\u00c3\u00ab ajo ishte tashm\u00c3\u00ab nj\u00c3\u00ab nga banor\u00c3\u00abt e sht\u00c3\u00abpis\u00c3\u00ab m\u00c3\u00ab t\u00c3\u00ab famshme t\u00c3\u00ab Shqip\u00c3\u00abris\u00c3\u00ab. Ajo\",\"breadcrumb\":{\"@id\":\"https:\/\/www.visit-ulcinj.com\/blog\/2009\/04\/10\/anjeza-me-duket-akoma-si-enderr\/#breadcrumb\"},\"inLanguage\":\"en-US\",\"potentialAction\":[{\"@type\":\"ReadAction\",\"target\":[\"https:\/\/www.visit-ulcinj.com\/blog\/2009\/04\/10\/anjeza-me-duket-akoma-si-enderr\/\"]}]},{\"@type\":\"BreadcrumbList\",\"@id\":\"https:\/\/www.visit-ulcinj.com\/blog\/2009\/04\/10\/anjeza-me-duket-akoma-si-enderr\/#breadcrumb\",\"itemListElement\":[{\"@type\":\"ListItem\",\"position\":1,\"name\":\"Anjeza : M\u00eb duket akoma si \u00ebnd\u00ebrr\"}]},{\"@type\":\"Person\",\"@id\":\"https:\/\/www.visit-ulcinj.com\/blog\/#\/schema\/person\/dcab619c614d3038751c63bc2aadc06d\",\"name\":\"ulqini\",\"sameAs\":[\"http:\/\/www.visit-ulcinj.com\"],\"url\":\"https:\/\/www.visit-ulcinj.com\/blog\/author\/admin\/\"}]}<\/script>\n<!-- \/ Yoast SEO plugin. -->","yoast_head_json":{"title":"Anjeza : M\u00c3\u00ab duket akoma si \u00c3\u00abnd\u00c3\u00abrr | Big Brother Albania 2","description":"Big BRother Albania 2 - \u00e2\u20ac\u0153M\u00c3\u00ab duket akoma si \u00c3\u00abnd\u00c3\u00abrr!\u00e2\u20ac\u009d \u00e2\u20ac\u201c ka th\u00c3\u00abn\u00c3\u00ab Anjeza, duke iu referuar faktit q\u00c3\u00ab ajo ishte tashm\u00c3\u00ab nj\u00c3\u00ab nga banor\u00c3\u00abt e sht\u00c3\u00abpis\u00c3\u00ab m\u00c3\u00ab t\u00c3\u00ab famshme t\u00c3\u00ab Shqip\u00c3\u00abris\u00c3\u00ab. Ajo","robots":{"index":"index","follow":"follow","max-snippet":"max-snippet:-1","max-image-preview":"max-image-preview:large","max-video-preview":"max-video-preview:-1"},"canonical":"https:\/\/www.visit-ulcinj.com\/blog\/2009\/04\/10\/anjeza-me-duket-akoma-si-enderr\/","og_locale":"en_US","og_type":"article","og_title":"Anjeza : M\u00c3\u00ab duket akoma si \u00c3\u00abnd\u00c3\u00abrr | Big Brother Albania 2","og_description":"Big BRother Albania 2 - \u00e2\u20ac\u0153M\u00c3\u00ab duket akoma si \u00c3\u00abnd\u00c3\u00abrr!\u00e2\u20ac\u009d \u00e2\u20ac\u201c ka th\u00c3\u00abn\u00c3\u00ab Anjeza, duke iu referuar faktit q\u00c3\u00ab ajo ishte tashm\u00c3\u00ab nj\u00c3\u00ab nga banor\u00c3\u00abt e sht\u00c3\u00abpis\u00c3\u00ab m\u00c3\u00ab t\u00c3\u00ab famshme t\u00c3\u00ab Shqip\u00c3\u00abris\u00c3\u00ab. Ajo","og_url":"https:\/\/www.visit-ulcinj.com\/blog\/2009\/04\/10\/anjeza-me-duket-akoma-si-enderr\/","og_site_name":"Lajme nga Ulqini","article_published_time":"2009-04-10T11:12:22+00:00","og_image":[{"url":"http:\/\/www.visit-ulcinj.com\/blog\/wp-content\/uploads\/2009\/04\/arjonianjeza2-copy.jpg"}],"twitter_misc":{"Written by":"ulqini","Est. reading time":"1 minute"},"schema":{"@context":"https:\/\/schema.org","@graph":[{"@type":"WebSite","@id":"https:\/\/www.visit-ulcinj.com\/blog\/#website","url":"https:\/\/www.visit-ulcinj.com\/blog\/","name":"Lajme nga Ulqini","description":"Lajme,Vijesti,Ulqini,Ulqin,Crna Gora,Mali i Zi","potentialAction":[{"@type":"SearchAction","target":{"@type":"EntryPoint","urlTemplate":"https:\/\/www.visit-ulcinj.com\/blog\/?s={search_term_string}"},"query-input":"required name=search_term_string"}],"inLanguage":"en-US"},{"@type":"ImageObject","inLanguage":"en-US","@id":"https:\/\/www.visit-ulcinj.com\/blog\/2009\/04\/10\/anjeza-me-duket-akoma-si-enderr\/#primaryimage","url":"http:\/\/www.visit-ulcinj.com\/blog\/wp-content\/uploads\/2009\/04\/arjonianjeza2-copy.jpg","contentUrl":"http:\/\/www.visit-ulcinj.com\/blog\/wp-content\/uploads\/2009\/04\/arjonianjeza2-copy.jpg"},{"@type":"WebPage","@id":"https:\/\/www.visit-ulcinj.com\/blog\/2009\/04\/10\/anjeza-me-duket-akoma-si-enderr\/#webpage","url":"https:\/\/www.visit-ulcinj.com\/blog\/2009\/04\/10\/anjeza-me-duket-akoma-si-enderr\/","name":"Anjeza : M\u00c3\u00ab duket akoma si \u00c3\u00abnd\u00c3\u00abrr | Big Brother Albania 2","isPartOf":{"@id":"https:\/\/www.visit-ulcinj.com\/blog\/#website"},"primaryImageOfPage":{"@id":"https:\/\/www.visit-ulcinj.com\/blog\/2009\/04\/10\/anjeza-me-duket-akoma-si-enderr\/#primaryimage"},"datePublished":"2009-04-10T11:12:22+00:00","dateModified":"2009-04-10T11:12:22+00:00","author":{"@id":"https:\/\/www.visit-ulcinj.com\/blog\/#\/schema\/person\/dcab619c614d3038751c63bc2aadc06d"},"description":"Big BRother Albania 2 - \u00e2\u20ac\u0153M\u00c3\u00ab duket akoma si \u00c3\u00abnd\u00c3\u00abrr!\u00e2\u20ac\u009d \u00e2\u20ac\u201c ka th\u00c3\u00abn\u00c3\u00ab Anjeza, duke iu referuar faktit q\u00c3\u00ab ajo ishte tashm\u00c3\u00ab nj\u00c3\u00ab nga banor\u00c3\u00abt e sht\u00c3\u00abpis\u00c3\u00ab m\u00c3\u00ab t\u00c3\u00ab famshme t\u00c3\u00ab Shqip\u00c3\u00abris\u00c3\u00ab. Ajo","breadcrumb":{"@id":"https:\/\/www.visit-ulcinj.com\/blog\/2009\/04\/10\/anjeza-me-duket-akoma-si-enderr\/#breadcrumb"},"inLanguage":"en-US","potentialAction":[{"@type":"ReadAction","target":["https:\/\/www.visit-ulcinj.com\/blog\/2009\/04\/10\/anjeza-me-duket-akoma-si-enderr\/"]}]},{"@type":"BreadcrumbList","@id":"https:\/\/www.visit-ulcinj.com\/blog\/2009\/04\/10\/anjeza-me-duket-akoma-si-enderr\/#breadcrumb","itemListElement":[{"@type":"ListItem","position":1,"name":"Anjeza : M\u00eb duket akoma si \u00ebnd\u00ebrr"}]},{"@type":"Person","@id":"https:\/\/www.visit-ulcinj.com\/blog\/#\/schema\/person\/dcab619c614d3038751c63bc2aadc06d","name":"ulqini","sameAs":["http:\/\/www.visit-ulcinj.com"],"url":"https:\/\/www.visit-ulcinj.com\/blog\/author\/admin\/"}]}},"jetpack_featured_media_url":"","jetpack_sharing_enabled":true,"jetpack_shortlink":"https:\/\/wp.me\/pe6lTn-4sF","_links":{"self":[{"href":"https:\/\/www.visit-ulcinj.com\/blog\/wp-json\/wp\/v2\/posts\/17153"}],"collection":[{"href":"https:\/\/www.visit-ulcinj.com\/blog\/wp-json\/wp\/v2\/posts"}],"about":[{"href":"https:\/\/www.visit-ulcinj.com\/blog\/wp-json\/wp\/v2\/types\/post"}],"author":[{"embeddable":true,"href":"https:\/\/www.visit-ulcinj.com\/blog\/wp-json\/wp\/v2\/users\/1"}],"replies":[{"embeddable":true,"href":"https:\/\/www.visit-ulcinj.com\/blog\/wp-json\/wp\/v2\/comments?post=17153"}],"version-history":[{"count":0,"href":"https:\/\/www.visit-ulcinj.com\/blog\/wp-json\/wp\/v2\/posts\/17153\/revisions"}],"wp:attachment":[{"href":"https:\/\/www.visit-ulcinj.com\/blog\/wp-json\/wp\/v2\/media?parent=17153"}],"wp:term":[{"taxonomy":"category","embeddable":true,"href":"https:\/\/www.visit-ulcinj.com\/blog\/wp-json\/wp\/v2\/categories?post=17153"},{"taxonomy":"post_tag","embeddable":true,"href":"https:\/\/www.visit-ulcinj.com\/blog\/wp-json\/wp\/v2\/tags?post=17153"}],"curies":[{"name":"wp","href":"https:\/\/api.w.org\/{rel}","templated":true}]}}