{"id":17160,"date":"2009-04-10T13:21:42","date_gmt":"2009-04-10T11:21:42","guid":{"rendered":"http:\/\/www.visit-ulcinj.com\/blog\/?p=17160"},"modified":"2009-04-10T13:21:42","modified_gmt":"2009-04-10T11:21:42","slug":"adelajda-dhe-bjordi-me-ke-marre-tre-muaj","status":"publish","type":"post","link":"https:\/\/www.visit-ulcinj.com\/blog\/2009\/04\/10\/adelajda-dhe-bjordi-me-ke-marre-tre-muaj\/","title":{"rendered":"Adelajda dhe Bjordi : M\u00eb ke marr\u00eb tre muaj"},"content":{"rendered":"<p><em><span class=\"newsdate\"><a href=\"http:\/\/www.visit-ulcinj.com\/blog\/wp-content\/uploads\/2009\/04\/adelabjordivazhd.jpg\"><img loading=\"lazy\" class=\"alignleft size-full wp-image-17161\" title=\"adelajda dhe bjordi big brother albania 2 \" src=\"http:\/\/www.visit-ulcinj.com\/blog\/wp-content\/uploads\/2009\/04\/adelabjordivazhd.jpg\" alt=\"adelajda dhe bjordi big brother albania 2 \" width=\"300\" height=\"205\" \/><\/a>07\/04\/09 16:07<\/span><\/em><\/p>\n<p>Bjordi vazhdon me teorin\u00eb e tij se matematikisht, ai k\u00ebt\u00eb jav\u00eb mund t\u00eb dal\u00eb. Ai mendon se n\u00ebse b\u00ebn ndonj\u00eb gabim, kjo mund ta shtoj\u00eb rrezikun. Adela e k\u00ebshillon q\u00eb t\u00eb mos b\u00ebj\u00eb gabime, por ai i thot\u00eb se asnj\u00ebher\u00eb nuk e di se ku mund t\u00eb gabosh. Adela mendon se p\u00ebr sa koh\u00eb ajo nuk ka dal\u00eb, do t\u00eb thot\u00eb se as ai nuk ka p\u00ebr t\u00eb dal\u00eb. \u201cDo t\u00eb t\u00eb shoq\u00ebroj deri n\u00eb fund, nuk kam c\u2019t\u00eb b\u00ebj\u201d- i thot\u00eb ai Adel\u00ebs. Ai mendon se q\u00ebndrimi i tij n\u00eb sht\u00ebpi e favorizon dhe e ndihmon at\u00eb. \u201cM\u00eb ke marr\u00eb tre muaj koh\u00eb\u201d- p\u00ebrfundon ai. Adela ngrihet dhe e puth e k\u00ebnaqur. Bjordi thot\u00eb se mezi po pret q\u00eb t\u00eb dal\u00eb nga sht\u00ebpia dhe t\u00eb shoh\u00eb se cfar\u00eb ndodh jasht\u00eb, fansat q\u00eb i jan\u00eb krijuar. Ai ngacmon Adel\u00ebn e i p\u00ebrmend asaj faktin n\u00ebse do t\u00eb b\u00ebhet ajo xheloze p\u00ebr fanset e tija, por ajo ia kthen se do t\u2019i b\u00ebhet qejfi, nd\u00ebrsa Bjordi i thot\u00eb se ai ka p\u00ebr t\u2019i larguar t\u00eb gjith\u00eb fansat q\u00eb mund t\u2019i afrohen asaj.<\/p>\n","protected":false},"excerpt":{"rendered":"<p>07\/04\/09 16:07 Bjordi vazhdon me teorin\u00eb e tij se matematikisht, ai k\u00ebt\u00eb jav\u00eb mund t\u00eb dal\u00eb. Ai mendon se n\u00ebse b\u00ebn ndonj\u00eb gabim, kjo mund ta shtoj\u00eb rrezikun. Adela e k\u00ebshillon q\u00eb t\u00eb mos b\u00ebj\u00eb gabime, por ai i thot\u00eb se asnj\u00ebher\u00eb nuk e di se ku mund t\u00eb gabosh. Adela mendon se p\u00ebr sa [&hellip;]<\/p>\n","protected":false},"author":1,"featured_media":0,"comment_status":"open","ping_status":"closed","sticky":false,"template":"","format":"standard","meta":{"spay_email":"","jetpack_publicize_message":"","jetpack_is_tweetstorm":false,"jetpack_publicize_feature_enabled":true},"categories":[6502],"tags":[6529,5057,6506,6516,6712,7129,6522,6544,6891,6693,6887],"jetpack_publicize_connections":[],"yoast_head":"<!-- This site is optimized with the Yoast SEO plugin v19.1 - https:\/\/yoast.com\/wordpress\/plugins\/seo\/ -->\n<title>Adelajda dhe Bjordi : M\u00c3\u00ab ke marr\u00c3\u00ab tre muaj | Big Brother Albania 2<\/title>\n<meta name=\"description\" content=\"Big Brother Albania 2 - Bjordi vazhdon me teorin\u00c3\u00ab e tij se matematikisht, ai k\u00c3\u00abt\u00c3\u00ab jav\u00c3\u00ab mund t\u00c3\u00ab dal\u00c3\u00ab. Ai mendon se n\u00c3\u00abse b\u00c3\u00abn ndonj\u00c3\u00ab gabim, kjo mund ta shtoj\u00c3\u00ab rrezikun. Adela e k\u00c3\u00abshillon q\u00c3\u00ab t\u00c3\u00ab mos b\u00c3\u00abj\u00c3\u00ab gabim\" \/>\n<meta name=\"robots\" content=\"index, follow, max-snippet:-1, max-image-preview:large, max-video-preview:-1\" \/>\n<link rel=\"canonical\" href=\"https:\/\/www.visit-ulcinj.com\/blog\/2009\/04\/10\/adelajda-dhe-bjordi-me-ke-marre-tre-muaj\/\" \/>\n<meta property=\"og:locale\" content=\"en_US\" \/>\n<meta property=\"og:type\" content=\"article\" \/>\n<meta property=\"og:title\" content=\"Adelajda dhe Bjordi : M\u00c3\u00ab ke marr\u00c3\u00ab tre muaj | Big Brother Albania 2\" \/>\n<meta property=\"og:description\" content=\"Big Brother Albania 2 - Bjordi vazhdon me teorin\u00c3\u00ab e tij se matematikisht, ai k\u00c3\u00abt\u00c3\u00ab jav\u00c3\u00ab mund t\u00c3\u00ab dal\u00c3\u00ab. Ai mendon se n\u00c3\u00abse b\u00c3\u00abn ndonj\u00c3\u00ab gabim, kjo mund ta shtoj\u00c3\u00ab rrezikun. Adela e k\u00c3\u00abshillon q\u00c3\u00ab t\u00c3\u00ab mos b\u00c3\u00abj\u00c3\u00ab gabim\" \/>\n<meta property=\"og:url\" content=\"https:\/\/www.visit-ulcinj.com\/blog\/2009\/04\/10\/adelajda-dhe-bjordi-me-ke-marre-tre-muaj\/\" \/>\n<meta property=\"og:site_name\" content=\"Lajme nga Ulqini\" \/>\n<meta property=\"article:published_time\" content=\"2009-04-10T11:21:42+00:00\" \/>\n<meta property=\"og:image\" content=\"http:\/\/www.visit-ulcinj.com\/blog\/wp-content\/uploads\/2009\/04\/adelabjordivazhd.jpg\" \/>\n<meta name=\"twitter:label1\" content=\"Written by\" \/>\n\t<meta name=\"twitter:data1\" content=\"ulqini\" \/>\n\t<meta name=\"twitter:label2\" content=\"Est. reading time\" \/>\n\t<meta name=\"twitter:data2\" content=\"1 minute\" \/>\n<script type=\"application\/ld+json\" class=\"yoast-schema-graph\">{\"@context\":\"https:\/\/schema.org\",\"@graph\":[{\"@type\":\"WebSite\",\"@id\":\"https:\/\/www.visit-ulcinj.com\/blog\/#website\",\"url\":\"https:\/\/www.visit-ulcinj.com\/blog\/\",\"name\":\"Lajme nga Ulqini\",\"description\":\"Lajme,Vijesti,Ulqini,Ulqin,Crna Gora,Mali i Zi\",\"potentialAction\":[{\"@type\":\"SearchAction\",\"target\":{\"@type\":\"EntryPoint\",\"urlTemplate\":\"https:\/\/www.visit-ulcinj.com\/blog\/?s={search_term_string}\"},\"query-input\":\"required name=search_term_string\"}],\"inLanguage\":\"en-US\"},{\"@type\":\"ImageObject\",\"inLanguage\":\"en-US\",\"@id\":\"https:\/\/www.visit-ulcinj.com\/blog\/2009\/04\/10\/adelajda-dhe-bjordi-me-ke-marre-tre-muaj\/#primaryimage\",\"url\":\"http:\/\/www.visit-ulcinj.com\/blog\/wp-content\/uploads\/2009\/04\/adelabjordivazhd.jpg\",\"contentUrl\":\"http:\/\/www.visit-ulcinj.com\/blog\/wp-content\/uploads\/2009\/04\/adelabjordivazhd.jpg\"},{\"@type\":\"WebPage\",\"@id\":\"https:\/\/www.visit-ulcinj.com\/blog\/2009\/04\/10\/adelajda-dhe-bjordi-me-ke-marre-tre-muaj\/#webpage\",\"url\":\"https:\/\/www.visit-ulcinj.com\/blog\/2009\/04\/10\/adelajda-dhe-bjordi-me-ke-marre-tre-muaj\/\",\"name\":\"Adelajda dhe Bjordi : M\u00c3\u00ab ke marr\u00c3\u00ab tre muaj | Big Brother Albania 2\",\"isPartOf\":{\"@id\":\"https:\/\/www.visit-ulcinj.com\/blog\/#website\"},\"primaryImageOfPage\":{\"@id\":\"https:\/\/www.visit-ulcinj.com\/blog\/2009\/04\/10\/adelajda-dhe-bjordi-me-ke-marre-tre-muaj\/#primaryimage\"},\"datePublished\":\"2009-04-10T11:21:42+00:00\",\"dateModified\":\"2009-04-10T11:21:42+00:00\",\"author\":{\"@id\":\"https:\/\/www.visit-ulcinj.com\/blog\/#\/schema\/person\/dcab619c614d3038751c63bc2aadc06d\"},\"description\":\"Big Brother Albania 2 - Bjordi vazhdon me teorin\u00c3\u00ab e tij se matematikisht, ai k\u00c3\u00abt\u00c3\u00ab jav\u00c3\u00ab mund t\u00c3\u00ab dal\u00c3\u00ab. Ai mendon se n\u00c3\u00abse b\u00c3\u00abn ndonj\u00c3\u00ab gabim, kjo mund ta shtoj\u00c3\u00ab rrezikun. Adela e k\u00c3\u00abshillon q\u00c3\u00ab t\u00c3\u00ab mos b\u00c3\u00abj\u00c3\u00ab gabim\",\"breadcrumb\":{\"@id\":\"https:\/\/www.visit-ulcinj.com\/blog\/2009\/04\/10\/adelajda-dhe-bjordi-me-ke-marre-tre-muaj\/#breadcrumb\"},\"inLanguage\":\"en-US\",\"potentialAction\":[{\"@type\":\"ReadAction\",\"target\":[\"https:\/\/www.visit-ulcinj.com\/blog\/2009\/04\/10\/adelajda-dhe-bjordi-me-ke-marre-tre-muaj\/\"]}]},{\"@type\":\"BreadcrumbList\",\"@id\":\"https:\/\/www.visit-ulcinj.com\/blog\/2009\/04\/10\/adelajda-dhe-bjordi-me-ke-marre-tre-muaj\/#breadcrumb\",\"itemListElement\":[{\"@type\":\"ListItem\",\"position\":1,\"name\":\"Adelajda dhe Bjordi : M\u00eb ke marr\u00eb tre muaj\"}]},{\"@type\":\"Person\",\"@id\":\"https:\/\/www.visit-ulcinj.com\/blog\/#\/schema\/person\/dcab619c614d3038751c63bc2aadc06d\",\"name\":\"ulqini\",\"sameAs\":[\"http:\/\/www.visit-ulcinj.com\"],\"url\":\"https:\/\/www.visit-ulcinj.com\/blog\/author\/admin\/\"}]}<\/script>\n<!-- \/ Yoast SEO plugin. -->","yoast_head_json":{"title":"Adelajda dhe Bjordi : M\u00c3\u00ab ke marr\u00c3\u00ab tre muaj | Big Brother Albania 2","description":"Big Brother Albania 2 - Bjordi vazhdon me teorin\u00c3\u00ab e tij se matematikisht, ai k\u00c3\u00abt\u00c3\u00ab jav\u00c3\u00ab mund t\u00c3\u00ab dal\u00c3\u00ab. Ai mendon se n\u00c3\u00abse b\u00c3\u00abn ndonj\u00c3\u00ab gabim, kjo mund ta shtoj\u00c3\u00ab rrezikun. Adela e k\u00c3\u00abshillon q\u00c3\u00ab t\u00c3\u00ab mos b\u00c3\u00abj\u00c3\u00ab gabim","robots":{"index":"index","follow":"follow","max-snippet":"max-snippet:-1","max-image-preview":"max-image-preview:large","max-video-preview":"max-video-preview:-1"},"canonical":"https:\/\/www.visit-ulcinj.com\/blog\/2009\/04\/10\/adelajda-dhe-bjordi-me-ke-marre-tre-muaj\/","og_locale":"en_US","og_type":"article","og_title":"Adelajda dhe Bjordi : M\u00c3\u00ab ke marr\u00c3\u00ab tre muaj | Big Brother Albania 2","og_description":"Big Brother Albania 2 - Bjordi vazhdon me teorin\u00c3\u00ab e tij se matematikisht, ai k\u00c3\u00abt\u00c3\u00ab jav\u00c3\u00ab mund t\u00c3\u00ab dal\u00c3\u00ab. Ai mendon se n\u00c3\u00abse b\u00c3\u00abn ndonj\u00c3\u00ab gabim, kjo mund ta shtoj\u00c3\u00ab rrezikun. Adela e k\u00c3\u00abshillon q\u00c3\u00ab t\u00c3\u00ab mos b\u00c3\u00abj\u00c3\u00ab gabim","og_url":"https:\/\/www.visit-ulcinj.com\/blog\/2009\/04\/10\/adelajda-dhe-bjordi-me-ke-marre-tre-muaj\/","og_site_name":"Lajme nga Ulqini","article_published_time":"2009-04-10T11:21:42+00:00","og_image":[{"url":"http:\/\/www.visit-ulcinj.com\/blog\/wp-content\/uploads\/2009\/04\/adelabjordivazhd.jpg"}],"twitter_misc":{"Written by":"ulqini","Est. reading time":"1 minute"},"schema":{"@context":"https:\/\/schema.org","@graph":[{"@type":"WebSite","@id":"https:\/\/www.visit-ulcinj.com\/blog\/#website","url":"https:\/\/www.visit-ulcinj.com\/blog\/","name":"Lajme nga Ulqini","description":"Lajme,Vijesti,Ulqini,Ulqin,Crna Gora,Mali i Zi","potentialAction":[{"@type":"SearchAction","target":{"@type":"EntryPoint","urlTemplate":"https:\/\/www.visit-ulcinj.com\/blog\/?s={search_term_string}"},"query-input":"required name=search_term_string"}],"inLanguage":"en-US"},{"@type":"ImageObject","inLanguage":"en-US","@id":"https:\/\/www.visit-ulcinj.com\/blog\/2009\/04\/10\/adelajda-dhe-bjordi-me-ke-marre-tre-muaj\/#primaryimage","url":"http:\/\/www.visit-ulcinj.com\/blog\/wp-content\/uploads\/2009\/04\/adelabjordivazhd.jpg","contentUrl":"http:\/\/www.visit-ulcinj.com\/blog\/wp-content\/uploads\/2009\/04\/adelabjordivazhd.jpg"},{"@type":"WebPage","@id":"https:\/\/www.visit-ulcinj.com\/blog\/2009\/04\/10\/adelajda-dhe-bjordi-me-ke-marre-tre-muaj\/#webpage","url":"https:\/\/www.visit-ulcinj.com\/blog\/2009\/04\/10\/adelajda-dhe-bjordi-me-ke-marre-tre-muaj\/","name":"Adelajda dhe Bjordi : M\u00c3\u00ab ke marr\u00c3\u00ab tre muaj | Big Brother Albania 2","isPartOf":{"@id":"https:\/\/www.visit-ulcinj.com\/blog\/#website"},"primaryImageOfPage":{"@id":"https:\/\/www.visit-ulcinj.com\/blog\/2009\/04\/10\/adelajda-dhe-bjordi-me-ke-marre-tre-muaj\/#primaryimage"},"datePublished":"2009-04-10T11:21:42+00:00","dateModified":"2009-04-10T11:21:42+00:00","author":{"@id":"https:\/\/www.visit-ulcinj.com\/blog\/#\/schema\/person\/dcab619c614d3038751c63bc2aadc06d"},"description":"Big Brother Albania 2 - Bjordi vazhdon me teorin\u00c3\u00ab e tij se matematikisht, ai k\u00c3\u00abt\u00c3\u00ab jav\u00c3\u00ab mund t\u00c3\u00ab dal\u00c3\u00ab. Ai mendon se n\u00c3\u00abse b\u00c3\u00abn ndonj\u00c3\u00ab gabim, kjo mund ta shtoj\u00c3\u00ab rrezikun. Adela e k\u00c3\u00abshillon q\u00c3\u00ab t\u00c3\u00ab mos b\u00c3\u00abj\u00c3\u00ab gabim","breadcrumb":{"@id":"https:\/\/www.visit-ulcinj.com\/blog\/2009\/04\/10\/adelajda-dhe-bjordi-me-ke-marre-tre-muaj\/#breadcrumb"},"inLanguage":"en-US","potentialAction":[{"@type":"ReadAction","target":["https:\/\/www.visit-ulcinj.com\/blog\/2009\/04\/10\/adelajda-dhe-bjordi-me-ke-marre-tre-muaj\/"]}]},{"@type":"BreadcrumbList","@id":"https:\/\/www.visit-ulcinj.com\/blog\/2009\/04\/10\/adelajda-dhe-bjordi-me-ke-marre-tre-muaj\/#breadcrumb","itemListElement":[{"@type":"ListItem","position":1,"name":"Adelajda dhe Bjordi : M\u00eb ke marr\u00eb tre muaj"}]},{"@type":"Person","@id":"https:\/\/www.visit-ulcinj.com\/blog\/#\/schema\/person\/dcab619c614d3038751c63bc2aadc06d","name":"ulqini","sameAs":["http:\/\/www.visit-ulcinj.com"],"url":"https:\/\/www.visit-ulcinj.com\/blog\/author\/admin\/"}]}},"jetpack_featured_media_url":"","jetpack_sharing_enabled":true,"jetpack_shortlink":"https:\/\/wp.me\/pe6lTn-4sM","_links":{"self":[{"href":"https:\/\/www.visit-ulcinj.com\/blog\/wp-json\/wp\/v2\/posts\/17160"}],"collection":[{"href":"https:\/\/www.visit-ulcinj.com\/blog\/wp-json\/wp\/v2\/posts"}],"about":[{"href":"https:\/\/www.visit-ulcinj.com\/blog\/wp-json\/wp\/v2\/types\/post"}],"author":[{"embeddable":true,"href":"https:\/\/www.visit-ulcinj.com\/blog\/wp-json\/wp\/v2\/users\/1"}],"replies":[{"embeddable":true,"href":"https:\/\/www.visit-ulcinj.com\/blog\/wp-json\/wp\/v2\/comments?post=17160"}],"version-history":[{"count":0,"href":"https:\/\/www.visit-ulcinj.com\/blog\/wp-json\/wp\/v2\/posts\/17160\/revisions"}],"wp:attachment":[{"href":"https:\/\/www.visit-ulcinj.com\/blog\/wp-json\/wp\/v2\/media?parent=17160"}],"wp:term":[{"taxonomy":"category","embeddable":true,"href":"https:\/\/www.visit-ulcinj.com\/blog\/wp-json\/wp\/v2\/categories?post=17160"},{"taxonomy":"post_tag","embeddable":true,"href":"https:\/\/www.visit-ulcinj.com\/blog\/wp-json\/wp\/v2\/tags?post=17160"}],"curies":[{"name":"wp","href":"https:\/\/api.w.org\/{rel}","templated":true}]}}