{"id":17169,"date":"2009-04-10T15:24:34","date_gmt":"2009-04-10T13:24:34","guid":{"rendered":"http:\/\/www.visit-ulcinj.com\/blog\/?p=17169"},"modified":"2009-04-10T13:38:30","modified_gmt":"2009-04-10T11:38:30","slug":"anjeza-per-dashurine","status":"publish","type":"post","link":"https:\/\/www.visit-ulcinj.com\/blog\/2009\/04\/10\/anjeza-per-dashurine\/","title":{"rendered":"Anjeza : P\u00ebr dashurin\u00eb"},"content":{"rendered":"<p><em><span class=\"newsdate\"><a href=\"http:\/\/www.visit-ulcinj.com\/blog\/wp-content\/uploads\/2009\/04\/per-dashurine.jpg\"><img loading=\"lazy\" class=\"alignleft size-full wp-image-17170\" title=\"per-dashurine-big-brother-albania-2\" src=\"http:\/\/www.visit-ulcinj.com\/blog\/wp-content\/uploads\/2009\/04\/per-dashurine.jpg\" alt=\"per-dashurine-big-brother-albania-2\" width=\"300\" height=\"205\" \/><\/a>07\/04\/09 18:33<\/span><\/em><\/p>\n<p>Anjeza pyet Eltoni p\u00ebr lidhjet q\u00eb ka jasht\u00eb. Ai i tregon se ka patur nj\u00eb lidhje, por tani nuk e ka m\u00eb. Ai tregon se kan\u00eb q\u00ebn\u00eb dy vjet bashk\u00eb dhe ka rreth nj\u00eb muaj q\u00eb \u00ebsht\u00eb ndar\u00eb me t\u00eb. Eltoni tregon se jan\u00eb ndar\u00eb p\u00ebr arsye reflektimi mbi lidhjen e tyre dhe nuk \u00ebsht\u00eb b\u00ebr\u00eb pishman pasi, sipas tij, dashuria kishte mbaruar. Aida mendon se n\u00ebse nj\u00eb lidhje b\u00ebhet monotone, \u00ebsht\u00eb m\u00eb mir\u00eb q\u00eb t\u00eb ndahesh. Ata fillojn\u00eb t\u00eb diskutojn\u00eb t\u00eb tre p\u00ebr k\u00ebt\u00eb tem\u00eb. Sipas Eltonit, asnj\u00ebher\u00eb nuk mund t\u00eb mbetesh mik me ish t\u00eb dashur\u00ebn edhe pse mund t\u00eb thuhet n\u00eb momentin e ndarjes. Ai mendon se realisht nuk t\u00eb p\u00eblqen ta takosh m\u00eb at\u00eb sepse do ndjehesh keq. Aida thot\u00eb se n\u00eb fillim t\u00eb koh\u00ebs pas ndarjes mund t\u00eb ekzistoj\u00eb v\u00ebrtet\u00eb m\u00ebrzitja dhe inati, pasi mund t\u00eb kesh edne ndjenj\u00eb p\u00ebr t\u00eb, por m\u00eb pas mund t\u00eb b\u00ebhesh mik pa patur m\u00eb nj\u00eb marr\u00ebdh\u00ebnie t\u00eb v\u00ebshtir\u00eb. Biseda e tyre vazhdon n\u00eb lidhje me tem\u00ebn e dashuris\u00eb, duke dh\u00ebn\u00eb secili mendimin p\u00ebr t\u00eb patur nj\u00eb lidhje dashurie t\u00eb sh\u00ebndetshme.<\/p>\n","protected":false},"excerpt":{"rendered":"<p>07\/04\/09 18:33 Anjeza pyet Eltoni p\u00ebr lidhjet q\u00eb ka jasht\u00eb. Ai i tregon se ka patur nj\u00eb lidhje, por tani nuk e ka m\u00eb. Ai tregon se kan\u00eb q\u00ebn\u00eb dy vjet bashk\u00eb dhe ka rreth nj\u00eb muaj q\u00eb \u00ebsht\u00eb ndar\u00eb me t\u00eb. Eltoni tregon se jan\u00eb ndar\u00eb p\u00ebr arsye reflektimi mbi lidhjen e tyre dhe [&hellip;]<\/p>\n","protected":false},"author":1,"featured_media":0,"comment_status":"open","ping_status":"closed","sticky":false,"template":"","format":"standard","meta":{"spay_email":"","jetpack_publicize_message":"","jetpack_is_tweetstorm":false,"jetpack_publicize_feature_enabled":true},"categories":[6502],"tags":[6537,8862,5057,6506,6516,6712,7129,8776,8863,6891,6693,6887],"jetpack_publicize_connections":[],"yoast_head":"<!-- This site is optimized with the Yoast SEO plugin v19.1 - https:\/\/yoast.com\/wordpress\/plugins\/seo\/ -->\n<title>Anjeza : P\u00c3\u00abr dashurin\u00c3\u00ab | Big Brother Albania 2<\/title>\n<meta name=\"description\" content=\"Big Brother Albania 2 - Anjeza pyet Eltoni p\u00c3\u00abr lidhjet q\u00c3\u00ab ka jasht\u00c3\u00ab. Ai i tregon se ka patur nj\u00c3\u00ab lidhje, por tani nuk e ka m\u00c3\u00ab. Ai tregon se kan\u00c3\u00ab q\u00c3\u00abn\u00c3\u00ab dy vjet bashk\u00c3\u00ab dhe ka rreth nj\u00c3\u00ab muaj q\u00c3\u00ab \u00c3\u00absht\u00c3\u00ab ndar\u00c3\u00ab me t\u00c3\u00ab.\" \/>\n<meta name=\"robots\" content=\"index, follow, max-snippet:-1, max-image-preview:large, max-video-preview:-1\" \/>\n<link rel=\"canonical\" href=\"https:\/\/www.visit-ulcinj.com\/blog\/2009\/04\/10\/anjeza-per-dashurine\/\" \/>\n<meta property=\"og:locale\" content=\"en_US\" \/>\n<meta property=\"og:type\" content=\"article\" \/>\n<meta property=\"og:title\" content=\"Anjeza : P\u00c3\u00abr dashurin\u00c3\u00ab | Big Brother Albania 2\" \/>\n<meta property=\"og:description\" content=\"Big Brother Albania 2 - Anjeza pyet Eltoni p\u00c3\u00abr lidhjet q\u00c3\u00ab ka jasht\u00c3\u00ab. Ai i tregon se ka patur nj\u00c3\u00ab lidhje, por tani nuk e ka m\u00c3\u00ab. Ai tregon se kan\u00c3\u00ab q\u00c3\u00abn\u00c3\u00ab dy vjet bashk\u00c3\u00ab dhe ka rreth nj\u00c3\u00ab muaj q\u00c3\u00ab \u00c3\u00absht\u00c3\u00ab ndar\u00c3\u00ab me t\u00c3\u00ab.\" \/>\n<meta property=\"og:url\" content=\"https:\/\/www.visit-ulcinj.com\/blog\/2009\/04\/10\/anjeza-per-dashurine\/\" \/>\n<meta property=\"og:site_name\" content=\"Lajme nga Ulqini\" \/>\n<meta property=\"article:published_time\" content=\"2009-04-10T13:24:34+00:00\" \/>\n<meta property=\"article:modified_time\" content=\"2009-04-10T11:38:30+00:00\" \/>\n<meta property=\"og:image\" content=\"http:\/\/www.visit-ulcinj.com\/blog\/wp-content\/uploads\/2009\/04\/per-dashurine.jpg\" \/>\n<meta name=\"twitter:label1\" content=\"Written by\" \/>\n\t<meta name=\"twitter:data1\" content=\"ulqini\" \/>\n\t<meta name=\"twitter:label2\" content=\"Est. reading time\" \/>\n\t<meta name=\"twitter:data2\" content=\"1 minute\" \/>\n<script type=\"application\/ld+json\" class=\"yoast-schema-graph\">{\"@context\":\"https:\/\/schema.org\",\"@graph\":[{\"@type\":\"WebSite\",\"@id\":\"https:\/\/www.visit-ulcinj.com\/blog\/#website\",\"url\":\"https:\/\/www.visit-ulcinj.com\/blog\/\",\"name\":\"Lajme nga Ulqini\",\"description\":\"Lajme,Vijesti,Ulqini,Ulqin,Crna Gora,Mali i Zi\",\"potentialAction\":[{\"@type\":\"SearchAction\",\"target\":{\"@type\":\"EntryPoint\",\"urlTemplate\":\"https:\/\/www.visit-ulcinj.com\/blog\/?s={search_term_string}\"},\"query-input\":\"required name=search_term_string\"}],\"inLanguage\":\"en-US\"},{\"@type\":\"ImageObject\",\"inLanguage\":\"en-US\",\"@id\":\"https:\/\/www.visit-ulcinj.com\/blog\/2009\/04\/10\/anjeza-per-dashurine\/#primaryimage\",\"url\":\"http:\/\/www.visit-ulcinj.com\/blog\/wp-content\/uploads\/2009\/04\/per-dashurine.jpg\",\"contentUrl\":\"http:\/\/www.visit-ulcinj.com\/blog\/wp-content\/uploads\/2009\/04\/per-dashurine.jpg\"},{\"@type\":\"WebPage\",\"@id\":\"https:\/\/www.visit-ulcinj.com\/blog\/2009\/04\/10\/anjeza-per-dashurine\/#webpage\",\"url\":\"https:\/\/www.visit-ulcinj.com\/blog\/2009\/04\/10\/anjeza-per-dashurine\/\",\"name\":\"Anjeza : P\u00c3\u00abr dashurin\u00c3\u00ab | Big Brother Albania 2\",\"isPartOf\":{\"@id\":\"https:\/\/www.visit-ulcinj.com\/blog\/#website\"},\"primaryImageOfPage\":{\"@id\":\"https:\/\/www.visit-ulcinj.com\/blog\/2009\/04\/10\/anjeza-per-dashurine\/#primaryimage\"},\"datePublished\":\"2009-04-10T13:24:34+00:00\",\"dateModified\":\"2009-04-10T11:38:30+00:00\",\"author\":{\"@id\":\"https:\/\/www.visit-ulcinj.com\/blog\/#\/schema\/person\/dcab619c614d3038751c63bc2aadc06d\"},\"description\":\"Big Brother Albania 2 - Anjeza pyet Eltoni p\u00c3\u00abr lidhjet q\u00c3\u00ab ka jasht\u00c3\u00ab. Ai i tregon se ka patur nj\u00c3\u00ab lidhje, por tani nuk e ka m\u00c3\u00ab. Ai tregon se kan\u00c3\u00ab q\u00c3\u00abn\u00c3\u00ab dy vjet bashk\u00c3\u00ab dhe ka rreth nj\u00c3\u00ab muaj q\u00c3\u00ab \u00c3\u00absht\u00c3\u00ab ndar\u00c3\u00ab me t\u00c3\u00ab.\",\"breadcrumb\":{\"@id\":\"https:\/\/www.visit-ulcinj.com\/blog\/2009\/04\/10\/anjeza-per-dashurine\/#breadcrumb\"},\"inLanguage\":\"en-US\",\"potentialAction\":[{\"@type\":\"ReadAction\",\"target\":[\"https:\/\/www.visit-ulcinj.com\/blog\/2009\/04\/10\/anjeza-per-dashurine\/\"]}]},{\"@type\":\"BreadcrumbList\",\"@id\":\"https:\/\/www.visit-ulcinj.com\/blog\/2009\/04\/10\/anjeza-per-dashurine\/#breadcrumb\",\"itemListElement\":[{\"@type\":\"ListItem\",\"position\":1,\"name\":\"Anjeza : P\u00ebr dashurin\u00eb\"}]},{\"@type\":\"Person\",\"@id\":\"https:\/\/www.visit-ulcinj.com\/blog\/#\/schema\/person\/dcab619c614d3038751c63bc2aadc06d\",\"name\":\"ulqini\",\"sameAs\":[\"http:\/\/www.visit-ulcinj.com\"],\"url\":\"https:\/\/www.visit-ulcinj.com\/blog\/author\/admin\/\"}]}<\/script>\n<!-- \/ Yoast SEO plugin. -->","yoast_head_json":{"title":"Anjeza : P\u00c3\u00abr dashurin\u00c3\u00ab | Big Brother Albania 2","description":"Big Brother Albania 2 - Anjeza pyet Eltoni p\u00c3\u00abr lidhjet q\u00c3\u00ab ka jasht\u00c3\u00ab. Ai i tregon se ka patur nj\u00c3\u00ab lidhje, por tani nuk e ka m\u00c3\u00ab. Ai tregon se kan\u00c3\u00ab q\u00c3\u00abn\u00c3\u00ab dy vjet bashk\u00c3\u00ab dhe ka rreth nj\u00c3\u00ab muaj q\u00c3\u00ab \u00c3\u00absht\u00c3\u00ab ndar\u00c3\u00ab me t\u00c3\u00ab.","robots":{"index":"index","follow":"follow","max-snippet":"max-snippet:-1","max-image-preview":"max-image-preview:large","max-video-preview":"max-video-preview:-1"},"canonical":"https:\/\/www.visit-ulcinj.com\/blog\/2009\/04\/10\/anjeza-per-dashurine\/","og_locale":"en_US","og_type":"article","og_title":"Anjeza : P\u00c3\u00abr dashurin\u00c3\u00ab | Big Brother Albania 2","og_description":"Big Brother Albania 2 - Anjeza pyet Eltoni p\u00c3\u00abr lidhjet q\u00c3\u00ab ka jasht\u00c3\u00ab. Ai i tregon se ka patur nj\u00c3\u00ab lidhje, por tani nuk e ka m\u00c3\u00ab. Ai tregon se kan\u00c3\u00ab q\u00c3\u00abn\u00c3\u00ab dy vjet bashk\u00c3\u00ab dhe ka rreth nj\u00c3\u00ab muaj q\u00c3\u00ab \u00c3\u00absht\u00c3\u00ab ndar\u00c3\u00ab me t\u00c3\u00ab.","og_url":"https:\/\/www.visit-ulcinj.com\/blog\/2009\/04\/10\/anjeza-per-dashurine\/","og_site_name":"Lajme nga Ulqini","article_published_time":"2009-04-10T13:24:34+00:00","article_modified_time":"2009-04-10T11:38:30+00:00","og_image":[{"url":"http:\/\/www.visit-ulcinj.com\/blog\/wp-content\/uploads\/2009\/04\/per-dashurine.jpg"}],"twitter_misc":{"Written by":"ulqini","Est. reading time":"1 minute"},"schema":{"@context":"https:\/\/schema.org","@graph":[{"@type":"WebSite","@id":"https:\/\/www.visit-ulcinj.com\/blog\/#website","url":"https:\/\/www.visit-ulcinj.com\/blog\/","name":"Lajme nga Ulqini","description":"Lajme,Vijesti,Ulqini,Ulqin,Crna Gora,Mali i Zi","potentialAction":[{"@type":"SearchAction","target":{"@type":"EntryPoint","urlTemplate":"https:\/\/www.visit-ulcinj.com\/blog\/?s={search_term_string}"},"query-input":"required name=search_term_string"}],"inLanguage":"en-US"},{"@type":"ImageObject","inLanguage":"en-US","@id":"https:\/\/www.visit-ulcinj.com\/blog\/2009\/04\/10\/anjeza-per-dashurine\/#primaryimage","url":"http:\/\/www.visit-ulcinj.com\/blog\/wp-content\/uploads\/2009\/04\/per-dashurine.jpg","contentUrl":"http:\/\/www.visit-ulcinj.com\/blog\/wp-content\/uploads\/2009\/04\/per-dashurine.jpg"},{"@type":"WebPage","@id":"https:\/\/www.visit-ulcinj.com\/blog\/2009\/04\/10\/anjeza-per-dashurine\/#webpage","url":"https:\/\/www.visit-ulcinj.com\/blog\/2009\/04\/10\/anjeza-per-dashurine\/","name":"Anjeza : P\u00c3\u00abr dashurin\u00c3\u00ab | Big Brother Albania 2","isPartOf":{"@id":"https:\/\/www.visit-ulcinj.com\/blog\/#website"},"primaryImageOfPage":{"@id":"https:\/\/www.visit-ulcinj.com\/blog\/2009\/04\/10\/anjeza-per-dashurine\/#primaryimage"},"datePublished":"2009-04-10T13:24:34+00:00","dateModified":"2009-04-10T11:38:30+00:00","author":{"@id":"https:\/\/www.visit-ulcinj.com\/blog\/#\/schema\/person\/dcab619c614d3038751c63bc2aadc06d"},"description":"Big Brother Albania 2 - Anjeza pyet Eltoni p\u00c3\u00abr lidhjet q\u00c3\u00ab ka jasht\u00c3\u00ab. Ai i tregon se ka patur nj\u00c3\u00ab lidhje, por tani nuk e ka m\u00c3\u00ab. Ai tregon se kan\u00c3\u00ab q\u00c3\u00abn\u00c3\u00ab dy vjet bashk\u00c3\u00ab dhe ka rreth nj\u00c3\u00ab muaj q\u00c3\u00ab \u00c3\u00absht\u00c3\u00ab ndar\u00c3\u00ab me t\u00c3\u00ab.","breadcrumb":{"@id":"https:\/\/www.visit-ulcinj.com\/blog\/2009\/04\/10\/anjeza-per-dashurine\/#breadcrumb"},"inLanguage":"en-US","potentialAction":[{"@type":"ReadAction","target":["https:\/\/www.visit-ulcinj.com\/blog\/2009\/04\/10\/anjeza-per-dashurine\/"]}]},{"@type":"BreadcrumbList","@id":"https:\/\/www.visit-ulcinj.com\/blog\/2009\/04\/10\/anjeza-per-dashurine\/#breadcrumb","itemListElement":[{"@type":"ListItem","position":1,"name":"Anjeza : P\u00ebr dashurin\u00eb"}]},{"@type":"Person","@id":"https:\/\/www.visit-ulcinj.com\/blog\/#\/schema\/person\/dcab619c614d3038751c63bc2aadc06d","name":"ulqini","sameAs":["http:\/\/www.visit-ulcinj.com"],"url":"https:\/\/www.visit-ulcinj.com\/blog\/author\/admin\/"}]}},"jetpack_featured_media_url":"","jetpack_sharing_enabled":true,"jetpack_shortlink":"https:\/\/wp.me\/pe6lTn-4sV","_links":{"self":[{"href":"https:\/\/www.visit-ulcinj.com\/blog\/wp-json\/wp\/v2\/posts\/17169"}],"collection":[{"href":"https:\/\/www.visit-ulcinj.com\/blog\/wp-json\/wp\/v2\/posts"}],"about":[{"href":"https:\/\/www.visit-ulcinj.com\/blog\/wp-json\/wp\/v2\/types\/post"}],"author":[{"embeddable":true,"href":"https:\/\/www.visit-ulcinj.com\/blog\/wp-json\/wp\/v2\/users\/1"}],"replies":[{"embeddable":true,"href":"https:\/\/www.visit-ulcinj.com\/blog\/wp-json\/wp\/v2\/comments?post=17169"}],"version-history":[{"count":0,"href":"https:\/\/www.visit-ulcinj.com\/blog\/wp-json\/wp\/v2\/posts\/17169\/revisions"}],"wp:attachment":[{"href":"https:\/\/www.visit-ulcinj.com\/blog\/wp-json\/wp\/v2\/media?parent=17169"}],"wp:term":[{"taxonomy":"category","embeddable":true,"href":"https:\/\/www.visit-ulcinj.com\/blog\/wp-json\/wp\/v2\/categories?post=17169"},{"taxonomy":"post_tag","embeddable":true,"href":"https:\/\/www.visit-ulcinj.com\/blog\/wp-json\/wp\/v2\/tags?post=17169"}],"curies":[{"name":"wp","href":"https:\/\/api.w.org\/{rel}","templated":true}]}}