{"id":1717,"date":"2008-05-21T04:18:15","date_gmt":"2008-05-21T09:18:15","guid":{"rendered":"http:\/\/www.visit-ulcinj.com\/blog\/?p=1717"},"modified":"2008-05-28T06:54:47","modified_gmt":"2008-05-28T11:54:47","slug":"zaboravljeni-grad-ulcinjce-biti-turisticka-meka-juzne-evrope","status":"publish","type":"post","link":"https:\/\/www.visit-ulcinj.com\/blog\/2008\/05\/21\/zaboravljeni-grad-ulcinjce-biti-turisticka-meka-juzne-evrope\/","title":{"rendered":"Zaboravljeni grad Ulcinj,?e biti turisti?ka meka Ju\u017ene Evrope"},"content":{"rendered":"<p><a href=\"http:\/\/cerna-hora-info.cz\/ulcinjska_riviera\/img\/ulcinj2.jpg\" target=\"_blank\"><img loading=\"lazy\" class=\"alignleft\" style=\"float: left;\" title=\"Ulcinj\" src=\"http:\/\/cerna-hora-info.cz\/ulcinjska_riviera\/img\/th_ulcinj2.jpg\" alt=\"Ulcinj\" width=\"300\" height=\"200\" \/> <\/a><strong>Grad koji dr\u017ei rekord sa 217 sun?anih dana tokom godine<\/strong><br \/>\nKada Vas, ve? kurtoazno upitaju &#8220;A kuda ide\u0161?&#8221;, posle saznanja da ?ete ovo leto, ili pak, deo njega, provesti ipak na nekom drugom mestu, i to na moru, pa Va\u0161 odgovor (gle ?uda!) glasi &#8220;<strong><a title=\"ulqin,ulqini,ulcinj,montenegro\" href=\"http:\/\/www.visit-ulcinj.com\/\" target=\"_blank\">U Ulcinj&#8221;<\/a><\/strong>, prva reakcija Va\u0161eg sagovornika uglavnom je prazno, bezizra\u017eajno lice. Ve?inom stoga, \u0161to su ?uli, ve?ina jeste, za taj grad, i znaju, eventualno, da se nalazi ju\u017enije od Bara, i da je pun Albanaca. A tu se zaustavlja svako dalje interesovanje Va\u0161eg sagovornika.<br \/>\nNa \u017ealost, veliku \u017ealost svih nas, koji godinama idemo dole na letovanje, i shvatamo polako da je <strong><a title=\"ulqin,ulqini,ulcinj,montenegro\" href=\"http:\/\/www.visit-ulcinj.com\/gallery\/main.php\" target=\"_blank\">Ulcinj<\/a>,<\/strong> pre svega, prodani grad.<br \/>\nNe, niko to nije javno rekao, niko to nije najavio, ali promene koje se de\u0161avaju svake godine, govore da su na\u0161i (jo\u0161 uvek smo u istoj dr\u017eavi) politi?ari, re\u0161eni da grad sa najlep\u0161om i najdu\u017eom pe\u0161?anom pla\u017eom u Evropi prepuste Albancima. I to samo njima, jer poslednjih pet godina, oni ?ine 85 odsto turista koji leti posete ovaj grad.<a href=\"http:\/\/www.visit-ulcinj.com\/blog\/wp-content\/uploads\/2008\/04\/velika-plaza1.jpg\"><img loading=\"lazy\" class=\"alignright attachment wp-att-1342\" style=\"float: right;\" src=\"http:\/\/www.visit-ulcinj.com\/blog\/wp-content\/uploads\/2008\/04\/velika-plaza1.thumbnail.jpg\" alt=\"velika plaza1\" width=\"200\" height=\"134\" \/><\/a><br \/>\n<strong>Za\u0161to?<\/strong><br \/>\nZato \u0161to u prospektima na\u0161ih turisti?kih agencija, kada bacite pogled na Crnogorsko primorje, vide?ete da se ponude hotelskih i ostalih sadr\u017eaja odnose, uglavnom i ve?inom, na prostor od Herceg Novog do Bara; ja, bar, u ovogodi\u0161njim prospektima (koje najvi\u0161e gledam upravo zbog toga) nisam videla nigde <a title=\"ulqin,ulqini,ulcinj,montenegro\" href=\"http:\/\/www.visit-ulcinj.com\/tourism\/index.php?obj=home\" target=\"_blank\"><strong>Ulcinj<\/strong><\/a>, eventualno u nekim novinama pominje se <a title=\"ulqin,ulqini,ulcinj,montenegro\" href=\"http:\/\/www.vimeo.com\/videos\/search:flowW07\" target=\"_blank\"><strong>Ada Bojana<\/strong><\/a>, koju svake godine, sve vi\u0161e i vi\u0161e okupira gluma?ki i estradni svet, pre svega, Beograda i Novog Sada.<br \/>\n<a href=\"http:\/\/www.visit-ulcinj.com\/blog\/wp-content\/uploads\/2008\/03\/ulq15-copy.jpg\"><img loading=\"lazy\" class=\"alignleft attachment wp-att-845\" style=\"float: left;\" src=\"http:\/\/www.visit-ulcinj.com\/blog\/wp-content\/uploads\/2008\/03\/ulq15-copy.thumbnail.jpg\" alt=\"velika plaza_ulcinj\" width=\"200\" height=\"129\" \/><\/a><strong>Pla\u017ea duga 12 km<\/strong><br \/>\nZa\u0161to se u novinama, ?ini mi se da je bio &#8220;Glas&#8221; od ?etvrtka 14. avgusta, kada se pobrojavaju sve lepe pla\u017ee na\u0161eg primorja, spominju malecke pla\u017ee Budve, koja nema kapacitete, po?ev od sme\u0161taja i vode, da primi sve one koji smatraju da je letovanje u Budvi &#8220;in&#8221;; za\u0161to se nigde ne spominje <a title=\"ulqin,ulqini,ulcinj,montenegro\" href=\"http:\/\/www.vimeo.com\/videos\/search:flowW07\" target=\"_blank\"><strong>Velika pla\u017ea u Ulcinju<\/strong><\/a>? Ne, nije politika u pitanju! Volela bih samo da me neko razuveri!<br \/>\n<a title=\"ulqin,ulqini,ulcinj,montenegro\" href=\"http:\/\/www.visit-ulcinj.com\/\" target=\"_blank\"><strong> A Ulcinj<\/strong><\/a>, grad koji dr\u017ei rekord sa 217 sun?anih dana tokom godine, sa prelepom, dvanaest kilometara dugom pe\u0161?anom Velikom pla\u017eom, malom gradskom, zatim \u017eenskom pla\u017eom sa lekovitom sumpornom<a href=\"http:\/\/www.visit-ulcinj.com\/blog\/wp-content\/uploads\/2008\/03\/copakabana.jpg\"><img loading=\"lazy\" class=\"alignright attachment wp-att-842\" style=\"float: right;\" src=\"http:\/\/www.visit-ulcinj.com\/blog\/wp-content\/uploads\/2008\/03\/copakabana.thumbnail.jpg\" alt=\"Copakabana Beach_Ulcinj\" width=\"200\" height=\"150\" \/><\/a> vodom, lepim i velikim starim gradom, sa zidinama koje izranjaju direktno iz mora, TAJ <a title=\"Villa Buri\" href=\"http:\/\/www.vimeo.com\/videos\/search:flowW07\" target=\"_blank\"><strong>Ulcinj<\/strong><\/a> polako prestaje da bude grad u kome su, nekada, postojali Knja\u017eeva?ki, ?e\u0161ki, Banjalu?ki kamp, zatim tri beogradska naselja&#8230; Prestaje da bude grad u koji su dolazili mahom Nemci i Italijani (i zaposleni po javnim slu\u017ebama su morali da znaju nema?ki), Ma?ari, \u0160ve?ani, Poljaci..<br \/>\nIma i sada gostiju, mo\u017ee se videti po registracijama besnih automobila, iz svih zemalja Evrope, ali oni pri?aju samo jedan jezik &#8211; albanski!<br \/>\nNeko mo\u017ee pomisliti da ja imam ne\u0161to protiv Albanaca. Nemam, zato \u0161to u taj grad idem ve? trideset <a href=\"http:\/\/www.visit-ulcinj.com\/blog\/wp-content\/uploads\/2008\/03\/g_2006_08_006774.jpg\"><img loading=\"lazy\" class=\"alignleft attachment wp-att-844\" style=\"float: left;\" src=\"http:\/\/www.visit-ulcinj.com\/blog\/wp-content\/uploads\/2008\/03\/g_2006_08_006774.thumbnail.jpg\" alt=\"Copakabana beach ulcinj(2)\" width=\"200\" height=\"133\" \/><\/a>godina, gledam ga kako se menja iz godine u godinu, i nikada, ali nikada, nisam imala problema niti sa lokalnim stanovni\u0161tvom, niti sa ovima koji dolaze sa strane. A da je <a title=\"ulqin,ulqini,ulcinj,montenegro\" href=\"http:\/\/www.visit-ulcinj.com\/tourism\/index.php?obj=home\" target=\"_blank\"><strong>Ulcinj,<\/strong><\/a> bezbedan grad, potvr?uju i re?i na?elnika bezbednosti za podru?je<a title=\"ulqin,ulqini,ulcinj,montenegro\" href=\"http:\/\/www.vimeo.com\/videos\/search:flowW07\" target=\"_blank\"> <strong>Ulcinja<\/strong><\/a>, Bara i Budve (izvinjavam se \u0161to nisam zapamtila ime), koji je, pre neko ve?e, u emisiji &#8220;Glas razuma&#8221;, na Prvom programu RTS-a, rekao da je u Ulcinju ve? godinama, stopa kriminaliteta za pedeset odsto ni\u017ea nego u druga dva grada, i da, pored velikih kulturolo\u0161kih razlika, i ve?eg broja nehri\u0161?anskog \u017eivlja, tamo radnici Slu\u017ebe bezbednosti imaju najmanje posla.<a href=\"http:\/\/www.visit-ulcinj.com\/blog\/wp-content\/uploads\/2008\/03\/ada_bojana_ulcinj.jpg\"><img loading=\"lazy\" class=\"alignright attachment wp-att-820\" style=\"float: right;\" src=\"http:\/\/www.visit-ulcinj.com\/blog\/wp-content\/uploads\/2008\/03\/ada_bojana_ulcinj.thumbnail.jpg\" alt=\"Ada  Bojana Ulcinj\" width=\"200\" height=\"188\" \/><\/a><br \/>\nZato meni jako smeta antipropaganda <a title=\"ulqin,ulqini,ulcinj,montenegro\" href=\"http:\/\/www.visit-ulcinj.com\/gallery\/main.php\" target=\"_blank\"><strong>Ulcinja<\/strong><\/a>, od strane turisti?kih radnika, novinara, i ostalih nepoznavaoca prilika, koji svojim pona\u0161anjem dopu\u0161taju da se stvori slika Ulcinja kao grada koji nije dovoljno dobar, mo\u017eda i siguran, za na\u0161e, a za sve ostale turiste jeste.<br \/>\nI dok je Velika pla\u017ea krcata, uglavnom Albancima, re?no ostrvo Ada Bojana, veli?ine oko \u0161est stotina hektara i sa pe\u0161?anom pla\u017eom du\u017eine blizu ?etiri kilometra, puna je Beogra?ana i Novosa?ana, i kada u?ete na nju, kao da ste pre\u0161li u sasvim drugi svet.<br \/>\nGosti naturisti?kog naselja na <strong><a title=\"ulqin,ulqini,ulcinj,montenegro\" href=\"http:\/\/www.vimeo.com\/videos\/search:flowW07\" target=\"_blank\">Adi<\/a>,<\/strong> sada nisu vi\u0161e toliko restriktivni prema obu?enima, mada postoji odvojeni deo i za obu?ene, a i one druge, a nekada je sve vrvelo od inostranih gola?a, za koje je Ada bila raj na zemlji.<br \/>\n<a href=\"http:\/\/www.visit-ulcinj.com\/blog\/wp-content\/uploads\/2008\/03\/ada_bojana_montenegro_001.jpg\"><img loading=\"lazy\" class=\"alignleft attachment wp-att-821\" style=\"float: left;\" src=\"http:\/\/www.visit-ulcinj.com\/blog\/wp-content\/uploads\/2008\/03\/ada_bojana_montenegro_001.thumbnail.jpg\" alt=\"Ada  Bojana 1 montenegro\" width=\"200\" height=\"133\" \/><\/a>Velika prednost <a title=\"ulqin,ulqini,ulcinj,montenegro\" href=\"http:\/\/www.visit-ulcinj.com\/tourism\/index.php?obj=home\" target=\"_blank\"><strong>Ulcinja<\/strong><\/a>, koja se, tako?e, nigde ne pominje, jeste i obilje vode za pi?e, i u ovom gradu tokom leta nema restrikcije niti nesta\u0161ice vode.<br \/>\nKomunalne slu\u017ebe su, tako?e, dobro organizovane, mada se ve?a pa\u017enja poklanja samom gradskom jezgru, nego prigradskim naseljima, i zbog nerazumljivih razloga, du\u017e dvadesetokilometarskog puta za <a title=\"ulqin,ulqini,ulcinj,montenegro\" href=\"http:\/\/www.vimeo.com\/videos\/search:flowW07\" target=\"_blank\"><strong>Adu Bojanu<\/strong>,<\/a> kontejneri su postavljeni tek mestimi?no, mada ima prostora, i potrebe da budu pore?ani na svakih dve stotine metara, barem na prvoj polovini puta.<a href=\"http:\/\/www.visit-ulcinj.com\/blog\/wp-content\/uploads\/2008\/04\/mala-plaza_ulcinj.jpg\"><img loading=\"lazy\" class=\"alignright attachment wp-att-1252\" style=\"float: right;\" src=\"http:\/\/www.visit-ulcinj.com\/blog\/wp-content\/uploads\/2008\/04\/mala-plaza_ulcinj.thumbnail.jpg\" alt=\"mala plaza_ulcinj\" width=\"200\" height=\"150\" \/><\/a><br \/>\nUlcinj je grad velikih mogu?nosti. Samo zale?e <a title=\"ulqin,ulqini,ulcinj,montenegro\" href=\"http:\/\/www.vimeo.com\/videos\/search:flowW07\" target=\"_blank\"><strong>Velike Pla\u017ee<\/strong><\/a> je nepregledna ravnica, na kojoj bi moglo da se izgradi na desetine hotela, sa svim prate?im sadr\u017eajima. Svojevremeno su bili Amerikanci, a sad su, ?ujem, Nemci zainteresovani za ure?enje <a title=\"ulqin,ulqini,ulcinj,montenegro\" href=\"http:\/\/www.visit-ulcinj.com\/\" target=\"_blank\"><strong>Velike Pla\u017ee<\/strong><\/a>, i ja sam sigurna da ?e, ako ne za pedeset, onda za sto godina, <a title=\"ulqin,ulqini,ulcinj,montenegro\" href=\"http:\/\/www.vimeo.com\/videos\/search:flowW07\" target=\"_blank\"><strong>Ulcinj <\/strong><\/a>biti turisti?ka meka Ju\u017ene Evrope. Ako politi?ari, pre svega, budu pametni.<br \/>\nA do tada, ja Vas pozivam da posetite ovaj grad, ne morate putovati ceo dan, ima?ete utisak da ste u Turskoj, koju ve? toliko volite, i budite sigurni da ?ete do?i ponovo.<br \/>\n<strong>?ista romantika<\/strong><br \/>\n<a href=\"http:\/\/www.scandal.co.yu\/zurke\/galerija\/d\/20775-1\/Ulcinj-FAMA-007.JPG\" target=\"_blank\"><img loading=\"lazy\" class=\"alignleft\" style=\"float: left;\" src=\"http:\/\/www.scandal.co.yu\/zurke\/galerija\/d\/20775-1\/Ulcinj-FAMA-007.JPG\" alt=\"Ulcinj\" width=\"230\" height=\"150\" \/><\/a>Vide?ete ono, \u0161to sa ove razdaljine sigurno ne mo\u017eete ni da zamislite, da u jednom dvospratnom restoranu na Maloj pla\u017ei, zajedno se vesele i Srbi i Albanci &#8211; dodu\u0161e jedni na spratu sa svojom, a drugi dole, sa svojom muzikom. I svi su veseli, i niko nikome ne smeta &#8211; tolerancija u pravom smislu re?i. Naravno, sti?e se utisak da su Albanci veseliji, ali to je samo zato \u0161to su brojniji, i \u0161to ne mo\u017eete da vidite porodicu sa dvoje, ve? obavezno sa troje, i vi\u0161e dece.<a title=\"crna gora_ulcinj\" href=\"http:\/\/www.martontravel.hu\/admin\/pictures\/Image\/Ulcinj-terkep.jpg\" target=\"_blank\"><img loading=\"lazy\" class=\"alignright\" style=\"float: right;\" src=\"http:\/\/www.martontravel.hu\/admin\/pictures\/Image\/Ulcinj-terkep.jpg\" alt=\"crna gora_ulcinj\" width=\"140\" height=\"118\" \/><\/a><br \/>\nEh, tu bih mogla da po?nem pri?o o natalitetu, o bajkovitoj stimulaciji za mlade bra?ne parove u zemlji nam Srbiji, ali onda, kraja skoro ne bi bilo. A to mi i nije bila tema.<br \/>\nZato, ovde prestajem sa pisanjem, uz jo\u0161 jedan poziv da posetite <strong><a title=\"ulqin,ulqini,ulcinj,montenegro\" href=\"http:\/\/www.visit-ulcinj.com\/gallery\/main.php\" target=\"_blank\">Ulcinj<\/a><\/strong>, posebno ako volite duge, ali zaista duge pe\u0161?ane pla\u017ee, i prelepe zalaske Sunca, koji, verujte, nigde nisu tako romanti?ni nego na krajnjem jugu na\u0161eg mora&#8230;<br \/>\n<strong>Jelena Stankovi?<br \/>\nJagodina -Izvor \/ Glas-Javnosti<\/strong><\/p>\n<p><!-- vimeo error: not a vimeo video --><br \/>\n<span style=\"color: #ffffff;\">Srbijanci sve vi\u0161e odmaraju u Crnoj Gori a naro?ito u Budvi pa onda i u Ulcinj.Ulcinj pro\u0161log ljeta bio pose?ivan iz ovih gradova Srbije i Vojvodine.Ada, Apatin,\u00a0 Aran?elovac,\u00a0 ?uprija,\u00a0 ?a?ak,\u00a0 \u0160abac,\u00a0 Ba?ka Palanka,\u00a0 Be?ej,\u00a0 beograd,\u00a0 Bor,\u00a0 Bor?a,\u00a0 Crna Gora,\u00a0 Gornji Milanovac,\u00a0 In?ija,\u00a0 Jagodina,\u00a0 Kalu?erica,\u00a0 Kikinda,\u00a0 Kragujevac,\u00a0 Kraljevo,\u00a0 Kru\u0161evac,\u00a0 Kula,\u00a0 Lazarevac,\u00a0 Leskovac,\u00a0 Loznica,\u00a0 Mladenovac,\u00a0 Ni\u0161,\u00a0 Novi Pazar,\u00a0 Novi Sad,\u00a0 Obrenovac,\u00a0 Pan?evo,\u00a0 Para?in,\u00a0 Pirot,\u00a0 Po\u017earevac,\u00a0 Priboj,\u00a0 Prokuplje,\u00a0 Ruma,\u00a0 Senta,\u00a0 serbija,\u00a0 Smederevo,\u00a0 Smederevska Palanka,\u00a0 Sombor,\u00a0 Sremska Mitrovica,\u00a0 Subotica,\u00a0 Temerin,\u00a0 U\u017eice,\u00a0 ulcinj,\u00a0 Valjevo,\u00a0 vojvodina,\u00a0 Vranje,\u00a0 Vr\u0161ac,\u00a0 Vrbas,\u00a0 Zaje?ar,\u00a0 Zrenjanin<br \/>\nDobro Do\u0161li u Ulcinj<\/span><\/p>\n","protected":false},"excerpt":{"rendered":"<p><img loading=\"lazy\" class=\"alignleft\" style=\"float: left;\" title=\"Ulcinj\" src=\"http:\/\/cerna-hora-info.cz\/ulcinjska_riviera\/img\/th_ulcinj2.jpg\" alt=\"Ulcinj\" width=\"140\" height=\"140\" \/><\/p>\n","protected":false},"author":1,"featured_media":0,"comment_status":"open","ping_status":"closed","sticky":false,"template":"","format":"standard","meta":{"spay_email":"","jetpack_publicize_message":"","jetpack_is_tweetstorm":false,"jetpack_publicize_feature_enabled":true},"categories":[12,15],"tags":[3368,3325,3351,3344,3362,3365,2862,3338,3340,20,3345,3363,3339,3348,3358,3324,3330,3331,3367,3346,3327,3350,3349,3323,3334,3353,3347,3356,3342,3336,3335,3352,3341,3361,3366,242,3328,3343,3357,3359,3354,3369,19,3332,3329,3322,3333,3364,3360,3337,3355,3326],"jetpack_publicize_connections":[],"yoast_head":"<!-- This site is optimized with the Yoast SEO plugin v19.1 - https:\/\/yoast.com\/wordpress\/plugins\/seo\/ -->\n<title>Zaboravljeni grad Ulcinj,?e biti turisti?ka meka Ju\u017ene Evrope - Lajme nga Ulqini<\/title>\n<meta name=\"robots\" content=\"index, follow, max-snippet:-1, max-image-preview:large, max-video-preview:-1\" \/>\n<link rel=\"canonical\" href=\"https:\/\/www.visit-ulcinj.com\/blog\/2008\/05\/21\/zaboravljeni-grad-ulcinjce-biti-turisticka-meka-juzne-evrope\/\" \/>\n<meta property=\"og:locale\" content=\"en_US\" \/>\n<meta property=\"og:type\" content=\"article\" \/>\n<meta property=\"og:title\" content=\"Zaboravljeni grad Ulcinj,?e biti turisti?ka meka Ju\u017ene Evrope - Lajme nga Ulqini\" \/>\n<meta property=\"og:url\" content=\"https:\/\/www.visit-ulcinj.com\/blog\/2008\/05\/21\/zaboravljeni-grad-ulcinjce-biti-turisticka-meka-juzne-evrope\/\" \/>\n<meta property=\"og:site_name\" content=\"Lajme nga Ulqini\" \/>\n<meta property=\"article:published_time\" content=\"2008-05-21T09:18:15+00:00\" \/>\n<meta property=\"article:modified_time\" content=\"2008-05-28T11:54:47+00:00\" \/>\n<meta property=\"og:image\" content=\"http:\/\/cerna-hora-info.cz\/ulcinjska_riviera\/img\/th_ulcinj2.jpg\" \/>\n<meta name=\"twitter:label1\" content=\"Written by\" \/>\n\t<meta name=\"twitter:data1\" content=\"ulqini\" \/>\n\t<meta name=\"twitter:label2\" content=\"Est. reading time\" \/>\n\t<meta name=\"twitter:data2\" content=\"6 minutes\" \/>\n<script type=\"application\/ld+json\" class=\"yoast-schema-graph\">{\"@context\":\"https:\/\/schema.org\",\"@graph\":[{\"@type\":\"WebSite\",\"@id\":\"https:\/\/www.visit-ulcinj.com\/blog\/#website\",\"url\":\"https:\/\/www.visit-ulcinj.com\/blog\/\",\"name\":\"Lajme nga Ulqini\",\"description\":\"Lajme,Vijesti,Ulqini,Ulqin,Crna Gora,Mali i Zi\",\"potentialAction\":[{\"@type\":\"SearchAction\",\"target\":{\"@type\":\"EntryPoint\",\"urlTemplate\":\"https:\/\/www.visit-ulcinj.com\/blog\/?s={search_term_string}\"},\"query-input\":\"required name=search_term_string\"}],\"inLanguage\":\"en-US\"},{\"@type\":\"ImageObject\",\"inLanguage\":\"en-US\",\"@id\":\"https:\/\/www.visit-ulcinj.com\/blog\/2008\/05\/21\/zaboravljeni-grad-ulcinjce-biti-turisticka-meka-juzne-evrope\/#primaryimage\",\"url\":\"http:\/\/cerna-hora-info.cz\/ulcinjska_riviera\/img\/th_ulcinj2.jpg\",\"contentUrl\":\"http:\/\/cerna-hora-info.cz\/ulcinjska_riviera\/img\/th_ulcinj2.jpg\"},{\"@type\":\"WebPage\",\"@id\":\"https:\/\/www.visit-ulcinj.com\/blog\/2008\/05\/21\/zaboravljeni-grad-ulcinjce-biti-turisticka-meka-juzne-evrope\/#webpage\",\"url\":\"https:\/\/www.visit-ulcinj.com\/blog\/2008\/05\/21\/zaboravljeni-grad-ulcinjce-biti-turisticka-meka-juzne-evrope\/\",\"name\":\"Zaboravljeni grad Ulcinj,?e biti turisti?ka meka Ju\u017ene Evrope - Lajme nga Ulqini\",\"isPartOf\":{\"@id\":\"https:\/\/www.visit-ulcinj.com\/blog\/#website\"},\"primaryImageOfPage\":{\"@id\":\"https:\/\/www.visit-ulcinj.com\/blog\/2008\/05\/21\/zaboravljeni-grad-ulcinjce-biti-turisticka-meka-juzne-evrope\/#primaryimage\"},\"datePublished\":\"2008-05-21T09:18:15+00:00\",\"dateModified\":\"2008-05-28T11:54:47+00:00\",\"author\":{\"@id\":\"https:\/\/www.visit-ulcinj.com\/blog\/#\/schema\/person\/dcab619c614d3038751c63bc2aadc06d\"},\"breadcrumb\":{\"@id\":\"https:\/\/www.visit-ulcinj.com\/blog\/2008\/05\/21\/zaboravljeni-grad-ulcinjce-biti-turisticka-meka-juzne-evrope\/#breadcrumb\"},\"inLanguage\":\"en-US\",\"potentialAction\":[{\"@type\":\"ReadAction\",\"target\":[\"https:\/\/www.visit-ulcinj.com\/blog\/2008\/05\/21\/zaboravljeni-grad-ulcinjce-biti-turisticka-meka-juzne-evrope\/\"]}]},{\"@type\":\"BreadcrumbList\",\"@id\":\"https:\/\/www.visit-ulcinj.com\/blog\/2008\/05\/21\/zaboravljeni-grad-ulcinjce-biti-turisticka-meka-juzne-evrope\/#breadcrumb\",\"itemListElement\":[{\"@type\":\"ListItem\",\"position\":1,\"name\":\"Zaboravljeni grad Ulcinj,?e biti turisti?ka meka Ju\u017ene Evrope\"}]},{\"@type\":\"Person\",\"@id\":\"https:\/\/www.visit-ulcinj.com\/blog\/#\/schema\/person\/dcab619c614d3038751c63bc2aadc06d\",\"name\":\"ulqini\",\"sameAs\":[\"http:\/\/www.visit-ulcinj.com\"],\"url\":\"https:\/\/www.visit-ulcinj.com\/blog\/author\/admin\/\"}]}<\/script>\n<!-- \/ Yoast SEO plugin. -->","yoast_head_json":{"title":"Zaboravljeni grad Ulcinj,?e biti turisti?ka meka Ju\u017ene Evrope - Lajme nga Ulqini","robots":{"index":"index","follow":"follow","max-snippet":"max-snippet:-1","max-image-preview":"max-image-preview:large","max-video-preview":"max-video-preview:-1"},"canonical":"https:\/\/www.visit-ulcinj.com\/blog\/2008\/05\/21\/zaboravljeni-grad-ulcinjce-biti-turisticka-meka-juzne-evrope\/","og_locale":"en_US","og_type":"article","og_title":"Zaboravljeni grad Ulcinj,?e biti turisti?ka meka Ju\u017ene Evrope - Lajme nga Ulqini","og_url":"https:\/\/www.visit-ulcinj.com\/blog\/2008\/05\/21\/zaboravljeni-grad-ulcinjce-biti-turisticka-meka-juzne-evrope\/","og_site_name":"Lajme nga Ulqini","article_published_time":"2008-05-21T09:18:15+00:00","article_modified_time":"2008-05-28T11:54:47+00:00","og_image":[{"url":"http:\/\/cerna-hora-info.cz\/ulcinjska_riviera\/img\/th_ulcinj2.jpg"}],"twitter_misc":{"Written by":"ulqini","Est. reading time":"6 minutes"},"schema":{"@context":"https:\/\/schema.org","@graph":[{"@type":"WebSite","@id":"https:\/\/www.visit-ulcinj.com\/blog\/#website","url":"https:\/\/www.visit-ulcinj.com\/blog\/","name":"Lajme nga Ulqini","description":"Lajme,Vijesti,Ulqini,Ulqin,Crna Gora,Mali i Zi","potentialAction":[{"@type":"SearchAction","target":{"@type":"EntryPoint","urlTemplate":"https:\/\/www.visit-ulcinj.com\/blog\/?s={search_term_string}"},"query-input":"required name=search_term_string"}],"inLanguage":"en-US"},{"@type":"ImageObject","inLanguage":"en-US","@id":"https:\/\/www.visit-ulcinj.com\/blog\/2008\/05\/21\/zaboravljeni-grad-ulcinjce-biti-turisticka-meka-juzne-evrope\/#primaryimage","url":"http:\/\/cerna-hora-info.cz\/ulcinjska_riviera\/img\/th_ulcinj2.jpg","contentUrl":"http:\/\/cerna-hora-info.cz\/ulcinjska_riviera\/img\/th_ulcinj2.jpg"},{"@type":"WebPage","@id":"https:\/\/www.visit-ulcinj.com\/blog\/2008\/05\/21\/zaboravljeni-grad-ulcinjce-biti-turisticka-meka-juzne-evrope\/#webpage","url":"https:\/\/www.visit-ulcinj.com\/blog\/2008\/05\/21\/zaboravljeni-grad-ulcinjce-biti-turisticka-meka-juzne-evrope\/","name":"Zaboravljeni grad Ulcinj,?e biti turisti?ka meka Ju\u017ene Evrope - Lajme nga Ulqini","isPartOf":{"@id":"https:\/\/www.visit-ulcinj.com\/blog\/#website"},"primaryImageOfPage":{"@id":"https:\/\/www.visit-ulcinj.com\/blog\/2008\/05\/21\/zaboravljeni-grad-ulcinjce-biti-turisticka-meka-juzne-evrope\/#primaryimage"},"datePublished":"2008-05-21T09:18:15+00:00","dateModified":"2008-05-28T11:54:47+00:00","author":{"@id":"https:\/\/www.visit-ulcinj.com\/blog\/#\/schema\/person\/dcab619c614d3038751c63bc2aadc06d"},"breadcrumb":{"@id":"https:\/\/www.visit-ulcinj.com\/blog\/2008\/05\/21\/zaboravljeni-grad-ulcinjce-biti-turisticka-meka-juzne-evrope\/#breadcrumb"},"inLanguage":"en-US","potentialAction":[{"@type":"ReadAction","target":["https:\/\/www.visit-ulcinj.com\/blog\/2008\/05\/21\/zaboravljeni-grad-ulcinjce-biti-turisticka-meka-juzne-evrope\/"]}]},{"@type":"BreadcrumbList","@id":"https:\/\/www.visit-ulcinj.com\/blog\/2008\/05\/21\/zaboravljeni-grad-ulcinjce-biti-turisticka-meka-juzne-evrope\/#breadcrumb","itemListElement":[{"@type":"ListItem","position":1,"name":"Zaboravljeni grad Ulcinj,?e biti turisti?ka meka Ju\u017ene Evrope"}]},{"@type":"Person","@id":"https:\/\/www.visit-ulcinj.com\/blog\/#\/schema\/person\/dcab619c614d3038751c63bc2aadc06d","name":"ulqini","sameAs":["http:\/\/www.visit-ulcinj.com"],"url":"https:\/\/www.visit-ulcinj.com\/blog\/author\/admin\/"}]}},"jetpack_featured_media_url":"","jetpack_sharing_enabled":true,"jetpack_shortlink":"https:\/\/wp.me\/pe6lTn-rH","_links":{"self":[{"href":"https:\/\/www.visit-ulcinj.com\/blog\/wp-json\/wp\/v2\/posts\/1717"}],"collection":[{"href":"https:\/\/www.visit-ulcinj.com\/blog\/wp-json\/wp\/v2\/posts"}],"about":[{"href":"https:\/\/www.visit-ulcinj.com\/blog\/wp-json\/wp\/v2\/types\/post"}],"author":[{"embeddable":true,"href":"https:\/\/www.visit-ulcinj.com\/blog\/wp-json\/wp\/v2\/users\/1"}],"replies":[{"embeddable":true,"href":"https:\/\/www.visit-ulcinj.com\/blog\/wp-json\/wp\/v2\/comments?post=1717"}],"version-history":[{"count":0,"href":"https:\/\/www.visit-ulcinj.com\/blog\/wp-json\/wp\/v2\/posts\/1717\/revisions"}],"wp:attachment":[{"href":"https:\/\/www.visit-ulcinj.com\/blog\/wp-json\/wp\/v2\/media?parent=1717"}],"wp:term":[{"taxonomy":"category","embeddable":true,"href":"https:\/\/www.visit-ulcinj.com\/blog\/wp-json\/wp\/v2\/categories?post=1717"},{"taxonomy":"post_tag","embeddable":true,"href":"https:\/\/www.visit-ulcinj.com\/blog\/wp-json\/wp\/v2\/tags?post=1717"}],"curies":[{"name":"wp","href":"https:\/\/api.w.org\/{rel}","templated":true}]}}