{"id":17181,"date":"2009-04-10T15:51:28","date_gmt":"2009-04-10T13:51:28","guid":{"rendered":"http:\/\/www.visit-ulcinj.com\/blog\/?p=17181"},"modified":"2009-04-10T13:51:56","modified_gmt":"2009-04-10T11:51:56","slug":"adelajda-gjithkush-mund-te-dale","status":"publish","type":"post","link":"https:\/\/www.visit-ulcinj.com\/blog\/2009\/04\/10\/adelajda-gjithkush-mund-te-dale\/","title":{"rendered":"Adelajda : Gjithkush mund t\u00eb dal\u00eb"},"content":{"rendered":"<p><em><span class=\"newsdate\"><a href=\"http:\/\/www.visit-ulcinj.com\/blog\/wp-content\/uploads\/2009\/04\/anjeza-arjoni.jpg\"><img loading=\"lazy\" class=\"alignleft size-full wp-image-17182\" title=\"anjeza-arjoni-big-brother-albania-2\" src=\"http:\/\/www.visit-ulcinj.com\/blog\/wp-content\/uploads\/2009\/04\/anjeza-arjoni.jpg\" alt=\"anjeza-arjoni-big-brother-albania-2\" width=\"300\" height=\"205\" \/><\/a>08\/04\/09 01:20<\/span><\/em><\/p>\n<p>\u201cDuhet t\u00eb llogarisim q\u00eb gjithkush mund t\u00eb dal\u00eb!- i ka th\u00ebn\u00eb Adelajda Dritanit, Arjonit dhe Anjez\u00ebs, duke treguar se t\u00eb nj\u00ebjt\u00ebn gj\u00eb i kishte th\u00ebn\u00eb edhe Bjordit, paraditen e s\u00eb nj\u00ebjt\u00ebs dit\u00eb. \u201cGj\u00ebrat jan\u00eb shum\u00eb t\u00eb paparashikueshme!\u201d- ka shtuar ajo. Diskutimi ka filluar nga Dritani, q\u00eb kur ka par\u00eb Anjez\u00ebn q\u00eb puthi n\u00eb faqe Arjonin tha: \u201cMimoza, k\u00ebt\u00eb jav\u00eb ose un\u00eb, ose ti do t\u00eb dalim!\u201d. \u201cPse, kjo \u00ebsht\u00eb nj\u00eb m\u00ebnyr\u00eb p\u00ebr t\u00eb mos dal\u00eb?\u201d- ka pyetur Adelajda, duke iu referuar t\u00eb nj\u00ebjt\u00ebs gj\u00eb. Sipas mendimit t\u00eb t\u00eb gjith\u00ebve, edhe Aida rrezikonte, nd\u00ebrsa Bjordi ishte i vetmi q\u00eb nuk llogaritej fare. \u201cBjordin z\u00ebre se s\u2019\u00ebsht\u00eb!\u201d \u2013 ka th\u00ebn\u00eb Anjeza. T\u00eb kat\u00ebrt kan\u00eb r\u00ebn\u00eb dakord edhe n\u00eb nj\u00eb pik\u00eb tjet\u00ebr, q\u00eb tjet\u00ebr gj\u00eb mund t\u2019u duket interesante atyre dhe tjet\u00ebr gj\u00eb publikut, pra ndryshe mund ta vler\u00ebsojn\u00eb ata nj\u00ebri-tjetrin dhe ndryshe njer\u00ebzit q\u00eb i shohin nga jasht\u00eb.<\/p>\n","protected":false},"excerpt":{"rendered":"<p>08\/04\/09 01:20 \u201cDuhet t\u00eb llogarisim q\u00eb gjithkush mund t\u00eb dal\u00eb!- i ka th\u00ebn\u00eb Adelajda Dritanit, Arjonit dhe Anjez\u00ebs, duke treguar se t\u00eb nj\u00ebjt\u00ebn gj\u00eb i kishte th\u00ebn\u00eb edhe Bjordit, paraditen e s\u00eb nj\u00ebjt\u00ebs dit\u00eb. \u201cGj\u00ebrat jan\u00eb shum\u00eb t\u00eb paparashikueshme!\u201d- ka shtuar ajo. Diskutimi ka filluar nga Dritani, q\u00eb kur ka par\u00eb Anjez\u00ebn q\u00eb puthi n\u00eb [&hellip;]<\/p>\n","protected":false},"author":1,"featured_media":0,"comment_status":"open","ping_status":"closed","sticky":false,"template":"","format":"standard","meta":{"spay_email":"","jetpack_publicize_message":"","jetpack_is_tweetstorm":false,"jetpack_publicize_feature_enabled":true},"categories":[6502],"tags":[6529,8289,6525,6883,6516,6712,8867,6900,6891],"jetpack_publicize_connections":[],"yoast_head":"<!-- This site is optimized with the Yoast SEO plugin v19.1 - https:\/\/yoast.com\/wordpress\/plugins\/seo\/ -->\n<title>Adelajda : Gjithkush mund t\u00c3\u00ab dal\u00c3\u00ab | Big Brother Albania 2<\/title>\n<meta name=\"description\" content=\"Big Brother Albania 2 - \u00e2\u20ac\u0153Duhet t\u00c3\u00ab llogarisim q\u00c3\u00ab gjithkush mund t\u00c3\u00ab dal\u00c3\u00ab!- i ka th\u00c3\u00abn\u00c3\u00ab Adelajda Dritanit, Arjonit dhe Anjez\u00c3\u00abs, duke treguar se t\u00c3\u00ab nj\u00c3\u00abjt\u00c3\u00abn gj\u00c3\u00ab i kishte th\u00c3\u00abn\u00c3\u00ab edhe Bjordi\" \/>\n<meta name=\"robots\" content=\"index, follow, max-snippet:-1, max-image-preview:large, max-video-preview:-1\" \/>\n<link rel=\"canonical\" href=\"https:\/\/www.visit-ulcinj.com\/blog\/2009\/04\/10\/adelajda-gjithkush-mund-te-dale\/\" \/>\n<meta property=\"og:locale\" content=\"en_US\" \/>\n<meta property=\"og:type\" content=\"article\" \/>\n<meta property=\"og:title\" content=\"Adelajda : Gjithkush mund t\u00c3\u00ab dal\u00c3\u00ab | Big Brother Albania 2\" \/>\n<meta property=\"og:description\" content=\"Big Brother Albania 2 - \u00e2\u20ac\u0153Duhet t\u00c3\u00ab llogarisim q\u00c3\u00ab gjithkush mund t\u00c3\u00ab dal\u00c3\u00ab!- i ka th\u00c3\u00abn\u00c3\u00ab Adelajda Dritanit, Arjonit dhe Anjez\u00c3\u00abs, duke treguar se t\u00c3\u00ab nj\u00c3\u00abjt\u00c3\u00abn gj\u00c3\u00ab i kishte th\u00c3\u00abn\u00c3\u00ab edhe Bjordi\" \/>\n<meta property=\"og:url\" content=\"https:\/\/www.visit-ulcinj.com\/blog\/2009\/04\/10\/adelajda-gjithkush-mund-te-dale\/\" \/>\n<meta property=\"og:site_name\" content=\"Lajme nga Ulqini\" \/>\n<meta property=\"article:published_time\" content=\"2009-04-10T13:51:28+00:00\" \/>\n<meta property=\"article:modified_time\" content=\"2009-04-10T11:51:56+00:00\" \/>\n<meta property=\"og:image\" content=\"http:\/\/www.visit-ulcinj.com\/blog\/wp-content\/uploads\/2009\/04\/anjeza-arjoni.jpg\" \/>\n<meta name=\"twitter:label1\" content=\"Written by\" \/>\n\t<meta name=\"twitter:data1\" content=\"ulqini\" \/>\n\t<meta name=\"twitter:label2\" content=\"Est. reading time\" \/>\n\t<meta name=\"twitter:data2\" content=\"1 minute\" \/>\n<script type=\"application\/ld+json\" class=\"yoast-schema-graph\">{\"@context\":\"https:\/\/schema.org\",\"@graph\":[{\"@type\":\"WebSite\",\"@id\":\"https:\/\/www.visit-ulcinj.com\/blog\/#website\",\"url\":\"https:\/\/www.visit-ulcinj.com\/blog\/\",\"name\":\"Lajme nga Ulqini\",\"description\":\"Lajme,Vijesti,Ulqini,Ulqin,Crna Gora,Mali i Zi\",\"potentialAction\":[{\"@type\":\"SearchAction\",\"target\":{\"@type\":\"EntryPoint\",\"urlTemplate\":\"https:\/\/www.visit-ulcinj.com\/blog\/?s={search_term_string}\"},\"query-input\":\"required name=search_term_string\"}],\"inLanguage\":\"en-US\"},{\"@type\":\"ImageObject\",\"inLanguage\":\"en-US\",\"@id\":\"https:\/\/www.visit-ulcinj.com\/blog\/2009\/04\/10\/adelajda-gjithkush-mund-te-dale\/#primaryimage\",\"url\":\"http:\/\/www.visit-ulcinj.com\/blog\/wp-content\/uploads\/2009\/04\/anjeza-arjoni.jpg\",\"contentUrl\":\"http:\/\/www.visit-ulcinj.com\/blog\/wp-content\/uploads\/2009\/04\/anjeza-arjoni.jpg\"},{\"@type\":\"WebPage\",\"@id\":\"https:\/\/www.visit-ulcinj.com\/blog\/2009\/04\/10\/adelajda-gjithkush-mund-te-dale\/#webpage\",\"url\":\"https:\/\/www.visit-ulcinj.com\/blog\/2009\/04\/10\/adelajda-gjithkush-mund-te-dale\/\",\"name\":\"Adelajda : Gjithkush mund t\u00c3\u00ab dal\u00c3\u00ab | Big Brother Albania 2\",\"isPartOf\":{\"@id\":\"https:\/\/www.visit-ulcinj.com\/blog\/#website\"},\"primaryImageOfPage\":{\"@id\":\"https:\/\/www.visit-ulcinj.com\/blog\/2009\/04\/10\/adelajda-gjithkush-mund-te-dale\/#primaryimage\"},\"datePublished\":\"2009-04-10T13:51:28+00:00\",\"dateModified\":\"2009-04-10T11:51:56+00:00\",\"author\":{\"@id\":\"https:\/\/www.visit-ulcinj.com\/blog\/#\/schema\/person\/dcab619c614d3038751c63bc2aadc06d\"},\"description\":\"Big Brother Albania 2 - \u00e2\u20ac\u0153Duhet t\u00c3\u00ab llogarisim q\u00c3\u00ab gjithkush mund t\u00c3\u00ab dal\u00c3\u00ab!- i ka th\u00c3\u00abn\u00c3\u00ab Adelajda Dritanit, Arjonit dhe Anjez\u00c3\u00abs, duke treguar se t\u00c3\u00ab nj\u00c3\u00abjt\u00c3\u00abn gj\u00c3\u00ab i kishte th\u00c3\u00abn\u00c3\u00ab edhe Bjordi\",\"breadcrumb\":{\"@id\":\"https:\/\/www.visit-ulcinj.com\/blog\/2009\/04\/10\/adelajda-gjithkush-mund-te-dale\/#breadcrumb\"},\"inLanguage\":\"en-US\",\"potentialAction\":[{\"@type\":\"ReadAction\",\"target\":[\"https:\/\/www.visit-ulcinj.com\/blog\/2009\/04\/10\/adelajda-gjithkush-mund-te-dale\/\"]}]},{\"@type\":\"BreadcrumbList\",\"@id\":\"https:\/\/www.visit-ulcinj.com\/blog\/2009\/04\/10\/adelajda-gjithkush-mund-te-dale\/#breadcrumb\",\"itemListElement\":[{\"@type\":\"ListItem\",\"position\":1,\"name\":\"Adelajda : Gjithkush mund t\u00eb dal\u00eb\"}]},{\"@type\":\"Person\",\"@id\":\"https:\/\/www.visit-ulcinj.com\/blog\/#\/schema\/person\/dcab619c614d3038751c63bc2aadc06d\",\"name\":\"ulqini\",\"sameAs\":[\"http:\/\/www.visit-ulcinj.com\"],\"url\":\"https:\/\/www.visit-ulcinj.com\/blog\/author\/admin\/\"}]}<\/script>\n<!-- \/ Yoast SEO plugin. -->","yoast_head_json":{"title":"Adelajda : Gjithkush mund t\u00c3\u00ab dal\u00c3\u00ab | Big Brother Albania 2","description":"Big Brother Albania 2 - \u00e2\u20ac\u0153Duhet t\u00c3\u00ab llogarisim q\u00c3\u00ab gjithkush mund t\u00c3\u00ab dal\u00c3\u00ab!- i ka th\u00c3\u00abn\u00c3\u00ab Adelajda Dritanit, Arjonit dhe Anjez\u00c3\u00abs, duke treguar se t\u00c3\u00ab nj\u00c3\u00abjt\u00c3\u00abn gj\u00c3\u00ab i kishte th\u00c3\u00abn\u00c3\u00ab edhe Bjordi","robots":{"index":"index","follow":"follow","max-snippet":"max-snippet:-1","max-image-preview":"max-image-preview:large","max-video-preview":"max-video-preview:-1"},"canonical":"https:\/\/www.visit-ulcinj.com\/blog\/2009\/04\/10\/adelajda-gjithkush-mund-te-dale\/","og_locale":"en_US","og_type":"article","og_title":"Adelajda : Gjithkush mund t\u00c3\u00ab dal\u00c3\u00ab | Big Brother Albania 2","og_description":"Big Brother Albania 2 - \u00e2\u20ac\u0153Duhet t\u00c3\u00ab llogarisim q\u00c3\u00ab gjithkush mund t\u00c3\u00ab dal\u00c3\u00ab!- i ka th\u00c3\u00abn\u00c3\u00ab Adelajda Dritanit, Arjonit dhe Anjez\u00c3\u00abs, duke treguar se t\u00c3\u00ab nj\u00c3\u00abjt\u00c3\u00abn gj\u00c3\u00ab i kishte th\u00c3\u00abn\u00c3\u00ab edhe Bjordi","og_url":"https:\/\/www.visit-ulcinj.com\/blog\/2009\/04\/10\/adelajda-gjithkush-mund-te-dale\/","og_site_name":"Lajme nga Ulqini","article_published_time":"2009-04-10T13:51:28+00:00","article_modified_time":"2009-04-10T11:51:56+00:00","og_image":[{"url":"http:\/\/www.visit-ulcinj.com\/blog\/wp-content\/uploads\/2009\/04\/anjeza-arjoni.jpg"}],"twitter_misc":{"Written by":"ulqini","Est. reading time":"1 minute"},"schema":{"@context":"https:\/\/schema.org","@graph":[{"@type":"WebSite","@id":"https:\/\/www.visit-ulcinj.com\/blog\/#website","url":"https:\/\/www.visit-ulcinj.com\/blog\/","name":"Lajme nga Ulqini","description":"Lajme,Vijesti,Ulqini,Ulqin,Crna Gora,Mali i Zi","potentialAction":[{"@type":"SearchAction","target":{"@type":"EntryPoint","urlTemplate":"https:\/\/www.visit-ulcinj.com\/blog\/?s={search_term_string}"},"query-input":"required name=search_term_string"}],"inLanguage":"en-US"},{"@type":"ImageObject","inLanguage":"en-US","@id":"https:\/\/www.visit-ulcinj.com\/blog\/2009\/04\/10\/adelajda-gjithkush-mund-te-dale\/#primaryimage","url":"http:\/\/www.visit-ulcinj.com\/blog\/wp-content\/uploads\/2009\/04\/anjeza-arjoni.jpg","contentUrl":"http:\/\/www.visit-ulcinj.com\/blog\/wp-content\/uploads\/2009\/04\/anjeza-arjoni.jpg"},{"@type":"WebPage","@id":"https:\/\/www.visit-ulcinj.com\/blog\/2009\/04\/10\/adelajda-gjithkush-mund-te-dale\/#webpage","url":"https:\/\/www.visit-ulcinj.com\/blog\/2009\/04\/10\/adelajda-gjithkush-mund-te-dale\/","name":"Adelajda : Gjithkush mund t\u00c3\u00ab dal\u00c3\u00ab | Big Brother Albania 2","isPartOf":{"@id":"https:\/\/www.visit-ulcinj.com\/blog\/#website"},"primaryImageOfPage":{"@id":"https:\/\/www.visit-ulcinj.com\/blog\/2009\/04\/10\/adelajda-gjithkush-mund-te-dale\/#primaryimage"},"datePublished":"2009-04-10T13:51:28+00:00","dateModified":"2009-04-10T11:51:56+00:00","author":{"@id":"https:\/\/www.visit-ulcinj.com\/blog\/#\/schema\/person\/dcab619c614d3038751c63bc2aadc06d"},"description":"Big Brother Albania 2 - \u00e2\u20ac\u0153Duhet t\u00c3\u00ab llogarisim q\u00c3\u00ab gjithkush mund t\u00c3\u00ab dal\u00c3\u00ab!- i ka th\u00c3\u00abn\u00c3\u00ab Adelajda Dritanit, Arjonit dhe Anjez\u00c3\u00abs, duke treguar se t\u00c3\u00ab nj\u00c3\u00abjt\u00c3\u00abn gj\u00c3\u00ab i kishte th\u00c3\u00abn\u00c3\u00ab edhe Bjordi","breadcrumb":{"@id":"https:\/\/www.visit-ulcinj.com\/blog\/2009\/04\/10\/adelajda-gjithkush-mund-te-dale\/#breadcrumb"},"inLanguage":"en-US","potentialAction":[{"@type":"ReadAction","target":["https:\/\/www.visit-ulcinj.com\/blog\/2009\/04\/10\/adelajda-gjithkush-mund-te-dale\/"]}]},{"@type":"BreadcrumbList","@id":"https:\/\/www.visit-ulcinj.com\/blog\/2009\/04\/10\/adelajda-gjithkush-mund-te-dale\/#breadcrumb","itemListElement":[{"@type":"ListItem","position":1,"name":"Adelajda : Gjithkush mund t\u00eb dal\u00eb"}]},{"@type":"Person","@id":"https:\/\/www.visit-ulcinj.com\/blog\/#\/schema\/person\/dcab619c614d3038751c63bc2aadc06d","name":"ulqini","sameAs":["http:\/\/www.visit-ulcinj.com"],"url":"https:\/\/www.visit-ulcinj.com\/blog\/author\/admin\/"}]}},"jetpack_featured_media_url":"","jetpack_sharing_enabled":true,"jetpack_shortlink":"https:\/\/wp.me\/pe6lTn-4t7","_links":{"self":[{"href":"https:\/\/www.visit-ulcinj.com\/blog\/wp-json\/wp\/v2\/posts\/17181"}],"collection":[{"href":"https:\/\/www.visit-ulcinj.com\/blog\/wp-json\/wp\/v2\/posts"}],"about":[{"href":"https:\/\/www.visit-ulcinj.com\/blog\/wp-json\/wp\/v2\/types\/post"}],"author":[{"embeddable":true,"href":"https:\/\/www.visit-ulcinj.com\/blog\/wp-json\/wp\/v2\/users\/1"}],"replies":[{"embeddable":true,"href":"https:\/\/www.visit-ulcinj.com\/blog\/wp-json\/wp\/v2\/comments?post=17181"}],"version-history":[{"count":0,"href":"https:\/\/www.visit-ulcinj.com\/blog\/wp-json\/wp\/v2\/posts\/17181\/revisions"}],"wp:attachment":[{"href":"https:\/\/www.visit-ulcinj.com\/blog\/wp-json\/wp\/v2\/media?parent=17181"}],"wp:term":[{"taxonomy":"category","embeddable":true,"href":"https:\/\/www.visit-ulcinj.com\/blog\/wp-json\/wp\/v2\/categories?post=17181"},{"taxonomy":"post_tag","embeddable":true,"href":"https:\/\/www.visit-ulcinj.com\/blog\/wp-json\/wp\/v2\/tags?post=17181"}],"curies":[{"name":"wp","href":"https:\/\/api.w.org\/{rel}","templated":true}]}}