{"id":17185,"date":"2009-04-10T15:55:09","date_gmt":"2009-04-10T13:55:09","guid":{"rendered":"http:\/\/www.visit-ulcinj.com\/blog\/?p=17185"},"modified":"2009-04-10T13:55:32","modified_gmt":"2009-04-10T11:55:32","slug":"mimoza-dhe-dritani-s%e2%80%99mund-te-shkosh-mire-me-te-gjithe","status":"publish","type":"post","link":"https:\/\/www.visit-ulcinj.com\/blog\/2009\/04\/10\/mimoza-dhe-dritani-s%e2%80%99mund-te-shkosh-mire-me-te-gjithe\/","title":{"rendered":"Mimoza dhe Dritani : S\u2019mund t\u00eb shkosh mir\u00eb me t\u00eb gjith\u00eb!"},"content":{"rendered":"<p><em><span class=\"newsdate\"><a href=\"http:\/\/www.visit-ulcinj.com\/blog\/wp-content\/uploads\/2009\/04\/mozadritani-copy.jpg\"><img loading=\"lazy\" class=\"alignleft size-full wp-image-17186\" title=\"mimoza dhe dritani big brother albania 2\" src=\"http:\/\/www.visit-ulcinj.com\/blog\/wp-content\/uploads\/2009\/04\/mozadritani-copy.jpg\" alt=\"mimoza dhe dritani big brother albania 2\" width=\"300\" height=\"205\" \/><\/a>08\/04\/09 01:47<\/span><\/em><\/p>\n<p>\u201cJe 24 or\u00eb n\u00eb 24, &#8211; i ka th\u00ebn\u00eb Dritani Mimoz\u00ebs, -si mund t\u00eb pretendosh t\u00eb shkosh gjithmon\u00eb mir\u00eb?!\u201d. Mimoza i ka th\u00ebn\u00eb se edhe ai shkonte mir\u00eb me t\u00eb gjith\u00eb, por Dritani e ka kund\u00ebrshtuar duke i p\u00ebrmendur edhe emrat e banor\u00ebve me t\u00eb cil\u00ebt kishte b\u00ebr\u00eb fjal\u00eb. \u201cUn\u00eb shkoj keq, por un\u00eb nuk shkoj dhe mir\u00eb!\u201d- i ka th\u00ebn\u00eb ai. Sipas Mimoz\u00ebs, debatet q\u00eb ai p\u00ebrmend, nuk mund t\u00eb quhen debate t\u00eb mir\u00ebfillta, t\u00eb tilla kishte b\u00ebr\u00eb dhe ajo, k\u00ebto m\u00eb tep\u00ebr ishin ngacmime. P\u00ebr mendimin e saj, keq muind t\u00eb thoje se shkonin Aida dhe Adela. \u201cUn\u00eb nuk kam ardhur k\u00ebtu p\u00ebr t\u2019u grindur, un\u00eb kam ardhur p\u00ebr t\u00eb p\u00ebrjetuar nj\u00eb eksperienc\u00eb shum\u00eb t\u00eb bukur!- i ka th\u00ebn\u00eb ajo Dritanit. \u201cTi po thua q\u00eb ne q\u00eb flasim, ne q\u00eb i themi tjetrit ti je k\u00ebshtu apo ashtu, ne e kemi gabim. Ti mos thuaj asgj\u00eb dhe kalo mir\u00eb, kjo \u00ebsht\u00eb ideja jote!\u201d- i ka th\u00ebn\u00eb Dritani Mimoz\u00ebs. Moza i ka th\u00ebn\u00eb se n\u00ebse dikush do ta kishte ngacmuar, ishte normale q\u00eb ajo t\u00eb reagonte, por at\u00eb nuk e kishte ngacmuar njeri, k\u00ebshtu q\u00eb s\u2019kishte pse t\u00eb kapej. Sipas Dritanit kjo ndodhte ngaq\u00eb ajo nuk fliste asnj\u00ebher\u00eb. Mimoza i ka p\u00ebrs\u00ebritur se kishte ardhur p\u00ebr t\u2019u k\u00ebnaqur e jo p\u00ebr t\u2019u z\u00ebn\u00eb, por gjithsesi ky ishte mendimi i tij dhe ajo e respektonte. \u201cNormal q\u00eb \u00ebsht\u00eb mendimi im dhe pse ta them, nuk po b\u00ebj keq!\u201d- i ka th\u00ebn\u00eb ai. Ata kan\u00eb vazhduar t\u00eb diskutojn\u00eb dhe Mimoza e ka pyetur Dritanin se, sipas tij, cfar\u00eb duhet t\u00eb fliste ajo me t\u00eb tjer\u00ebt. \u201cBisedohet normalisht!- i ka th\u00ebn\u00eb ai.- M\u00eb n\u00eb fund, pas 9 jav\u00ebsh po shikoj Mimoz\u00ebn q\u00eb po flet shum\u00eb dhe tamam si\u00e7 \u00ebsht\u00eb p\u00ebr t\u00eb folur!\u201d. Sipas Mimoz\u00ebs ajo ka folur me ata q\u00eb ishte me af\u00ebrt. Dritani e ka pyetur n\u00ebse ishte m\u00ebrzitur ndonjeher\u00eb me ata banor\u00eb q\u00eb i ndjente m\u00eb af\u00ebr dhe p\u00ebrgjigjia negative e saj atij i \u00ebsht\u00eb dukur absurde, e pamundur. \u201cN\u00ebse ty t\u00eb ka ngelur qejfi p\u00ebr di\u00e7ka, ti nuk ke shkuar ta sqarosh, sepse ti do t\u00eb shkosh mir\u00eb me t\u00eb gjith\u00eb!\u201d- i ka th\u00ebn\u00eb Dritani. \u201cNuk m\u00eb ka ngelur ndonj\u00ebher\u00eb qejfi!\u201d \u2013 i ka th\u00ebn\u00eb Mimoza. Ai s\u00ebrish i ka shprehur habin\u00eb dhe v\u00ebshtir\u00ebsin\u00eb e tij p\u00ebr t\u00eb besuar se n\u00eb n\u00ebnt\u00eb jav\u00ebt e Mimoz\u00ebs brenda sht\u00ebpis\u00eb, t\u00eb mos i kishte ngelur hatri apo t\u00eb mos ishte m\u00ebrzitur asnj\u00ebher\u00eb me asnj\u00eb. \u201cAs un\u00eb nuk kam ardhur t\u00eb zihem me njer\u00ebzit, &#8211; i ka th\u00ebn\u00eb ai, &#8211; por un\u00eb e them at\u00eb q\u00eb mendoj, kur dua. Ti nuk e thua!\u201d. Ai ka shtuar se n\u00eb gjitha bisedat apo debatet q\u00eb jan\u00eb b\u00ebr\u00eb, ajo ka qen\u00eb shum\u00eb pasive dhe Mimoza i ka th\u00ebn\u00eb se edhe ajo e shihte at\u00eb n\u00eb t\u00eb nj\u00ebjt\u00ebn m\u00ebnyr\u00eb. \u201cSipas meje edhe ti nuk ke qen\u00eb shum\u00eb aktiv!\u201d \u2013 i ka th\u00ebn\u00eb Mimoza. Dritani e ka pyetur pse nuk ia kishte th\u00ebn\u00eb m\u00eb p\u00ebrpara k\u00ebt\u00eb gj\u00eb, apo ndoshta sepse ajo donte t\u00eb shkonte mir\u00eb me t\u00eb. Mimoza i ka th\u00ebn\u00eb se nuk ishte kjo arsyeja. \u201cUn\u00eb nuk dua t\u00eb ndryshoj njeri!- i \u00ebsht\u00eb p\u00ebrgjigjur ajo.<\/p>\n","protected":false},"excerpt":{"rendered":"<p>08\/04\/09 01:47 \u201cJe 24 or\u00eb n\u00eb 24, &#8211; i ka th\u00ebn\u00eb Dritani Mimoz\u00ebs, -si mund t\u00eb pretendosh t\u00eb shkosh gjithmon\u00eb mir\u00eb?!\u201d. Mimoza i ka th\u00ebn\u00eb se edhe ai shkonte mir\u00eb me t\u00eb gjith\u00eb, por Dritani e ka kund\u00ebrshtuar duke i p\u00ebrmendur edhe emrat e banor\u00ebve me t\u00eb cil\u00ebt kishte b\u00ebr\u00eb fjal\u00eb. \u201cUn\u00eb shkoj keq, por [&hellip;]<\/p>\n","protected":false},"author":1,"featured_media":0,"comment_status":"open","ping_status":"closed","sticky":false,"template":"","format":"standard","meta":{"spay_email":"","jetpack_publicize_message":"","jetpack_is_tweetstorm":false,"jetpack_publicize_feature_enabled":true},"categories":[6502],"tags":[5057,6506,6516,6712,7129,6521,6544,6891,6693,6887],"jetpack_publicize_connections":[],"yoast_head":"<!-- This site is optimized with the Yoast SEO plugin v19.1 - https:\/\/yoast.com\/wordpress\/plugins\/seo\/ -->\n<title>Mimoza dhe Dritani : S\u00e2\u20ac\u2122mund t\u00c3\u00ab shkosh mir\u00c3\u00ab me t\u00c3\u00ab gjith\u00c3\u00ab!<\/title>\n<meta name=\"description\" content=\"Big Brother Albania 2 - \u00e2\u20ac\u0153Je 24 or\u00c3\u00ab n\u00c3\u00ab 24, - i ka th\u00c3\u00abn\u00c3\u00ab Dritani Mimoz\u00c3\u00abs, -si mund t\u00c3\u00ab pretendosh t\u00c3\u00ab shkosh gjithmon\u00c3\u00ab mir\u00c3\u00ab?!\u00e2\u20ac\u009d. Mimoza i ka th\u00c3\u00abn\u00c3\u00ab se edhe ai shkonte mir\u00c3\u00ab me t\u00c3\u00ab gjith\u00c3\u00ab, por Dritani e ka kund\u00c3\u00abrshtuar duke i p\u00c3\u00abrmendur edhe emrat e banor\u00c3\u00abve me t\u00c3\u00ab cil\u00c3\u00abt kishte b\u00c3\u00abr\u00c3\u00ab fjal\u00c3\u00ab.\" \/>\n<meta name=\"robots\" content=\"index, follow, max-snippet:-1, max-image-preview:large, max-video-preview:-1\" \/>\n<link rel=\"canonical\" href=\"https:\/\/www.visit-ulcinj.com\/blog\/2009\/04\/10\/mimoza-dhe-dritani-s\u2019mund-te-shkosh-mire-me-te-gjithe\/\" \/>\n<meta property=\"og:locale\" content=\"en_US\" \/>\n<meta property=\"og:type\" content=\"article\" \/>\n<meta property=\"og:title\" content=\"Mimoza dhe Dritani : S\u00e2\u20ac\u2122mund t\u00c3\u00ab shkosh mir\u00c3\u00ab me t\u00c3\u00ab gjith\u00c3\u00ab!\" \/>\n<meta property=\"og:description\" content=\"Big Brother Albania 2 - \u00e2\u20ac\u0153Je 24 or\u00c3\u00ab n\u00c3\u00ab 24, - i ka th\u00c3\u00abn\u00c3\u00ab Dritani Mimoz\u00c3\u00abs, -si mund t\u00c3\u00ab pretendosh t\u00c3\u00ab shkosh gjithmon\u00c3\u00ab mir\u00c3\u00ab?!\u00e2\u20ac\u009d. Mimoza i ka th\u00c3\u00abn\u00c3\u00ab se edhe ai shkonte mir\u00c3\u00ab me t\u00c3\u00ab gjith\u00c3\u00ab, por Dritani e ka kund\u00c3\u00abrshtuar duke i p\u00c3\u00abrmendur edhe emrat e banor\u00c3\u00abve me t\u00c3\u00ab cil\u00c3\u00abt kishte b\u00c3\u00abr\u00c3\u00ab fjal\u00c3\u00ab.\" \/>\n<meta property=\"og:url\" content=\"https:\/\/www.visit-ulcinj.com\/blog\/2009\/04\/10\/mimoza-dhe-dritani-s\u2019mund-te-shkosh-mire-me-te-gjithe\/\" \/>\n<meta property=\"og:site_name\" content=\"Lajme nga Ulqini\" \/>\n<meta property=\"article:published_time\" content=\"2009-04-10T13:55:09+00:00\" \/>\n<meta property=\"article:modified_time\" content=\"2009-04-10T11:55:32+00:00\" \/>\n<meta property=\"og:image\" content=\"http:\/\/www.visit-ulcinj.com\/blog\/wp-content\/uploads\/2009\/04\/mozadritani-copy.jpg\" \/>\n<meta name=\"twitter:label1\" content=\"Written by\" \/>\n\t<meta name=\"twitter:data1\" content=\"ulqini\" \/>\n\t<meta name=\"twitter:label2\" content=\"Est. reading time\" \/>\n\t<meta name=\"twitter:data2\" content=\"3 minutes\" \/>\n<script type=\"application\/ld+json\" class=\"yoast-schema-graph\">{\"@context\":\"https:\/\/schema.org\",\"@graph\":[{\"@type\":\"WebSite\",\"@id\":\"https:\/\/www.visit-ulcinj.com\/blog\/#website\",\"url\":\"https:\/\/www.visit-ulcinj.com\/blog\/\",\"name\":\"Lajme nga Ulqini\",\"description\":\"Lajme,Vijesti,Ulqini,Ulqin,Crna Gora,Mali i Zi\",\"potentialAction\":[{\"@type\":\"SearchAction\",\"target\":{\"@type\":\"EntryPoint\",\"urlTemplate\":\"https:\/\/www.visit-ulcinj.com\/blog\/?s={search_term_string}\"},\"query-input\":\"required name=search_term_string\"}],\"inLanguage\":\"en-US\"},{\"@type\":\"ImageObject\",\"inLanguage\":\"en-US\",\"@id\":\"https:\/\/www.visit-ulcinj.com\/blog\/2009\/04\/10\/mimoza-dhe-dritani-s%e2%80%99mund-te-shkosh-mire-me-te-gjithe\/#primaryimage\",\"url\":\"http:\/\/www.visit-ulcinj.com\/blog\/wp-content\/uploads\/2009\/04\/mozadritani-copy.jpg\",\"contentUrl\":\"http:\/\/www.visit-ulcinj.com\/blog\/wp-content\/uploads\/2009\/04\/mozadritani-copy.jpg\"},{\"@type\":\"WebPage\",\"@id\":\"https:\/\/www.visit-ulcinj.com\/blog\/2009\/04\/10\/mimoza-dhe-dritani-s%e2%80%99mund-te-shkosh-mire-me-te-gjithe\/#webpage\",\"url\":\"https:\/\/www.visit-ulcinj.com\/blog\/2009\/04\/10\/mimoza-dhe-dritani-s%e2%80%99mund-te-shkosh-mire-me-te-gjithe\/\",\"name\":\"Mimoza dhe Dritani : S\u00e2\u20ac\u2122mund t\u00c3\u00ab shkosh mir\u00c3\u00ab me t\u00c3\u00ab gjith\u00c3\u00ab!\",\"isPartOf\":{\"@id\":\"https:\/\/www.visit-ulcinj.com\/blog\/#website\"},\"primaryImageOfPage\":{\"@id\":\"https:\/\/www.visit-ulcinj.com\/blog\/2009\/04\/10\/mimoza-dhe-dritani-s%e2%80%99mund-te-shkosh-mire-me-te-gjithe\/#primaryimage\"},\"datePublished\":\"2009-04-10T13:55:09+00:00\",\"dateModified\":\"2009-04-10T11:55:32+00:00\",\"author\":{\"@id\":\"https:\/\/www.visit-ulcinj.com\/blog\/#\/schema\/person\/dcab619c614d3038751c63bc2aadc06d\"},\"description\":\"Big Brother Albania 2 - \u00e2\u20ac\u0153Je 24 or\u00c3\u00ab n\u00c3\u00ab 24, - i ka th\u00c3\u00abn\u00c3\u00ab Dritani Mimoz\u00c3\u00abs, -si mund t\u00c3\u00ab pretendosh t\u00c3\u00ab shkosh gjithmon\u00c3\u00ab mir\u00c3\u00ab?!\u00e2\u20ac\u009d. Mimoza i ka th\u00c3\u00abn\u00c3\u00ab se edhe ai shkonte mir\u00c3\u00ab me t\u00c3\u00ab gjith\u00c3\u00ab, por Dritani e ka kund\u00c3\u00abrshtuar duke i p\u00c3\u00abrmendur edhe emrat e banor\u00c3\u00abve me t\u00c3\u00ab cil\u00c3\u00abt kishte b\u00c3\u00abr\u00c3\u00ab fjal\u00c3\u00ab.\",\"breadcrumb\":{\"@id\":\"https:\/\/www.visit-ulcinj.com\/blog\/2009\/04\/10\/mimoza-dhe-dritani-s%e2%80%99mund-te-shkosh-mire-me-te-gjithe\/#breadcrumb\"},\"inLanguage\":\"en-US\",\"potentialAction\":[{\"@type\":\"ReadAction\",\"target\":[\"https:\/\/www.visit-ulcinj.com\/blog\/2009\/04\/10\/mimoza-dhe-dritani-s%e2%80%99mund-te-shkosh-mire-me-te-gjithe\/\"]}]},{\"@type\":\"BreadcrumbList\",\"@id\":\"https:\/\/www.visit-ulcinj.com\/blog\/2009\/04\/10\/mimoza-dhe-dritani-s%e2%80%99mund-te-shkosh-mire-me-te-gjithe\/#breadcrumb\",\"itemListElement\":[{\"@type\":\"ListItem\",\"position\":1,\"name\":\"Mimoza dhe Dritani : S\u2019mund t\u00eb shkosh mir\u00eb me t\u00eb gjith\u00eb!\"}]},{\"@type\":\"Person\",\"@id\":\"https:\/\/www.visit-ulcinj.com\/blog\/#\/schema\/person\/dcab619c614d3038751c63bc2aadc06d\",\"name\":\"ulqini\",\"sameAs\":[\"http:\/\/www.visit-ulcinj.com\"],\"url\":\"https:\/\/www.visit-ulcinj.com\/blog\/author\/admin\/\"}]}<\/script>\n<!-- \/ Yoast SEO plugin. -->","yoast_head_json":{"title":"Mimoza dhe Dritani : S\u00e2\u20ac\u2122mund t\u00c3\u00ab shkosh mir\u00c3\u00ab me t\u00c3\u00ab gjith\u00c3\u00ab!","description":"Big Brother Albania 2 - \u00e2\u20ac\u0153Je 24 or\u00c3\u00ab n\u00c3\u00ab 24, - i ka th\u00c3\u00abn\u00c3\u00ab Dritani Mimoz\u00c3\u00abs, -si mund t\u00c3\u00ab pretendosh t\u00c3\u00ab shkosh gjithmon\u00c3\u00ab mir\u00c3\u00ab?!\u00e2\u20ac\u009d. Mimoza i ka th\u00c3\u00abn\u00c3\u00ab se edhe ai shkonte mir\u00c3\u00ab me t\u00c3\u00ab gjith\u00c3\u00ab, por Dritani e ka kund\u00c3\u00abrshtuar duke i p\u00c3\u00abrmendur edhe emrat e banor\u00c3\u00abve me t\u00c3\u00ab cil\u00c3\u00abt kishte b\u00c3\u00abr\u00c3\u00ab fjal\u00c3\u00ab.","robots":{"index":"index","follow":"follow","max-snippet":"max-snippet:-1","max-image-preview":"max-image-preview:large","max-video-preview":"max-video-preview:-1"},"canonical":"https:\/\/www.visit-ulcinj.com\/blog\/2009\/04\/10\/mimoza-dhe-dritani-s\u2019mund-te-shkosh-mire-me-te-gjithe\/","og_locale":"en_US","og_type":"article","og_title":"Mimoza dhe Dritani : S\u00e2\u20ac\u2122mund t\u00c3\u00ab shkosh mir\u00c3\u00ab me t\u00c3\u00ab gjith\u00c3\u00ab!","og_description":"Big Brother Albania 2 - \u00e2\u20ac\u0153Je 24 or\u00c3\u00ab n\u00c3\u00ab 24, - i ka th\u00c3\u00abn\u00c3\u00ab Dritani Mimoz\u00c3\u00abs, -si mund t\u00c3\u00ab pretendosh t\u00c3\u00ab shkosh gjithmon\u00c3\u00ab mir\u00c3\u00ab?!\u00e2\u20ac\u009d. Mimoza i ka th\u00c3\u00abn\u00c3\u00ab se edhe ai shkonte mir\u00c3\u00ab me t\u00c3\u00ab gjith\u00c3\u00ab, por Dritani e ka kund\u00c3\u00abrshtuar duke i p\u00c3\u00abrmendur edhe emrat e banor\u00c3\u00abve me t\u00c3\u00ab cil\u00c3\u00abt kishte b\u00c3\u00abr\u00c3\u00ab fjal\u00c3\u00ab.","og_url":"https:\/\/www.visit-ulcinj.com\/blog\/2009\/04\/10\/mimoza-dhe-dritani-s\u2019mund-te-shkosh-mire-me-te-gjithe\/","og_site_name":"Lajme nga Ulqini","article_published_time":"2009-04-10T13:55:09+00:00","article_modified_time":"2009-04-10T11:55:32+00:00","og_image":[{"url":"http:\/\/www.visit-ulcinj.com\/blog\/wp-content\/uploads\/2009\/04\/mozadritani-copy.jpg"}],"twitter_misc":{"Written by":"ulqini","Est. reading time":"3 minutes"},"schema":{"@context":"https:\/\/schema.org","@graph":[{"@type":"WebSite","@id":"https:\/\/www.visit-ulcinj.com\/blog\/#website","url":"https:\/\/www.visit-ulcinj.com\/blog\/","name":"Lajme nga Ulqini","description":"Lajme,Vijesti,Ulqini,Ulqin,Crna Gora,Mali i Zi","potentialAction":[{"@type":"SearchAction","target":{"@type":"EntryPoint","urlTemplate":"https:\/\/www.visit-ulcinj.com\/blog\/?s={search_term_string}"},"query-input":"required name=search_term_string"}],"inLanguage":"en-US"},{"@type":"ImageObject","inLanguage":"en-US","@id":"https:\/\/www.visit-ulcinj.com\/blog\/2009\/04\/10\/mimoza-dhe-dritani-s%e2%80%99mund-te-shkosh-mire-me-te-gjithe\/#primaryimage","url":"http:\/\/www.visit-ulcinj.com\/blog\/wp-content\/uploads\/2009\/04\/mozadritani-copy.jpg","contentUrl":"http:\/\/www.visit-ulcinj.com\/blog\/wp-content\/uploads\/2009\/04\/mozadritani-copy.jpg"},{"@type":"WebPage","@id":"https:\/\/www.visit-ulcinj.com\/blog\/2009\/04\/10\/mimoza-dhe-dritani-s%e2%80%99mund-te-shkosh-mire-me-te-gjithe\/#webpage","url":"https:\/\/www.visit-ulcinj.com\/blog\/2009\/04\/10\/mimoza-dhe-dritani-s%e2%80%99mund-te-shkosh-mire-me-te-gjithe\/","name":"Mimoza dhe Dritani : S\u00e2\u20ac\u2122mund t\u00c3\u00ab shkosh mir\u00c3\u00ab me t\u00c3\u00ab gjith\u00c3\u00ab!","isPartOf":{"@id":"https:\/\/www.visit-ulcinj.com\/blog\/#website"},"primaryImageOfPage":{"@id":"https:\/\/www.visit-ulcinj.com\/blog\/2009\/04\/10\/mimoza-dhe-dritani-s%e2%80%99mund-te-shkosh-mire-me-te-gjithe\/#primaryimage"},"datePublished":"2009-04-10T13:55:09+00:00","dateModified":"2009-04-10T11:55:32+00:00","author":{"@id":"https:\/\/www.visit-ulcinj.com\/blog\/#\/schema\/person\/dcab619c614d3038751c63bc2aadc06d"},"description":"Big Brother Albania 2 - \u00e2\u20ac\u0153Je 24 or\u00c3\u00ab n\u00c3\u00ab 24, - i ka th\u00c3\u00abn\u00c3\u00ab Dritani Mimoz\u00c3\u00abs, -si mund t\u00c3\u00ab pretendosh t\u00c3\u00ab shkosh gjithmon\u00c3\u00ab mir\u00c3\u00ab?!\u00e2\u20ac\u009d. Mimoza i ka th\u00c3\u00abn\u00c3\u00ab se edhe ai shkonte mir\u00c3\u00ab me t\u00c3\u00ab gjith\u00c3\u00ab, por Dritani e ka kund\u00c3\u00abrshtuar duke i p\u00c3\u00abrmendur edhe emrat e banor\u00c3\u00abve me t\u00c3\u00ab cil\u00c3\u00abt kishte b\u00c3\u00abr\u00c3\u00ab fjal\u00c3\u00ab.","breadcrumb":{"@id":"https:\/\/www.visit-ulcinj.com\/blog\/2009\/04\/10\/mimoza-dhe-dritani-s%e2%80%99mund-te-shkosh-mire-me-te-gjithe\/#breadcrumb"},"inLanguage":"en-US","potentialAction":[{"@type":"ReadAction","target":["https:\/\/www.visit-ulcinj.com\/blog\/2009\/04\/10\/mimoza-dhe-dritani-s%e2%80%99mund-te-shkosh-mire-me-te-gjithe\/"]}]},{"@type":"BreadcrumbList","@id":"https:\/\/www.visit-ulcinj.com\/blog\/2009\/04\/10\/mimoza-dhe-dritani-s%e2%80%99mund-te-shkosh-mire-me-te-gjithe\/#breadcrumb","itemListElement":[{"@type":"ListItem","position":1,"name":"Mimoza dhe Dritani : S\u2019mund t\u00eb shkosh mir\u00eb me t\u00eb gjith\u00eb!"}]},{"@type":"Person","@id":"https:\/\/www.visit-ulcinj.com\/blog\/#\/schema\/person\/dcab619c614d3038751c63bc2aadc06d","name":"ulqini","sameAs":["http:\/\/www.visit-ulcinj.com"],"url":"https:\/\/www.visit-ulcinj.com\/blog\/author\/admin\/"}]}},"jetpack_featured_media_url":"","jetpack_sharing_enabled":true,"jetpack_shortlink":"https:\/\/wp.me\/pe6lTn-4tb","_links":{"self":[{"href":"https:\/\/www.visit-ulcinj.com\/blog\/wp-json\/wp\/v2\/posts\/17185"}],"collection":[{"href":"https:\/\/www.visit-ulcinj.com\/blog\/wp-json\/wp\/v2\/posts"}],"about":[{"href":"https:\/\/www.visit-ulcinj.com\/blog\/wp-json\/wp\/v2\/types\/post"}],"author":[{"embeddable":true,"href":"https:\/\/www.visit-ulcinj.com\/blog\/wp-json\/wp\/v2\/users\/1"}],"replies":[{"embeddable":true,"href":"https:\/\/www.visit-ulcinj.com\/blog\/wp-json\/wp\/v2\/comments?post=17185"}],"version-history":[{"count":0,"href":"https:\/\/www.visit-ulcinj.com\/blog\/wp-json\/wp\/v2\/posts\/17185\/revisions"}],"wp:attachment":[{"href":"https:\/\/www.visit-ulcinj.com\/blog\/wp-json\/wp\/v2\/media?parent=17185"}],"wp:term":[{"taxonomy":"category","embeddable":true,"href":"https:\/\/www.visit-ulcinj.com\/blog\/wp-json\/wp\/v2\/categories?post=17185"},{"taxonomy":"post_tag","embeddable":true,"href":"https:\/\/www.visit-ulcinj.com\/blog\/wp-json\/wp\/v2\/tags?post=17185"}],"curies":[{"name":"wp","href":"https:\/\/api.w.org\/{rel}","templated":true}]}}