{"id":17190,"date":"2009-04-10T15:00:18","date_gmt":"2009-04-10T13:00:18","guid":{"rendered":"http:\/\/www.visit-ulcinj.com\/blog\/?p=17190"},"modified":"2009-04-10T14:00:46","modified_gmt":"2009-04-10T12:00:46","slug":"dritan-dhe-mimoza-ti-ben-rolin-e-naives","status":"publish","type":"post","link":"https:\/\/www.visit-ulcinj.com\/blog\/2009\/04\/10\/dritan-dhe-mimoza-ti-ben-rolin-e-naives\/","title":{"rendered":"Dritan dhe Mimoza : Ti b\u00ebn rolin e naives"},"content":{"rendered":"<p><em><span class=\"newsdate\"><a href=\"http:\/\/www.visit-ulcinj.com\/blog\/wp-content\/uploads\/2009\/04\/mozadritani-copy1.jpg\"><img loading=\"lazy\" class=\"alignleft size-full wp-image-17191\" title=\"mimoza dritani big brother albania 2\" src=\"http:\/\/www.visit-ulcinj.com\/blog\/wp-content\/uploads\/2009\/04\/mozadritani-copy1.jpg\" alt=\"mimoza dritani big brother albania 2\" width=\"300\" height=\"205\" \/><\/a>08\/04\/09 01:50<\/span><\/em><\/p>\n<p>Diskutimi mes Dritanit dhe Mimoz\u00ebs ka vazhduar edhe me prezenc\u00ebn e Adelajdes. Duke iu drejtuar asaj, Mimoza ka th\u00ebn\u00eb se ajo me Adel\u00ebn, kishte folur e diskutuar shum\u00eb. Adelajda i \u00ebsht\u00eb p\u00ebrgjigjur se, si\u00e7 i kishte edhe her\u00eb t\u00eb tjera, nuk mjaftonte t\u00eb fliste vet\u00ebm me t\u00eb. Adelajda ka shtuar gjithashtu se Mimoza i ishte gj\u00ebrat ndryshe nga ata, prandaj dhe nuk vepronte si ata. \u201c\u00c7\u00ebshtja \u00ebsht\u00eb, -ka th\u00ebn\u00eb Dritani, &#8211; se ti Mimoza, ose je naive dhe nuk kupton se \u00e7\u2019b\u00ebhet, ose po shtiresh sikur je naive!\u201d. Ajo i \u00ebsht\u00eb p\u00ebrgjigjur se nuk shtirej aspak dhe se gj\u00ebrat i kuptonte shum\u00eb mir\u00eb. At\u00ebher\u00eb, sipas Dritanit, ishte e pamundur q\u00eb ajo mos t\u00eb kapej me dik\u00eb, p\u00ebr di\u00e7ka, kur aty kishte nj\u00ebmij\u00eb gj\u00ebra p\u00ebr t\u2019u kapur. \u201cUn\u00eb jam Mimoza dhe jam k\u00ebshtu, ti je Dritani dhe je ndryshe!\u201d- i ka th\u00ebn\u00eb ajo. \u201cN\u00eb qoft\u00eb se ke ardhur t\u00eb shkosh mir\u00eb me t\u00eb gjith\u00eb, nuk do t\u00eb jap\u00ebsh asgj\u00eb nga ato q\u00eb ke brenda, nga ato q\u00eb do t\u00eb b\u00ebsh me t\u00eb v\u00ebrtet\u00eb, p\u00ebrndryshe do t\u00eb ishe p\u00ebrplasur diku!\u201d \u2013 i ka th\u00ebn\u00eb Dritani Mimoz\u00ebs. Ajo i \u00ebsht\u00eb p\u00ebrgjigjur se ishte e nj\u00ebjta, si brenda, si jasht\u00eb sht\u00ebpis\u00eb s\u00eb Big Brother. \u201cMua nuk m\u00eb dukesh aspak naive, &#8211; i ka th\u00ebn\u00eb Dritani, &#8211; ti b\u00ebn rolin e naives!\u201d<\/p>\n","protected":false},"excerpt":{"rendered":"<p>08\/04\/09 01:50 Diskutimi mes Dritanit dhe Mimoz\u00ebs ka vazhduar edhe me prezenc\u00ebn e Adelajdes. Duke iu drejtuar asaj, Mimoza ka th\u00ebn\u00eb se ajo me Adel\u00ebn, kishte folur e diskutuar shum\u00eb. Adelajda i \u00ebsht\u00eb p\u00ebrgjigjur se, si\u00e7 i kishte edhe her\u00eb t\u00eb tjera, nuk mjaftonte t\u00eb fliste vet\u00ebm me t\u00eb. Adelajda ka shtuar gjithashtu se Mimoza [&hellip;]<\/p>\n","protected":false},"author":1,"featured_media":0,"comment_status":"open","ping_status":"closed","sticky":false,"template":"","format":"standard","meta":{"spay_email":"","jetpack_publicize_message":"","jetpack_is_tweetstorm":false,"jetpack_publicize_feature_enabled":true},"categories":[6502],"tags":[5057,6506,6516,6712,7129,6521,6544,8868,8869,6891,6693,6887],"jetpack_publicize_connections":[],"yoast_head":"<!-- This site is optimized with the Yoast SEO plugin v19.1 - https:\/\/yoast.com\/wordpress\/plugins\/seo\/ -->\n<title>Dritan dhe Mimoza : Ti b\u00c3\u00abn rolin e naives | Big Brother Albania 2<\/title>\n<meta name=\"description\" content=\"Big Brother Albania 2 - Diskutimi mes Dritanit dhe Mimoz\u00c3\u00abs ka vazhduar edhe me prezenc\u00c3\u00abn e Adelajdes. Duke iu drejtuar asaj, Mimoza ka th\u00c3\u00abn\u00c3\u00ab se ajo me Adel\u00c3\u00abn\" \/>\n<meta name=\"robots\" content=\"index, follow, max-snippet:-1, max-image-preview:large, max-video-preview:-1\" \/>\n<link rel=\"canonical\" href=\"https:\/\/www.visit-ulcinj.com\/blog\/2009\/04\/10\/dritan-dhe-mimoza-ti-ben-rolin-e-naives\/\" \/>\n<meta property=\"og:locale\" content=\"en_US\" \/>\n<meta property=\"og:type\" content=\"article\" \/>\n<meta property=\"og:title\" content=\"Dritan dhe Mimoza : Ti b\u00c3\u00abn rolin e naives | Big Brother Albania 2\" \/>\n<meta property=\"og:description\" content=\"Big Brother Albania 2 - Diskutimi mes Dritanit dhe Mimoz\u00c3\u00abs ka vazhduar edhe me prezenc\u00c3\u00abn e Adelajdes. Duke iu drejtuar asaj, Mimoza ka th\u00c3\u00abn\u00c3\u00ab se ajo me Adel\u00c3\u00abn\" \/>\n<meta property=\"og:url\" content=\"https:\/\/www.visit-ulcinj.com\/blog\/2009\/04\/10\/dritan-dhe-mimoza-ti-ben-rolin-e-naives\/\" \/>\n<meta property=\"og:site_name\" content=\"Lajme nga Ulqini\" \/>\n<meta property=\"article:published_time\" content=\"2009-04-10T13:00:18+00:00\" \/>\n<meta property=\"article:modified_time\" content=\"2009-04-10T12:00:46+00:00\" \/>\n<meta property=\"og:image\" content=\"http:\/\/www.visit-ulcinj.com\/blog\/wp-content\/uploads\/2009\/04\/mozadritani-copy1.jpg\" \/>\n<meta name=\"twitter:label1\" content=\"Written by\" \/>\n\t<meta name=\"twitter:data1\" content=\"ulqini\" \/>\n\t<meta name=\"twitter:label2\" content=\"Est. reading time\" \/>\n\t<meta name=\"twitter:data2\" content=\"1 minute\" \/>\n<script type=\"application\/ld+json\" class=\"yoast-schema-graph\">{\"@context\":\"https:\/\/schema.org\",\"@graph\":[{\"@type\":\"WebSite\",\"@id\":\"https:\/\/www.visit-ulcinj.com\/blog\/#website\",\"url\":\"https:\/\/www.visit-ulcinj.com\/blog\/\",\"name\":\"Lajme nga Ulqini\",\"description\":\"Lajme,Vijesti,Ulqini,Ulqin,Crna Gora,Mali i Zi\",\"potentialAction\":[{\"@type\":\"SearchAction\",\"target\":{\"@type\":\"EntryPoint\",\"urlTemplate\":\"https:\/\/www.visit-ulcinj.com\/blog\/?s={search_term_string}\"},\"query-input\":\"required name=search_term_string\"}],\"inLanguage\":\"en-US\"},{\"@type\":\"ImageObject\",\"inLanguage\":\"en-US\",\"@id\":\"https:\/\/www.visit-ulcinj.com\/blog\/2009\/04\/10\/dritan-dhe-mimoza-ti-ben-rolin-e-naives\/#primaryimage\",\"url\":\"http:\/\/www.visit-ulcinj.com\/blog\/wp-content\/uploads\/2009\/04\/mozadritani-copy1.jpg\",\"contentUrl\":\"http:\/\/www.visit-ulcinj.com\/blog\/wp-content\/uploads\/2009\/04\/mozadritani-copy1.jpg\"},{\"@type\":\"WebPage\",\"@id\":\"https:\/\/www.visit-ulcinj.com\/blog\/2009\/04\/10\/dritan-dhe-mimoza-ti-ben-rolin-e-naives\/#webpage\",\"url\":\"https:\/\/www.visit-ulcinj.com\/blog\/2009\/04\/10\/dritan-dhe-mimoza-ti-ben-rolin-e-naives\/\",\"name\":\"Dritan dhe Mimoza : Ti b\u00c3\u00abn rolin e naives | Big Brother Albania 2\",\"isPartOf\":{\"@id\":\"https:\/\/www.visit-ulcinj.com\/blog\/#website\"},\"primaryImageOfPage\":{\"@id\":\"https:\/\/www.visit-ulcinj.com\/blog\/2009\/04\/10\/dritan-dhe-mimoza-ti-ben-rolin-e-naives\/#primaryimage\"},\"datePublished\":\"2009-04-10T13:00:18+00:00\",\"dateModified\":\"2009-04-10T12:00:46+00:00\",\"author\":{\"@id\":\"https:\/\/www.visit-ulcinj.com\/blog\/#\/schema\/person\/dcab619c614d3038751c63bc2aadc06d\"},\"description\":\"Big Brother Albania 2 - Diskutimi mes Dritanit dhe Mimoz\u00c3\u00abs ka vazhduar edhe me prezenc\u00c3\u00abn e Adelajdes. Duke iu drejtuar asaj, Mimoza ka th\u00c3\u00abn\u00c3\u00ab se ajo me Adel\u00c3\u00abn\",\"breadcrumb\":{\"@id\":\"https:\/\/www.visit-ulcinj.com\/blog\/2009\/04\/10\/dritan-dhe-mimoza-ti-ben-rolin-e-naives\/#breadcrumb\"},\"inLanguage\":\"en-US\",\"potentialAction\":[{\"@type\":\"ReadAction\",\"target\":[\"https:\/\/www.visit-ulcinj.com\/blog\/2009\/04\/10\/dritan-dhe-mimoza-ti-ben-rolin-e-naives\/\"]}]},{\"@type\":\"BreadcrumbList\",\"@id\":\"https:\/\/www.visit-ulcinj.com\/blog\/2009\/04\/10\/dritan-dhe-mimoza-ti-ben-rolin-e-naives\/#breadcrumb\",\"itemListElement\":[{\"@type\":\"ListItem\",\"position\":1,\"name\":\"Dritan dhe Mimoza : Ti b\u00ebn rolin e naives\"}]},{\"@type\":\"Person\",\"@id\":\"https:\/\/www.visit-ulcinj.com\/blog\/#\/schema\/person\/dcab619c614d3038751c63bc2aadc06d\",\"name\":\"ulqini\",\"sameAs\":[\"http:\/\/www.visit-ulcinj.com\"],\"url\":\"https:\/\/www.visit-ulcinj.com\/blog\/author\/admin\/\"}]}<\/script>\n<!-- \/ Yoast SEO plugin. -->","yoast_head_json":{"title":"Dritan dhe Mimoza : Ti b\u00c3\u00abn rolin e naives | Big Brother Albania 2","description":"Big Brother Albania 2 - Diskutimi mes Dritanit dhe Mimoz\u00c3\u00abs ka vazhduar edhe me prezenc\u00c3\u00abn e Adelajdes. Duke iu drejtuar asaj, Mimoza ka th\u00c3\u00abn\u00c3\u00ab se ajo me Adel\u00c3\u00abn","robots":{"index":"index","follow":"follow","max-snippet":"max-snippet:-1","max-image-preview":"max-image-preview:large","max-video-preview":"max-video-preview:-1"},"canonical":"https:\/\/www.visit-ulcinj.com\/blog\/2009\/04\/10\/dritan-dhe-mimoza-ti-ben-rolin-e-naives\/","og_locale":"en_US","og_type":"article","og_title":"Dritan dhe Mimoza : Ti b\u00c3\u00abn rolin e naives | Big Brother Albania 2","og_description":"Big Brother Albania 2 - Diskutimi mes Dritanit dhe Mimoz\u00c3\u00abs ka vazhduar edhe me prezenc\u00c3\u00abn e Adelajdes. Duke iu drejtuar asaj, Mimoza ka th\u00c3\u00abn\u00c3\u00ab se ajo me Adel\u00c3\u00abn","og_url":"https:\/\/www.visit-ulcinj.com\/blog\/2009\/04\/10\/dritan-dhe-mimoza-ti-ben-rolin-e-naives\/","og_site_name":"Lajme nga Ulqini","article_published_time":"2009-04-10T13:00:18+00:00","article_modified_time":"2009-04-10T12:00:46+00:00","og_image":[{"url":"http:\/\/www.visit-ulcinj.com\/blog\/wp-content\/uploads\/2009\/04\/mozadritani-copy1.jpg"}],"twitter_misc":{"Written by":"ulqini","Est. reading time":"1 minute"},"schema":{"@context":"https:\/\/schema.org","@graph":[{"@type":"WebSite","@id":"https:\/\/www.visit-ulcinj.com\/blog\/#website","url":"https:\/\/www.visit-ulcinj.com\/blog\/","name":"Lajme nga Ulqini","description":"Lajme,Vijesti,Ulqini,Ulqin,Crna Gora,Mali i Zi","potentialAction":[{"@type":"SearchAction","target":{"@type":"EntryPoint","urlTemplate":"https:\/\/www.visit-ulcinj.com\/blog\/?s={search_term_string}"},"query-input":"required name=search_term_string"}],"inLanguage":"en-US"},{"@type":"ImageObject","inLanguage":"en-US","@id":"https:\/\/www.visit-ulcinj.com\/blog\/2009\/04\/10\/dritan-dhe-mimoza-ti-ben-rolin-e-naives\/#primaryimage","url":"http:\/\/www.visit-ulcinj.com\/blog\/wp-content\/uploads\/2009\/04\/mozadritani-copy1.jpg","contentUrl":"http:\/\/www.visit-ulcinj.com\/blog\/wp-content\/uploads\/2009\/04\/mozadritani-copy1.jpg"},{"@type":"WebPage","@id":"https:\/\/www.visit-ulcinj.com\/blog\/2009\/04\/10\/dritan-dhe-mimoza-ti-ben-rolin-e-naives\/#webpage","url":"https:\/\/www.visit-ulcinj.com\/blog\/2009\/04\/10\/dritan-dhe-mimoza-ti-ben-rolin-e-naives\/","name":"Dritan dhe Mimoza : Ti b\u00c3\u00abn rolin e naives | Big Brother Albania 2","isPartOf":{"@id":"https:\/\/www.visit-ulcinj.com\/blog\/#website"},"primaryImageOfPage":{"@id":"https:\/\/www.visit-ulcinj.com\/blog\/2009\/04\/10\/dritan-dhe-mimoza-ti-ben-rolin-e-naives\/#primaryimage"},"datePublished":"2009-04-10T13:00:18+00:00","dateModified":"2009-04-10T12:00:46+00:00","author":{"@id":"https:\/\/www.visit-ulcinj.com\/blog\/#\/schema\/person\/dcab619c614d3038751c63bc2aadc06d"},"description":"Big Brother Albania 2 - Diskutimi mes Dritanit dhe Mimoz\u00c3\u00abs ka vazhduar edhe me prezenc\u00c3\u00abn e Adelajdes. Duke iu drejtuar asaj, Mimoza ka th\u00c3\u00abn\u00c3\u00ab se ajo me Adel\u00c3\u00abn","breadcrumb":{"@id":"https:\/\/www.visit-ulcinj.com\/blog\/2009\/04\/10\/dritan-dhe-mimoza-ti-ben-rolin-e-naives\/#breadcrumb"},"inLanguage":"en-US","potentialAction":[{"@type":"ReadAction","target":["https:\/\/www.visit-ulcinj.com\/blog\/2009\/04\/10\/dritan-dhe-mimoza-ti-ben-rolin-e-naives\/"]}]},{"@type":"BreadcrumbList","@id":"https:\/\/www.visit-ulcinj.com\/blog\/2009\/04\/10\/dritan-dhe-mimoza-ti-ben-rolin-e-naives\/#breadcrumb","itemListElement":[{"@type":"ListItem","position":1,"name":"Dritan dhe Mimoza : Ti b\u00ebn rolin e naives"}]},{"@type":"Person","@id":"https:\/\/www.visit-ulcinj.com\/blog\/#\/schema\/person\/dcab619c614d3038751c63bc2aadc06d","name":"ulqini","sameAs":["http:\/\/www.visit-ulcinj.com"],"url":"https:\/\/www.visit-ulcinj.com\/blog\/author\/admin\/"}]}},"jetpack_featured_media_url":"","jetpack_sharing_enabled":true,"jetpack_shortlink":"https:\/\/wp.me\/pe6lTn-4tg","_links":{"self":[{"href":"https:\/\/www.visit-ulcinj.com\/blog\/wp-json\/wp\/v2\/posts\/17190"}],"collection":[{"href":"https:\/\/www.visit-ulcinj.com\/blog\/wp-json\/wp\/v2\/posts"}],"about":[{"href":"https:\/\/www.visit-ulcinj.com\/blog\/wp-json\/wp\/v2\/types\/post"}],"author":[{"embeddable":true,"href":"https:\/\/www.visit-ulcinj.com\/blog\/wp-json\/wp\/v2\/users\/1"}],"replies":[{"embeddable":true,"href":"https:\/\/www.visit-ulcinj.com\/blog\/wp-json\/wp\/v2\/comments?post=17190"}],"version-history":[{"count":0,"href":"https:\/\/www.visit-ulcinj.com\/blog\/wp-json\/wp\/v2\/posts\/17190\/revisions"}],"wp:attachment":[{"href":"https:\/\/www.visit-ulcinj.com\/blog\/wp-json\/wp\/v2\/media?parent=17190"}],"wp:term":[{"taxonomy":"category","embeddable":true,"href":"https:\/\/www.visit-ulcinj.com\/blog\/wp-json\/wp\/v2\/categories?post=17190"},{"taxonomy":"post_tag","embeddable":true,"href":"https:\/\/www.visit-ulcinj.com\/blog\/wp-json\/wp\/v2\/tags?post=17190"}],"curies":[{"name":"wp","href":"https:\/\/api.w.org\/{rel}","templated":true}]}}