{"id":17202,"date":"2009-04-10T16:08:26","date_gmt":"2009-04-10T14:08:26","guid":{"rendered":"http:\/\/www.visit-ulcinj.com\/blog\/?p=17202"},"modified":"2009-04-10T14:11:52","modified_gmt":"2009-04-10T12:11:52","slug":"anjeza-dhe-arjoni-per-dashurine-dhe-tradhetine","status":"publish","type":"post","link":"https:\/\/www.visit-ulcinj.com\/blog\/2009\/04\/10\/anjeza-dhe-arjoni-per-dashurine-dhe-tradhetine\/","title":{"rendered":"Anjeza dhe Arjoni : P\u00ebr dashurin\u00eb dhe tradh\u00ebtin\u00eb"},"content":{"rendered":"<p><em><span class=\"newsdate\"><a href=\"http:\/\/www.visit-ulcinj.com\/blog\/wp-content\/uploads\/2009\/04\/anjeza-arjoni-tradhetine.jpg\"><img loading=\"lazy\" class=\"alignleft size-full wp-image-17204\" title=\"anjeza-arjoni-tradhetine-big-brother-albania-2\" src=\"http:\/\/www.visit-ulcinj.com\/blog\/wp-content\/uploads\/2009\/04\/anjeza-arjoni-tradhetine.jpg\" alt=\"anjeza-arjoni-tradhetine-big-brother-albania-2\" width=\"300\" height=\"205\" \/><\/a>08\/04\/09 03:40<\/span><\/em><\/p>\n<p>Anjeza dhe Arjoni kan\u00eb preferuar t\u00eb largohen nga banor\u00ebt e tjer\u00eb. Ata kan\u00eb shkuar n\u00eb dhom\u00ebn e gjumit dhe shtrir\u00eb n\u00eb krevatet e tyre kan\u00eb biseduar me nj\u00ebri-tjerin. Duke sjell\u00eb edhe raste nga eksperienca personale dhe historit\u00eb e jetuara nga ata vet, ata kan\u00eb diskutuar edhe n\u00eb lidhje me tradh\u00ebtin\u00eb brenda nj\u00eb lidhjeje dashurie. \u201cNj\u00eb mashkull e pranon tradh\u00ebtin\u00eb, vet\u00ebm n\u00eb momentin q\u00eb femra ka fakte, &#8211; ka th\u00ebn\u00eb Arjoni, -n\u00eb t\u00eb kund\u00ebrt mund t\u00eb t\u00eb betohet gjith\u00eb jet\u00ebn se nuk e ka b\u00ebr\u00eb kurr\u00eb!\u201d. Anjeza ka th\u00ebn\u00eb se \u00ebsht\u00eb v\u00ebshtir\u00eb ta fal\u00ebsh nj\u00eb mashkull q\u00eb tradh\u00ebton, pasi rrezikon q\u00eb ai ta b\u00ebj\u00eb rrug\u00eb. Ajo ka th\u00ebn\u00eb se nganj\u00ebher\u00eb e mira \u00ebsht\u00eb t\u00eb mos e dish. Arjoni e ka pyetur n\u00ebse ajo e fal tradh\u00ebtin\u00eb dhe ajo i ka th\u00ebn\u00eb q\u00eb po. \u201cAt\u00ebher\u00eb t\u00eb paska tradh\u00ebtuar?!\u201d \u2013 i ka th\u00ebn\u00eb ai. \u201cDerisa po t\u00eb them q\u00eb e fal..!\u201d- i \u00ebsht\u00eb p\u00ebrgjigjur Anjeza. Arjoni ka th\u00ebn\u00eb se para se ta njihte ndjesin\u00eb e dashuris\u00eb, kishte tradh\u00ebtuar, por kur kishte r\u00ebn\u00eb n\u00eb dashuri, gj\u00ebrat kishin ndryshuar. \u201cKur je i dashuruar, nuk t\u00eb b\u00ebhet t\u00eb tradh\u00ebtosh!\u201d- ka th\u00ebn\u00eb ai.<\/p>\n","protected":false},"excerpt":{"rendered":"<p>08\/04\/09 03:40 Anjeza dhe Arjoni kan\u00eb preferuar t\u00eb largohen nga banor\u00ebt e tjer\u00eb. Ata kan\u00eb shkuar n\u00eb dhom\u00ebn e gjumit dhe shtrir\u00eb n\u00eb krevatet e tyre kan\u00eb biseduar me nj\u00ebri-tjerin. Duke sjell\u00eb edhe raste nga eksperienca personale dhe historit\u00eb e jetuara nga ata vet, ata kan\u00eb diskutuar edhe n\u00eb lidhje me tradh\u00ebtin\u00eb brenda nj\u00eb lidhjeje [&hellip;]<\/p>\n","protected":false},"author":1,"featured_media":0,"comment_status":"open","ping_status":"closed","sticky":false,"template":"","format":"standard","meta":{"spay_email":"","jetpack_publicize_message":"","jetpack_is_tweetstorm":false,"jetpack_publicize_feature_enabled":true},"categories":[6502],"tags":[8289,6525,5057,6506,6516,6712,7129,6891,6693,6887,8871],"jetpack_publicize_connections":[],"yoast_head":"<!-- This site is optimized with the Yoast SEO plugin v19.1 - https:\/\/yoast.com\/wordpress\/plugins\/seo\/ -->\n<title>Anjeza dhe Arjoni : P\u00c3\u00abr dashurin\u00c3\u00ab dhe tradh\u00c3\u00abtin\u00c3\u00ab | Big Brother Albania 2<\/title>\n<meta name=\"description\" content=\"Big Brother Albania 2 - Anjeza dhe Arjoni kan\u00c3\u00ab preferuar t\u00c3\u00ab largohen nga banor\u00c3\u00abt e tjer\u00c3\u00ab. Ata kan\u00c3\u00ab shkuar n\u00c3\u00ab dhom\u00c3\u00abn e gjumit dhe shtrir\u00c3\u00ab n\u00c3\u00ab krevatet e tyre kan\u00c3\u00ab biseduar me nj\u00c3\u00abri-tjerin.\" \/>\n<meta name=\"robots\" content=\"index, follow, max-snippet:-1, max-image-preview:large, max-video-preview:-1\" \/>\n<link rel=\"canonical\" href=\"https:\/\/www.visit-ulcinj.com\/blog\/2009\/04\/10\/anjeza-dhe-arjoni-per-dashurine-dhe-tradhetine\/\" \/>\n<meta property=\"og:locale\" content=\"en_US\" \/>\n<meta property=\"og:type\" content=\"article\" \/>\n<meta property=\"og:title\" content=\"Anjeza dhe Arjoni : P\u00c3\u00abr dashurin\u00c3\u00ab dhe tradh\u00c3\u00abtin\u00c3\u00ab | Big Brother Albania 2\" \/>\n<meta property=\"og:description\" content=\"Big Brother Albania 2 - Anjeza dhe Arjoni kan\u00c3\u00ab preferuar t\u00c3\u00ab largohen nga banor\u00c3\u00abt e tjer\u00c3\u00ab. Ata kan\u00c3\u00ab shkuar n\u00c3\u00ab dhom\u00c3\u00abn e gjumit dhe shtrir\u00c3\u00ab n\u00c3\u00ab krevatet e tyre kan\u00c3\u00ab biseduar me nj\u00c3\u00abri-tjerin.\" \/>\n<meta property=\"og:url\" content=\"https:\/\/www.visit-ulcinj.com\/blog\/2009\/04\/10\/anjeza-dhe-arjoni-per-dashurine-dhe-tradhetine\/\" \/>\n<meta property=\"og:site_name\" content=\"Lajme nga Ulqini\" \/>\n<meta property=\"article:published_time\" content=\"2009-04-10T14:08:26+00:00\" \/>\n<meta property=\"article:modified_time\" content=\"2009-04-10T12:11:52+00:00\" \/>\n<meta property=\"og:image\" content=\"http:\/\/www.visit-ulcinj.com\/blog\/wp-content\/uploads\/2009\/04\/anjeza-arjoni-tradhetine.jpg\" \/>\n<meta name=\"twitter:label1\" content=\"Written by\" \/>\n\t<meta name=\"twitter:data1\" content=\"ulqini\" \/>\n\t<meta name=\"twitter:label2\" content=\"Est. reading time\" \/>\n\t<meta name=\"twitter:data2\" content=\"1 minute\" \/>\n<script type=\"application\/ld+json\" class=\"yoast-schema-graph\">{\"@context\":\"https:\/\/schema.org\",\"@graph\":[{\"@type\":\"WebSite\",\"@id\":\"https:\/\/www.visit-ulcinj.com\/blog\/#website\",\"url\":\"https:\/\/www.visit-ulcinj.com\/blog\/\",\"name\":\"Lajme nga Ulqini\",\"description\":\"Lajme,Vijesti,Ulqini,Ulqin,Crna Gora,Mali i Zi\",\"potentialAction\":[{\"@type\":\"SearchAction\",\"target\":{\"@type\":\"EntryPoint\",\"urlTemplate\":\"https:\/\/www.visit-ulcinj.com\/blog\/?s={search_term_string}\"},\"query-input\":\"required name=search_term_string\"}],\"inLanguage\":\"en-US\"},{\"@type\":\"ImageObject\",\"inLanguage\":\"en-US\",\"@id\":\"https:\/\/www.visit-ulcinj.com\/blog\/2009\/04\/10\/anjeza-dhe-arjoni-per-dashurine-dhe-tradhetine\/#primaryimage\",\"url\":\"http:\/\/www.visit-ulcinj.com\/blog\/wp-content\/uploads\/2009\/04\/anjeza-arjoni-tradhetine.jpg\",\"contentUrl\":\"http:\/\/www.visit-ulcinj.com\/blog\/wp-content\/uploads\/2009\/04\/anjeza-arjoni-tradhetine.jpg\"},{\"@type\":\"WebPage\",\"@id\":\"https:\/\/www.visit-ulcinj.com\/blog\/2009\/04\/10\/anjeza-dhe-arjoni-per-dashurine-dhe-tradhetine\/#webpage\",\"url\":\"https:\/\/www.visit-ulcinj.com\/blog\/2009\/04\/10\/anjeza-dhe-arjoni-per-dashurine-dhe-tradhetine\/\",\"name\":\"Anjeza dhe Arjoni : P\u00c3\u00abr dashurin\u00c3\u00ab dhe tradh\u00c3\u00abtin\u00c3\u00ab | Big Brother Albania 2\",\"isPartOf\":{\"@id\":\"https:\/\/www.visit-ulcinj.com\/blog\/#website\"},\"primaryImageOfPage\":{\"@id\":\"https:\/\/www.visit-ulcinj.com\/blog\/2009\/04\/10\/anjeza-dhe-arjoni-per-dashurine-dhe-tradhetine\/#primaryimage\"},\"datePublished\":\"2009-04-10T14:08:26+00:00\",\"dateModified\":\"2009-04-10T12:11:52+00:00\",\"author\":{\"@id\":\"https:\/\/www.visit-ulcinj.com\/blog\/#\/schema\/person\/dcab619c614d3038751c63bc2aadc06d\"},\"description\":\"Big Brother Albania 2 - Anjeza dhe Arjoni kan\u00c3\u00ab preferuar t\u00c3\u00ab largohen nga banor\u00c3\u00abt e tjer\u00c3\u00ab. Ata kan\u00c3\u00ab shkuar n\u00c3\u00ab dhom\u00c3\u00abn e gjumit dhe shtrir\u00c3\u00ab n\u00c3\u00ab krevatet e tyre kan\u00c3\u00ab biseduar me nj\u00c3\u00abri-tjerin.\",\"breadcrumb\":{\"@id\":\"https:\/\/www.visit-ulcinj.com\/blog\/2009\/04\/10\/anjeza-dhe-arjoni-per-dashurine-dhe-tradhetine\/#breadcrumb\"},\"inLanguage\":\"en-US\",\"potentialAction\":[{\"@type\":\"ReadAction\",\"target\":[\"https:\/\/www.visit-ulcinj.com\/blog\/2009\/04\/10\/anjeza-dhe-arjoni-per-dashurine-dhe-tradhetine\/\"]}]},{\"@type\":\"BreadcrumbList\",\"@id\":\"https:\/\/www.visit-ulcinj.com\/blog\/2009\/04\/10\/anjeza-dhe-arjoni-per-dashurine-dhe-tradhetine\/#breadcrumb\",\"itemListElement\":[{\"@type\":\"ListItem\",\"position\":1,\"name\":\"Anjeza dhe Arjoni : P\u00ebr dashurin\u00eb dhe tradh\u00ebtin\u00eb\"}]},{\"@type\":\"Person\",\"@id\":\"https:\/\/www.visit-ulcinj.com\/blog\/#\/schema\/person\/dcab619c614d3038751c63bc2aadc06d\",\"name\":\"ulqini\",\"sameAs\":[\"http:\/\/www.visit-ulcinj.com\"],\"url\":\"https:\/\/www.visit-ulcinj.com\/blog\/author\/admin\/\"}]}<\/script>\n<!-- \/ Yoast SEO plugin. -->","yoast_head_json":{"title":"Anjeza dhe Arjoni : P\u00c3\u00abr dashurin\u00c3\u00ab dhe tradh\u00c3\u00abtin\u00c3\u00ab | Big Brother Albania 2","description":"Big Brother Albania 2 - Anjeza dhe Arjoni kan\u00c3\u00ab preferuar t\u00c3\u00ab largohen nga banor\u00c3\u00abt e tjer\u00c3\u00ab. Ata kan\u00c3\u00ab shkuar n\u00c3\u00ab dhom\u00c3\u00abn e gjumit dhe shtrir\u00c3\u00ab n\u00c3\u00ab krevatet e tyre kan\u00c3\u00ab biseduar me nj\u00c3\u00abri-tjerin.","robots":{"index":"index","follow":"follow","max-snippet":"max-snippet:-1","max-image-preview":"max-image-preview:large","max-video-preview":"max-video-preview:-1"},"canonical":"https:\/\/www.visit-ulcinj.com\/blog\/2009\/04\/10\/anjeza-dhe-arjoni-per-dashurine-dhe-tradhetine\/","og_locale":"en_US","og_type":"article","og_title":"Anjeza dhe Arjoni : P\u00c3\u00abr dashurin\u00c3\u00ab dhe tradh\u00c3\u00abtin\u00c3\u00ab | Big Brother Albania 2","og_description":"Big Brother Albania 2 - Anjeza dhe Arjoni kan\u00c3\u00ab preferuar t\u00c3\u00ab largohen nga banor\u00c3\u00abt e tjer\u00c3\u00ab. Ata kan\u00c3\u00ab shkuar n\u00c3\u00ab dhom\u00c3\u00abn e gjumit dhe shtrir\u00c3\u00ab n\u00c3\u00ab krevatet e tyre kan\u00c3\u00ab biseduar me nj\u00c3\u00abri-tjerin.","og_url":"https:\/\/www.visit-ulcinj.com\/blog\/2009\/04\/10\/anjeza-dhe-arjoni-per-dashurine-dhe-tradhetine\/","og_site_name":"Lajme nga Ulqini","article_published_time":"2009-04-10T14:08:26+00:00","article_modified_time":"2009-04-10T12:11:52+00:00","og_image":[{"url":"http:\/\/www.visit-ulcinj.com\/blog\/wp-content\/uploads\/2009\/04\/anjeza-arjoni-tradhetine.jpg"}],"twitter_misc":{"Written by":"ulqini","Est. reading time":"1 minute"},"schema":{"@context":"https:\/\/schema.org","@graph":[{"@type":"WebSite","@id":"https:\/\/www.visit-ulcinj.com\/blog\/#website","url":"https:\/\/www.visit-ulcinj.com\/blog\/","name":"Lajme nga Ulqini","description":"Lajme,Vijesti,Ulqini,Ulqin,Crna Gora,Mali i Zi","potentialAction":[{"@type":"SearchAction","target":{"@type":"EntryPoint","urlTemplate":"https:\/\/www.visit-ulcinj.com\/blog\/?s={search_term_string}"},"query-input":"required name=search_term_string"}],"inLanguage":"en-US"},{"@type":"ImageObject","inLanguage":"en-US","@id":"https:\/\/www.visit-ulcinj.com\/blog\/2009\/04\/10\/anjeza-dhe-arjoni-per-dashurine-dhe-tradhetine\/#primaryimage","url":"http:\/\/www.visit-ulcinj.com\/blog\/wp-content\/uploads\/2009\/04\/anjeza-arjoni-tradhetine.jpg","contentUrl":"http:\/\/www.visit-ulcinj.com\/blog\/wp-content\/uploads\/2009\/04\/anjeza-arjoni-tradhetine.jpg"},{"@type":"WebPage","@id":"https:\/\/www.visit-ulcinj.com\/blog\/2009\/04\/10\/anjeza-dhe-arjoni-per-dashurine-dhe-tradhetine\/#webpage","url":"https:\/\/www.visit-ulcinj.com\/blog\/2009\/04\/10\/anjeza-dhe-arjoni-per-dashurine-dhe-tradhetine\/","name":"Anjeza dhe Arjoni : P\u00c3\u00abr dashurin\u00c3\u00ab dhe tradh\u00c3\u00abtin\u00c3\u00ab | Big Brother Albania 2","isPartOf":{"@id":"https:\/\/www.visit-ulcinj.com\/blog\/#website"},"primaryImageOfPage":{"@id":"https:\/\/www.visit-ulcinj.com\/blog\/2009\/04\/10\/anjeza-dhe-arjoni-per-dashurine-dhe-tradhetine\/#primaryimage"},"datePublished":"2009-04-10T14:08:26+00:00","dateModified":"2009-04-10T12:11:52+00:00","author":{"@id":"https:\/\/www.visit-ulcinj.com\/blog\/#\/schema\/person\/dcab619c614d3038751c63bc2aadc06d"},"description":"Big Brother Albania 2 - Anjeza dhe Arjoni kan\u00c3\u00ab preferuar t\u00c3\u00ab largohen nga banor\u00c3\u00abt e tjer\u00c3\u00ab. Ata kan\u00c3\u00ab shkuar n\u00c3\u00ab dhom\u00c3\u00abn e gjumit dhe shtrir\u00c3\u00ab n\u00c3\u00ab krevatet e tyre kan\u00c3\u00ab biseduar me nj\u00c3\u00abri-tjerin.","breadcrumb":{"@id":"https:\/\/www.visit-ulcinj.com\/blog\/2009\/04\/10\/anjeza-dhe-arjoni-per-dashurine-dhe-tradhetine\/#breadcrumb"},"inLanguage":"en-US","potentialAction":[{"@type":"ReadAction","target":["https:\/\/www.visit-ulcinj.com\/blog\/2009\/04\/10\/anjeza-dhe-arjoni-per-dashurine-dhe-tradhetine\/"]}]},{"@type":"BreadcrumbList","@id":"https:\/\/www.visit-ulcinj.com\/blog\/2009\/04\/10\/anjeza-dhe-arjoni-per-dashurine-dhe-tradhetine\/#breadcrumb","itemListElement":[{"@type":"ListItem","position":1,"name":"Anjeza dhe Arjoni : P\u00ebr dashurin\u00eb dhe tradh\u00ebtin\u00eb"}]},{"@type":"Person","@id":"https:\/\/www.visit-ulcinj.com\/blog\/#\/schema\/person\/dcab619c614d3038751c63bc2aadc06d","name":"ulqini","sameAs":["http:\/\/www.visit-ulcinj.com"],"url":"https:\/\/www.visit-ulcinj.com\/blog\/author\/admin\/"}]}},"jetpack_featured_media_url":"","jetpack_sharing_enabled":true,"jetpack_shortlink":"https:\/\/wp.me\/pe6lTn-4ts","_links":{"self":[{"href":"https:\/\/www.visit-ulcinj.com\/blog\/wp-json\/wp\/v2\/posts\/17202"}],"collection":[{"href":"https:\/\/www.visit-ulcinj.com\/blog\/wp-json\/wp\/v2\/posts"}],"about":[{"href":"https:\/\/www.visit-ulcinj.com\/blog\/wp-json\/wp\/v2\/types\/post"}],"author":[{"embeddable":true,"href":"https:\/\/www.visit-ulcinj.com\/blog\/wp-json\/wp\/v2\/users\/1"}],"replies":[{"embeddable":true,"href":"https:\/\/www.visit-ulcinj.com\/blog\/wp-json\/wp\/v2\/comments?post=17202"}],"version-history":[{"count":0,"href":"https:\/\/www.visit-ulcinj.com\/blog\/wp-json\/wp\/v2\/posts\/17202\/revisions"}],"wp:attachment":[{"href":"https:\/\/www.visit-ulcinj.com\/blog\/wp-json\/wp\/v2\/media?parent=17202"}],"wp:term":[{"taxonomy":"category","embeddable":true,"href":"https:\/\/www.visit-ulcinj.com\/blog\/wp-json\/wp\/v2\/categories?post=17202"},{"taxonomy":"post_tag","embeddable":true,"href":"https:\/\/www.visit-ulcinj.com\/blog\/wp-json\/wp\/v2\/tags?post=17202"}],"curies":[{"name":"wp","href":"https:\/\/api.w.org\/{rel}","templated":true}]}}