{"id":17207,"date":"2009-04-10T16:13:51","date_gmt":"2009-04-10T14:13:51","guid":{"rendered":"http:\/\/www.visit-ulcinj.com\/blog\/?p=17207"},"modified":"2009-04-10T14:14:24","modified_gmt":"2009-04-10T12:14:24","slug":"tani-me-sorin-aida-eshte-bashkuar-me-te-rinjte","status":"publish","type":"post","link":"https:\/\/www.visit-ulcinj.com\/blog\/2009\/04\/10\/tani-me-sorin-aida-eshte-bashkuar-me-te-rinjte\/","title":{"rendered":"Tani me Sorin : Aida \u00ebsht\u00eb bashkuar me t\u00eb rinjt\u00eb"},"content":{"rendered":"<p><em><span class=\"newsdate\"><a href=\"http:\/\/www.visit-ulcinj.com\/blog\/wp-content\/uploads\/2009\/04\/tanisori-per-aiden.jpg\"><img loading=\"lazy\" class=\"alignleft size-full wp-image-17208\" title=\"tanisori-per-aiden-big-brother-albania-2\" src=\"http:\/\/www.visit-ulcinj.com\/blog\/wp-content\/uploads\/2009\/04\/tanisori-per-aiden.jpg\" alt=\"tanisori-per-aiden-big-brother-albania-2\" width=\"300\" height=\"205\" \/><\/a>08\/04\/09 11:40<\/span><\/em><\/p>\n<p>Tani me Sorin vazhdojn\u00eb t\u00eb diskutojn\u00eb p\u00ebr banor\u00ebt e rinj dhe afrimin q\u00eb kan\u00eb me banor\u00ebt e vjet\u00ebr. Ata mendojn\u00eb se edhe pse jan\u00eb intergruar mir\u00eb me s tyre, s\u00ebrish miq\u00ebsia q\u00eb kan\u00eb banor\u00ebt e vjet\u00ebr me njeri-tjetrin, \u00ebsht\u00eb m\u00eb e madhe. Tani tregon se Aida \u00ebsht\u00eb afruar m\u00eb shum\u00eb me ta. Ai shprehet se ka v\u00ebn\u00eb re se me cdo banor t\u00eb ri q\u00eb futet n\u00eb sht\u00ebpi, Aida \u00ebsht\u00eb e para q\u00eb u afrohet m\u00eb shum\u00eb duke dashur t\u00eb z\u00ebr\u00eb miq\u00ebsira t\u00eb reja, pasi ato t\u00eb vjetrat nuk po i funksionojn\u00eb m\u00eb. Dritani tregon se me Aid\u00ebn, thuajse nuk flet fare, e mban larg cdo bisede q\u00eb mund t\u00eb b\u00ebj\u00eb. Sori e k\u00ebshillon se ai nuk duhet t\u00eb sillet k\u00ebshtu sepse prish loj\u00ebn e tij, por Tani ia kthen se me Aid\u00ebn nuk mund t\u00eb sillet ndryshe sepse ajo i tjet\u00ebrson bisedat aty p\u00ebr aty. Sori i thot\u00eb se kjo \u00ebsht\u00eb e v\u00ebrtet\u00eb p\u00ebr Aid\u00ebn, por sidoqoft\u00eb ai duhet ta mendoj\u00eb edhe nj\u00ebher\u00eb k\u00ebt\u00eb gj\u00eb. Tani tregon momentin kur u kap me Aid\u00ebn dhe shton se k\u00ebt\u00eb gj\u00eb nuk e priste nga ajo pasi t\u00eb tjera biseda kan\u00eb patur t\u00eb dy. Ajo i kishte th\u00ebn\u00eb se ai e b\u00ebnte vet\u00ebm p\u00ebr loj\u00eb. Sori i thot\u00eb se fundja nuk ka asgj\u00eb t\u00eb keqe t\u2019i b\u00ebsh gj\u00ebrat p\u00ebr loj\u00eb sepse n\u00eb loj\u00eb jan\u00eb t\u00eb gjith\u00eb, si ai, si Tani, si Aida. Tani ia kthen se Aida k\u00ebt\u00eb gj\u00eb nuk kupton se dhe vet\u00eb ajo luan. Sipas asaj q\u00eb ka kuptuar prej saj, Tani mendon se Aida cdo gj\u00eb e shikon n\u00eb prizmin e marr\u00ebdh\u00ebnies Aida-Adela: n\u00ebse rrim\u00eb me Adel\u00ebn, ajo t\u00eb mban inat. Sori i tregon se kjo gj\u00eb nuk \u00ebsht\u00eb e drejt\u00eb sepse edhe Adela kishte pretenduar k\u00ebt\u00eb gj\u00eb prej tij, por q\u00eb ai nuk e kishte marr\u00eb p\u00ebr baz\u00eb sepse t\u00eb gjith\u00eb jan\u00eb t\u00eb barabart\u00eb.<\/p>\n","protected":false},"excerpt":{"rendered":"<p>08\/04\/09 11:40 Tani me Sorin vazhdojn\u00eb t\u00eb diskutojn\u00eb p\u00ebr banor\u00ebt e rinj dhe afrimin q\u00eb kan\u00eb me banor\u00ebt e vjet\u00ebr. Ata mendojn\u00eb se edhe pse jan\u00eb intergruar mir\u00eb me s tyre, s\u00ebrish miq\u00ebsia q\u00eb kan\u00eb banor\u00ebt e vjet\u00ebr me njeri-tjetrin, \u00ebsht\u00eb m\u00eb e madhe. Tani tregon se Aida \u00ebsht\u00eb afruar m\u00eb shum\u00eb me ta. Ai [&hellip;]<\/p>\n","protected":false},"author":1,"featured_media":0,"comment_status":"open","ping_status":"closed","sticky":false,"template":"","format":"standard","meta":{"spay_email":"","jetpack_publicize_message":"","jetpack_is_tweetstorm":false,"jetpack_publicize_feature_enabled":true},"categories":[6502],"tags":[6537,8775,5057,6506,6516,6712,7129,6521,8776,1442,6900,6891,6693,6887],"jetpack_publicize_connections":[],"yoast_head":"<!-- This site is optimized with the Yoast SEO plugin v19.1 - https:\/\/yoast.com\/wordpress\/plugins\/seo\/ -->\n<title>Tani me Sorin : Aida \u00c3\u00absht\u00c3\u00ab bashkuar me t\u00c3\u00ab rinjt\u00c3\u00ab | Big Brother Albania 2<\/title>\n<meta name=\"description\" content=\"Big Brother Albania 2 -Tani me Sorin vazhdojn\u00c3\u00ab t\u00c3\u00ab diskutojn\u00c3\u00ab p\u00c3\u00abr banor\u00c3\u00abt e rinj dhe afrimin q\u00c3\u00ab kan\u00c3\u00ab me banor\u00c3\u00abt e vjet\u00c3\u00abr. Ata mendojn\u00c3\u00ab se edhe pse jan\u00c3\u00ab intergruar mir\u00c3\u00ab me s tyre,\" \/>\n<meta name=\"robots\" content=\"index, follow, max-snippet:-1, max-image-preview:large, max-video-preview:-1\" \/>\n<link rel=\"canonical\" href=\"https:\/\/www.visit-ulcinj.com\/blog\/2009\/04\/10\/tani-me-sorin-aida-eshte-bashkuar-me-te-rinjte\/\" \/>\n<meta property=\"og:locale\" content=\"en_US\" \/>\n<meta property=\"og:type\" content=\"article\" \/>\n<meta property=\"og:title\" content=\"Tani me Sorin : Aida \u00c3\u00absht\u00c3\u00ab bashkuar me t\u00c3\u00ab rinjt\u00c3\u00ab | Big Brother Albania 2\" \/>\n<meta property=\"og:description\" content=\"Big Brother Albania 2 -Tani me Sorin vazhdojn\u00c3\u00ab t\u00c3\u00ab diskutojn\u00c3\u00ab p\u00c3\u00abr banor\u00c3\u00abt e rinj dhe afrimin q\u00c3\u00ab kan\u00c3\u00ab me banor\u00c3\u00abt e vjet\u00c3\u00abr. Ata mendojn\u00c3\u00ab se edhe pse jan\u00c3\u00ab intergruar mir\u00c3\u00ab me s tyre,\" \/>\n<meta property=\"og:url\" content=\"https:\/\/www.visit-ulcinj.com\/blog\/2009\/04\/10\/tani-me-sorin-aida-eshte-bashkuar-me-te-rinjte\/\" \/>\n<meta property=\"og:site_name\" content=\"Lajme nga Ulqini\" \/>\n<meta property=\"article:published_time\" content=\"2009-04-10T14:13:51+00:00\" \/>\n<meta property=\"article:modified_time\" content=\"2009-04-10T12:14:24+00:00\" \/>\n<meta property=\"og:image\" content=\"http:\/\/www.visit-ulcinj.com\/blog\/wp-content\/uploads\/2009\/04\/tanisori-per-aiden.jpg\" \/>\n<meta name=\"twitter:label1\" content=\"Written by\" \/>\n\t<meta name=\"twitter:data1\" content=\"ulqini\" \/>\n\t<meta name=\"twitter:label2\" content=\"Est. reading time\" \/>\n\t<meta name=\"twitter:data2\" content=\"2 minutes\" \/>\n<script type=\"application\/ld+json\" class=\"yoast-schema-graph\">{\"@context\":\"https:\/\/schema.org\",\"@graph\":[{\"@type\":\"WebSite\",\"@id\":\"https:\/\/www.visit-ulcinj.com\/blog\/#website\",\"url\":\"https:\/\/www.visit-ulcinj.com\/blog\/\",\"name\":\"Lajme nga Ulqini\",\"description\":\"Lajme,Vijesti,Ulqini,Ulqin,Crna Gora,Mali i Zi\",\"potentialAction\":[{\"@type\":\"SearchAction\",\"target\":{\"@type\":\"EntryPoint\",\"urlTemplate\":\"https:\/\/www.visit-ulcinj.com\/blog\/?s={search_term_string}\"},\"query-input\":\"required name=search_term_string\"}],\"inLanguage\":\"en-US\"},{\"@type\":\"ImageObject\",\"inLanguage\":\"en-US\",\"@id\":\"https:\/\/www.visit-ulcinj.com\/blog\/2009\/04\/10\/tani-me-sorin-aida-eshte-bashkuar-me-te-rinjte\/#primaryimage\",\"url\":\"http:\/\/www.visit-ulcinj.com\/blog\/wp-content\/uploads\/2009\/04\/tanisori-per-aiden.jpg\",\"contentUrl\":\"http:\/\/www.visit-ulcinj.com\/blog\/wp-content\/uploads\/2009\/04\/tanisori-per-aiden.jpg\"},{\"@type\":\"WebPage\",\"@id\":\"https:\/\/www.visit-ulcinj.com\/blog\/2009\/04\/10\/tani-me-sorin-aida-eshte-bashkuar-me-te-rinjte\/#webpage\",\"url\":\"https:\/\/www.visit-ulcinj.com\/blog\/2009\/04\/10\/tani-me-sorin-aida-eshte-bashkuar-me-te-rinjte\/\",\"name\":\"Tani me Sorin : Aida \u00c3\u00absht\u00c3\u00ab bashkuar me t\u00c3\u00ab rinjt\u00c3\u00ab | Big Brother Albania 2\",\"isPartOf\":{\"@id\":\"https:\/\/www.visit-ulcinj.com\/blog\/#website\"},\"primaryImageOfPage\":{\"@id\":\"https:\/\/www.visit-ulcinj.com\/blog\/2009\/04\/10\/tani-me-sorin-aida-eshte-bashkuar-me-te-rinjte\/#primaryimage\"},\"datePublished\":\"2009-04-10T14:13:51+00:00\",\"dateModified\":\"2009-04-10T12:14:24+00:00\",\"author\":{\"@id\":\"https:\/\/www.visit-ulcinj.com\/blog\/#\/schema\/person\/dcab619c614d3038751c63bc2aadc06d\"},\"description\":\"Big Brother Albania 2 -Tani me Sorin vazhdojn\u00c3\u00ab t\u00c3\u00ab diskutojn\u00c3\u00ab p\u00c3\u00abr banor\u00c3\u00abt e rinj dhe afrimin q\u00c3\u00ab kan\u00c3\u00ab me banor\u00c3\u00abt e vjet\u00c3\u00abr. Ata mendojn\u00c3\u00ab se edhe pse jan\u00c3\u00ab intergruar mir\u00c3\u00ab me s tyre,\",\"breadcrumb\":{\"@id\":\"https:\/\/www.visit-ulcinj.com\/blog\/2009\/04\/10\/tani-me-sorin-aida-eshte-bashkuar-me-te-rinjte\/#breadcrumb\"},\"inLanguage\":\"en-US\",\"potentialAction\":[{\"@type\":\"ReadAction\",\"target\":[\"https:\/\/www.visit-ulcinj.com\/blog\/2009\/04\/10\/tani-me-sorin-aida-eshte-bashkuar-me-te-rinjte\/\"]}]},{\"@type\":\"BreadcrumbList\",\"@id\":\"https:\/\/www.visit-ulcinj.com\/blog\/2009\/04\/10\/tani-me-sorin-aida-eshte-bashkuar-me-te-rinjte\/#breadcrumb\",\"itemListElement\":[{\"@type\":\"ListItem\",\"position\":1,\"name\":\"Tani me Sorin : Aida \u00ebsht\u00eb bashkuar me t\u00eb rinjt\u00eb\"}]},{\"@type\":\"Person\",\"@id\":\"https:\/\/www.visit-ulcinj.com\/blog\/#\/schema\/person\/dcab619c614d3038751c63bc2aadc06d\",\"name\":\"ulqini\",\"sameAs\":[\"http:\/\/www.visit-ulcinj.com\"],\"url\":\"https:\/\/www.visit-ulcinj.com\/blog\/author\/admin\/\"}]}<\/script>\n<!-- \/ Yoast SEO plugin. -->","yoast_head_json":{"title":"Tani me Sorin : Aida \u00c3\u00absht\u00c3\u00ab bashkuar me t\u00c3\u00ab rinjt\u00c3\u00ab | Big Brother Albania 2","description":"Big Brother Albania 2 -Tani me Sorin vazhdojn\u00c3\u00ab t\u00c3\u00ab diskutojn\u00c3\u00ab p\u00c3\u00abr banor\u00c3\u00abt e rinj dhe afrimin q\u00c3\u00ab kan\u00c3\u00ab me banor\u00c3\u00abt e vjet\u00c3\u00abr. Ata mendojn\u00c3\u00ab se edhe pse jan\u00c3\u00ab intergruar mir\u00c3\u00ab me s tyre,","robots":{"index":"index","follow":"follow","max-snippet":"max-snippet:-1","max-image-preview":"max-image-preview:large","max-video-preview":"max-video-preview:-1"},"canonical":"https:\/\/www.visit-ulcinj.com\/blog\/2009\/04\/10\/tani-me-sorin-aida-eshte-bashkuar-me-te-rinjte\/","og_locale":"en_US","og_type":"article","og_title":"Tani me Sorin : Aida \u00c3\u00absht\u00c3\u00ab bashkuar me t\u00c3\u00ab rinjt\u00c3\u00ab | Big Brother Albania 2","og_description":"Big Brother Albania 2 -Tani me Sorin vazhdojn\u00c3\u00ab t\u00c3\u00ab diskutojn\u00c3\u00ab p\u00c3\u00abr banor\u00c3\u00abt e rinj dhe afrimin q\u00c3\u00ab kan\u00c3\u00ab me banor\u00c3\u00abt e vjet\u00c3\u00abr. Ata mendojn\u00c3\u00ab se edhe pse jan\u00c3\u00ab intergruar mir\u00c3\u00ab me s tyre,","og_url":"https:\/\/www.visit-ulcinj.com\/blog\/2009\/04\/10\/tani-me-sorin-aida-eshte-bashkuar-me-te-rinjte\/","og_site_name":"Lajme nga Ulqini","article_published_time":"2009-04-10T14:13:51+00:00","article_modified_time":"2009-04-10T12:14:24+00:00","og_image":[{"url":"http:\/\/www.visit-ulcinj.com\/blog\/wp-content\/uploads\/2009\/04\/tanisori-per-aiden.jpg"}],"twitter_misc":{"Written by":"ulqini","Est. reading time":"2 minutes"},"schema":{"@context":"https:\/\/schema.org","@graph":[{"@type":"WebSite","@id":"https:\/\/www.visit-ulcinj.com\/blog\/#website","url":"https:\/\/www.visit-ulcinj.com\/blog\/","name":"Lajme nga Ulqini","description":"Lajme,Vijesti,Ulqini,Ulqin,Crna Gora,Mali i Zi","potentialAction":[{"@type":"SearchAction","target":{"@type":"EntryPoint","urlTemplate":"https:\/\/www.visit-ulcinj.com\/blog\/?s={search_term_string}"},"query-input":"required name=search_term_string"}],"inLanguage":"en-US"},{"@type":"ImageObject","inLanguage":"en-US","@id":"https:\/\/www.visit-ulcinj.com\/blog\/2009\/04\/10\/tani-me-sorin-aida-eshte-bashkuar-me-te-rinjte\/#primaryimage","url":"http:\/\/www.visit-ulcinj.com\/blog\/wp-content\/uploads\/2009\/04\/tanisori-per-aiden.jpg","contentUrl":"http:\/\/www.visit-ulcinj.com\/blog\/wp-content\/uploads\/2009\/04\/tanisori-per-aiden.jpg"},{"@type":"WebPage","@id":"https:\/\/www.visit-ulcinj.com\/blog\/2009\/04\/10\/tani-me-sorin-aida-eshte-bashkuar-me-te-rinjte\/#webpage","url":"https:\/\/www.visit-ulcinj.com\/blog\/2009\/04\/10\/tani-me-sorin-aida-eshte-bashkuar-me-te-rinjte\/","name":"Tani me Sorin : Aida \u00c3\u00absht\u00c3\u00ab bashkuar me t\u00c3\u00ab rinjt\u00c3\u00ab | Big Brother Albania 2","isPartOf":{"@id":"https:\/\/www.visit-ulcinj.com\/blog\/#website"},"primaryImageOfPage":{"@id":"https:\/\/www.visit-ulcinj.com\/blog\/2009\/04\/10\/tani-me-sorin-aida-eshte-bashkuar-me-te-rinjte\/#primaryimage"},"datePublished":"2009-04-10T14:13:51+00:00","dateModified":"2009-04-10T12:14:24+00:00","author":{"@id":"https:\/\/www.visit-ulcinj.com\/blog\/#\/schema\/person\/dcab619c614d3038751c63bc2aadc06d"},"description":"Big Brother Albania 2 -Tani me Sorin vazhdojn\u00c3\u00ab t\u00c3\u00ab diskutojn\u00c3\u00ab p\u00c3\u00abr banor\u00c3\u00abt e rinj dhe afrimin q\u00c3\u00ab kan\u00c3\u00ab me banor\u00c3\u00abt e vjet\u00c3\u00abr. Ata mendojn\u00c3\u00ab se edhe pse jan\u00c3\u00ab intergruar mir\u00c3\u00ab me s tyre,","breadcrumb":{"@id":"https:\/\/www.visit-ulcinj.com\/blog\/2009\/04\/10\/tani-me-sorin-aida-eshte-bashkuar-me-te-rinjte\/#breadcrumb"},"inLanguage":"en-US","potentialAction":[{"@type":"ReadAction","target":["https:\/\/www.visit-ulcinj.com\/blog\/2009\/04\/10\/tani-me-sorin-aida-eshte-bashkuar-me-te-rinjte\/"]}]},{"@type":"BreadcrumbList","@id":"https:\/\/www.visit-ulcinj.com\/blog\/2009\/04\/10\/tani-me-sorin-aida-eshte-bashkuar-me-te-rinjte\/#breadcrumb","itemListElement":[{"@type":"ListItem","position":1,"name":"Tani me Sorin : Aida \u00ebsht\u00eb bashkuar me t\u00eb rinjt\u00eb"}]},{"@type":"Person","@id":"https:\/\/www.visit-ulcinj.com\/blog\/#\/schema\/person\/dcab619c614d3038751c63bc2aadc06d","name":"ulqini","sameAs":["http:\/\/www.visit-ulcinj.com"],"url":"https:\/\/www.visit-ulcinj.com\/blog\/author\/admin\/"}]}},"jetpack_featured_media_url":"","jetpack_sharing_enabled":true,"jetpack_shortlink":"https:\/\/wp.me\/pe6lTn-4tx","_links":{"self":[{"href":"https:\/\/www.visit-ulcinj.com\/blog\/wp-json\/wp\/v2\/posts\/17207"}],"collection":[{"href":"https:\/\/www.visit-ulcinj.com\/blog\/wp-json\/wp\/v2\/posts"}],"about":[{"href":"https:\/\/www.visit-ulcinj.com\/blog\/wp-json\/wp\/v2\/types\/post"}],"author":[{"embeddable":true,"href":"https:\/\/www.visit-ulcinj.com\/blog\/wp-json\/wp\/v2\/users\/1"}],"replies":[{"embeddable":true,"href":"https:\/\/www.visit-ulcinj.com\/blog\/wp-json\/wp\/v2\/comments?post=17207"}],"version-history":[{"count":0,"href":"https:\/\/www.visit-ulcinj.com\/blog\/wp-json\/wp\/v2\/posts\/17207\/revisions"}],"wp:attachment":[{"href":"https:\/\/www.visit-ulcinj.com\/blog\/wp-json\/wp\/v2\/media?parent=17207"}],"wp:term":[{"taxonomy":"category","embeddable":true,"href":"https:\/\/www.visit-ulcinj.com\/blog\/wp-json\/wp\/v2\/categories?post=17207"},{"taxonomy":"post_tag","embeddable":true,"href":"https:\/\/www.visit-ulcinj.com\/blog\/wp-json\/wp\/v2\/tags?post=17207"}],"curies":[{"name":"wp","href":"https:\/\/api.w.org\/{rel}","templated":true}]}}