{"id":17220,"date":"2009-04-10T16:22:16","date_gmt":"2009-04-10T14:22:16","guid":{"rendered":"http:\/\/www.visit-ulcinj.com\/blog\/?p=17220"},"modified":"2009-04-10T14:24:03","modified_gmt":"2009-04-10T12:24:03","slug":"marreveshje-kunder-te-rinjve","status":"publish","type":"post","link":"https:\/\/www.visit-ulcinj.com\/blog\/2009\/04\/10\/marreveshje-kunder-te-rinjve\/","title":{"rendered":"Marr\u00ebveshje kund\u00ebr t\u00eb rinjve"},"content":{"rendered":"<p><em><span class=\"newsdate\"><a href=\"http:\/\/www.visit-ulcinj.com\/blog\/wp-content\/uploads\/2009\/04\/komploti.jpg\"><img loading=\"lazy\" class=\"alignleft size-full wp-image-17221\" title=\"komploti-big-brother-albania-2\" src=\"http:\/\/www.visit-ulcinj.com\/blog\/wp-content\/uploads\/2009\/04\/komploti.jpg\" alt=\"komploti-big-brother-albania-2\" width=\"300\" height=\"205\" \/><\/a>08\/04\/09 14:25<\/span><\/em><\/p>\n<p>Dritani, si i z\u00ebn\u00eb ngusht\u00eb nga situata n\u00eb t\u00eb cil\u00ebn ndodhet, i thot\u00eb Sorit se n\u00eb realitet nuk i ka qejf marr\u00ebveshjet n\u00eb grup, por k\u00ebt\u00eb radh\u00eb duhet t\u2019i b\u00ebjn\u00eb v\u00ebrtet\u00eb. Ai i tregon se nuk ka q\u00ebn\u00eb dakord me disa manovra t\u00eb Sorit, por ka ardhur koha q\u00eb t\u00eb bashk\u00ebveprojn\u00eb. Sori ia kthen se manovrat i duhen loj\u00ebs; ka manovra t\u00eb domosdoshme, ka dhe nga ato q\u00eb b\u00ebhen kot. \u201cT\u00eb na e han\u00eb buk\u00ebn k\u00ebta t\u00eb rinjt\u00eb?\u201d- thot\u00eb Dritani, nd\u00ebrsa Sori ia pason se ata lodhen me prov\u00ebn e jav\u00ebs, kurse t\u00eb rinjt\u00eb u hyjn\u00eb n\u00eb pjes\u00eb. Dritani pyet edhe Adel\u00ebn q\u00eb ndodhet bashk\u00eb me ta, por ajo i p\u00ebrgjigjet me keqardhje se n\u00eb radh\u00eb t\u00eb par\u00eb ka Aid\u00ebn, pastaj nj\u00eb nga k\u00ebta. Dritani ia kthen se ia tha q\u00eb ajo ta ket\u00eb parasysh.<\/p>\n","protected":false},"excerpt":{"rendered":"<p>08\/04\/09 14:25 Dritani, si i z\u00ebn\u00eb ngusht\u00eb nga situata n\u00eb t\u00eb cil\u00ebn ndodhet, i thot\u00eb Sorit se n\u00eb realitet nuk i ka qejf marr\u00ebveshjet n\u00eb grup, por k\u00ebt\u00eb radh\u00eb duhet t\u2019i b\u00ebjn\u00eb v\u00ebrtet\u00eb. Ai i tregon se nuk ka q\u00ebn\u00eb dakord me disa manovra t\u00eb Sorit, por ka ardhur koha q\u00eb t\u00eb bashk\u00ebveprojn\u00eb. Sori ia [&hellip;]<\/p>\n","protected":false},"author":1,"featured_media":0,"comment_status":"open","ping_status":"closed","sticky":false,"template":"","format":"standard","meta":{"spay_email":"","jetpack_publicize_message":"","jetpack_is_tweetstorm":false,"jetpack_publicize_feature_enabled":true},"categories":[6502],"tags":[6529,6537,8775,5057,6506,6516,6712,7129,6521,8776,1442,8276,6891,6693,6887],"jetpack_publicize_connections":[],"yoast_head":"<!-- This site is optimized with the Yoast SEO plugin v19.1 - https:\/\/yoast.com\/wordpress\/plugins\/seo\/ -->\n<title>Marr\u00c3\u00abveshje kund\u00c3\u00abr t\u00c3\u00ab rinjve | Big Brother Albania 2<\/title>\n<meta name=\"description\" content=\"Big Brother Albania 2 - Dritani, si i z\u00c3\u00abn\u00c3\u00ab ngusht\u00c3\u00ab nga situata n\u00c3\u00ab t\u00c3\u00ab cil\u00c3\u00abn ndodhet, i thot\u00c3\u00ab Sorit se n\u00c3\u00ab realitet nuk i ka qejf marr\u00c3\u00abveshjet n\u00c3\u00ab grup, por k\u00c3\u00abt\u00c3\u00ab radh\u00c3\u00ab duhet t\u00e2\u20ac\u2122i b\u00c3\u00abjn\u00c3\u00ab v\u00c3\u00abrtet\u00c3\u00ab.\" \/>\n<meta name=\"robots\" content=\"index, follow, max-snippet:-1, max-image-preview:large, max-video-preview:-1\" \/>\n<link rel=\"canonical\" href=\"https:\/\/www.visit-ulcinj.com\/blog\/2009\/04\/10\/marreveshje-kunder-te-rinjve\/\" \/>\n<meta property=\"og:locale\" content=\"en_US\" \/>\n<meta property=\"og:type\" content=\"article\" \/>\n<meta property=\"og:title\" content=\"Marr\u00c3\u00abveshje kund\u00c3\u00abr t\u00c3\u00ab rinjve | Big Brother Albania 2\" \/>\n<meta property=\"og:description\" content=\"Big Brother Albania 2 - Dritani, si i z\u00c3\u00abn\u00c3\u00ab ngusht\u00c3\u00ab nga situata n\u00c3\u00ab t\u00c3\u00ab cil\u00c3\u00abn ndodhet, i thot\u00c3\u00ab Sorit se n\u00c3\u00ab realitet nuk i ka qejf marr\u00c3\u00abveshjet n\u00c3\u00ab grup, por k\u00c3\u00abt\u00c3\u00ab radh\u00c3\u00ab duhet t\u00e2\u20ac\u2122i b\u00c3\u00abjn\u00c3\u00ab v\u00c3\u00abrtet\u00c3\u00ab.\" \/>\n<meta property=\"og:url\" content=\"https:\/\/www.visit-ulcinj.com\/blog\/2009\/04\/10\/marreveshje-kunder-te-rinjve\/\" \/>\n<meta property=\"og:site_name\" content=\"Lajme nga Ulqini\" \/>\n<meta property=\"article:published_time\" content=\"2009-04-10T14:22:16+00:00\" \/>\n<meta property=\"article:modified_time\" content=\"2009-04-10T12:24:03+00:00\" \/>\n<meta property=\"og:image\" content=\"http:\/\/www.visit-ulcinj.com\/blog\/wp-content\/uploads\/2009\/04\/komploti.jpg\" \/>\n<meta name=\"twitter:label1\" content=\"Written by\" \/>\n\t<meta name=\"twitter:data1\" content=\"ulqini\" \/>\n\t<meta name=\"twitter:label2\" content=\"Est. reading time\" \/>\n\t<meta name=\"twitter:data2\" content=\"1 minute\" \/>\n<script type=\"application\/ld+json\" class=\"yoast-schema-graph\">{\"@context\":\"https:\/\/schema.org\",\"@graph\":[{\"@type\":\"WebSite\",\"@id\":\"https:\/\/www.visit-ulcinj.com\/blog\/#website\",\"url\":\"https:\/\/www.visit-ulcinj.com\/blog\/\",\"name\":\"Lajme nga Ulqini\",\"description\":\"Lajme,Vijesti,Ulqini,Ulqin,Crna Gora,Mali i Zi\",\"potentialAction\":[{\"@type\":\"SearchAction\",\"target\":{\"@type\":\"EntryPoint\",\"urlTemplate\":\"https:\/\/www.visit-ulcinj.com\/blog\/?s={search_term_string}\"},\"query-input\":\"required name=search_term_string\"}],\"inLanguage\":\"en-US\"},{\"@type\":\"ImageObject\",\"inLanguage\":\"en-US\",\"@id\":\"https:\/\/www.visit-ulcinj.com\/blog\/2009\/04\/10\/marreveshje-kunder-te-rinjve\/#primaryimage\",\"url\":\"http:\/\/www.visit-ulcinj.com\/blog\/wp-content\/uploads\/2009\/04\/komploti.jpg\",\"contentUrl\":\"http:\/\/www.visit-ulcinj.com\/blog\/wp-content\/uploads\/2009\/04\/komploti.jpg\"},{\"@type\":\"WebPage\",\"@id\":\"https:\/\/www.visit-ulcinj.com\/blog\/2009\/04\/10\/marreveshje-kunder-te-rinjve\/#webpage\",\"url\":\"https:\/\/www.visit-ulcinj.com\/blog\/2009\/04\/10\/marreveshje-kunder-te-rinjve\/\",\"name\":\"Marr\u00c3\u00abveshje kund\u00c3\u00abr t\u00c3\u00ab rinjve | Big Brother Albania 2\",\"isPartOf\":{\"@id\":\"https:\/\/www.visit-ulcinj.com\/blog\/#website\"},\"primaryImageOfPage\":{\"@id\":\"https:\/\/www.visit-ulcinj.com\/blog\/2009\/04\/10\/marreveshje-kunder-te-rinjve\/#primaryimage\"},\"datePublished\":\"2009-04-10T14:22:16+00:00\",\"dateModified\":\"2009-04-10T12:24:03+00:00\",\"author\":{\"@id\":\"https:\/\/www.visit-ulcinj.com\/blog\/#\/schema\/person\/dcab619c614d3038751c63bc2aadc06d\"},\"description\":\"Big Brother Albania 2 - Dritani, si i z\u00c3\u00abn\u00c3\u00ab ngusht\u00c3\u00ab nga situata n\u00c3\u00ab t\u00c3\u00ab cil\u00c3\u00abn ndodhet, i thot\u00c3\u00ab Sorit se n\u00c3\u00ab realitet nuk i ka qejf marr\u00c3\u00abveshjet n\u00c3\u00ab grup, por k\u00c3\u00abt\u00c3\u00ab radh\u00c3\u00ab duhet t\u00e2\u20ac\u2122i b\u00c3\u00abjn\u00c3\u00ab v\u00c3\u00abrtet\u00c3\u00ab.\",\"breadcrumb\":{\"@id\":\"https:\/\/www.visit-ulcinj.com\/blog\/2009\/04\/10\/marreveshje-kunder-te-rinjve\/#breadcrumb\"},\"inLanguage\":\"en-US\",\"potentialAction\":[{\"@type\":\"ReadAction\",\"target\":[\"https:\/\/www.visit-ulcinj.com\/blog\/2009\/04\/10\/marreveshje-kunder-te-rinjve\/\"]}]},{\"@type\":\"BreadcrumbList\",\"@id\":\"https:\/\/www.visit-ulcinj.com\/blog\/2009\/04\/10\/marreveshje-kunder-te-rinjve\/#breadcrumb\",\"itemListElement\":[{\"@type\":\"ListItem\",\"position\":1,\"name\":\"Marr\u00ebveshje kund\u00ebr t\u00eb rinjve\"}]},{\"@type\":\"Person\",\"@id\":\"https:\/\/www.visit-ulcinj.com\/blog\/#\/schema\/person\/dcab619c614d3038751c63bc2aadc06d\",\"name\":\"ulqini\",\"sameAs\":[\"http:\/\/www.visit-ulcinj.com\"],\"url\":\"https:\/\/www.visit-ulcinj.com\/blog\/author\/admin\/\"}]}<\/script>\n<!-- \/ Yoast SEO plugin. -->","yoast_head_json":{"title":"Marr\u00c3\u00abveshje kund\u00c3\u00abr t\u00c3\u00ab rinjve | Big Brother Albania 2","description":"Big Brother Albania 2 - Dritani, si i z\u00c3\u00abn\u00c3\u00ab ngusht\u00c3\u00ab nga situata n\u00c3\u00ab t\u00c3\u00ab cil\u00c3\u00abn ndodhet, i thot\u00c3\u00ab Sorit se n\u00c3\u00ab realitet nuk i ka qejf marr\u00c3\u00abveshjet n\u00c3\u00ab grup, por k\u00c3\u00abt\u00c3\u00ab radh\u00c3\u00ab duhet t\u00e2\u20ac\u2122i b\u00c3\u00abjn\u00c3\u00ab v\u00c3\u00abrtet\u00c3\u00ab.","robots":{"index":"index","follow":"follow","max-snippet":"max-snippet:-1","max-image-preview":"max-image-preview:large","max-video-preview":"max-video-preview:-1"},"canonical":"https:\/\/www.visit-ulcinj.com\/blog\/2009\/04\/10\/marreveshje-kunder-te-rinjve\/","og_locale":"en_US","og_type":"article","og_title":"Marr\u00c3\u00abveshje kund\u00c3\u00abr t\u00c3\u00ab rinjve | Big Brother Albania 2","og_description":"Big Brother Albania 2 - Dritani, si i z\u00c3\u00abn\u00c3\u00ab ngusht\u00c3\u00ab nga situata n\u00c3\u00ab t\u00c3\u00ab cil\u00c3\u00abn ndodhet, i thot\u00c3\u00ab Sorit se n\u00c3\u00ab realitet nuk i ka qejf marr\u00c3\u00abveshjet n\u00c3\u00ab grup, por k\u00c3\u00abt\u00c3\u00ab radh\u00c3\u00ab duhet t\u00e2\u20ac\u2122i b\u00c3\u00abjn\u00c3\u00ab v\u00c3\u00abrtet\u00c3\u00ab.","og_url":"https:\/\/www.visit-ulcinj.com\/blog\/2009\/04\/10\/marreveshje-kunder-te-rinjve\/","og_site_name":"Lajme nga Ulqini","article_published_time":"2009-04-10T14:22:16+00:00","article_modified_time":"2009-04-10T12:24:03+00:00","og_image":[{"url":"http:\/\/www.visit-ulcinj.com\/blog\/wp-content\/uploads\/2009\/04\/komploti.jpg"}],"twitter_misc":{"Written by":"ulqini","Est. reading time":"1 minute"},"schema":{"@context":"https:\/\/schema.org","@graph":[{"@type":"WebSite","@id":"https:\/\/www.visit-ulcinj.com\/blog\/#website","url":"https:\/\/www.visit-ulcinj.com\/blog\/","name":"Lajme nga Ulqini","description":"Lajme,Vijesti,Ulqini,Ulqin,Crna Gora,Mali i Zi","potentialAction":[{"@type":"SearchAction","target":{"@type":"EntryPoint","urlTemplate":"https:\/\/www.visit-ulcinj.com\/blog\/?s={search_term_string}"},"query-input":"required name=search_term_string"}],"inLanguage":"en-US"},{"@type":"ImageObject","inLanguage":"en-US","@id":"https:\/\/www.visit-ulcinj.com\/blog\/2009\/04\/10\/marreveshje-kunder-te-rinjve\/#primaryimage","url":"http:\/\/www.visit-ulcinj.com\/blog\/wp-content\/uploads\/2009\/04\/komploti.jpg","contentUrl":"http:\/\/www.visit-ulcinj.com\/blog\/wp-content\/uploads\/2009\/04\/komploti.jpg"},{"@type":"WebPage","@id":"https:\/\/www.visit-ulcinj.com\/blog\/2009\/04\/10\/marreveshje-kunder-te-rinjve\/#webpage","url":"https:\/\/www.visit-ulcinj.com\/blog\/2009\/04\/10\/marreveshje-kunder-te-rinjve\/","name":"Marr\u00c3\u00abveshje kund\u00c3\u00abr t\u00c3\u00ab rinjve | Big Brother Albania 2","isPartOf":{"@id":"https:\/\/www.visit-ulcinj.com\/blog\/#website"},"primaryImageOfPage":{"@id":"https:\/\/www.visit-ulcinj.com\/blog\/2009\/04\/10\/marreveshje-kunder-te-rinjve\/#primaryimage"},"datePublished":"2009-04-10T14:22:16+00:00","dateModified":"2009-04-10T12:24:03+00:00","author":{"@id":"https:\/\/www.visit-ulcinj.com\/blog\/#\/schema\/person\/dcab619c614d3038751c63bc2aadc06d"},"description":"Big Brother Albania 2 - Dritani, si i z\u00c3\u00abn\u00c3\u00ab ngusht\u00c3\u00ab nga situata n\u00c3\u00ab t\u00c3\u00ab cil\u00c3\u00abn ndodhet, i thot\u00c3\u00ab Sorit se n\u00c3\u00ab realitet nuk i ka qejf marr\u00c3\u00abveshjet n\u00c3\u00ab grup, por k\u00c3\u00abt\u00c3\u00ab radh\u00c3\u00ab duhet t\u00e2\u20ac\u2122i b\u00c3\u00abjn\u00c3\u00ab v\u00c3\u00abrtet\u00c3\u00ab.","breadcrumb":{"@id":"https:\/\/www.visit-ulcinj.com\/blog\/2009\/04\/10\/marreveshje-kunder-te-rinjve\/#breadcrumb"},"inLanguage":"en-US","potentialAction":[{"@type":"ReadAction","target":["https:\/\/www.visit-ulcinj.com\/blog\/2009\/04\/10\/marreveshje-kunder-te-rinjve\/"]}]},{"@type":"BreadcrumbList","@id":"https:\/\/www.visit-ulcinj.com\/blog\/2009\/04\/10\/marreveshje-kunder-te-rinjve\/#breadcrumb","itemListElement":[{"@type":"ListItem","position":1,"name":"Marr\u00ebveshje kund\u00ebr t\u00eb rinjve"}]},{"@type":"Person","@id":"https:\/\/www.visit-ulcinj.com\/blog\/#\/schema\/person\/dcab619c614d3038751c63bc2aadc06d","name":"ulqini","sameAs":["http:\/\/www.visit-ulcinj.com"],"url":"https:\/\/www.visit-ulcinj.com\/blog\/author\/admin\/"}]}},"jetpack_featured_media_url":"","jetpack_sharing_enabled":true,"jetpack_shortlink":"https:\/\/wp.me\/pe6lTn-4tK","_links":{"self":[{"href":"https:\/\/www.visit-ulcinj.com\/blog\/wp-json\/wp\/v2\/posts\/17220"}],"collection":[{"href":"https:\/\/www.visit-ulcinj.com\/blog\/wp-json\/wp\/v2\/posts"}],"about":[{"href":"https:\/\/www.visit-ulcinj.com\/blog\/wp-json\/wp\/v2\/types\/post"}],"author":[{"embeddable":true,"href":"https:\/\/www.visit-ulcinj.com\/blog\/wp-json\/wp\/v2\/users\/1"}],"replies":[{"embeddable":true,"href":"https:\/\/www.visit-ulcinj.com\/blog\/wp-json\/wp\/v2\/comments?post=17220"}],"version-history":[{"count":0,"href":"https:\/\/www.visit-ulcinj.com\/blog\/wp-json\/wp\/v2\/posts\/17220\/revisions"}],"wp:attachment":[{"href":"https:\/\/www.visit-ulcinj.com\/blog\/wp-json\/wp\/v2\/media?parent=17220"}],"wp:term":[{"taxonomy":"category","embeddable":true,"href":"https:\/\/www.visit-ulcinj.com\/blog\/wp-json\/wp\/v2\/categories?post=17220"},{"taxonomy":"post_tag","embeddable":true,"href":"https:\/\/www.visit-ulcinj.com\/blog\/wp-json\/wp\/v2\/tags?post=17220"}],"curies":[{"name":"wp","href":"https:\/\/api.w.org\/{rel}","templated":true}]}}