{"id":17226,"date":"2009-04-10T16:27:53","date_gmt":"2009-04-10T14:27:53","guid":{"rendered":"http:\/\/www.visit-ulcinj.com\/blog\/?p=17226"},"modified":"2009-04-10T14:33:08","modified_gmt":"2009-04-10T12:33:08","slug":"anjeza-dhe-eltoni-ju-dua-se-s%e2%80%99keni-komplekse","status":"publish","type":"post","link":"https:\/\/www.visit-ulcinj.com\/blog\/2009\/04\/10\/anjeza-dhe-eltoni-ju-dua-se-s%e2%80%99keni-komplekse\/","title":{"rendered":"Anjeza dhe Eltoni : Ju dua se s\u2019keni komplekse"},"content":{"rendered":"<p><em><span class=\"newsdate\"><a href=\"http:\/\/www.visit-ulcinj.com\/blog\/wp-content\/uploads\/2009\/04\/anjezatoni-per-nomin.jpg\"><img loading=\"lazy\" class=\"alignleft size-full wp-image-17227\" title=\"anjezatoni-per-nomin-big-brother-albania-2\" src=\"http:\/\/www.visit-ulcinj.com\/blog\/wp-content\/uploads\/2009\/04\/anjezatoni-per-nomin.jpg\" alt=\"anjezatoni-per-nomin-big-brother-albania-2\" width=\"300\" height=\"205\" \/><\/a>08\/04\/09 15:28<\/span><\/em><\/p>\n<p>Eltoni ia uron Anjez\u00ebs q\u00eb t\u00eb q\u00ebndroj\u00eb n\u00eb sht\u00ebpi e mos t\u00eb eleminohet k\u00ebt\u00eb t\u00eb shtun\u00eb. Ai uron q\u00eb ajo t\u00eb q\u00ebndroj\u00eb edhe disa jav\u00eb. Anjeza e falenderon dhe e vler\u00ebson fjal\u00ebn e tij. Eltoni shprehet se i p\u00eblqejn\u00eb nj\u00eb pjes\u00eb e mir\u00eb e banor\u00ebve pik\u00ebrisht sepse nuk kan\u00eb komplekse. Aida jep mendimin e saj se Anjeza doli pak shpejt n\u00eb nominim. Sipas saj duhej t\u00eb ishte pritur edhe pak koh\u00eb. Edhe Eltoni \u00ebsht\u00eb dakord me k\u00ebt\u00eb ide dhe shton se ajo nuk e meritonte ende. Anjeza shprehet se nuk e ka problem, madje m\u00eb mir\u00eb tani q\u00eb t\u00eb provoj\u00eb veten sesa m\u00eb von\u00eb ku mund t\u00eb dilte direkt<\/p>\n","protected":false},"excerpt":{"rendered":"<p>08\/04\/09 15:28 Eltoni ia uron Anjez\u00ebs q\u00eb t\u00eb q\u00ebndroj\u00eb n\u00eb sht\u00ebpi e mos t\u00eb eleminohet k\u00ebt\u00eb t\u00eb shtun\u00eb. Ai uron q\u00eb ajo t\u00eb q\u00ebndroj\u00eb edhe disa jav\u00eb. Anjeza e falenderon dhe e vler\u00ebson fjal\u00ebn e tij. Eltoni shprehet se i p\u00eblqejn\u00eb nj\u00eb pjes\u00eb e mir\u00eb e banor\u00ebve pik\u00ebrisht sepse nuk kan\u00eb komplekse. Aida jep mendimin [&hellip;]<\/p>\n","protected":false},"author":1,"featured_media":0,"comment_status":"open","ping_status":"closed","sticky":false,"template":"","format":"standard","meta":{"spay_email":"","jetpack_publicize_message":"","jetpack_is_tweetstorm":false,"jetpack_publicize_feature_enabled":true},"categories":[6502],"tags":[8289,6525,5057,6506,6516,6712,7129,8776,8874,6891,6693,6887],"jetpack_publicize_connections":[],"yoast_head":"<!-- This site is optimized with the Yoast SEO plugin v19.1 - https:\/\/yoast.com\/wordpress\/plugins\/seo\/ -->\n<title>Anjeza dhe Eltoni : Ju dua se s\u00e2\u20ac\u2122keni komplekse | Big Brother Albania 2<\/title>\n<meta name=\"description\" content=\"Big Brother Albania 2 - Eltoni ia uron Anjez\u00c3\u00abs q\u00c3\u00ab t\u00c3\u00ab q\u00c3\u00abndroj\u00c3\u00ab n\u00c3\u00ab sht\u00c3\u00abpi e mos t\u00c3\u00ab eleminohet k\u00c3\u00abt\u00c3\u00ab t\u00c3\u00ab shtun\u00c3\u00ab. Ai uron q\u00c3\u00ab ajo t\u00c3\u00ab q\u00c3\u00abndroj\u00c3\u00ab edhe disa jav\u00c3\u00ab.\" \/>\n<meta name=\"robots\" content=\"index, follow, max-snippet:-1, max-image-preview:large, max-video-preview:-1\" \/>\n<link rel=\"canonical\" href=\"https:\/\/www.visit-ulcinj.com\/blog\/2009\/04\/10\/anjeza-dhe-eltoni-ju-dua-se-s\u2019keni-komplekse\/\" \/>\n<meta property=\"og:locale\" content=\"en_US\" \/>\n<meta property=\"og:type\" content=\"article\" \/>\n<meta property=\"og:title\" content=\"Anjeza dhe Eltoni : Ju dua se s\u00e2\u20ac\u2122keni komplekse | Big Brother Albania 2\" \/>\n<meta property=\"og:description\" content=\"Big Brother Albania 2 - Eltoni ia uron Anjez\u00c3\u00abs q\u00c3\u00ab t\u00c3\u00ab q\u00c3\u00abndroj\u00c3\u00ab n\u00c3\u00ab sht\u00c3\u00abpi e mos t\u00c3\u00ab eleminohet k\u00c3\u00abt\u00c3\u00ab t\u00c3\u00ab shtun\u00c3\u00ab. Ai uron q\u00c3\u00ab ajo t\u00c3\u00ab q\u00c3\u00abndroj\u00c3\u00ab edhe disa jav\u00c3\u00ab.\" \/>\n<meta property=\"og:url\" content=\"https:\/\/www.visit-ulcinj.com\/blog\/2009\/04\/10\/anjeza-dhe-eltoni-ju-dua-se-s\u2019keni-komplekse\/\" \/>\n<meta property=\"og:site_name\" content=\"Lajme nga Ulqini\" \/>\n<meta property=\"article:published_time\" content=\"2009-04-10T14:27:53+00:00\" \/>\n<meta property=\"article:modified_time\" content=\"2009-04-10T12:33:08+00:00\" \/>\n<meta property=\"og:image\" content=\"http:\/\/www.visit-ulcinj.com\/blog\/wp-content\/uploads\/2009\/04\/anjezatoni-per-nomin.jpg\" \/>\n<meta name=\"twitter:label1\" content=\"Written by\" \/>\n\t<meta name=\"twitter:data1\" content=\"ulqini\" \/>\n\t<meta name=\"twitter:label2\" content=\"Est. reading time\" \/>\n\t<meta name=\"twitter:data2\" content=\"1 minute\" \/>\n<script type=\"application\/ld+json\" class=\"yoast-schema-graph\">{\"@context\":\"https:\/\/schema.org\",\"@graph\":[{\"@type\":\"WebSite\",\"@id\":\"https:\/\/www.visit-ulcinj.com\/blog\/#website\",\"url\":\"https:\/\/www.visit-ulcinj.com\/blog\/\",\"name\":\"Lajme nga Ulqini\",\"description\":\"Lajme,Vijesti,Ulqini,Ulqin,Crna Gora,Mali i Zi\",\"potentialAction\":[{\"@type\":\"SearchAction\",\"target\":{\"@type\":\"EntryPoint\",\"urlTemplate\":\"https:\/\/www.visit-ulcinj.com\/blog\/?s={search_term_string}\"},\"query-input\":\"required name=search_term_string\"}],\"inLanguage\":\"en-US\"},{\"@type\":\"ImageObject\",\"inLanguage\":\"en-US\",\"@id\":\"https:\/\/www.visit-ulcinj.com\/blog\/2009\/04\/10\/anjeza-dhe-eltoni-ju-dua-se-s%e2%80%99keni-komplekse\/#primaryimage\",\"url\":\"http:\/\/www.visit-ulcinj.com\/blog\/wp-content\/uploads\/2009\/04\/anjezatoni-per-nomin.jpg\",\"contentUrl\":\"http:\/\/www.visit-ulcinj.com\/blog\/wp-content\/uploads\/2009\/04\/anjezatoni-per-nomin.jpg\"},{\"@type\":\"WebPage\",\"@id\":\"https:\/\/www.visit-ulcinj.com\/blog\/2009\/04\/10\/anjeza-dhe-eltoni-ju-dua-se-s%e2%80%99keni-komplekse\/#webpage\",\"url\":\"https:\/\/www.visit-ulcinj.com\/blog\/2009\/04\/10\/anjeza-dhe-eltoni-ju-dua-se-s%e2%80%99keni-komplekse\/\",\"name\":\"Anjeza dhe Eltoni : Ju dua se s\u00e2\u20ac\u2122keni komplekse | Big Brother Albania 2\",\"isPartOf\":{\"@id\":\"https:\/\/www.visit-ulcinj.com\/blog\/#website\"},\"primaryImageOfPage\":{\"@id\":\"https:\/\/www.visit-ulcinj.com\/blog\/2009\/04\/10\/anjeza-dhe-eltoni-ju-dua-se-s%e2%80%99keni-komplekse\/#primaryimage\"},\"datePublished\":\"2009-04-10T14:27:53+00:00\",\"dateModified\":\"2009-04-10T12:33:08+00:00\",\"author\":{\"@id\":\"https:\/\/www.visit-ulcinj.com\/blog\/#\/schema\/person\/dcab619c614d3038751c63bc2aadc06d\"},\"description\":\"Big Brother Albania 2 - Eltoni ia uron Anjez\u00c3\u00abs q\u00c3\u00ab t\u00c3\u00ab q\u00c3\u00abndroj\u00c3\u00ab n\u00c3\u00ab sht\u00c3\u00abpi e mos t\u00c3\u00ab eleminohet k\u00c3\u00abt\u00c3\u00ab t\u00c3\u00ab shtun\u00c3\u00ab. Ai uron q\u00c3\u00ab ajo t\u00c3\u00ab q\u00c3\u00abndroj\u00c3\u00ab edhe disa jav\u00c3\u00ab.\",\"breadcrumb\":{\"@id\":\"https:\/\/www.visit-ulcinj.com\/blog\/2009\/04\/10\/anjeza-dhe-eltoni-ju-dua-se-s%e2%80%99keni-komplekse\/#breadcrumb\"},\"inLanguage\":\"en-US\",\"potentialAction\":[{\"@type\":\"ReadAction\",\"target\":[\"https:\/\/www.visit-ulcinj.com\/blog\/2009\/04\/10\/anjeza-dhe-eltoni-ju-dua-se-s%e2%80%99keni-komplekse\/\"]}]},{\"@type\":\"BreadcrumbList\",\"@id\":\"https:\/\/www.visit-ulcinj.com\/blog\/2009\/04\/10\/anjeza-dhe-eltoni-ju-dua-se-s%e2%80%99keni-komplekse\/#breadcrumb\",\"itemListElement\":[{\"@type\":\"ListItem\",\"position\":1,\"name\":\"Anjeza dhe Eltoni : Ju dua se s\u2019keni komplekse\"}]},{\"@type\":\"Person\",\"@id\":\"https:\/\/www.visit-ulcinj.com\/blog\/#\/schema\/person\/dcab619c614d3038751c63bc2aadc06d\",\"name\":\"ulqini\",\"sameAs\":[\"http:\/\/www.visit-ulcinj.com\"],\"url\":\"https:\/\/www.visit-ulcinj.com\/blog\/author\/admin\/\"}]}<\/script>\n<!-- \/ Yoast SEO plugin. -->","yoast_head_json":{"title":"Anjeza dhe Eltoni : Ju dua se s\u00e2\u20ac\u2122keni komplekse | Big Brother Albania 2","description":"Big Brother Albania 2 - Eltoni ia uron Anjez\u00c3\u00abs q\u00c3\u00ab t\u00c3\u00ab q\u00c3\u00abndroj\u00c3\u00ab n\u00c3\u00ab sht\u00c3\u00abpi e mos t\u00c3\u00ab eleminohet k\u00c3\u00abt\u00c3\u00ab t\u00c3\u00ab shtun\u00c3\u00ab. Ai uron q\u00c3\u00ab ajo t\u00c3\u00ab q\u00c3\u00abndroj\u00c3\u00ab edhe disa jav\u00c3\u00ab.","robots":{"index":"index","follow":"follow","max-snippet":"max-snippet:-1","max-image-preview":"max-image-preview:large","max-video-preview":"max-video-preview:-1"},"canonical":"https:\/\/www.visit-ulcinj.com\/blog\/2009\/04\/10\/anjeza-dhe-eltoni-ju-dua-se-s\u2019keni-komplekse\/","og_locale":"en_US","og_type":"article","og_title":"Anjeza dhe Eltoni : Ju dua se s\u00e2\u20ac\u2122keni komplekse | Big Brother Albania 2","og_description":"Big Brother Albania 2 - Eltoni ia uron Anjez\u00c3\u00abs q\u00c3\u00ab t\u00c3\u00ab q\u00c3\u00abndroj\u00c3\u00ab n\u00c3\u00ab sht\u00c3\u00abpi e mos t\u00c3\u00ab eleminohet k\u00c3\u00abt\u00c3\u00ab t\u00c3\u00ab shtun\u00c3\u00ab. Ai uron q\u00c3\u00ab ajo t\u00c3\u00ab q\u00c3\u00abndroj\u00c3\u00ab edhe disa jav\u00c3\u00ab.","og_url":"https:\/\/www.visit-ulcinj.com\/blog\/2009\/04\/10\/anjeza-dhe-eltoni-ju-dua-se-s\u2019keni-komplekse\/","og_site_name":"Lajme nga Ulqini","article_published_time":"2009-04-10T14:27:53+00:00","article_modified_time":"2009-04-10T12:33:08+00:00","og_image":[{"url":"http:\/\/www.visit-ulcinj.com\/blog\/wp-content\/uploads\/2009\/04\/anjezatoni-per-nomin.jpg"}],"twitter_misc":{"Written by":"ulqini","Est. reading time":"1 minute"},"schema":{"@context":"https:\/\/schema.org","@graph":[{"@type":"WebSite","@id":"https:\/\/www.visit-ulcinj.com\/blog\/#website","url":"https:\/\/www.visit-ulcinj.com\/blog\/","name":"Lajme nga Ulqini","description":"Lajme,Vijesti,Ulqini,Ulqin,Crna Gora,Mali i Zi","potentialAction":[{"@type":"SearchAction","target":{"@type":"EntryPoint","urlTemplate":"https:\/\/www.visit-ulcinj.com\/blog\/?s={search_term_string}"},"query-input":"required name=search_term_string"}],"inLanguage":"en-US"},{"@type":"ImageObject","inLanguage":"en-US","@id":"https:\/\/www.visit-ulcinj.com\/blog\/2009\/04\/10\/anjeza-dhe-eltoni-ju-dua-se-s%e2%80%99keni-komplekse\/#primaryimage","url":"http:\/\/www.visit-ulcinj.com\/blog\/wp-content\/uploads\/2009\/04\/anjezatoni-per-nomin.jpg","contentUrl":"http:\/\/www.visit-ulcinj.com\/blog\/wp-content\/uploads\/2009\/04\/anjezatoni-per-nomin.jpg"},{"@type":"WebPage","@id":"https:\/\/www.visit-ulcinj.com\/blog\/2009\/04\/10\/anjeza-dhe-eltoni-ju-dua-se-s%e2%80%99keni-komplekse\/#webpage","url":"https:\/\/www.visit-ulcinj.com\/blog\/2009\/04\/10\/anjeza-dhe-eltoni-ju-dua-se-s%e2%80%99keni-komplekse\/","name":"Anjeza dhe Eltoni : Ju dua se s\u00e2\u20ac\u2122keni komplekse | Big Brother Albania 2","isPartOf":{"@id":"https:\/\/www.visit-ulcinj.com\/blog\/#website"},"primaryImageOfPage":{"@id":"https:\/\/www.visit-ulcinj.com\/blog\/2009\/04\/10\/anjeza-dhe-eltoni-ju-dua-se-s%e2%80%99keni-komplekse\/#primaryimage"},"datePublished":"2009-04-10T14:27:53+00:00","dateModified":"2009-04-10T12:33:08+00:00","author":{"@id":"https:\/\/www.visit-ulcinj.com\/blog\/#\/schema\/person\/dcab619c614d3038751c63bc2aadc06d"},"description":"Big Brother Albania 2 - Eltoni ia uron Anjez\u00c3\u00abs q\u00c3\u00ab t\u00c3\u00ab q\u00c3\u00abndroj\u00c3\u00ab n\u00c3\u00ab sht\u00c3\u00abpi e mos t\u00c3\u00ab eleminohet k\u00c3\u00abt\u00c3\u00ab t\u00c3\u00ab shtun\u00c3\u00ab. Ai uron q\u00c3\u00ab ajo t\u00c3\u00ab q\u00c3\u00abndroj\u00c3\u00ab edhe disa jav\u00c3\u00ab.","breadcrumb":{"@id":"https:\/\/www.visit-ulcinj.com\/blog\/2009\/04\/10\/anjeza-dhe-eltoni-ju-dua-se-s%e2%80%99keni-komplekse\/#breadcrumb"},"inLanguage":"en-US","potentialAction":[{"@type":"ReadAction","target":["https:\/\/www.visit-ulcinj.com\/blog\/2009\/04\/10\/anjeza-dhe-eltoni-ju-dua-se-s%e2%80%99keni-komplekse\/"]}]},{"@type":"BreadcrumbList","@id":"https:\/\/www.visit-ulcinj.com\/blog\/2009\/04\/10\/anjeza-dhe-eltoni-ju-dua-se-s%e2%80%99keni-komplekse\/#breadcrumb","itemListElement":[{"@type":"ListItem","position":1,"name":"Anjeza dhe Eltoni : Ju dua se s\u2019keni komplekse"}]},{"@type":"Person","@id":"https:\/\/www.visit-ulcinj.com\/blog\/#\/schema\/person\/dcab619c614d3038751c63bc2aadc06d","name":"ulqini","sameAs":["http:\/\/www.visit-ulcinj.com"],"url":"https:\/\/www.visit-ulcinj.com\/blog\/author\/admin\/"}]}},"jetpack_featured_media_url":"","jetpack_sharing_enabled":true,"jetpack_shortlink":"https:\/\/wp.me\/pe6lTn-4tQ","_links":{"self":[{"href":"https:\/\/www.visit-ulcinj.com\/blog\/wp-json\/wp\/v2\/posts\/17226"}],"collection":[{"href":"https:\/\/www.visit-ulcinj.com\/blog\/wp-json\/wp\/v2\/posts"}],"about":[{"href":"https:\/\/www.visit-ulcinj.com\/blog\/wp-json\/wp\/v2\/types\/post"}],"author":[{"embeddable":true,"href":"https:\/\/www.visit-ulcinj.com\/blog\/wp-json\/wp\/v2\/users\/1"}],"replies":[{"embeddable":true,"href":"https:\/\/www.visit-ulcinj.com\/blog\/wp-json\/wp\/v2\/comments?post=17226"}],"version-history":[{"count":0,"href":"https:\/\/www.visit-ulcinj.com\/blog\/wp-json\/wp\/v2\/posts\/17226\/revisions"}],"wp:attachment":[{"href":"https:\/\/www.visit-ulcinj.com\/blog\/wp-json\/wp\/v2\/media?parent=17226"}],"wp:term":[{"taxonomy":"category","embeddable":true,"href":"https:\/\/www.visit-ulcinj.com\/blog\/wp-json\/wp\/v2\/categories?post=17226"},{"taxonomy":"post_tag","embeddable":true,"href":"https:\/\/www.visit-ulcinj.com\/blog\/wp-json\/wp\/v2\/tags?post=17226"}],"curies":[{"name":"wp","href":"https:\/\/api.w.org\/{rel}","templated":true}]}}