{"id":17234,"date":"2009-04-10T16:39:44","date_gmt":"2009-04-10T14:39:44","guid":{"rendered":"http:\/\/www.visit-ulcinj.com\/blog\/?p=17234"},"modified":"2009-04-10T14:41:18","modified_gmt":"2009-04-10T12:41:18","slug":"eltoni-dritani-ndoshta-ka-frike","status":"publish","type":"post","link":"https:\/\/www.visit-ulcinj.com\/blog\/2009\/04\/10\/eltoni-dritani-ndoshta-ka-frike\/","title":{"rendered":"Eltoni : Dritani ndoshta ka frik\u00eb"},"content":{"rendered":"<p><em><span class=\"newsdate\"><a href=\"http:\/\/www.visit-ulcinj.com\/blog\/wp-content\/uploads\/2009\/04\/junatoni-per-tanin.jpg\"><img loading=\"lazy\" class=\"alignleft size-full wp-image-17235\" title=\"junatoni-per-tanin-big-brother-albania-2\" src=\"http:\/\/www.visit-ulcinj.com\/blog\/wp-content\/uploads\/2009\/04\/junatoni-per-tanin.jpg\" alt=\"junatoni-per-tanin-big-brother-albania-2\" width=\"300\" height=\"205\" \/><\/a>08\/04\/09 18:42<\/span><\/em><\/p>\n<p>Eltoni e merr Jun\u00ebn vec dhe i tregon p\u00ebr Dritanin, i cili i ka th\u00ebn\u00eb banor\u00ebve t\u00eb tjer\u00eb q\u00eb do i \u201cmasakronte\u201d konkurent\u00ebt e rinj. Ajo i thot\u00eb q\u00eb \u00ebsht\u00eb m\u00ebnyr\u00eb e t\u00eb shprehurit, dhe nuk e merr si personale k\u00ebt\u00eb gj\u00eb. Ajo shton se banor\u00ebt nuk i kan\u00eb marr\u00eb me sy t\u00eb mir\u00eb. Sipas Eltonit pritej nj\u00eb gj\u00eb e till\u00eb, por m\u00ebnyra e t\u00eb shprehurit t\u00eb Dritanit nuk i kishte p\u00eblqyer. Juna i thot\u00eb q\u00eb ajo ishte n\u00eb dijeni t\u00eb nj\u00eb diskutimi t\u00eb till\u00eb nga banor\u00ebt. Eltoni mundohet q\u00eb t\u00eb gjej arsyet e Dritanit dhe thot\u00eb:-\u201c Ndoshta ka dhe frik\u00eb!\u201d Biseda kalon tek jeta brenda Big Brother. Juna i thot\u00eb q\u00eb asaj i p\u00eblqen m\u00ebnyra e jetes\u00ebs. Eltoni mendon q\u00eb banor\u00ebt duhet t\u00eb jen\u00eb m\u00eb arg\u00ebtues.<\/p>\n","protected":false},"excerpt":{"rendered":"<p>08\/04\/09 18:42 Eltoni e merr Jun\u00ebn vec dhe i tregon p\u00ebr Dritanin, i cili i ka th\u00ebn\u00eb banor\u00ebve t\u00eb tjer\u00eb q\u00eb do i \u201cmasakronte\u201d konkurent\u00ebt e rinj. Ajo i thot\u00eb q\u00eb \u00ebsht\u00eb m\u00ebnyr\u00eb e t\u00eb shprehurit, dhe nuk e merr si personale k\u00ebt\u00eb gj\u00eb. Ajo shton se banor\u00ebt nuk i kan\u00eb marr\u00eb me sy t\u00eb [&hellip;]<\/p>\n","protected":false},"author":1,"featured_media":0,"comment_status":"open","ping_status":"closed","sticky":false,"template":"","format":"standard","meta":{"spay_email":"","jetpack_publicize_message":"","jetpack_is_tweetstorm":false,"jetpack_publicize_feature_enabled":true},"categories":[6502],"tags":[5057,6506,6516,6712,7129,6521,8776,1442,6891,6693,6887,8875],"jetpack_publicize_connections":[],"yoast_head":"<!-- This site is optimized with the Yoast SEO plugin v19.1 - https:\/\/yoast.com\/wordpress\/plugins\/seo\/ -->\n<title>Eltoni : Dritani ndoshta ka frik\u00c3\u00ab | Big Brother Albania 2<\/title>\n<meta name=\"description\" content=\"Big Brother Albania 2 - Eltoni e merr Jun\u00c3\u00abn vec dhe i tregon p\u00c3\u00abr Dritanin, i cili i ka th\u00c3\u00abn\u00c3\u00ab banor\u00c3\u00abve t\u00c3\u00ab tjer\u00c3\u00ab q\u00c3\u00ab do i \u00e2\u20ac\u0153masakronte\u00e2\u20ac\u009d konkurent\u00c3\u00abt e rinj.\" \/>\n<meta name=\"robots\" content=\"index, follow, max-snippet:-1, max-image-preview:large, max-video-preview:-1\" \/>\n<link rel=\"canonical\" href=\"https:\/\/www.visit-ulcinj.com\/blog\/2009\/04\/10\/eltoni-dritani-ndoshta-ka-frike\/\" \/>\n<meta property=\"og:locale\" content=\"en_US\" \/>\n<meta property=\"og:type\" content=\"article\" \/>\n<meta property=\"og:title\" content=\"Eltoni : Dritani ndoshta ka frik\u00c3\u00ab | Big Brother Albania 2\" \/>\n<meta property=\"og:description\" content=\"Big Brother Albania 2 - Eltoni e merr Jun\u00c3\u00abn vec dhe i tregon p\u00c3\u00abr Dritanin, i cili i ka th\u00c3\u00abn\u00c3\u00ab banor\u00c3\u00abve t\u00c3\u00ab tjer\u00c3\u00ab q\u00c3\u00ab do i \u00e2\u20ac\u0153masakronte\u00e2\u20ac\u009d konkurent\u00c3\u00abt e rinj.\" \/>\n<meta property=\"og:url\" content=\"https:\/\/www.visit-ulcinj.com\/blog\/2009\/04\/10\/eltoni-dritani-ndoshta-ka-frike\/\" \/>\n<meta property=\"og:site_name\" content=\"Lajme nga Ulqini\" \/>\n<meta property=\"article:published_time\" content=\"2009-04-10T14:39:44+00:00\" \/>\n<meta property=\"article:modified_time\" content=\"2009-04-10T12:41:18+00:00\" \/>\n<meta property=\"og:image\" content=\"http:\/\/www.visit-ulcinj.com\/blog\/wp-content\/uploads\/2009\/04\/junatoni-per-tanin.jpg\" \/>\n<meta name=\"twitter:label1\" content=\"Written by\" \/>\n\t<meta name=\"twitter:data1\" content=\"ulqini\" \/>\n\t<meta name=\"twitter:label2\" content=\"Est. reading time\" \/>\n\t<meta name=\"twitter:data2\" content=\"1 minute\" \/>\n<script type=\"application\/ld+json\" class=\"yoast-schema-graph\">{\"@context\":\"https:\/\/schema.org\",\"@graph\":[{\"@type\":\"WebSite\",\"@id\":\"https:\/\/www.visit-ulcinj.com\/blog\/#website\",\"url\":\"https:\/\/www.visit-ulcinj.com\/blog\/\",\"name\":\"Lajme nga Ulqini\",\"description\":\"Lajme,Vijesti,Ulqini,Ulqin,Crna Gora,Mali i Zi\",\"potentialAction\":[{\"@type\":\"SearchAction\",\"target\":{\"@type\":\"EntryPoint\",\"urlTemplate\":\"https:\/\/www.visit-ulcinj.com\/blog\/?s={search_term_string}\"},\"query-input\":\"required name=search_term_string\"}],\"inLanguage\":\"en-US\"},{\"@type\":\"ImageObject\",\"inLanguage\":\"en-US\",\"@id\":\"https:\/\/www.visit-ulcinj.com\/blog\/2009\/04\/10\/eltoni-dritani-ndoshta-ka-frike\/#primaryimage\",\"url\":\"http:\/\/www.visit-ulcinj.com\/blog\/wp-content\/uploads\/2009\/04\/junatoni-per-tanin.jpg\",\"contentUrl\":\"http:\/\/www.visit-ulcinj.com\/blog\/wp-content\/uploads\/2009\/04\/junatoni-per-tanin.jpg\"},{\"@type\":\"WebPage\",\"@id\":\"https:\/\/www.visit-ulcinj.com\/blog\/2009\/04\/10\/eltoni-dritani-ndoshta-ka-frike\/#webpage\",\"url\":\"https:\/\/www.visit-ulcinj.com\/blog\/2009\/04\/10\/eltoni-dritani-ndoshta-ka-frike\/\",\"name\":\"Eltoni : Dritani ndoshta ka frik\u00c3\u00ab | Big Brother Albania 2\",\"isPartOf\":{\"@id\":\"https:\/\/www.visit-ulcinj.com\/blog\/#website\"},\"primaryImageOfPage\":{\"@id\":\"https:\/\/www.visit-ulcinj.com\/blog\/2009\/04\/10\/eltoni-dritani-ndoshta-ka-frike\/#primaryimage\"},\"datePublished\":\"2009-04-10T14:39:44+00:00\",\"dateModified\":\"2009-04-10T12:41:18+00:00\",\"author\":{\"@id\":\"https:\/\/www.visit-ulcinj.com\/blog\/#\/schema\/person\/dcab619c614d3038751c63bc2aadc06d\"},\"description\":\"Big Brother Albania 2 - Eltoni e merr Jun\u00c3\u00abn vec dhe i tregon p\u00c3\u00abr Dritanin, i cili i ka th\u00c3\u00abn\u00c3\u00ab banor\u00c3\u00abve t\u00c3\u00ab tjer\u00c3\u00ab q\u00c3\u00ab do i \u00e2\u20ac\u0153masakronte\u00e2\u20ac\u009d konkurent\u00c3\u00abt e rinj.\",\"breadcrumb\":{\"@id\":\"https:\/\/www.visit-ulcinj.com\/blog\/2009\/04\/10\/eltoni-dritani-ndoshta-ka-frike\/#breadcrumb\"},\"inLanguage\":\"en-US\",\"potentialAction\":[{\"@type\":\"ReadAction\",\"target\":[\"https:\/\/www.visit-ulcinj.com\/blog\/2009\/04\/10\/eltoni-dritani-ndoshta-ka-frike\/\"]}]},{\"@type\":\"BreadcrumbList\",\"@id\":\"https:\/\/www.visit-ulcinj.com\/blog\/2009\/04\/10\/eltoni-dritani-ndoshta-ka-frike\/#breadcrumb\",\"itemListElement\":[{\"@type\":\"ListItem\",\"position\":1,\"name\":\"Eltoni : Dritani ndoshta ka frik\u00eb\"}]},{\"@type\":\"Person\",\"@id\":\"https:\/\/www.visit-ulcinj.com\/blog\/#\/schema\/person\/dcab619c614d3038751c63bc2aadc06d\",\"name\":\"ulqini\",\"sameAs\":[\"http:\/\/www.visit-ulcinj.com\"],\"url\":\"https:\/\/www.visit-ulcinj.com\/blog\/author\/admin\/\"}]}<\/script>\n<!-- \/ Yoast SEO plugin. -->","yoast_head_json":{"title":"Eltoni : Dritani ndoshta ka frik\u00c3\u00ab | Big Brother Albania 2","description":"Big Brother Albania 2 - Eltoni e merr Jun\u00c3\u00abn vec dhe i tregon p\u00c3\u00abr Dritanin, i cili i ka th\u00c3\u00abn\u00c3\u00ab banor\u00c3\u00abve t\u00c3\u00ab tjer\u00c3\u00ab q\u00c3\u00ab do i \u00e2\u20ac\u0153masakronte\u00e2\u20ac\u009d konkurent\u00c3\u00abt e rinj.","robots":{"index":"index","follow":"follow","max-snippet":"max-snippet:-1","max-image-preview":"max-image-preview:large","max-video-preview":"max-video-preview:-1"},"canonical":"https:\/\/www.visit-ulcinj.com\/blog\/2009\/04\/10\/eltoni-dritani-ndoshta-ka-frike\/","og_locale":"en_US","og_type":"article","og_title":"Eltoni : Dritani ndoshta ka frik\u00c3\u00ab | Big Brother Albania 2","og_description":"Big Brother Albania 2 - Eltoni e merr Jun\u00c3\u00abn vec dhe i tregon p\u00c3\u00abr Dritanin, i cili i ka th\u00c3\u00abn\u00c3\u00ab banor\u00c3\u00abve t\u00c3\u00ab tjer\u00c3\u00ab q\u00c3\u00ab do i \u00e2\u20ac\u0153masakronte\u00e2\u20ac\u009d konkurent\u00c3\u00abt e rinj.","og_url":"https:\/\/www.visit-ulcinj.com\/blog\/2009\/04\/10\/eltoni-dritani-ndoshta-ka-frike\/","og_site_name":"Lajme nga Ulqini","article_published_time":"2009-04-10T14:39:44+00:00","article_modified_time":"2009-04-10T12:41:18+00:00","og_image":[{"url":"http:\/\/www.visit-ulcinj.com\/blog\/wp-content\/uploads\/2009\/04\/junatoni-per-tanin.jpg"}],"twitter_misc":{"Written by":"ulqini","Est. reading time":"1 minute"},"schema":{"@context":"https:\/\/schema.org","@graph":[{"@type":"WebSite","@id":"https:\/\/www.visit-ulcinj.com\/blog\/#website","url":"https:\/\/www.visit-ulcinj.com\/blog\/","name":"Lajme nga Ulqini","description":"Lajme,Vijesti,Ulqini,Ulqin,Crna Gora,Mali i Zi","potentialAction":[{"@type":"SearchAction","target":{"@type":"EntryPoint","urlTemplate":"https:\/\/www.visit-ulcinj.com\/blog\/?s={search_term_string}"},"query-input":"required name=search_term_string"}],"inLanguage":"en-US"},{"@type":"ImageObject","inLanguage":"en-US","@id":"https:\/\/www.visit-ulcinj.com\/blog\/2009\/04\/10\/eltoni-dritani-ndoshta-ka-frike\/#primaryimage","url":"http:\/\/www.visit-ulcinj.com\/blog\/wp-content\/uploads\/2009\/04\/junatoni-per-tanin.jpg","contentUrl":"http:\/\/www.visit-ulcinj.com\/blog\/wp-content\/uploads\/2009\/04\/junatoni-per-tanin.jpg"},{"@type":"WebPage","@id":"https:\/\/www.visit-ulcinj.com\/blog\/2009\/04\/10\/eltoni-dritani-ndoshta-ka-frike\/#webpage","url":"https:\/\/www.visit-ulcinj.com\/blog\/2009\/04\/10\/eltoni-dritani-ndoshta-ka-frike\/","name":"Eltoni : Dritani ndoshta ka frik\u00c3\u00ab | Big Brother Albania 2","isPartOf":{"@id":"https:\/\/www.visit-ulcinj.com\/blog\/#website"},"primaryImageOfPage":{"@id":"https:\/\/www.visit-ulcinj.com\/blog\/2009\/04\/10\/eltoni-dritani-ndoshta-ka-frike\/#primaryimage"},"datePublished":"2009-04-10T14:39:44+00:00","dateModified":"2009-04-10T12:41:18+00:00","author":{"@id":"https:\/\/www.visit-ulcinj.com\/blog\/#\/schema\/person\/dcab619c614d3038751c63bc2aadc06d"},"description":"Big Brother Albania 2 - Eltoni e merr Jun\u00c3\u00abn vec dhe i tregon p\u00c3\u00abr Dritanin, i cili i ka th\u00c3\u00abn\u00c3\u00ab banor\u00c3\u00abve t\u00c3\u00ab tjer\u00c3\u00ab q\u00c3\u00ab do i \u00e2\u20ac\u0153masakronte\u00e2\u20ac\u009d konkurent\u00c3\u00abt e rinj.","breadcrumb":{"@id":"https:\/\/www.visit-ulcinj.com\/blog\/2009\/04\/10\/eltoni-dritani-ndoshta-ka-frike\/#breadcrumb"},"inLanguage":"en-US","potentialAction":[{"@type":"ReadAction","target":["https:\/\/www.visit-ulcinj.com\/blog\/2009\/04\/10\/eltoni-dritani-ndoshta-ka-frike\/"]}]},{"@type":"BreadcrumbList","@id":"https:\/\/www.visit-ulcinj.com\/blog\/2009\/04\/10\/eltoni-dritani-ndoshta-ka-frike\/#breadcrumb","itemListElement":[{"@type":"ListItem","position":1,"name":"Eltoni : Dritani ndoshta ka frik\u00eb"}]},{"@type":"Person","@id":"https:\/\/www.visit-ulcinj.com\/blog\/#\/schema\/person\/dcab619c614d3038751c63bc2aadc06d","name":"ulqini","sameAs":["http:\/\/www.visit-ulcinj.com"],"url":"https:\/\/www.visit-ulcinj.com\/blog\/author\/admin\/"}]}},"jetpack_featured_media_url":"","jetpack_sharing_enabled":true,"jetpack_shortlink":"https:\/\/wp.me\/pe6lTn-4tY","_links":{"self":[{"href":"https:\/\/www.visit-ulcinj.com\/blog\/wp-json\/wp\/v2\/posts\/17234"}],"collection":[{"href":"https:\/\/www.visit-ulcinj.com\/blog\/wp-json\/wp\/v2\/posts"}],"about":[{"href":"https:\/\/www.visit-ulcinj.com\/blog\/wp-json\/wp\/v2\/types\/post"}],"author":[{"embeddable":true,"href":"https:\/\/www.visit-ulcinj.com\/blog\/wp-json\/wp\/v2\/users\/1"}],"replies":[{"embeddable":true,"href":"https:\/\/www.visit-ulcinj.com\/blog\/wp-json\/wp\/v2\/comments?post=17234"}],"version-history":[{"count":0,"href":"https:\/\/www.visit-ulcinj.com\/blog\/wp-json\/wp\/v2\/posts\/17234\/revisions"}],"wp:attachment":[{"href":"https:\/\/www.visit-ulcinj.com\/blog\/wp-json\/wp\/v2\/media?parent=17234"}],"wp:term":[{"taxonomy":"category","embeddable":true,"href":"https:\/\/www.visit-ulcinj.com\/blog\/wp-json\/wp\/v2\/categories?post=17234"},{"taxonomy":"post_tag","embeddable":true,"href":"https:\/\/www.visit-ulcinj.com\/blog\/wp-json\/wp\/v2\/tags?post=17234"}],"curies":[{"name":"wp","href":"https:\/\/api.w.org\/{rel}","templated":true}]}}