{"id":17244,"date":"2009-04-10T16:51:05","date_gmt":"2009-04-10T14:51:05","guid":{"rendered":"http:\/\/www.visit-ulcinj.com\/blog\/?p=17244"},"modified":"2009-04-10T14:55:06","modified_gmt":"2009-04-10T12:55:06","slug":"aida-dhe-mimoza-ti-nuk-ke-bere-loje-te-piste","status":"publish","type":"post","link":"https:\/\/www.visit-ulcinj.com\/blog\/2009\/04\/10\/aida-dhe-mimoza-ti-nuk-ke-bere-loje-te-piste\/","title":{"rendered":"Aida dhe Mimoza : Ti nuk ke b\u00ebr\u00eb loj\u00eb t\u00eb pist\u00eb"},"content":{"rendered":"<p><em><span class=\"newsdate\">a<a href=\"http:\/\/www.visit-ulcinj.com\/blog\/wp-content\/uploads\/2009\/04\/moza-aida-troka-dritani.jpg\"><img loading=\"lazy\" class=\"alignleft size-full wp-image-17245\" title=\"moza-aida-troka-dritani-big-brother-albania-2\" src=\"http:\/\/www.visit-ulcinj.com\/blog\/wp-content\/uploads\/2009\/04\/moza-aida-troka-dritani.jpg\" alt=\"moza-aida-troka-dritani-big-brother-albania-2\" width=\"300\" height=\"205\" \/><\/a>09\/04\/09 03:35<\/span><\/em><\/p>\n<p>Duke iu rikthyer bised\u00ebs mbi debatin e Dritanit me Mimoz\u00ebn, Aida e ka k\u00ebshilluar at\u00eb se duhet q\u00eb \u00e7do gj\u00eb ta b\u00ebnte me qet\u00ebsi. Ajo i ka th\u00ebn\u00eb se n\u00ebse dikush do t\u00eb mundohej t\u00eb kapej me t\u00eb ajo duhet t\u2019i thoshte se ishte 19 vje\u00e7e dhe pasqyronte pjekurin\u00eb e k\u00ebsaj moshe, pasi ishte anormale, sipas Aid\u00ebs, q\u00eb dikujt n\u00eb k\u00ebt\u00eb mosh\u00eb t\u2019i k\u00ebrkoj\u00eb t\u00eb kishte pjekurin\u00eb e nj\u00eb 30 vje\u00e7ari. \u201cTi loj\u00eb t\u00eb pist\u00eb nuk ke b\u00ebr\u00eb!\u201d \u2013 i ka th\u00ebn\u00eb ajo Mimoz\u00ebs. Mimoza ka th\u00ebn\u00eb se t\u00eb gjith\u00eb e tregojn\u00eb veten kur jan\u00eb n\u00eb nominim.<\/p>\n","protected":false},"excerpt":{"rendered":"<p>a09\/04\/09 03:35 Duke iu rikthyer bised\u00ebs mbi debatin e Dritanit me Mimoz\u00ebn, Aida e ka k\u00ebshilluar at\u00eb se duhet q\u00eb \u00e7do gj\u00eb ta b\u00ebnte me qet\u00ebsi. Ajo i ka th\u00ebn\u00eb se n\u00ebse dikush do t\u00eb mundohej t\u00eb kapej me t\u00eb ajo duhet t\u2019i thoshte se ishte 19 vje\u00e7e dhe pasqyronte pjekurin\u00eb e k\u00ebsaj moshe, pasi [&hellip;]<\/p>\n","protected":false},"author":1,"featured_media":0,"comment_status":"open","ping_status":"closed","sticky":false,"template":"","format":"standard","meta":{"spay_email":"","jetpack_publicize_message":"","jetpack_is_tweetstorm":false,"jetpack_publicize_feature_enabled":true},"categories":[6502],"tags":[6537,5057,6506,6516,6712,7129,6521,6544,6891,6693,6887],"jetpack_publicize_connections":[],"yoast_head":"<!-- This site is optimized with the Yoast SEO plugin v19.1 - https:\/\/yoast.com\/wordpress\/plugins\/seo\/ -->\n<title>Aida dhe Mimoza : Ti nuk ke b\u00c3\u00abr\u00c3\u00ab loj\u00c3\u00ab t\u00c3\u00ab pist\u00c3\u00ab | Big Brother Albania 2<\/title>\n<meta name=\"description\" content=\"Big Brother Albania 2 - Duke iu rikthyer bised\u00c3\u00abs mbi debatin e Dritanit me Mimoz\u00c3\u00abn, Aida e ka k\u00c3\u00abshilluar at\u00c3\u00ab se duhet q\u00c3\u00ab \u00c3\u00a7do gj\u00c3\u00ab ta b\u00c3\u00abnte me qet\u00c3\u00absi.\" \/>\n<meta name=\"robots\" content=\"index, follow, max-snippet:-1, max-image-preview:large, max-video-preview:-1\" \/>\n<link rel=\"canonical\" href=\"https:\/\/www.visit-ulcinj.com\/blog\/2009\/04\/10\/aida-dhe-mimoza-ti-nuk-ke-bere-loje-te-piste\/\" \/>\n<meta property=\"og:locale\" content=\"en_US\" \/>\n<meta property=\"og:type\" content=\"article\" \/>\n<meta property=\"og:title\" content=\"Aida dhe Mimoza : Ti nuk ke b\u00c3\u00abr\u00c3\u00ab loj\u00c3\u00ab t\u00c3\u00ab pist\u00c3\u00ab | Big Brother Albania 2\" \/>\n<meta property=\"og:description\" content=\"Big Brother Albania 2 - Duke iu rikthyer bised\u00c3\u00abs mbi debatin e Dritanit me Mimoz\u00c3\u00abn, Aida e ka k\u00c3\u00abshilluar at\u00c3\u00ab se duhet q\u00c3\u00ab \u00c3\u00a7do gj\u00c3\u00ab ta b\u00c3\u00abnte me qet\u00c3\u00absi.\" \/>\n<meta property=\"og:url\" content=\"https:\/\/www.visit-ulcinj.com\/blog\/2009\/04\/10\/aida-dhe-mimoza-ti-nuk-ke-bere-loje-te-piste\/\" \/>\n<meta property=\"og:site_name\" content=\"Lajme nga Ulqini\" \/>\n<meta property=\"article:published_time\" content=\"2009-04-10T14:51:05+00:00\" \/>\n<meta property=\"article:modified_time\" content=\"2009-04-10T12:55:06+00:00\" \/>\n<meta property=\"og:image\" content=\"http:\/\/www.visit-ulcinj.com\/blog\/wp-content\/uploads\/2009\/04\/moza-aida-troka-dritani.jpg\" \/>\n<meta name=\"twitter:label1\" content=\"Written by\" \/>\n\t<meta name=\"twitter:data1\" content=\"ulqini\" \/>\n\t<meta name=\"twitter:label2\" content=\"Est. reading time\" \/>\n\t<meta name=\"twitter:data2\" content=\"1 minute\" \/>\n<script type=\"application\/ld+json\" class=\"yoast-schema-graph\">{\"@context\":\"https:\/\/schema.org\",\"@graph\":[{\"@type\":\"WebSite\",\"@id\":\"https:\/\/www.visit-ulcinj.com\/blog\/#website\",\"url\":\"https:\/\/www.visit-ulcinj.com\/blog\/\",\"name\":\"Lajme nga Ulqini\",\"description\":\"Lajme,Vijesti,Ulqini,Ulqin,Crna Gora,Mali i Zi\",\"potentialAction\":[{\"@type\":\"SearchAction\",\"target\":{\"@type\":\"EntryPoint\",\"urlTemplate\":\"https:\/\/www.visit-ulcinj.com\/blog\/?s={search_term_string}\"},\"query-input\":\"required name=search_term_string\"}],\"inLanguage\":\"en-US\"},{\"@type\":\"ImageObject\",\"inLanguage\":\"en-US\",\"@id\":\"https:\/\/www.visit-ulcinj.com\/blog\/2009\/04\/10\/aida-dhe-mimoza-ti-nuk-ke-bere-loje-te-piste\/#primaryimage\",\"url\":\"http:\/\/www.visit-ulcinj.com\/blog\/wp-content\/uploads\/2009\/04\/moza-aida-troka-dritani.jpg\",\"contentUrl\":\"http:\/\/www.visit-ulcinj.com\/blog\/wp-content\/uploads\/2009\/04\/moza-aida-troka-dritani.jpg\"},{\"@type\":\"WebPage\",\"@id\":\"https:\/\/www.visit-ulcinj.com\/blog\/2009\/04\/10\/aida-dhe-mimoza-ti-nuk-ke-bere-loje-te-piste\/#webpage\",\"url\":\"https:\/\/www.visit-ulcinj.com\/blog\/2009\/04\/10\/aida-dhe-mimoza-ti-nuk-ke-bere-loje-te-piste\/\",\"name\":\"Aida dhe Mimoza : Ti nuk ke b\u00c3\u00abr\u00c3\u00ab loj\u00c3\u00ab t\u00c3\u00ab pist\u00c3\u00ab | Big Brother Albania 2\",\"isPartOf\":{\"@id\":\"https:\/\/www.visit-ulcinj.com\/blog\/#website\"},\"primaryImageOfPage\":{\"@id\":\"https:\/\/www.visit-ulcinj.com\/blog\/2009\/04\/10\/aida-dhe-mimoza-ti-nuk-ke-bere-loje-te-piste\/#primaryimage\"},\"datePublished\":\"2009-04-10T14:51:05+00:00\",\"dateModified\":\"2009-04-10T12:55:06+00:00\",\"author\":{\"@id\":\"https:\/\/www.visit-ulcinj.com\/blog\/#\/schema\/person\/dcab619c614d3038751c63bc2aadc06d\"},\"description\":\"Big Brother Albania 2 - Duke iu rikthyer bised\u00c3\u00abs mbi debatin e Dritanit me Mimoz\u00c3\u00abn, Aida e ka k\u00c3\u00abshilluar at\u00c3\u00ab se duhet q\u00c3\u00ab \u00c3\u00a7do gj\u00c3\u00ab ta b\u00c3\u00abnte me qet\u00c3\u00absi.\",\"breadcrumb\":{\"@id\":\"https:\/\/www.visit-ulcinj.com\/blog\/2009\/04\/10\/aida-dhe-mimoza-ti-nuk-ke-bere-loje-te-piste\/#breadcrumb\"},\"inLanguage\":\"en-US\",\"potentialAction\":[{\"@type\":\"ReadAction\",\"target\":[\"https:\/\/www.visit-ulcinj.com\/blog\/2009\/04\/10\/aida-dhe-mimoza-ti-nuk-ke-bere-loje-te-piste\/\"]}]},{\"@type\":\"BreadcrumbList\",\"@id\":\"https:\/\/www.visit-ulcinj.com\/blog\/2009\/04\/10\/aida-dhe-mimoza-ti-nuk-ke-bere-loje-te-piste\/#breadcrumb\",\"itemListElement\":[{\"@type\":\"ListItem\",\"position\":1,\"name\":\"Aida dhe Mimoza : Ti nuk ke b\u00ebr\u00eb loj\u00eb t\u00eb pist\u00eb\"}]},{\"@type\":\"Person\",\"@id\":\"https:\/\/www.visit-ulcinj.com\/blog\/#\/schema\/person\/dcab619c614d3038751c63bc2aadc06d\",\"name\":\"ulqini\",\"sameAs\":[\"http:\/\/www.visit-ulcinj.com\"],\"url\":\"https:\/\/www.visit-ulcinj.com\/blog\/author\/admin\/\"}]}<\/script>\n<!-- \/ Yoast SEO plugin. -->","yoast_head_json":{"title":"Aida dhe Mimoza : Ti nuk ke b\u00c3\u00abr\u00c3\u00ab loj\u00c3\u00ab t\u00c3\u00ab pist\u00c3\u00ab | Big Brother Albania 2","description":"Big Brother Albania 2 - Duke iu rikthyer bised\u00c3\u00abs mbi debatin e Dritanit me Mimoz\u00c3\u00abn, Aida e ka k\u00c3\u00abshilluar at\u00c3\u00ab se duhet q\u00c3\u00ab \u00c3\u00a7do gj\u00c3\u00ab ta b\u00c3\u00abnte me qet\u00c3\u00absi.","robots":{"index":"index","follow":"follow","max-snippet":"max-snippet:-1","max-image-preview":"max-image-preview:large","max-video-preview":"max-video-preview:-1"},"canonical":"https:\/\/www.visit-ulcinj.com\/blog\/2009\/04\/10\/aida-dhe-mimoza-ti-nuk-ke-bere-loje-te-piste\/","og_locale":"en_US","og_type":"article","og_title":"Aida dhe Mimoza : Ti nuk ke b\u00c3\u00abr\u00c3\u00ab loj\u00c3\u00ab t\u00c3\u00ab pist\u00c3\u00ab | Big Brother Albania 2","og_description":"Big Brother Albania 2 - Duke iu rikthyer bised\u00c3\u00abs mbi debatin e Dritanit me Mimoz\u00c3\u00abn, Aida e ka k\u00c3\u00abshilluar at\u00c3\u00ab se duhet q\u00c3\u00ab \u00c3\u00a7do gj\u00c3\u00ab ta b\u00c3\u00abnte me qet\u00c3\u00absi.","og_url":"https:\/\/www.visit-ulcinj.com\/blog\/2009\/04\/10\/aida-dhe-mimoza-ti-nuk-ke-bere-loje-te-piste\/","og_site_name":"Lajme nga Ulqini","article_published_time":"2009-04-10T14:51:05+00:00","article_modified_time":"2009-04-10T12:55:06+00:00","og_image":[{"url":"http:\/\/www.visit-ulcinj.com\/blog\/wp-content\/uploads\/2009\/04\/moza-aida-troka-dritani.jpg"}],"twitter_misc":{"Written by":"ulqini","Est. reading time":"1 minute"},"schema":{"@context":"https:\/\/schema.org","@graph":[{"@type":"WebSite","@id":"https:\/\/www.visit-ulcinj.com\/blog\/#website","url":"https:\/\/www.visit-ulcinj.com\/blog\/","name":"Lajme nga Ulqini","description":"Lajme,Vijesti,Ulqini,Ulqin,Crna Gora,Mali i Zi","potentialAction":[{"@type":"SearchAction","target":{"@type":"EntryPoint","urlTemplate":"https:\/\/www.visit-ulcinj.com\/blog\/?s={search_term_string}"},"query-input":"required name=search_term_string"}],"inLanguage":"en-US"},{"@type":"ImageObject","inLanguage":"en-US","@id":"https:\/\/www.visit-ulcinj.com\/blog\/2009\/04\/10\/aida-dhe-mimoza-ti-nuk-ke-bere-loje-te-piste\/#primaryimage","url":"http:\/\/www.visit-ulcinj.com\/blog\/wp-content\/uploads\/2009\/04\/moza-aida-troka-dritani.jpg","contentUrl":"http:\/\/www.visit-ulcinj.com\/blog\/wp-content\/uploads\/2009\/04\/moza-aida-troka-dritani.jpg"},{"@type":"WebPage","@id":"https:\/\/www.visit-ulcinj.com\/blog\/2009\/04\/10\/aida-dhe-mimoza-ti-nuk-ke-bere-loje-te-piste\/#webpage","url":"https:\/\/www.visit-ulcinj.com\/blog\/2009\/04\/10\/aida-dhe-mimoza-ti-nuk-ke-bere-loje-te-piste\/","name":"Aida dhe Mimoza : Ti nuk ke b\u00c3\u00abr\u00c3\u00ab loj\u00c3\u00ab t\u00c3\u00ab pist\u00c3\u00ab | Big Brother Albania 2","isPartOf":{"@id":"https:\/\/www.visit-ulcinj.com\/blog\/#website"},"primaryImageOfPage":{"@id":"https:\/\/www.visit-ulcinj.com\/blog\/2009\/04\/10\/aida-dhe-mimoza-ti-nuk-ke-bere-loje-te-piste\/#primaryimage"},"datePublished":"2009-04-10T14:51:05+00:00","dateModified":"2009-04-10T12:55:06+00:00","author":{"@id":"https:\/\/www.visit-ulcinj.com\/blog\/#\/schema\/person\/dcab619c614d3038751c63bc2aadc06d"},"description":"Big Brother Albania 2 - Duke iu rikthyer bised\u00c3\u00abs mbi debatin e Dritanit me Mimoz\u00c3\u00abn, Aida e ka k\u00c3\u00abshilluar at\u00c3\u00ab se duhet q\u00c3\u00ab \u00c3\u00a7do gj\u00c3\u00ab ta b\u00c3\u00abnte me qet\u00c3\u00absi.","breadcrumb":{"@id":"https:\/\/www.visit-ulcinj.com\/blog\/2009\/04\/10\/aida-dhe-mimoza-ti-nuk-ke-bere-loje-te-piste\/#breadcrumb"},"inLanguage":"en-US","potentialAction":[{"@type":"ReadAction","target":["https:\/\/www.visit-ulcinj.com\/blog\/2009\/04\/10\/aida-dhe-mimoza-ti-nuk-ke-bere-loje-te-piste\/"]}]},{"@type":"BreadcrumbList","@id":"https:\/\/www.visit-ulcinj.com\/blog\/2009\/04\/10\/aida-dhe-mimoza-ti-nuk-ke-bere-loje-te-piste\/#breadcrumb","itemListElement":[{"@type":"ListItem","position":1,"name":"Aida dhe Mimoza : Ti nuk ke b\u00ebr\u00eb loj\u00eb t\u00eb pist\u00eb"}]},{"@type":"Person","@id":"https:\/\/www.visit-ulcinj.com\/blog\/#\/schema\/person\/dcab619c614d3038751c63bc2aadc06d","name":"ulqini","sameAs":["http:\/\/www.visit-ulcinj.com"],"url":"https:\/\/www.visit-ulcinj.com\/blog\/author\/admin\/"}]}},"jetpack_featured_media_url":"","jetpack_sharing_enabled":true,"jetpack_shortlink":"https:\/\/wp.me\/pe6lTn-4u8","_links":{"self":[{"href":"https:\/\/www.visit-ulcinj.com\/blog\/wp-json\/wp\/v2\/posts\/17244"}],"collection":[{"href":"https:\/\/www.visit-ulcinj.com\/blog\/wp-json\/wp\/v2\/posts"}],"about":[{"href":"https:\/\/www.visit-ulcinj.com\/blog\/wp-json\/wp\/v2\/types\/post"}],"author":[{"embeddable":true,"href":"https:\/\/www.visit-ulcinj.com\/blog\/wp-json\/wp\/v2\/users\/1"}],"replies":[{"embeddable":true,"href":"https:\/\/www.visit-ulcinj.com\/blog\/wp-json\/wp\/v2\/comments?post=17244"}],"version-history":[{"count":0,"href":"https:\/\/www.visit-ulcinj.com\/blog\/wp-json\/wp\/v2\/posts\/17244\/revisions"}],"wp:attachment":[{"href":"https:\/\/www.visit-ulcinj.com\/blog\/wp-json\/wp\/v2\/media?parent=17244"}],"wp:term":[{"taxonomy":"category","embeddable":true,"href":"https:\/\/www.visit-ulcinj.com\/blog\/wp-json\/wp\/v2\/categories?post=17244"},{"taxonomy":"post_tag","embeddable":true,"href":"https:\/\/www.visit-ulcinj.com\/blog\/wp-json\/wp\/v2\/tags?post=17244"}],"curies":[{"name":"wp","href":"https:\/\/api.w.org\/{rel}","templated":true}]}}