{"id":17254,"date":"2009-04-10T17:00:37","date_gmt":"2009-04-10T15:00:37","guid":{"rendered":"http:\/\/www.visit-ulcinj.com\/blog\/?p=17254"},"modified":"2009-04-10T15:02:26","modified_gmt":"2009-04-10T13:02:26","slug":"mimoza-ti-nuk-i-pranon-mendimet-e-te-tjereve","status":"publish","type":"post","link":"https:\/\/www.visit-ulcinj.com\/blog\/2009\/04\/10\/mimoza-ti-nuk-i-pranon-mendimet-e-te-tjereve\/","title":{"rendered":"Mimoza : Ti nuk i pranon mendimet e t\u00eb tjer\u00ebve"},"content":{"rendered":"<p><em><span class=\"newsdate\"><a href=\"http:\/\/www.visit-ulcinj.com\/blog\/wp-content\/uploads\/2009\/04\/tanimoza.jpg\"><img loading=\"lazy\" class=\"alignleft size-full wp-image-17256\" title=\"tani-moza-big-brother-albania-2\" src=\"http:\/\/www.visit-ulcinj.com\/blog\/wp-content\/uploads\/2009\/04\/tanimoza.jpg\" alt=\"tani-moza-big-brother-albania-2\" width=\"300\" height=\"205\" \/><\/a>09\/04\/09 04:12<\/span><\/em><\/p>\n<p>Diskutimi nd\u00ebrmjet Dritanit dhe Mimoz\u00ebs ka l\u00ebn\u00eb ende gjurm\u00eb mes tyre, t\u00eb pakt\u00ebn ai e shikon n\u00eb k\u00ebt\u00eb m\u00ebnyr\u00eb sepse Moza i kund\u00ebrvihet bised\u00ebs s\u00eb tij me tone bezdie. Dritani ia v\u00eb k\u00ebt\u00eb supozim n\u00eb dukje Moz\u00ebs dhe i thot\u00eb se me t\u00eb nuk mund t\u00eb bisedohet qet\u00ebsisht, pasi ajo ende mendon p\u00ebr diskutimin q\u00eb ndodhi midis tyre nj\u00eb nat\u00eb m\u00eb par\u00eb. Ai shprehet se asaj, mjafton t\u2019i thuash disa fjal\u00eb t\u00eb bukura dhe gjithcka \u00ebsht\u00eb n\u00eb rregull sepse mendimet e t\u00eb tjer\u00ebve p\u00ebr t\u00eb, ajo nuk i pranon. Mimoza ia kthen se k\u00ebt\u00eb bised\u00eb b\u00ebjn\u00eb mir\u00eb ta zhvillojn\u00eb dit\u00ebn tjet\u00ebr, duke i dh\u00ebn\u00eb k\u00ebshtu fund diskutimit t\u00eb saponisur prej tij.<\/p>\n","protected":false},"excerpt":{"rendered":"<p>09\/04\/09 04:12 Diskutimi nd\u00ebrmjet Dritanit dhe Mimoz\u00ebs ka l\u00ebn\u00eb ende gjurm\u00eb mes tyre, t\u00eb pakt\u00ebn ai e shikon n\u00eb k\u00ebt\u00eb m\u00ebnyr\u00eb sepse Moza i kund\u00ebrvihet bised\u00ebs s\u00eb tij me tone bezdie. Dritani ia v\u00eb k\u00ebt\u00eb supozim n\u00eb dukje Moz\u00ebs dhe i thot\u00eb se me t\u00eb nuk mund t\u00eb bisedohet qet\u00ebsisht, pasi ajo ende mendon p\u00ebr [&hellip;]<\/p>\n","protected":false},"author":1,"featured_media":0,"comment_status":"open","ping_status":"closed","sticky":false,"template":"","format":"standard","meta":{"spay_email":"","jetpack_publicize_message":"","jetpack_is_tweetstorm":false,"jetpack_publicize_feature_enabled":true},"categories":[6502],"tags":[5057,6506,6516,6712,7129,6521,6544,7302,6891,6693,6887],"jetpack_publicize_connections":[],"yoast_head":"<!-- This site is optimized with the Yoast SEO plugin v19.1 - https:\/\/yoast.com\/wordpress\/plugins\/seo\/ -->\n<title>Mimoza : Ti nuk i pranon mendimet e t\u00c3\u00ab tjer\u00c3\u00abve | Big Brother Albania 2<\/title>\n<meta name=\"description\" content=\"Big Brother Albania 2 - Diskutimi nd\u00c3\u00abrmjet Dritanit dhe Mimoz\u00c3\u00abs ka l\u00c3\u00abn\u00c3\u00ab ende gjurm\u00c3\u00ab mes tyre, t\u00c3\u00ab pakt\u00c3\u00abn ai e shikon n\u00c3\u00ab k\u00c3\u00abt\u00c3\u00ab m\u00c3\u00abnyr\u00c3\u00ab sepse Moza i kund\u00c3\u00abrvihet bised\u00c3\u00abs s\u00c3\u00ab tij me tone bezdie.\" \/>\n<meta name=\"robots\" content=\"index, follow, max-snippet:-1, max-image-preview:large, max-video-preview:-1\" \/>\n<link rel=\"canonical\" href=\"https:\/\/www.visit-ulcinj.com\/blog\/2009\/04\/10\/mimoza-ti-nuk-i-pranon-mendimet-e-te-tjereve\/\" \/>\n<meta property=\"og:locale\" content=\"en_US\" \/>\n<meta property=\"og:type\" content=\"article\" \/>\n<meta property=\"og:title\" content=\"Mimoza : Ti nuk i pranon mendimet e t\u00c3\u00ab tjer\u00c3\u00abve | Big Brother Albania 2\" \/>\n<meta property=\"og:description\" content=\"Big Brother Albania 2 - Diskutimi nd\u00c3\u00abrmjet Dritanit dhe Mimoz\u00c3\u00abs ka l\u00c3\u00abn\u00c3\u00ab ende gjurm\u00c3\u00ab mes tyre, t\u00c3\u00ab pakt\u00c3\u00abn ai e shikon n\u00c3\u00ab k\u00c3\u00abt\u00c3\u00ab m\u00c3\u00abnyr\u00c3\u00ab sepse Moza i kund\u00c3\u00abrvihet bised\u00c3\u00abs s\u00c3\u00ab tij me tone bezdie.\" \/>\n<meta property=\"og:url\" content=\"https:\/\/www.visit-ulcinj.com\/blog\/2009\/04\/10\/mimoza-ti-nuk-i-pranon-mendimet-e-te-tjereve\/\" \/>\n<meta property=\"og:site_name\" content=\"Lajme nga Ulqini\" \/>\n<meta property=\"article:published_time\" content=\"2009-04-10T15:00:37+00:00\" \/>\n<meta property=\"article:modified_time\" content=\"2009-04-10T13:02:26+00:00\" \/>\n<meta property=\"og:image\" content=\"http:\/\/www.visit-ulcinj.com\/blog\/wp-content\/uploads\/2009\/04\/tanimoza.jpg\" \/>\n<meta name=\"twitter:label1\" content=\"Written by\" \/>\n\t<meta name=\"twitter:data1\" content=\"ulqini\" \/>\n\t<meta name=\"twitter:label2\" content=\"Est. reading time\" \/>\n\t<meta name=\"twitter:data2\" content=\"1 minute\" \/>\n<script type=\"application\/ld+json\" class=\"yoast-schema-graph\">{\"@context\":\"https:\/\/schema.org\",\"@graph\":[{\"@type\":\"WebSite\",\"@id\":\"https:\/\/www.visit-ulcinj.com\/blog\/#website\",\"url\":\"https:\/\/www.visit-ulcinj.com\/blog\/\",\"name\":\"Lajme nga Ulqini\",\"description\":\"Lajme,Vijesti,Ulqini,Ulqin,Crna Gora,Mali i Zi\",\"potentialAction\":[{\"@type\":\"SearchAction\",\"target\":{\"@type\":\"EntryPoint\",\"urlTemplate\":\"https:\/\/www.visit-ulcinj.com\/blog\/?s={search_term_string}\"},\"query-input\":\"required name=search_term_string\"}],\"inLanguage\":\"en-US\"},{\"@type\":\"ImageObject\",\"inLanguage\":\"en-US\",\"@id\":\"https:\/\/www.visit-ulcinj.com\/blog\/2009\/04\/10\/mimoza-ti-nuk-i-pranon-mendimet-e-te-tjereve\/#primaryimage\",\"url\":\"http:\/\/www.visit-ulcinj.com\/blog\/wp-content\/uploads\/2009\/04\/tanimoza.jpg\",\"contentUrl\":\"http:\/\/www.visit-ulcinj.com\/blog\/wp-content\/uploads\/2009\/04\/tanimoza.jpg\"},{\"@type\":\"WebPage\",\"@id\":\"https:\/\/www.visit-ulcinj.com\/blog\/2009\/04\/10\/mimoza-ti-nuk-i-pranon-mendimet-e-te-tjereve\/#webpage\",\"url\":\"https:\/\/www.visit-ulcinj.com\/blog\/2009\/04\/10\/mimoza-ti-nuk-i-pranon-mendimet-e-te-tjereve\/\",\"name\":\"Mimoza : Ti nuk i pranon mendimet e t\u00c3\u00ab tjer\u00c3\u00abve | Big Brother Albania 2\",\"isPartOf\":{\"@id\":\"https:\/\/www.visit-ulcinj.com\/blog\/#website\"},\"primaryImageOfPage\":{\"@id\":\"https:\/\/www.visit-ulcinj.com\/blog\/2009\/04\/10\/mimoza-ti-nuk-i-pranon-mendimet-e-te-tjereve\/#primaryimage\"},\"datePublished\":\"2009-04-10T15:00:37+00:00\",\"dateModified\":\"2009-04-10T13:02:26+00:00\",\"author\":{\"@id\":\"https:\/\/www.visit-ulcinj.com\/blog\/#\/schema\/person\/dcab619c614d3038751c63bc2aadc06d\"},\"description\":\"Big Brother Albania 2 - Diskutimi nd\u00c3\u00abrmjet Dritanit dhe Mimoz\u00c3\u00abs ka l\u00c3\u00abn\u00c3\u00ab ende gjurm\u00c3\u00ab mes tyre, t\u00c3\u00ab pakt\u00c3\u00abn ai e shikon n\u00c3\u00ab k\u00c3\u00abt\u00c3\u00ab m\u00c3\u00abnyr\u00c3\u00ab sepse Moza i kund\u00c3\u00abrvihet bised\u00c3\u00abs s\u00c3\u00ab tij me tone bezdie.\",\"breadcrumb\":{\"@id\":\"https:\/\/www.visit-ulcinj.com\/blog\/2009\/04\/10\/mimoza-ti-nuk-i-pranon-mendimet-e-te-tjereve\/#breadcrumb\"},\"inLanguage\":\"en-US\",\"potentialAction\":[{\"@type\":\"ReadAction\",\"target\":[\"https:\/\/www.visit-ulcinj.com\/blog\/2009\/04\/10\/mimoza-ti-nuk-i-pranon-mendimet-e-te-tjereve\/\"]}]},{\"@type\":\"BreadcrumbList\",\"@id\":\"https:\/\/www.visit-ulcinj.com\/blog\/2009\/04\/10\/mimoza-ti-nuk-i-pranon-mendimet-e-te-tjereve\/#breadcrumb\",\"itemListElement\":[{\"@type\":\"ListItem\",\"position\":1,\"name\":\"Mimoza : Ti nuk i pranon mendimet e t\u00eb tjer\u00ebve\"}]},{\"@type\":\"Person\",\"@id\":\"https:\/\/www.visit-ulcinj.com\/blog\/#\/schema\/person\/dcab619c614d3038751c63bc2aadc06d\",\"name\":\"ulqini\",\"sameAs\":[\"http:\/\/www.visit-ulcinj.com\"],\"url\":\"https:\/\/www.visit-ulcinj.com\/blog\/author\/admin\/\"}]}<\/script>\n<!-- \/ Yoast SEO plugin. -->","yoast_head_json":{"title":"Mimoza : Ti nuk i pranon mendimet e t\u00c3\u00ab tjer\u00c3\u00abve | Big Brother Albania 2","description":"Big Brother Albania 2 - Diskutimi nd\u00c3\u00abrmjet Dritanit dhe Mimoz\u00c3\u00abs ka l\u00c3\u00abn\u00c3\u00ab ende gjurm\u00c3\u00ab mes tyre, t\u00c3\u00ab pakt\u00c3\u00abn ai e shikon n\u00c3\u00ab k\u00c3\u00abt\u00c3\u00ab m\u00c3\u00abnyr\u00c3\u00ab sepse Moza i kund\u00c3\u00abrvihet bised\u00c3\u00abs s\u00c3\u00ab tij me tone bezdie.","robots":{"index":"index","follow":"follow","max-snippet":"max-snippet:-1","max-image-preview":"max-image-preview:large","max-video-preview":"max-video-preview:-1"},"canonical":"https:\/\/www.visit-ulcinj.com\/blog\/2009\/04\/10\/mimoza-ti-nuk-i-pranon-mendimet-e-te-tjereve\/","og_locale":"en_US","og_type":"article","og_title":"Mimoza : Ti nuk i pranon mendimet e t\u00c3\u00ab tjer\u00c3\u00abve | Big Brother Albania 2","og_description":"Big Brother Albania 2 - Diskutimi nd\u00c3\u00abrmjet Dritanit dhe Mimoz\u00c3\u00abs ka l\u00c3\u00abn\u00c3\u00ab ende gjurm\u00c3\u00ab mes tyre, t\u00c3\u00ab pakt\u00c3\u00abn ai e shikon n\u00c3\u00ab k\u00c3\u00abt\u00c3\u00ab m\u00c3\u00abnyr\u00c3\u00ab sepse Moza i kund\u00c3\u00abrvihet bised\u00c3\u00abs s\u00c3\u00ab tij me tone bezdie.","og_url":"https:\/\/www.visit-ulcinj.com\/blog\/2009\/04\/10\/mimoza-ti-nuk-i-pranon-mendimet-e-te-tjereve\/","og_site_name":"Lajme nga Ulqini","article_published_time":"2009-04-10T15:00:37+00:00","article_modified_time":"2009-04-10T13:02:26+00:00","og_image":[{"url":"http:\/\/www.visit-ulcinj.com\/blog\/wp-content\/uploads\/2009\/04\/tanimoza.jpg"}],"twitter_misc":{"Written by":"ulqini","Est. reading time":"1 minute"},"schema":{"@context":"https:\/\/schema.org","@graph":[{"@type":"WebSite","@id":"https:\/\/www.visit-ulcinj.com\/blog\/#website","url":"https:\/\/www.visit-ulcinj.com\/blog\/","name":"Lajme nga Ulqini","description":"Lajme,Vijesti,Ulqini,Ulqin,Crna Gora,Mali i Zi","potentialAction":[{"@type":"SearchAction","target":{"@type":"EntryPoint","urlTemplate":"https:\/\/www.visit-ulcinj.com\/blog\/?s={search_term_string}"},"query-input":"required name=search_term_string"}],"inLanguage":"en-US"},{"@type":"ImageObject","inLanguage":"en-US","@id":"https:\/\/www.visit-ulcinj.com\/blog\/2009\/04\/10\/mimoza-ti-nuk-i-pranon-mendimet-e-te-tjereve\/#primaryimage","url":"http:\/\/www.visit-ulcinj.com\/blog\/wp-content\/uploads\/2009\/04\/tanimoza.jpg","contentUrl":"http:\/\/www.visit-ulcinj.com\/blog\/wp-content\/uploads\/2009\/04\/tanimoza.jpg"},{"@type":"WebPage","@id":"https:\/\/www.visit-ulcinj.com\/blog\/2009\/04\/10\/mimoza-ti-nuk-i-pranon-mendimet-e-te-tjereve\/#webpage","url":"https:\/\/www.visit-ulcinj.com\/blog\/2009\/04\/10\/mimoza-ti-nuk-i-pranon-mendimet-e-te-tjereve\/","name":"Mimoza : Ti nuk i pranon mendimet e t\u00c3\u00ab tjer\u00c3\u00abve | Big Brother Albania 2","isPartOf":{"@id":"https:\/\/www.visit-ulcinj.com\/blog\/#website"},"primaryImageOfPage":{"@id":"https:\/\/www.visit-ulcinj.com\/blog\/2009\/04\/10\/mimoza-ti-nuk-i-pranon-mendimet-e-te-tjereve\/#primaryimage"},"datePublished":"2009-04-10T15:00:37+00:00","dateModified":"2009-04-10T13:02:26+00:00","author":{"@id":"https:\/\/www.visit-ulcinj.com\/blog\/#\/schema\/person\/dcab619c614d3038751c63bc2aadc06d"},"description":"Big Brother Albania 2 - Diskutimi nd\u00c3\u00abrmjet Dritanit dhe Mimoz\u00c3\u00abs ka l\u00c3\u00abn\u00c3\u00ab ende gjurm\u00c3\u00ab mes tyre, t\u00c3\u00ab pakt\u00c3\u00abn ai e shikon n\u00c3\u00ab k\u00c3\u00abt\u00c3\u00ab m\u00c3\u00abnyr\u00c3\u00ab sepse Moza i kund\u00c3\u00abrvihet bised\u00c3\u00abs s\u00c3\u00ab tij me tone bezdie.","breadcrumb":{"@id":"https:\/\/www.visit-ulcinj.com\/blog\/2009\/04\/10\/mimoza-ti-nuk-i-pranon-mendimet-e-te-tjereve\/#breadcrumb"},"inLanguage":"en-US","potentialAction":[{"@type":"ReadAction","target":["https:\/\/www.visit-ulcinj.com\/blog\/2009\/04\/10\/mimoza-ti-nuk-i-pranon-mendimet-e-te-tjereve\/"]}]},{"@type":"BreadcrumbList","@id":"https:\/\/www.visit-ulcinj.com\/blog\/2009\/04\/10\/mimoza-ti-nuk-i-pranon-mendimet-e-te-tjereve\/#breadcrumb","itemListElement":[{"@type":"ListItem","position":1,"name":"Mimoza : Ti nuk i pranon mendimet e t\u00eb tjer\u00ebve"}]},{"@type":"Person","@id":"https:\/\/www.visit-ulcinj.com\/blog\/#\/schema\/person\/dcab619c614d3038751c63bc2aadc06d","name":"ulqini","sameAs":["http:\/\/www.visit-ulcinj.com"],"url":"https:\/\/www.visit-ulcinj.com\/blog\/author\/admin\/"}]}},"jetpack_featured_media_url":"","jetpack_sharing_enabled":true,"jetpack_shortlink":"https:\/\/wp.me\/pe6lTn-4ui","_links":{"self":[{"href":"https:\/\/www.visit-ulcinj.com\/blog\/wp-json\/wp\/v2\/posts\/17254"}],"collection":[{"href":"https:\/\/www.visit-ulcinj.com\/blog\/wp-json\/wp\/v2\/posts"}],"about":[{"href":"https:\/\/www.visit-ulcinj.com\/blog\/wp-json\/wp\/v2\/types\/post"}],"author":[{"embeddable":true,"href":"https:\/\/www.visit-ulcinj.com\/blog\/wp-json\/wp\/v2\/users\/1"}],"replies":[{"embeddable":true,"href":"https:\/\/www.visit-ulcinj.com\/blog\/wp-json\/wp\/v2\/comments?post=17254"}],"version-history":[{"count":0,"href":"https:\/\/www.visit-ulcinj.com\/blog\/wp-json\/wp\/v2\/posts\/17254\/revisions"}],"wp:attachment":[{"href":"https:\/\/www.visit-ulcinj.com\/blog\/wp-json\/wp\/v2\/media?parent=17254"}],"wp:term":[{"taxonomy":"category","embeddable":true,"href":"https:\/\/www.visit-ulcinj.com\/blog\/wp-json\/wp\/v2\/categories?post=17254"},{"taxonomy":"post_tag","embeddable":true,"href":"https:\/\/www.visit-ulcinj.com\/blog\/wp-json\/wp\/v2\/tags?post=17254"}],"curies":[{"name":"wp","href":"https:\/\/api.w.org\/{rel}","templated":true}]}}