{"id":17259,"date":"2009-04-10T17:03:39","date_gmt":"2009-04-10T15:03:39","guid":{"rendered":"http:\/\/www.visit-ulcinj.com\/blog\/?p=17259"},"modified":"2009-04-10T15:05:25","modified_gmt":"2009-04-10T13:05:25","slug":"anjeza-bjordi-duhet-te-mbaje-qendrim","status":"publish","type":"post","link":"https:\/\/www.visit-ulcinj.com\/blog\/2009\/04\/10\/anjeza-bjordi-duhet-te-mbaje-qendrim\/","title":{"rendered":"Anjeza : Bjordi duhet t\u00eb mbaj\u00eb q\u00ebndrim"},"content":{"rendered":"<p><em><span class=\"newsdate\"><a href=\"http:\/\/www.visit-ulcinj.com\/blog\/wp-content\/uploads\/2009\/04\/adianjeza-per-bjordin.jpg\"><img loading=\"lazy\" class=\"alignleft size-full wp-image-17260\" title=\"adianjeza-per-bjordin-big-brother-albania-2\" src=\"http:\/\/www.visit-ulcinj.com\/blog\/wp-content\/uploads\/2009\/04\/adianjeza-per-bjordin.jpg\" alt=\"adianjeza-per-bjordin-big-brother-albania-2\" width=\"300\" height=\"205\" \/><\/a>09\/04\/09 11:35<\/span><\/em><\/p>\n<p>Adi dhe Anjeza q\u00ebndrojn\u00eb n\u00eb kop\u00ebsht vet\u00ebm dhe bisedojn\u00eb p\u00ebr q\u00ebndrimin e Bjordit kundrejt Adel\u00ebs. Adi shprehet se Adela po e tepron me sjelljen e saj dhe se Bjordi po lodhet shum\u00eb me t\u00eb dhe se pak nga pak, ajo po i del nga qejfi. Edhe Anjeza \u00ebsht\u00eb i k\u00ebtij mendimi se Adela nuk po sillet mir\u00eb. \u201c\u00cbsht\u00eb i fort\u00eb ai q\u00eb e duron at\u00eb\u201d- thot\u00eb Anjeza. Ajo mendon se si njeri, dhe tjetri duhet t\u2019i japin drejtim k\u00ebsaj marr\u00ebdh\u00ebnieje. Ajo shprehet se n\u00eb fillim i kishte p\u00eblqyer sjellja e Bjordit dhe mendimet q\u00eb kishte p\u00ebr Adel\u00ebn, por dy muaj jan\u00eb shum\u00eb p\u00ebr t\u00eb mos arritur n\u00eb asnj\u00eb konkluzion. Sipas saj, dy muaj jan\u00eb t\u00eb mjaftuesh\u00ebm p\u00ebr t\u2019u menduar e reflektuar. Anjeza tregon se \u00ebsht\u00eb e dukshme nga ana e t\u00eb dyve d\u00ebshira p\u00ebr t\u00eb patur nj\u00eb marr\u00ebdh\u00ebnie, por q\u00eb deri tani nuk \u00ebsht\u00eb realizuar. Adi tregon se Adela ndjehet keq kur Bjordi nuk i flet, por nd\u00ebrkoh\u00eb nuk pranon asgj\u00eb. Anjeza mendon se t\u00eb pakt\u00ebn p\u00ebr pak koh\u00eb, Bjordi duhet t\u00eb mbaj\u00eb q\u00ebndrim ndaj saj duke u qart\u00ebsuar k\u00ebshtu t\u00eb dy.<\/p>\n","protected":false},"excerpt":{"rendered":"<p>09\/04\/09 11:35 Adi dhe Anjeza q\u00ebndrojn\u00eb n\u00eb kop\u00ebsht vet\u00ebm dhe bisedojn\u00eb p\u00ebr q\u00ebndrimin e Bjordit kundrejt Adel\u00ebs. Adi shprehet se Adela po e tepron me sjelljen e saj dhe se Bjordi po lodhet shum\u00eb me t\u00eb dhe se pak nga pak, ajo po i del nga qejfi. Edhe Anjeza \u00ebsht\u00eb i k\u00ebtij mendimi se Adela [&hellip;]<\/p>\n","protected":false},"author":1,"featured_media":0,"comment_status":"open","ping_status":"closed","sticky":false,"template":"","format":"standard","meta":{"spay_email":"","jetpack_publicize_message":"","jetpack_is_tweetstorm":false,"jetpack_publicize_feature_enabled":true},"categories":[6502],"tags":[6529,8289,5057,6506,6516,6712,7129,6522,6891,6693,6887],"jetpack_publicize_connections":[],"yoast_head":"<!-- This site is optimized with the Yoast SEO plugin v19.1 - https:\/\/yoast.com\/wordpress\/plugins\/seo\/ -->\n<title>Anjeza : Bjordi duhet t\u00c3\u00ab mbaj\u00c3\u00ab q\u00c3\u00abndrim | Big Brother Albania 2<\/title>\n<meta name=\"description\" content=\"Big Brother Albania 2 - Adi dhe Anjeza q\u00c3\u00abndrojn\u00c3\u00ab n\u00c3\u00ab kop\u00c3\u00absht vet\u00c3\u00abm dhe bisedojn\u00c3\u00ab p\u00c3\u00abr q\u00c3\u00abndrimin e Bjordit kundrejt Adel\u00c3\u00abs. Adi shprehet se Adela po e tepron me sjelljen e saj dhe se Bjordi po lodhet shum\u00c3\u00ab me t\u00c3\u00ab dhe se pak nga pak\" \/>\n<meta name=\"robots\" content=\"index, follow, max-snippet:-1, max-image-preview:large, max-video-preview:-1\" \/>\n<link rel=\"canonical\" href=\"https:\/\/www.visit-ulcinj.com\/blog\/2009\/04\/10\/anjeza-bjordi-duhet-te-mbaje-qendrim\/\" \/>\n<meta property=\"og:locale\" content=\"en_US\" \/>\n<meta property=\"og:type\" content=\"article\" \/>\n<meta property=\"og:title\" content=\"Anjeza : Bjordi duhet t\u00c3\u00ab mbaj\u00c3\u00ab q\u00c3\u00abndrim | Big Brother Albania 2\" \/>\n<meta property=\"og:description\" content=\"Big Brother Albania 2 - Adi dhe Anjeza q\u00c3\u00abndrojn\u00c3\u00ab n\u00c3\u00ab kop\u00c3\u00absht vet\u00c3\u00abm dhe bisedojn\u00c3\u00ab p\u00c3\u00abr q\u00c3\u00abndrimin e Bjordit kundrejt Adel\u00c3\u00abs. Adi shprehet se Adela po e tepron me sjelljen e saj dhe se Bjordi po lodhet shum\u00c3\u00ab me t\u00c3\u00ab dhe se pak nga pak\" \/>\n<meta property=\"og:url\" content=\"https:\/\/www.visit-ulcinj.com\/blog\/2009\/04\/10\/anjeza-bjordi-duhet-te-mbaje-qendrim\/\" \/>\n<meta property=\"og:site_name\" content=\"Lajme nga Ulqini\" \/>\n<meta property=\"article:published_time\" content=\"2009-04-10T15:03:39+00:00\" \/>\n<meta property=\"article:modified_time\" content=\"2009-04-10T13:05:25+00:00\" \/>\n<meta property=\"og:image\" content=\"http:\/\/www.visit-ulcinj.com\/blog\/wp-content\/uploads\/2009\/04\/adianjeza-per-bjordin.jpg\" \/>\n<meta name=\"twitter:label1\" content=\"Written by\" \/>\n\t<meta name=\"twitter:data1\" content=\"ulqini\" \/>\n\t<meta name=\"twitter:label2\" content=\"Est. reading time\" \/>\n\t<meta name=\"twitter:data2\" content=\"1 minute\" \/>\n<script type=\"application\/ld+json\" class=\"yoast-schema-graph\">{\"@context\":\"https:\/\/schema.org\",\"@graph\":[{\"@type\":\"WebSite\",\"@id\":\"https:\/\/www.visit-ulcinj.com\/blog\/#website\",\"url\":\"https:\/\/www.visit-ulcinj.com\/blog\/\",\"name\":\"Lajme nga Ulqini\",\"description\":\"Lajme,Vijesti,Ulqini,Ulqin,Crna Gora,Mali i Zi\",\"potentialAction\":[{\"@type\":\"SearchAction\",\"target\":{\"@type\":\"EntryPoint\",\"urlTemplate\":\"https:\/\/www.visit-ulcinj.com\/blog\/?s={search_term_string}\"},\"query-input\":\"required name=search_term_string\"}],\"inLanguage\":\"en-US\"},{\"@type\":\"ImageObject\",\"inLanguage\":\"en-US\",\"@id\":\"https:\/\/www.visit-ulcinj.com\/blog\/2009\/04\/10\/anjeza-bjordi-duhet-te-mbaje-qendrim\/#primaryimage\",\"url\":\"http:\/\/www.visit-ulcinj.com\/blog\/wp-content\/uploads\/2009\/04\/adianjeza-per-bjordin.jpg\",\"contentUrl\":\"http:\/\/www.visit-ulcinj.com\/blog\/wp-content\/uploads\/2009\/04\/adianjeza-per-bjordin.jpg\"},{\"@type\":\"WebPage\",\"@id\":\"https:\/\/www.visit-ulcinj.com\/blog\/2009\/04\/10\/anjeza-bjordi-duhet-te-mbaje-qendrim\/#webpage\",\"url\":\"https:\/\/www.visit-ulcinj.com\/blog\/2009\/04\/10\/anjeza-bjordi-duhet-te-mbaje-qendrim\/\",\"name\":\"Anjeza : Bjordi duhet t\u00c3\u00ab mbaj\u00c3\u00ab q\u00c3\u00abndrim | Big Brother Albania 2\",\"isPartOf\":{\"@id\":\"https:\/\/www.visit-ulcinj.com\/blog\/#website\"},\"primaryImageOfPage\":{\"@id\":\"https:\/\/www.visit-ulcinj.com\/blog\/2009\/04\/10\/anjeza-bjordi-duhet-te-mbaje-qendrim\/#primaryimage\"},\"datePublished\":\"2009-04-10T15:03:39+00:00\",\"dateModified\":\"2009-04-10T13:05:25+00:00\",\"author\":{\"@id\":\"https:\/\/www.visit-ulcinj.com\/blog\/#\/schema\/person\/dcab619c614d3038751c63bc2aadc06d\"},\"description\":\"Big Brother Albania 2 - Adi dhe Anjeza q\u00c3\u00abndrojn\u00c3\u00ab n\u00c3\u00ab kop\u00c3\u00absht vet\u00c3\u00abm dhe bisedojn\u00c3\u00ab p\u00c3\u00abr q\u00c3\u00abndrimin e Bjordit kundrejt Adel\u00c3\u00abs. Adi shprehet se Adela po e tepron me sjelljen e saj dhe se Bjordi po lodhet shum\u00c3\u00ab me t\u00c3\u00ab dhe se pak nga pak\",\"breadcrumb\":{\"@id\":\"https:\/\/www.visit-ulcinj.com\/blog\/2009\/04\/10\/anjeza-bjordi-duhet-te-mbaje-qendrim\/#breadcrumb\"},\"inLanguage\":\"en-US\",\"potentialAction\":[{\"@type\":\"ReadAction\",\"target\":[\"https:\/\/www.visit-ulcinj.com\/blog\/2009\/04\/10\/anjeza-bjordi-duhet-te-mbaje-qendrim\/\"]}]},{\"@type\":\"BreadcrumbList\",\"@id\":\"https:\/\/www.visit-ulcinj.com\/blog\/2009\/04\/10\/anjeza-bjordi-duhet-te-mbaje-qendrim\/#breadcrumb\",\"itemListElement\":[{\"@type\":\"ListItem\",\"position\":1,\"name\":\"Anjeza : Bjordi duhet t\u00eb mbaj\u00eb q\u00ebndrim\"}]},{\"@type\":\"Person\",\"@id\":\"https:\/\/www.visit-ulcinj.com\/blog\/#\/schema\/person\/dcab619c614d3038751c63bc2aadc06d\",\"name\":\"ulqini\",\"sameAs\":[\"http:\/\/www.visit-ulcinj.com\"],\"url\":\"https:\/\/www.visit-ulcinj.com\/blog\/author\/admin\/\"}]}<\/script>\n<!-- \/ Yoast SEO plugin. -->","yoast_head_json":{"title":"Anjeza : Bjordi duhet t\u00c3\u00ab mbaj\u00c3\u00ab q\u00c3\u00abndrim | Big Brother Albania 2","description":"Big Brother Albania 2 - Adi dhe Anjeza q\u00c3\u00abndrojn\u00c3\u00ab n\u00c3\u00ab kop\u00c3\u00absht vet\u00c3\u00abm dhe bisedojn\u00c3\u00ab p\u00c3\u00abr q\u00c3\u00abndrimin e Bjordit kundrejt Adel\u00c3\u00abs. Adi shprehet se Adela po e tepron me sjelljen e saj dhe se Bjordi po lodhet shum\u00c3\u00ab me t\u00c3\u00ab dhe se pak nga pak","robots":{"index":"index","follow":"follow","max-snippet":"max-snippet:-1","max-image-preview":"max-image-preview:large","max-video-preview":"max-video-preview:-1"},"canonical":"https:\/\/www.visit-ulcinj.com\/blog\/2009\/04\/10\/anjeza-bjordi-duhet-te-mbaje-qendrim\/","og_locale":"en_US","og_type":"article","og_title":"Anjeza : Bjordi duhet t\u00c3\u00ab mbaj\u00c3\u00ab q\u00c3\u00abndrim | Big Brother Albania 2","og_description":"Big Brother Albania 2 - Adi dhe Anjeza q\u00c3\u00abndrojn\u00c3\u00ab n\u00c3\u00ab kop\u00c3\u00absht vet\u00c3\u00abm dhe bisedojn\u00c3\u00ab p\u00c3\u00abr q\u00c3\u00abndrimin e Bjordit kundrejt Adel\u00c3\u00abs. Adi shprehet se Adela po e tepron me sjelljen e saj dhe se Bjordi po lodhet shum\u00c3\u00ab me t\u00c3\u00ab dhe se pak nga pak","og_url":"https:\/\/www.visit-ulcinj.com\/blog\/2009\/04\/10\/anjeza-bjordi-duhet-te-mbaje-qendrim\/","og_site_name":"Lajme nga Ulqini","article_published_time":"2009-04-10T15:03:39+00:00","article_modified_time":"2009-04-10T13:05:25+00:00","og_image":[{"url":"http:\/\/www.visit-ulcinj.com\/blog\/wp-content\/uploads\/2009\/04\/adianjeza-per-bjordin.jpg"}],"twitter_misc":{"Written by":"ulqini","Est. reading time":"1 minute"},"schema":{"@context":"https:\/\/schema.org","@graph":[{"@type":"WebSite","@id":"https:\/\/www.visit-ulcinj.com\/blog\/#website","url":"https:\/\/www.visit-ulcinj.com\/blog\/","name":"Lajme nga Ulqini","description":"Lajme,Vijesti,Ulqini,Ulqin,Crna Gora,Mali i Zi","potentialAction":[{"@type":"SearchAction","target":{"@type":"EntryPoint","urlTemplate":"https:\/\/www.visit-ulcinj.com\/blog\/?s={search_term_string}"},"query-input":"required name=search_term_string"}],"inLanguage":"en-US"},{"@type":"ImageObject","inLanguage":"en-US","@id":"https:\/\/www.visit-ulcinj.com\/blog\/2009\/04\/10\/anjeza-bjordi-duhet-te-mbaje-qendrim\/#primaryimage","url":"http:\/\/www.visit-ulcinj.com\/blog\/wp-content\/uploads\/2009\/04\/adianjeza-per-bjordin.jpg","contentUrl":"http:\/\/www.visit-ulcinj.com\/blog\/wp-content\/uploads\/2009\/04\/adianjeza-per-bjordin.jpg"},{"@type":"WebPage","@id":"https:\/\/www.visit-ulcinj.com\/blog\/2009\/04\/10\/anjeza-bjordi-duhet-te-mbaje-qendrim\/#webpage","url":"https:\/\/www.visit-ulcinj.com\/blog\/2009\/04\/10\/anjeza-bjordi-duhet-te-mbaje-qendrim\/","name":"Anjeza : Bjordi duhet t\u00c3\u00ab mbaj\u00c3\u00ab q\u00c3\u00abndrim | Big Brother Albania 2","isPartOf":{"@id":"https:\/\/www.visit-ulcinj.com\/blog\/#website"},"primaryImageOfPage":{"@id":"https:\/\/www.visit-ulcinj.com\/blog\/2009\/04\/10\/anjeza-bjordi-duhet-te-mbaje-qendrim\/#primaryimage"},"datePublished":"2009-04-10T15:03:39+00:00","dateModified":"2009-04-10T13:05:25+00:00","author":{"@id":"https:\/\/www.visit-ulcinj.com\/blog\/#\/schema\/person\/dcab619c614d3038751c63bc2aadc06d"},"description":"Big Brother Albania 2 - Adi dhe Anjeza q\u00c3\u00abndrojn\u00c3\u00ab n\u00c3\u00ab kop\u00c3\u00absht vet\u00c3\u00abm dhe bisedojn\u00c3\u00ab p\u00c3\u00abr q\u00c3\u00abndrimin e Bjordit kundrejt Adel\u00c3\u00abs. Adi shprehet se Adela po e tepron me sjelljen e saj dhe se Bjordi po lodhet shum\u00c3\u00ab me t\u00c3\u00ab dhe se pak nga pak","breadcrumb":{"@id":"https:\/\/www.visit-ulcinj.com\/blog\/2009\/04\/10\/anjeza-bjordi-duhet-te-mbaje-qendrim\/#breadcrumb"},"inLanguage":"en-US","potentialAction":[{"@type":"ReadAction","target":["https:\/\/www.visit-ulcinj.com\/blog\/2009\/04\/10\/anjeza-bjordi-duhet-te-mbaje-qendrim\/"]}]},{"@type":"BreadcrumbList","@id":"https:\/\/www.visit-ulcinj.com\/blog\/2009\/04\/10\/anjeza-bjordi-duhet-te-mbaje-qendrim\/#breadcrumb","itemListElement":[{"@type":"ListItem","position":1,"name":"Anjeza : Bjordi duhet t\u00eb mbaj\u00eb q\u00ebndrim"}]},{"@type":"Person","@id":"https:\/\/www.visit-ulcinj.com\/blog\/#\/schema\/person\/dcab619c614d3038751c63bc2aadc06d","name":"ulqini","sameAs":["http:\/\/www.visit-ulcinj.com"],"url":"https:\/\/www.visit-ulcinj.com\/blog\/author\/admin\/"}]}},"jetpack_featured_media_url":"","jetpack_sharing_enabled":true,"jetpack_shortlink":"https:\/\/wp.me\/pe6lTn-4un","_links":{"self":[{"href":"https:\/\/www.visit-ulcinj.com\/blog\/wp-json\/wp\/v2\/posts\/17259"}],"collection":[{"href":"https:\/\/www.visit-ulcinj.com\/blog\/wp-json\/wp\/v2\/posts"}],"about":[{"href":"https:\/\/www.visit-ulcinj.com\/blog\/wp-json\/wp\/v2\/types\/post"}],"author":[{"embeddable":true,"href":"https:\/\/www.visit-ulcinj.com\/blog\/wp-json\/wp\/v2\/users\/1"}],"replies":[{"embeddable":true,"href":"https:\/\/www.visit-ulcinj.com\/blog\/wp-json\/wp\/v2\/comments?post=17259"}],"version-history":[{"count":0,"href":"https:\/\/www.visit-ulcinj.com\/blog\/wp-json\/wp\/v2\/posts\/17259\/revisions"}],"wp:attachment":[{"href":"https:\/\/www.visit-ulcinj.com\/blog\/wp-json\/wp\/v2\/media?parent=17259"}],"wp:term":[{"taxonomy":"category","embeddable":true,"href":"https:\/\/www.visit-ulcinj.com\/blog\/wp-json\/wp\/v2\/categories?post=17259"},{"taxonomy":"post_tag","embeddable":true,"href":"https:\/\/www.visit-ulcinj.com\/blog\/wp-json\/wp\/v2\/tags?post=17259"}],"curies":[{"name":"wp","href":"https:\/\/api.w.org\/{rel}","templated":true}]}}