{"id":1726,"date":"2008-05-22T13:11:03","date_gmt":"2008-05-22T18:11:03","guid":{"rendered":"http:\/\/www.visit-ulcinj.com\/blog\/?p=1726"},"modified":"2008-05-22T13:16:49","modified_gmt":"2008-05-22T18:16:49","slug":"ulqini-ky-burre-qe-te-mallengjen-shume","status":"publish","type":"post","link":"https:\/\/www.visit-ulcinj.com\/blog\/2008\/05\/22\/ulqini-ky-burre-qe-te-mallengjen-shume\/","title":{"rendered":"Ulqini, Ky Burre qe te Mallengjen Shume&#8230;"},"content":{"rendered":"<p><a href=\"http:\/\/www.visit-ulcinj.com\/blog\/wp-content\/uploads\/2008\/05\/kalaja-legjende-dhe-art.jpg\"><img loading=\"lazy\" class=\"alignleft attachment wp-att-1695\" style=\"float: left;\" src=\"http:\/\/www.visit-ulcinj.com\/blog\/wp-content\/uploads\/2008\/05\/kalaja-legjende-dhe-art.thumbnail.jpg\" alt=\"KALAJA LEGJEND\u00cb DHE ART _ismet karamanaga\" width=\"186\" height=\"241\" \/><\/a><strong>Esse&#8230; Duke lexuar librin e ulqinakut Ismet Karamanaga \u2013 \u201cKalaja, legjende dhe art\u201d<\/strong><br \/>\n&#8230;por edhe i penrgjet po aq shume edhe nje vajze te bukur qe ka mundur ta ruaje nderin e saj, ndersa ka kaluar mespermes aq aventurieresh, joshjesh e grishjesh qe ia kane ngulmuar lakuriqesine&#8230;<br \/>\nKushdo qe ka patur rastin te vizitoje nje nga keshtjellat e vetme te Mesdheut te banuar panderrpere tash 25 00 vite, ka mundur te takoje nje cicerone te rralle. Atij i gurgullojne fjalet si te programuara nga nje kompiuter, duke bilbiluar si ne gjuhen e nenes ne gjermanisht dhe serbisht dhe te leshon ne tavolinen e vemendjes tende me te shpejte intimitete te panumrta te kesaj kalaje qe ka lindur dhe rritur lundertare nga me trimat e Mesdheut. Ky burr sharmant e galant, qe te ze mik menjehere dhe qe, si normalisht te gjith ulqinaket dhe shkodranet, ka shuem qejf te krenohet me rezultatet e veta pa egzagjeruar asgje, me nje plastike fytyre dinamike dhe qe flet duke levizur duart, eshte kryetari i shoqates \u201cMiqte e kalase se Ulqinit\u201d, Ismet Karamanaga.<a href=\"http:\/\/www.visit-ulcinj.com\/blog\/wp-content\/uploads\/2008\/05\/ismet-karmanaga.jpg\"><img loading=\"lazy\" class=\"alignright attachment wp-att-1727\" style=\"float: right;\" src=\"http:\/\/www.visit-ulcinj.com\/blog\/wp-content\/uploads\/2008\/05\/ismet-karmanaga.thumbnail.jpg\" alt=\"Ismet Karamanaga\" width=\"200\" height=\"112\" \/><\/a><br \/>\n&#8230;Vite me pare, pata shkruar nje esse te gjate rreth Ulqinit, \u201ckesaj monade shqiptare\u201d \u2013 keshtu ua pata vene titullin, i bukur, e?- dhe e dhashe per ta botuar ne gazeten me te lexuar te asaj kohe, \u201cKoha Jone\u201d. Ia kishin nderruar titullin. Me siguri, ndonje gazetar, edhe ai njeri prej \u201cviktimave\u201d te ciceronit bilbilonjes si nje diplomat llafazan e qe nuk i bie asnje fjale ne toke, ai e kishte nderruar; e kish bere \u201cNga Cervantesi te Karamanaga\u201d&#8230;<br \/>\nKaramanaga, biri i nje detari ulqinak, me se fundi, duke botuar librin e tij dygjuhesh \u201cKalaja, legjende dhe art\u201d, vendos te cele zemren e tij. Ciceroni qe flet duke levizur duart, duke u mburrur paksa, sa per lezet dhe vetem per ata qe ka arritur, ka, asgje me shume, vetem nje zemer poetesh.<br \/>\nEshte e pamundur qe kjo treve, Ulqini, te mos kete krijuar genin e poetit te banoret e saj qe e kane kaluar historikisht pjesen me te madhe te kohes ne mes detit, duke kundruar here pas here, ujerat blu dhe qiellin blu.<br \/>\n<a href=\"http:\/\/www.visit-ulcinj.com\/blog\/wp-content\/uploads\/2008\/04\/ulqini_limani_rana.jpg\"><img loading=\"lazy\" class=\"alignleft attachment wp-att-1158\" style=\"float: left;\" src=\"http:\/\/www.visit-ulcinj.com\/blog\/wp-content\/uploads\/2008\/04\/ulqini_limani_rana-150x150.jpg\" alt=\"ulqini_limani_rana\" width=\"150\" height=\"150\" \/><\/a>Ulqini ka legjenda shume. Ato jane te vjetra, aq, sa, nje pjese e tyre kane udhetuar qe kur banoret i faleshin perendise detare te periudhes se politeizmit, Bindit te ujrave; sigurisht qe ka edhe te reja. Karamanaga, i njeh mire ato, sic i njohin ne mase ulqinaket, as qe behet fjale, dhe, na i pershkruan , me nje veshtrim \u201caprimavista\u201d disa prej tyre. Legjendat e Ulqinit, sillen zakonisht naten perqark apo brenda mureve te kalase se lashte; u sillen njerezve kur flene, kur meditojne ndersa shohin ujrat, kur bejn dasma apo kur kane morte.<br \/>\nLegjendat, si brilantet, nuk gerryen, nuk hahen dhe vetem shkelqejne. Arsyeja eshte se nenat plaka ulqinake, keto rriteset e para te brezave, ua kane treguar me se pari niperve dhe mbesave te tyre qekur ata kane qene aq te vegjel, sa mendja e njeriut perpin gjithcka, si nje sfungjer i pangopur.<br \/>\nKramanaga na tregon se legjendat, jo, more, jo, nuk tregohen si perralla, por jane te lokalizuara ne vende konkrete te Ulqinit. Vetem te poetet nderthuret keshtu realja me irealen, perralla me realitetin; vetem te njerezit me perfytyrime te paana, sa c\u2019eshte kupa e qiellit apo bluja e detit per dy pale sy te zakonshem. Sa per ilustrim \u2013 legjenda e perhapur anembane Europes, brigjeve me ujra, ajo e flockes, rralle e dijne qe, sic thote autori, ajo flocka eshte kapur me saktesi ne nje vend . Atje ulqinaket lahen perhere \u2013 quhet Guri i Madh dhe eshte diku \u201cafer lugut te Xhemiles\u201d. Dhe, e dini se nga cfar pike ulqinake eshte larguar flocka e detit, si ka gjetur dashurine e saj te pare, rroben e saj te vajzerise? Megjith se me tre femije? Eshte hedhur ne det per te mos u dukur me te \u201cPunta e Nuredinit\u201d.<a href=\"http:\/\/www.visit-ulcinj.com\/blog\/wp-content\/uploads\/2008\/03\/kalaja-e-ulqinit1.jpg\"><img loading=\"lazy\" class=\"alignright attachment wp-att-991\" style=\"float: right;\" src=\"http:\/\/www.visit-ulcinj.com\/blog\/wp-content\/uploads\/2008\/03\/kalaja-e-ulqinit1.thumbnail.jpg\" alt=\"kalaja e ulqinit1\" width=\"111\" height=\"200\" \/><\/a><br \/>\n\u201cKroi i zanave\u201d ka lidhje me emrin konkret te nje plake filantrope ulqinake.<br \/>\nKushedi se si eshte krijuar ajo legjende e bukur qe lidhet me zana, perderisa ben fjale per nje grua ulqinake qe e kane njohur te gjith dikur. Mbase\u2026 Studiuesit e legjenave, se si jane krijuar ato, se si populli, kapur pas nje shembulli konkret dhe te bujshem, ka krijuar perallen e tij, nuk kane se ku te gjejne me bukur sesa ne lidhjet me nje peshk te vogel \u2013 \u201cky peshk i bukur nuk rritet kurr mbi 10 cm dhe lehte bie ne grep\u201d &#8211; dhe fatit te nje vajze te quajtur \u201cBukurina\u201d. Bukurina u martua me ujrat e detit, ia fali rinine dhe nuserine detit, ne vend te nje plaku te pasur qe i kishte vdekur gruaja\u2026 Qe\u2026 sigurisht qe, edhe ai, ka qene kalalli.<br \/>\nAutori shkruan gjith temperament, sic dashurojne dhe kane inat ulqinaket detare, nga ka lindur njera prej mrekullirave shqiptare, sic eshte legjenda e Ago Ymerit apo, ku duhet te jete krijuar kenga e njohur detare qe flet per Holanden \u2013 \u201cAtje, ne Holande, ne vendin e Mullinjve\u201d (E kendojne edhe \u201cne vendin e ullinjve\u201d, sic eshte Ulqini.<br \/>\nKaramanaga shkruan ne liber edhe per njerez te gjalle apo qe kane vdekur e qe ai I ka njohur.<br \/>\nNqs nga Amerika kane marre dhene rryma muzikore me origjine afrikane\u2026 nga koha e skllaverise atje, ka ngjare i njejti fenomen edhe ne kete treve ku, si ne trevat e tjera te shqiptareve, nuk kane lulezuar ndjenjat rraciste. Keshtu, ne mesojme se, piratet e njohur ulqinake paskan sjelle nje sasi zezakesh nga te cilet, ka patur qe kane krijuar familje. Sklleverit, qe nuk jane quajtur asnjehere ashtu nder shqiptaret, por sherbetore, jane trajtuar aq njerezisht nga familja se ciles ata i kane sherbyer, sa ajo i ka bere gati edhe dasmen duke ia perballuar te gjitha shpenzimet.<br \/>\n<a href=\"http:\/\/www.visit-ulcinj.com\/blog\/wp-content\/uploads\/2008\/04\/riza-shurdha.jpg\"><img loading=\"lazy\" class=\"alignleft attachment wp-att-1118\" style=\"float: left;\" src=\"http:\/\/www.visit-ulcinj.com\/blog\/wp-content\/uploads\/2008\/04\/riza-shurdha-150x150.jpg\" alt=\"riza-shurdha\" width=\"134\" height=\"134\" \/><\/a>Nga ter te njohurit e tij, \u201ckalalliu\u201d Karamanaga, ka zgjedhur per portretizim, ndonjerin; mes tyre edhe \u201cRiza Shurdha, njeriu i cili me figuren markante dhe me buzeqeshjen e tij vite me radhe\u2026\u201d.,<br \/>\nI ndjeri R. Shurdha eshte nje zezak, qe ka punuar fotograf.<br \/>\nLexon kete liber dhe arrin te kesh te qarte se, perse kjo popullate e shkeputur nga trualli i \u201cAmes\u201d qe ne vitin 1878, nuk eshte asimiluar.<br \/>\nJane, se pari, legjendat qe sillen naten neper Kala, poshte saj dhe brigjeve ulqinake.<\/p>\n<p><strong>Riza Lahi<\/strong><br \/>\n<strong><a title=\"riza lahi\" href=\"rizalahi@yahoo.com \" target=\"_blank\">rizalahi@yahoo.com<\/a><\/strong><\/p>\n<p><strong> KTO JAN VIDEO T\u00cb ULQINIT T\u00cb LASHT JAN P\u00cbR TU SHIQUAR SE KAN VLER HISTORIKE<\/strong><\/p>\n<!--YouTube Error: bad URL entered-->\n","protected":false},"excerpt":{"rendered":"<p><img loading=\"lazy\" class=\"alignleft attachment wp-att-1695\" style=\"float: left;\" src=\"http:\/\/www.visit-ulcinj.com\/blog\/wp-content\/uploads\/2008\/05\/kalaja-legjende-dhe-art.thumbnail.jpg\" alt=\"KALAJA LEGJEND\u00cb DHE ART _ismet karamanaga\" width=\"140\" height=\"140\" \/><\/p>\n","protected":false},"author":1,"featured_media":0,"comment_status":"open","ping_status":"closed","sticky":false,"template":"","format":"standard","meta":{"spay_email":"","jetpack_publicize_message":"","jetpack_is_tweetstorm":false,"jetpack_publicize_feature_enabled":true},"categories":[4,12],"tags":[306,310,993,200,18],"jetpack_publicize_connections":[],"yoast_head":"<!-- This site is optimized with the Yoast SEO plugin v19.1 - https:\/\/yoast.com\/wordpress\/plugins\/seo\/ -->\n<title>Ulqini, Ky Burre qe te Mallengjen Shume... - Lajme nga Ulqini<\/title>\n<meta name=\"robots\" content=\"index, follow, max-snippet:-1, max-image-preview:large, max-video-preview:-1\" \/>\n<link rel=\"canonical\" href=\"https:\/\/www.visit-ulcinj.com\/blog\/2008\/05\/22\/ulqini-ky-burre-qe-te-mallengjen-shume\/\" \/>\n<meta property=\"og:locale\" content=\"en_US\" \/>\n<meta property=\"og:type\" content=\"article\" \/>\n<meta property=\"og:title\" content=\"Ulqini, Ky Burre qe te Mallengjen Shume... - Lajme nga Ulqini\" \/>\n<meta property=\"og:url\" content=\"https:\/\/www.visit-ulcinj.com\/blog\/2008\/05\/22\/ulqini-ky-burre-qe-te-mallengjen-shume\/\" \/>\n<meta property=\"og:site_name\" content=\"Lajme nga Ulqini\" \/>\n<meta property=\"article:published_time\" content=\"2008-05-22T18:11:03+00:00\" \/>\n<meta property=\"article:modified_time\" content=\"2008-05-22T18:16:49+00:00\" \/>\n<meta property=\"og:image\" content=\"http:\/\/www.visit-ulcinj.com\/blog\/wp-content\/uploads\/2008\/05\/kalaja-legjende-dhe-art.thumbnail.jpg\" \/>\n<meta name=\"twitter:label1\" content=\"Written by\" \/>\n\t<meta name=\"twitter:data1\" content=\"ulqini\" \/>\n\t<meta name=\"twitter:label2\" content=\"Est. reading time\" \/>\n\t<meta name=\"twitter:data2\" content=\"5 minutes\" \/>\n<script type=\"application\/ld+json\" class=\"yoast-schema-graph\">{\"@context\":\"https:\/\/schema.org\",\"@graph\":[{\"@type\":\"WebSite\",\"@id\":\"https:\/\/www.visit-ulcinj.com\/blog\/#website\",\"url\":\"https:\/\/www.visit-ulcinj.com\/blog\/\",\"name\":\"Lajme nga Ulqini\",\"description\":\"Lajme,Vijesti,Ulqini,Ulqin,Crna Gora,Mali i Zi\",\"potentialAction\":[{\"@type\":\"SearchAction\",\"target\":{\"@type\":\"EntryPoint\",\"urlTemplate\":\"https:\/\/www.visit-ulcinj.com\/blog\/?s={search_term_string}\"},\"query-input\":\"required name=search_term_string\"}],\"inLanguage\":\"en-US\"},{\"@type\":\"ImageObject\",\"inLanguage\":\"en-US\",\"@id\":\"https:\/\/www.visit-ulcinj.com\/blog\/2008\/05\/22\/ulqini-ky-burre-qe-te-mallengjen-shume\/#primaryimage\",\"url\":\"http:\/\/www.visit-ulcinj.com\/blog\/wp-content\/uploads\/2008\/05\/kalaja-legjende-dhe-art.thumbnail.jpg\",\"contentUrl\":\"http:\/\/www.visit-ulcinj.com\/blog\/wp-content\/uploads\/2008\/05\/kalaja-legjende-dhe-art.thumbnail.jpg\"},{\"@type\":\"WebPage\",\"@id\":\"https:\/\/www.visit-ulcinj.com\/blog\/2008\/05\/22\/ulqini-ky-burre-qe-te-mallengjen-shume\/#webpage\",\"url\":\"https:\/\/www.visit-ulcinj.com\/blog\/2008\/05\/22\/ulqini-ky-burre-qe-te-mallengjen-shume\/\",\"name\":\"Ulqini, Ky Burre qe te Mallengjen Shume... - Lajme nga Ulqini\",\"isPartOf\":{\"@id\":\"https:\/\/www.visit-ulcinj.com\/blog\/#website\"},\"primaryImageOfPage\":{\"@id\":\"https:\/\/www.visit-ulcinj.com\/blog\/2008\/05\/22\/ulqini-ky-burre-qe-te-mallengjen-shume\/#primaryimage\"},\"datePublished\":\"2008-05-22T18:11:03+00:00\",\"dateModified\":\"2008-05-22T18:16:49+00:00\",\"author\":{\"@id\":\"https:\/\/www.visit-ulcinj.com\/blog\/#\/schema\/person\/dcab619c614d3038751c63bc2aadc06d\"},\"breadcrumb\":{\"@id\":\"https:\/\/www.visit-ulcinj.com\/blog\/2008\/05\/22\/ulqini-ky-burre-qe-te-mallengjen-shume\/#breadcrumb\"},\"inLanguage\":\"en-US\",\"potentialAction\":[{\"@type\":\"ReadAction\",\"target\":[\"https:\/\/www.visit-ulcinj.com\/blog\/2008\/05\/22\/ulqini-ky-burre-qe-te-mallengjen-shume\/\"]}]},{\"@type\":\"BreadcrumbList\",\"@id\":\"https:\/\/www.visit-ulcinj.com\/blog\/2008\/05\/22\/ulqini-ky-burre-qe-te-mallengjen-shume\/#breadcrumb\",\"itemListElement\":[{\"@type\":\"ListItem\",\"position\":1,\"name\":\"Ulqini, Ky Burre qe te Mallengjen Shume&#8230;\"}]},{\"@type\":\"Person\",\"@id\":\"https:\/\/www.visit-ulcinj.com\/blog\/#\/schema\/person\/dcab619c614d3038751c63bc2aadc06d\",\"name\":\"ulqini\",\"sameAs\":[\"http:\/\/www.visit-ulcinj.com\"],\"url\":\"https:\/\/www.visit-ulcinj.com\/blog\/author\/admin\/\"}]}<\/script>\n<!-- \/ Yoast SEO plugin. -->","yoast_head_json":{"title":"Ulqini, Ky Burre qe te Mallengjen Shume... - Lajme nga Ulqini","robots":{"index":"index","follow":"follow","max-snippet":"max-snippet:-1","max-image-preview":"max-image-preview:large","max-video-preview":"max-video-preview:-1"},"canonical":"https:\/\/www.visit-ulcinj.com\/blog\/2008\/05\/22\/ulqini-ky-burre-qe-te-mallengjen-shume\/","og_locale":"en_US","og_type":"article","og_title":"Ulqini, Ky Burre qe te Mallengjen Shume... - Lajme nga Ulqini","og_url":"https:\/\/www.visit-ulcinj.com\/blog\/2008\/05\/22\/ulqini-ky-burre-qe-te-mallengjen-shume\/","og_site_name":"Lajme nga Ulqini","article_published_time":"2008-05-22T18:11:03+00:00","article_modified_time":"2008-05-22T18:16:49+00:00","og_image":[{"url":"http:\/\/www.visit-ulcinj.com\/blog\/wp-content\/uploads\/2008\/05\/kalaja-legjende-dhe-art.thumbnail.jpg"}],"twitter_misc":{"Written by":"ulqini","Est. reading time":"5 minutes"},"schema":{"@context":"https:\/\/schema.org","@graph":[{"@type":"WebSite","@id":"https:\/\/www.visit-ulcinj.com\/blog\/#website","url":"https:\/\/www.visit-ulcinj.com\/blog\/","name":"Lajme nga Ulqini","description":"Lajme,Vijesti,Ulqini,Ulqin,Crna Gora,Mali i Zi","potentialAction":[{"@type":"SearchAction","target":{"@type":"EntryPoint","urlTemplate":"https:\/\/www.visit-ulcinj.com\/blog\/?s={search_term_string}"},"query-input":"required name=search_term_string"}],"inLanguage":"en-US"},{"@type":"ImageObject","inLanguage":"en-US","@id":"https:\/\/www.visit-ulcinj.com\/blog\/2008\/05\/22\/ulqini-ky-burre-qe-te-mallengjen-shume\/#primaryimage","url":"http:\/\/www.visit-ulcinj.com\/blog\/wp-content\/uploads\/2008\/05\/kalaja-legjende-dhe-art.thumbnail.jpg","contentUrl":"http:\/\/www.visit-ulcinj.com\/blog\/wp-content\/uploads\/2008\/05\/kalaja-legjende-dhe-art.thumbnail.jpg"},{"@type":"WebPage","@id":"https:\/\/www.visit-ulcinj.com\/blog\/2008\/05\/22\/ulqini-ky-burre-qe-te-mallengjen-shume\/#webpage","url":"https:\/\/www.visit-ulcinj.com\/blog\/2008\/05\/22\/ulqini-ky-burre-qe-te-mallengjen-shume\/","name":"Ulqini, Ky Burre qe te Mallengjen Shume... - Lajme nga Ulqini","isPartOf":{"@id":"https:\/\/www.visit-ulcinj.com\/blog\/#website"},"primaryImageOfPage":{"@id":"https:\/\/www.visit-ulcinj.com\/blog\/2008\/05\/22\/ulqini-ky-burre-qe-te-mallengjen-shume\/#primaryimage"},"datePublished":"2008-05-22T18:11:03+00:00","dateModified":"2008-05-22T18:16:49+00:00","author":{"@id":"https:\/\/www.visit-ulcinj.com\/blog\/#\/schema\/person\/dcab619c614d3038751c63bc2aadc06d"},"breadcrumb":{"@id":"https:\/\/www.visit-ulcinj.com\/blog\/2008\/05\/22\/ulqini-ky-burre-qe-te-mallengjen-shume\/#breadcrumb"},"inLanguage":"en-US","potentialAction":[{"@type":"ReadAction","target":["https:\/\/www.visit-ulcinj.com\/blog\/2008\/05\/22\/ulqini-ky-burre-qe-te-mallengjen-shume\/"]}]},{"@type":"BreadcrumbList","@id":"https:\/\/www.visit-ulcinj.com\/blog\/2008\/05\/22\/ulqini-ky-burre-qe-te-mallengjen-shume\/#breadcrumb","itemListElement":[{"@type":"ListItem","position":1,"name":"Ulqini, Ky Burre qe te Mallengjen Shume&#8230;"}]},{"@type":"Person","@id":"https:\/\/www.visit-ulcinj.com\/blog\/#\/schema\/person\/dcab619c614d3038751c63bc2aadc06d","name":"ulqini","sameAs":["http:\/\/www.visit-ulcinj.com"],"url":"https:\/\/www.visit-ulcinj.com\/blog\/author\/admin\/"}]}},"jetpack_featured_media_url":"","jetpack_sharing_enabled":true,"jetpack_shortlink":"https:\/\/wp.me\/pe6lTn-rQ","_links":{"self":[{"href":"https:\/\/www.visit-ulcinj.com\/blog\/wp-json\/wp\/v2\/posts\/1726"}],"collection":[{"href":"https:\/\/www.visit-ulcinj.com\/blog\/wp-json\/wp\/v2\/posts"}],"about":[{"href":"https:\/\/www.visit-ulcinj.com\/blog\/wp-json\/wp\/v2\/types\/post"}],"author":[{"embeddable":true,"href":"https:\/\/www.visit-ulcinj.com\/blog\/wp-json\/wp\/v2\/users\/1"}],"replies":[{"embeddable":true,"href":"https:\/\/www.visit-ulcinj.com\/blog\/wp-json\/wp\/v2\/comments?post=1726"}],"version-history":[{"count":0,"href":"https:\/\/www.visit-ulcinj.com\/blog\/wp-json\/wp\/v2\/posts\/1726\/revisions"}],"wp:attachment":[{"href":"https:\/\/www.visit-ulcinj.com\/blog\/wp-json\/wp\/v2\/media?parent=1726"}],"wp:term":[{"taxonomy":"category","embeddable":true,"href":"https:\/\/www.visit-ulcinj.com\/blog\/wp-json\/wp\/v2\/categories?post=1726"},{"taxonomy":"post_tag","embeddable":true,"href":"https:\/\/www.visit-ulcinj.com\/blog\/wp-json\/wp\/v2\/tags?post=1726"}],"curies":[{"name":"wp","href":"https:\/\/api.w.org\/{rel}","templated":true}]}}