{"id":17273,"date":"2009-04-10T17:10:28","date_gmt":"2009-04-10T15:10:28","guid":{"rendered":"http:\/\/www.visit-ulcinj.com\/blog\/?p=17273"},"modified":"2009-04-10T16:29:02","modified_gmt":"2009-04-10T14:29:02","slug":"dritani-sqarohet-me-mozen","status":"publish","type":"post","link":"https:\/\/www.visit-ulcinj.com\/blog\/2009\/04\/10\/dritani-sqarohet-me-mozen\/","title":{"rendered":"Dritani sqarohet me Moz\u00ebn"},"content":{"rendered":"<p><em><span class=\"newsdate\"><a href=\"http:\/\/www.visit-ulcinj.com\/blog\/wp-content\/uploads\/2009\/04\/tanimozasqarimi.jpg\"><img loading=\"lazy\" class=\"alignleft size-full wp-image-17274\" title=\"tanimozasqarimi-big-brother-albania-2\" src=\"http:\/\/www.visit-ulcinj.com\/blog\/wp-content\/uploads\/2009\/04\/tanimozasqarimi.jpg\" alt=\"tanimozasqarimi-big-brother-albania-2\" width=\"300\" height=\"205\" \/><\/a>09\/04\/09 12:30<\/span><\/em><\/p>\n<p>Dritani mundohet t\u00eb sqaroj\u00eb keqkuptimin q\u00eb \u00ebsht\u00eb krijuar mes tij dhe Mimoz\u00ebs. Ai i thot\u00eb asaj se ajo i ka marr\u00eb tjet\u00ebr p\u00ebr tjet\u00ebr fjal\u00ebt e tija dhe se diskutimi mes tyre nuk ka asnj\u00eb lidhje me nominimin. Dritani i thot\u00eb s\u00ebrish fjal\u00ebt se ai me t\u00eb nuk mund t\u00eb b\u00ebj\u00eb nj\u00eb bised\u00eb vec p\u00ebr bukurin\u00eb e saj, por edhe mbi tema t\u00eb tjera, pa pritur q\u00eb ajo t\u00eb keqkuptohet sic ka ndodhur her\u00ebt e fundit ku ai vec ka b\u00ebr\u00eb shaka me t\u00eb. Ai e k\u00ebshillon q\u00eb ajo t\u00eb filloj\u00eb t\u2019i mendoj\u00eb vet\u00eb gj\u00ebrat e jo t\u00eb eci m\u00eb me mendimet e Aid\u00ebs, pasi sipas tij, ajo \u00ebsht\u00eb n\u00ebn tutel\u00ebn e saj. Mimoza ia kthen se ai po flet gabim dhe se nuk duhet q\u00eb gjithnj\u00eb n\u00eb bisedat mes tyre, ai t\u00eb flas\u00eb edhe p\u00ebr Aid\u00ebn. Ajo thekson se ec\u00ebn vet\u00ebm me idet\u00eb dhe mendimet e saja. Dritanit i ka ngel\u00eb qejfi me Moz\u00ebn, pasi ajo i ka th\u00ebn\u00eb se ai po sillet n\u00eb k\u00ebt\u00eb form\u00eb sepse \u00ebsht\u00eb n\u00eb nominim. Ai e sqaron at\u00eb se bised\u00ebn e nominimit ai nuk ka nd\u00ebr mend ta zhvilloj\u00eb me t\u00eb, por me t\u00eb tjer\u00eb m\u00eb t\u00eb r\u00ebnd\u00ebsish\u00ebm se ajo. Moza ia kthen se ai e ka befasuar q\u00eb e ka thirr\u00eb p\u00ebr t\u00eb sqaruar k\u00ebt\u00eb bised\u00eb sepse m\u00eb par\u00eb nuk kishte ndodhur asnj\u00ebher\u00eb, nd\u00ebrsa tani q\u00eb jan\u00eb n\u00eb nominim t\u00eb dy, po. Dritani i thot\u00eb se po e sqaron pik\u00ebrisht p\u00ebr faktin se ajo m\u00eb par\u00eb nuk ia kishte marr\u00eb asnj\u00ebher\u00eb p\u00ebr keq fjal\u00ebt atij, por pas diskutimit q\u00eb pat\u00ebn ajo, cdo gj\u00eb e merr seriozisht e keq. Moza e pyet s\u00ebrish se p\u00ebrse ai zgjodhi k\u00ebt\u00eb moment q\u00eb jan\u00eb n\u00eb nominim p\u00ebr t\u2019u sqaruar dhe Dritani ia kthen se ajo nuk po e kupton fare konceptin e bised\u00ebs s\u00eb tij, por vjen e karikuar me mendimet e t\u00eb tjer\u00ebve. Ai shton se i vjen keq q\u00eb pat\u00ebn edhe diskutimin e disa dit\u00ebve m\u00eb par\u00eb sepse ajo nuk po e kupton at\u00eb. Moza i thot\u00eb se e kupton at\u00eb dhe cdo njeri tjet\u00ebr dhe po kupton edhe p\u00ebrse ai po e b\u00ebn k\u00ebt\u00eb bised\u00eb tani. Dritani mundohet t\u2019ia spjegoj\u00eb s\u00ebrish se p\u00ebrse po flet, por biseda e tyre rrotullohet rreth t\u00eb nj\u00ebjt\u00ebs pik\u00eb pa arritur n\u00eb sqarim.<\/p>\n","protected":false},"excerpt":{"rendered":"<p>09\/04\/09 12:30 Dritani mundohet t\u00eb sqaroj\u00eb keqkuptimin q\u00eb \u00ebsht\u00eb krijuar mes tij dhe Mimoz\u00ebs. Ai i thot\u00eb asaj se ajo i ka marr\u00eb tjet\u00ebr p\u00ebr tjet\u00ebr fjal\u00ebt e tija dhe se diskutimi mes tyre nuk ka asnj\u00eb lidhje me nominimin. Dritani i thot\u00eb s\u00ebrish fjal\u00ebt se ai me t\u00eb nuk mund t\u00eb b\u00ebj\u00eb nj\u00eb bised\u00eb [&hellip;]<\/p>\n","protected":false},"author":1,"featured_media":0,"comment_status":"open","ping_status":"closed","sticky":false,"template":"","format":"standard","meta":{"spay_email":"","jetpack_publicize_message":"","jetpack_is_tweetstorm":false,"jetpack_publicize_feature_enabled":true},"categories":[6502],"tags":[5057,6506,6516,6712,7129,6521,6544,8882,6891,6693,6887],"jetpack_publicize_connections":[],"yoast_head":"<!-- This site is optimized with the Yoast SEO plugin v19.1 - https:\/\/yoast.com\/wordpress\/plugins\/seo\/ -->\n<title>Dritani sqarohet me Moz\u00c3\u00abn | Big Brother Albania 2<\/title>\n<meta name=\"description\" content=\"Big Brother Albania 2 - Dritani mundohet t\u00c3\u00ab sqaroj\u00c3\u00ab keqkuptimin q\u00c3\u00ab \u00c3\u00absht\u00c3\u00ab krijuar mes tij dhe Mimoz\u00c3\u00abs. Ai i thot\u00c3\u00ab asaj se ajo i ka marr\u00c3\u00ab tjet\u00c3\u00abr p\u00c3\u00abr tjet\u00c3\u00abr fjal\u00c3\u00abt e tija dhe se diskutimi mes tyre nuk ka asnj\u00c3\u00ab lidhje me nominimin.\" \/>\n<meta name=\"robots\" content=\"index, follow, max-snippet:-1, max-image-preview:large, max-video-preview:-1\" \/>\n<link rel=\"canonical\" href=\"https:\/\/www.visit-ulcinj.com\/blog\/2009\/04\/10\/dritani-sqarohet-me-mozen\/\" \/>\n<meta property=\"og:locale\" content=\"en_US\" \/>\n<meta property=\"og:type\" content=\"article\" \/>\n<meta property=\"og:title\" content=\"Dritani sqarohet me Moz\u00c3\u00abn | Big Brother Albania 2\" \/>\n<meta property=\"og:description\" content=\"Big Brother Albania 2 - Dritani mundohet t\u00c3\u00ab sqaroj\u00c3\u00ab keqkuptimin q\u00c3\u00ab \u00c3\u00absht\u00c3\u00ab krijuar mes tij dhe Mimoz\u00c3\u00abs. Ai i thot\u00c3\u00ab asaj se ajo i ka marr\u00c3\u00ab tjet\u00c3\u00abr p\u00c3\u00abr tjet\u00c3\u00abr fjal\u00c3\u00abt e tija dhe se diskutimi mes tyre nuk ka asnj\u00c3\u00ab lidhje me nominimin.\" \/>\n<meta property=\"og:url\" content=\"https:\/\/www.visit-ulcinj.com\/blog\/2009\/04\/10\/dritani-sqarohet-me-mozen\/\" \/>\n<meta property=\"og:site_name\" content=\"Lajme nga Ulqini\" \/>\n<meta property=\"article:published_time\" content=\"2009-04-10T15:10:28+00:00\" \/>\n<meta property=\"article:modified_time\" content=\"2009-04-10T14:29:02+00:00\" \/>\n<meta property=\"og:image\" content=\"http:\/\/www.visit-ulcinj.com\/blog\/wp-content\/uploads\/2009\/04\/tanimozasqarimi.jpg\" \/>\n<meta name=\"twitter:label1\" content=\"Written by\" \/>\n\t<meta name=\"twitter:data1\" content=\"ulqini\" \/>\n\t<meta name=\"twitter:label2\" content=\"Est. reading time\" \/>\n\t<meta name=\"twitter:data2\" content=\"2 minutes\" \/>\n<script type=\"application\/ld+json\" class=\"yoast-schema-graph\">{\"@context\":\"https:\/\/schema.org\",\"@graph\":[{\"@type\":\"WebSite\",\"@id\":\"https:\/\/www.visit-ulcinj.com\/blog\/#website\",\"url\":\"https:\/\/www.visit-ulcinj.com\/blog\/\",\"name\":\"Lajme nga Ulqini\",\"description\":\"Lajme,Vijesti,Ulqini,Ulqin,Crna Gora,Mali i Zi\",\"potentialAction\":[{\"@type\":\"SearchAction\",\"target\":{\"@type\":\"EntryPoint\",\"urlTemplate\":\"https:\/\/www.visit-ulcinj.com\/blog\/?s={search_term_string}\"},\"query-input\":\"required name=search_term_string\"}],\"inLanguage\":\"en-US\"},{\"@type\":\"ImageObject\",\"inLanguage\":\"en-US\",\"@id\":\"https:\/\/www.visit-ulcinj.com\/blog\/2009\/04\/10\/dritani-sqarohet-me-mozen\/#primaryimage\",\"url\":\"http:\/\/www.visit-ulcinj.com\/blog\/wp-content\/uploads\/2009\/04\/tanimozasqarimi.jpg\",\"contentUrl\":\"http:\/\/www.visit-ulcinj.com\/blog\/wp-content\/uploads\/2009\/04\/tanimozasqarimi.jpg\"},{\"@type\":\"WebPage\",\"@id\":\"https:\/\/www.visit-ulcinj.com\/blog\/2009\/04\/10\/dritani-sqarohet-me-mozen\/#webpage\",\"url\":\"https:\/\/www.visit-ulcinj.com\/blog\/2009\/04\/10\/dritani-sqarohet-me-mozen\/\",\"name\":\"Dritani sqarohet me Moz\u00c3\u00abn | Big Brother Albania 2\",\"isPartOf\":{\"@id\":\"https:\/\/www.visit-ulcinj.com\/blog\/#website\"},\"primaryImageOfPage\":{\"@id\":\"https:\/\/www.visit-ulcinj.com\/blog\/2009\/04\/10\/dritani-sqarohet-me-mozen\/#primaryimage\"},\"datePublished\":\"2009-04-10T15:10:28+00:00\",\"dateModified\":\"2009-04-10T14:29:02+00:00\",\"author\":{\"@id\":\"https:\/\/www.visit-ulcinj.com\/blog\/#\/schema\/person\/dcab619c614d3038751c63bc2aadc06d\"},\"description\":\"Big Brother Albania 2 - Dritani mundohet t\u00c3\u00ab sqaroj\u00c3\u00ab keqkuptimin q\u00c3\u00ab \u00c3\u00absht\u00c3\u00ab krijuar mes tij dhe Mimoz\u00c3\u00abs. Ai i thot\u00c3\u00ab asaj se ajo i ka marr\u00c3\u00ab tjet\u00c3\u00abr p\u00c3\u00abr tjet\u00c3\u00abr fjal\u00c3\u00abt e tija dhe se diskutimi mes tyre nuk ka asnj\u00c3\u00ab lidhje me nominimin.\",\"breadcrumb\":{\"@id\":\"https:\/\/www.visit-ulcinj.com\/blog\/2009\/04\/10\/dritani-sqarohet-me-mozen\/#breadcrumb\"},\"inLanguage\":\"en-US\",\"potentialAction\":[{\"@type\":\"ReadAction\",\"target\":[\"https:\/\/www.visit-ulcinj.com\/blog\/2009\/04\/10\/dritani-sqarohet-me-mozen\/\"]}]},{\"@type\":\"BreadcrumbList\",\"@id\":\"https:\/\/www.visit-ulcinj.com\/blog\/2009\/04\/10\/dritani-sqarohet-me-mozen\/#breadcrumb\",\"itemListElement\":[{\"@type\":\"ListItem\",\"position\":1,\"name\":\"Dritani sqarohet me Moz\u00ebn\"}]},{\"@type\":\"Person\",\"@id\":\"https:\/\/www.visit-ulcinj.com\/blog\/#\/schema\/person\/dcab619c614d3038751c63bc2aadc06d\",\"name\":\"ulqini\",\"sameAs\":[\"http:\/\/www.visit-ulcinj.com\"],\"url\":\"https:\/\/www.visit-ulcinj.com\/blog\/author\/admin\/\"}]}<\/script>\n<!-- \/ Yoast SEO plugin. -->","yoast_head_json":{"title":"Dritani sqarohet me Moz\u00c3\u00abn | Big Brother Albania 2","description":"Big Brother Albania 2 - Dritani mundohet t\u00c3\u00ab sqaroj\u00c3\u00ab keqkuptimin q\u00c3\u00ab \u00c3\u00absht\u00c3\u00ab krijuar mes tij dhe Mimoz\u00c3\u00abs. Ai i thot\u00c3\u00ab asaj se ajo i ka marr\u00c3\u00ab tjet\u00c3\u00abr p\u00c3\u00abr tjet\u00c3\u00abr fjal\u00c3\u00abt e tija dhe se diskutimi mes tyre nuk ka asnj\u00c3\u00ab lidhje me nominimin.","robots":{"index":"index","follow":"follow","max-snippet":"max-snippet:-1","max-image-preview":"max-image-preview:large","max-video-preview":"max-video-preview:-1"},"canonical":"https:\/\/www.visit-ulcinj.com\/blog\/2009\/04\/10\/dritani-sqarohet-me-mozen\/","og_locale":"en_US","og_type":"article","og_title":"Dritani sqarohet me Moz\u00c3\u00abn | Big Brother Albania 2","og_description":"Big Brother Albania 2 - Dritani mundohet t\u00c3\u00ab sqaroj\u00c3\u00ab keqkuptimin q\u00c3\u00ab \u00c3\u00absht\u00c3\u00ab krijuar mes tij dhe Mimoz\u00c3\u00abs. Ai i thot\u00c3\u00ab asaj se ajo i ka marr\u00c3\u00ab tjet\u00c3\u00abr p\u00c3\u00abr tjet\u00c3\u00abr fjal\u00c3\u00abt e tija dhe se diskutimi mes tyre nuk ka asnj\u00c3\u00ab lidhje me nominimin.","og_url":"https:\/\/www.visit-ulcinj.com\/blog\/2009\/04\/10\/dritani-sqarohet-me-mozen\/","og_site_name":"Lajme nga Ulqini","article_published_time":"2009-04-10T15:10:28+00:00","article_modified_time":"2009-04-10T14:29:02+00:00","og_image":[{"url":"http:\/\/www.visit-ulcinj.com\/blog\/wp-content\/uploads\/2009\/04\/tanimozasqarimi.jpg"}],"twitter_misc":{"Written by":"ulqini","Est. reading time":"2 minutes"},"schema":{"@context":"https:\/\/schema.org","@graph":[{"@type":"WebSite","@id":"https:\/\/www.visit-ulcinj.com\/blog\/#website","url":"https:\/\/www.visit-ulcinj.com\/blog\/","name":"Lajme nga Ulqini","description":"Lajme,Vijesti,Ulqini,Ulqin,Crna Gora,Mali i Zi","potentialAction":[{"@type":"SearchAction","target":{"@type":"EntryPoint","urlTemplate":"https:\/\/www.visit-ulcinj.com\/blog\/?s={search_term_string}"},"query-input":"required name=search_term_string"}],"inLanguage":"en-US"},{"@type":"ImageObject","inLanguage":"en-US","@id":"https:\/\/www.visit-ulcinj.com\/blog\/2009\/04\/10\/dritani-sqarohet-me-mozen\/#primaryimage","url":"http:\/\/www.visit-ulcinj.com\/blog\/wp-content\/uploads\/2009\/04\/tanimozasqarimi.jpg","contentUrl":"http:\/\/www.visit-ulcinj.com\/blog\/wp-content\/uploads\/2009\/04\/tanimozasqarimi.jpg"},{"@type":"WebPage","@id":"https:\/\/www.visit-ulcinj.com\/blog\/2009\/04\/10\/dritani-sqarohet-me-mozen\/#webpage","url":"https:\/\/www.visit-ulcinj.com\/blog\/2009\/04\/10\/dritani-sqarohet-me-mozen\/","name":"Dritani sqarohet me Moz\u00c3\u00abn | Big Brother Albania 2","isPartOf":{"@id":"https:\/\/www.visit-ulcinj.com\/blog\/#website"},"primaryImageOfPage":{"@id":"https:\/\/www.visit-ulcinj.com\/blog\/2009\/04\/10\/dritani-sqarohet-me-mozen\/#primaryimage"},"datePublished":"2009-04-10T15:10:28+00:00","dateModified":"2009-04-10T14:29:02+00:00","author":{"@id":"https:\/\/www.visit-ulcinj.com\/blog\/#\/schema\/person\/dcab619c614d3038751c63bc2aadc06d"},"description":"Big Brother Albania 2 - Dritani mundohet t\u00c3\u00ab sqaroj\u00c3\u00ab keqkuptimin q\u00c3\u00ab \u00c3\u00absht\u00c3\u00ab krijuar mes tij dhe Mimoz\u00c3\u00abs. Ai i thot\u00c3\u00ab asaj se ajo i ka marr\u00c3\u00ab tjet\u00c3\u00abr p\u00c3\u00abr tjet\u00c3\u00abr fjal\u00c3\u00abt e tija dhe se diskutimi mes tyre nuk ka asnj\u00c3\u00ab lidhje me nominimin.","breadcrumb":{"@id":"https:\/\/www.visit-ulcinj.com\/blog\/2009\/04\/10\/dritani-sqarohet-me-mozen\/#breadcrumb"},"inLanguage":"en-US","potentialAction":[{"@type":"ReadAction","target":["https:\/\/www.visit-ulcinj.com\/blog\/2009\/04\/10\/dritani-sqarohet-me-mozen\/"]}]},{"@type":"BreadcrumbList","@id":"https:\/\/www.visit-ulcinj.com\/blog\/2009\/04\/10\/dritani-sqarohet-me-mozen\/#breadcrumb","itemListElement":[{"@type":"ListItem","position":1,"name":"Dritani sqarohet me Moz\u00ebn"}]},{"@type":"Person","@id":"https:\/\/www.visit-ulcinj.com\/blog\/#\/schema\/person\/dcab619c614d3038751c63bc2aadc06d","name":"ulqini","sameAs":["http:\/\/www.visit-ulcinj.com"],"url":"https:\/\/www.visit-ulcinj.com\/blog\/author\/admin\/"}]}},"jetpack_featured_media_url":"","jetpack_sharing_enabled":true,"jetpack_shortlink":"https:\/\/wp.me\/pe6lTn-4uB","_links":{"self":[{"href":"https:\/\/www.visit-ulcinj.com\/blog\/wp-json\/wp\/v2\/posts\/17273"}],"collection":[{"href":"https:\/\/www.visit-ulcinj.com\/blog\/wp-json\/wp\/v2\/posts"}],"about":[{"href":"https:\/\/www.visit-ulcinj.com\/blog\/wp-json\/wp\/v2\/types\/post"}],"author":[{"embeddable":true,"href":"https:\/\/www.visit-ulcinj.com\/blog\/wp-json\/wp\/v2\/users\/1"}],"replies":[{"embeddable":true,"href":"https:\/\/www.visit-ulcinj.com\/blog\/wp-json\/wp\/v2\/comments?post=17273"}],"version-history":[{"count":0,"href":"https:\/\/www.visit-ulcinj.com\/blog\/wp-json\/wp\/v2\/posts\/17273\/revisions"}],"wp:attachment":[{"href":"https:\/\/www.visit-ulcinj.com\/blog\/wp-json\/wp\/v2\/media?parent=17273"}],"wp:term":[{"taxonomy":"category","embeddable":true,"href":"https:\/\/www.visit-ulcinj.com\/blog\/wp-json\/wp\/v2\/categories?post=17273"},{"taxonomy":"post_tag","embeddable":true,"href":"https:\/\/www.visit-ulcinj.com\/blog\/wp-json\/wp\/v2\/tags?post=17273"}],"curies":[{"name":"wp","href":"https:\/\/api.w.org\/{rel}","templated":true}]}}