{"id":17276,"date":"2009-04-10T17:30:19","date_gmt":"2009-04-10T15:30:19","guid":{"rendered":"http:\/\/www.visit-ulcinj.com\/blog\/?p=17276"},"modified":"2009-04-10T16:34:36","modified_gmt":"2009-04-10T14:34:36","slug":"bjordi-mezini-kam-komplekse","status":"publish","type":"post","link":"https:\/\/www.visit-ulcinj.com\/blog\/2009\/04\/10\/bjordi-mezini-kam-komplekse\/","title":{"rendered":"Bjordi Mezini : Kam komplekse"},"content":{"rendered":"<p><em><a href=\"http:\/\/www.visit-ulcinj.com\/blog\/wp-content\/uploads\/2009\/04\/bjordi-per-komplekset.jpg\"><img loading=\"lazy\" class=\"alignleft size-full wp-image-17277\" title=\"bjordi-per-komplekset-big-brother-albania-2\" src=\"http:\/\/www.visit-ulcinj.com\/blog\/wp-content\/uploads\/2009\/04\/bjordi-per-komplekset.jpg\" alt=\"bjordi-per-komplekset-big-brother-albania-2\" width=\"300\" height=\"205\" \/><\/a>09\/04\/09 12:48<\/em><br \/>\nBjordi i tregon Adel\u00ebs se dhe ai ka disa komplekse lidhur me mendimet apo karakterin e tij, t\u00eb cilat nuk d\u00ebshiron q\u00eb t\u2019i tregoj\u00eb gjat\u00eb q\u00ebndrimit n\u00eb sht\u00ebpi. Adela mendon se ai nuk mund t\u00eb ket\u00eb asnj\u00eb an\u00eb negative n\u00eb karakter, por Bjordi ia kthen se sjellja e tij nuk ka arritur n\u00eb ato nivele sa t\u2019i tregoj\u00eb k\u00ebto an\u00eb t\u00eb tijat. Ai tregon se jo gjithmon\u00eb sillet mir\u00eb me njer\u00ebzit dhe se ka nj\u00eb pjes\u00eb shum\u00eb t\u00eb keqe t\u00eb vet\u00ebn q\u00eb p\u00ebrpiqet mos ta nxjerr\u00eb n\u00eb pah. Bjordi thot\u00eb se jasht\u00eb e di si reagon n\u00eb ato momente, nd\u00ebrsa n\u00eb sht\u00ebpin\u00eb e Big Brother nuk e ka provuar ende se e kufizon veten. Adela mendon se cdo njeri ka an\u00eb negative apo b\u00ebn gabime, por kur e di se ku gabon dhe mundohet mos ta b\u00ebj\u00eb, \u00ebsht\u00eb dicka pozitive.<\/p>\n","protected":false},"excerpt":{"rendered":"<p>09\/04\/09 12:48 Bjordi i tregon Adel\u00ebs se dhe ai ka disa komplekse lidhur me mendimet apo karakterin e tij, t\u00eb cilat nuk d\u00ebshiron q\u00eb t\u2019i tregoj\u00eb gjat\u00eb q\u00ebndrimit n\u00eb sht\u00ebpi. Adela mendon se ai nuk mund t\u00eb ket\u00eb asnj\u00eb an\u00eb negative n\u00eb karakter, por Bjordi ia kthen se sjellja e tij nuk ka arritur n\u00eb [&hellip;]<\/p>\n","protected":false},"author":1,"featured_media":0,"comment_status":"open","ping_status":"closed","sticky":false,"template":"","format":"standard","meta":{"spay_email":"","jetpack_publicize_message":"","jetpack_is_tweetstorm":false,"jetpack_publicize_feature_enabled":true},"categories":[6502],"tags":[6529,5057,6506,6516,6712,7129,6522,8883,6544,6891,6693,6887],"jetpack_publicize_connections":[],"yoast_head":"<!-- This site is optimized with the Yoast SEO plugin v19.1 - https:\/\/yoast.com\/wordpress\/plugins\/seo\/ -->\n<title>Bjordi Mezini : Kam komplekse | Big Brother Albania 2<\/title>\n<meta name=\"description\" content=\"Big Brother Albania 2 - Bjordi i tregon Adel\u00c3\u00abs se dhe ai ka disa komplekse lidhur me mendimet apo karakterin e tij, t\u00c3\u00ab cilat nuk d\u00c3\u00abshiron q\u00c3\u00ab t\u00e2\u20ac\u2122i tregoj\u00c3\u00ab gjat\u00c3\u00ab q\u00c3\u00abndrimit n\u00c3\u00ab sht\u00c3\u00abpi.\" \/>\n<meta name=\"robots\" content=\"index, follow, max-snippet:-1, max-image-preview:large, max-video-preview:-1\" \/>\n<link rel=\"canonical\" href=\"https:\/\/www.visit-ulcinj.com\/blog\/2009\/04\/10\/bjordi-mezini-kam-komplekse\/\" \/>\n<meta property=\"og:locale\" content=\"en_US\" \/>\n<meta property=\"og:type\" content=\"article\" \/>\n<meta property=\"og:title\" content=\"Bjordi Mezini : Kam komplekse | Big Brother Albania 2\" \/>\n<meta property=\"og:description\" content=\"Big Brother Albania 2 - Bjordi i tregon Adel\u00c3\u00abs se dhe ai ka disa komplekse lidhur me mendimet apo karakterin e tij, t\u00c3\u00ab cilat nuk d\u00c3\u00abshiron q\u00c3\u00ab t\u00e2\u20ac\u2122i tregoj\u00c3\u00ab gjat\u00c3\u00ab q\u00c3\u00abndrimit n\u00c3\u00ab sht\u00c3\u00abpi.\" \/>\n<meta property=\"og:url\" content=\"https:\/\/www.visit-ulcinj.com\/blog\/2009\/04\/10\/bjordi-mezini-kam-komplekse\/\" \/>\n<meta property=\"og:site_name\" content=\"Lajme nga Ulqini\" \/>\n<meta property=\"article:published_time\" content=\"2009-04-10T15:30:19+00:00\" \/>\n<meta property=\"article:modified_time\" content=\"2009-04-10T14:34:36+00:00\" \/>\n<meta property=\"og:image\" content=\"http:\/\/www.visit-ulcinj.com\/blog\/wp-content\/uploads\/2009\/04\/bjordi-per-komplekset.jpg\" \/>\n<meta name=\"twitter:label1\" content=\"Written by\" \/>\n\t<meta name=\"twitter:data1\" content=\"ulqini\" \/>\n\t<meta name=\"twitter:label2\" content=\"Est. reading time\" \/>\n\t<meta name=\"twitter:data2\" content=\"1 minute\" \/>\n<script type=\"application\/ld+json\" class=\"yoast-schema-graph\">{\"@context\":\"https:\/\/schema.org\",\"@graph\":[{\"@type\":\"WebSite\",\"@id\":\"https:\/\/www.visit-ulcinj.com\/blog\/#website\",\"url\":\"https:\/\/www.visit-ulcinj.com\/blog\/\",\"name\":\"Lajme nga Ulqini\",\"description\":\"Lajme,Vijesti,Ulqini,Ulqin,Crna Gora,Mali i Zi\",\"potentialAction\":[{\"@type\":\"SearchAction\",\"target\":{\"@type\":\"EntryPoint\",\"urlTemplate\":\"https:\/\/www.visit-ulcinj.com\/blog\/?s={search_term_string}\"},\"query-input\":\"required name=search_term_string\"}],\"inLanguage\":\"en-US\"},{\"@type\":\"ImageObject\",\"inLanguage\":\"en-US\",\"@id\":\"https:\/\/www.visit-ulcinj.com\/blog\/2009\/04\/10\/bjordi-mezini-kam-komplekse\/#primaryimage\",\"url\":\"http:\/\/www.visit-ulcinj.com\/blog\/wp-content\/uploads\/2009\/04\/bjordi-per-komplekset.jpg\",\"contentUrl\":\"http:\/\/www.visit-ulcinj.com\/blog\/wp-content\/uploads\/2009\/04\/bjordi-per-komplekset.jpg\"},{\"@type\":\"WebPage\",\"@id\":\"https:\/\/www.visit-ulcinj.com\/blog\/2009\/04\/10\/bjordi-mezini-kam-komplekse\/#webpage\",\"url\":\"https:\/\/www.visit-ulcinj.com\/blog\/2009\/04\/10\/bjordi-mezini-kam-komplekse\/\",\"name\":\"Bjordi Mezini : Kam komplekse | Big Brother Albania 2\",\"isPartOf\":{\"@id\":\"https:\/\/www.visit-ulcinj.com\/blog\/#website\"},\"primaryImageOfPage\":{\"@id\":\"https:\/\/www.visit-ulcinj.com\/blog\/2009\/04\/10\/bjordi-mezini-kam-komplekse\/#primaryimage\"},\"datePublished\":\"2009-04-10T15:30:19+00:00\",\"dateModified\":\"2009-04-10T14:34:36+00:00\",\"author\":{\"@id\":\"https:\/\/www.visit-ulcinj.com\/blog\/#\/schema\/person\/dcab619c614d3038751c63bc2aadc06d\"},\"description\":\"Big Brother Albania 2 - Bjordi i tregon Adel\u00c3\u00abs se dhe ai ka disa komplekse lidhur me mendimet apo karakterin e tij, t\u00c3\u00ab cilat nuk d\u00c3\u00abshiron q\u00c3\u00ab t\u00e2\u20ac\u2122i tregoj\u00c3\u00ab gjat\u00c3\u00ab q\u00c3\u00abndrimit n\u00c3\u00ab sht\u00c3\u00abpi.\",\"breadcrumb\":{\"@id\":\"https:\/\/www.visit-ulcinj.com\/blog\/2009\/04\/10\/bjordi-mezini-kam-komplekse\/#breadcrumb\"},\"inLanguage\":\"en-US\",\"potentialAction\":[{\"@type\":\"ReadAction\",\"target\":[\"https:\/\/www.visit-ulcinj.com\/blog\/2009\/04\/10\/bjordi-mezini-kam-komplekse\/\"]}]},{\"@type\":\"BreadcrumbList\",\"@id\":\"https:\/\/www.visit-ulcinj.com\/blog\/2009\/04\/10\/bjordi-mezini-kam-komplekse\/#breadcrumb\",\"itemListElement\":[{\"@type\":\"ListItem\",\"position\":1,\"name\":\"Bjordi Mezini : Kam komplekse\"}]},{\"@type\":\"Person\",\"@id\":\"https:\/\/www.visit-ulcinj.com\/blog\/#\/schema\/person\/dcab619c614d3038751c63bc2aadc06d\",\"name\":\"ulqini\",\"sameAs\":[\"http:\/\/www.visit-ulcinj.com\"],\"url\":\"https:\/\/www.visit-ulcinj.com\/blog\/author\/admin\/\"}]}<\/script>\n<!-- \/ Yoast SEO plugin. -->","yoast_head_json":{"title":"Bjordi Mezini : Kam komplekse | Big Brother Albania 2","description":"Big Brother Albania 2 - Bjordi i tregon Adel\u00c3\u00abs se dhe ai ka disa komplekse lidhur me mendimet apo karakterin e tij, t\u00c3\u00ab cilat nuk d\u00c3\u00abshiron q\u00c3\u00ab t\u00e2\u20ac\u2122i tregoj\u00c3\u00ab gjat\u00c3\u00ab q\u00c3\u00abndrimit n\u00c3\u00ab sht\u00c3\u00abpi.","robots":{"index":"index","follow":"follow","max-snippet":"max-snippet:-1","max-image-preview":"max-image-preview:large","max-video-preview":"max-video-preview:-1"},"canonical":"https:\/\/www.visit-ulcinj.com\/blog\/2009\/04\/10\/bjordi-mezini-kam-komplekse\/","og_locale":"en_US","og_type":"article","og_title":"Bjordi Mezini : Kam komplekse | Big Brother Albania 2","og_description":"Big Brother Albania 2 - Bjordi i tregon Adel\u00c3\u00abs se dhe ai ka disa komplekse lidhur me mendimet apo karakterin e tij, t\u00c3\u00ab cilat nuk d\u00c3\u00abshiron q\u00c3\u00ab t\u00e2\u20ac\u2122i tregoj\u00c3\u00ab gjat\u00c3\u00ab q\u00c3\u00abndrimit n\u00c3\u00ab sht\u00c3\u00abpi.","og_url":"https:\/\/www.visit-ulcinj.com\/blog\/2009\/04\/10\/bjordi-mezini-kam-komplekse\/","og_site_name":"Lajme nga Ulqini","article_published_time":"2009-04-10T15:30:19+00:00","article_modified_time":"2009-04-10T14:34:36+00:00","og_image":[{"url":"http:\/\/www.visit-ulcinj.com\/blog\/wp-content\/uploads\/2009\/04\/bjordi-per-komplekset.jpg"}],"twitter_misc":{"Written by":"ulqini","Est. reading time":"1 minute"},"schema":{"@context":"https:\/\/schema.org","@graph":[{"@type":"WebSite","@id":"https:\/\/www.visit-ulcinj.com\/blog\/#website","url":"https:\/\/www.visit-ulcinj.com\/blog\/","name":"Lajme nga Ulqini","description":"Lajme,Vijesti,Ulqini,Ulqin,Crna Gora,Mali i Zi","potentialAction":[{"@type":"SearchAction","target":{"@type":"EntryPoint","urlTemplate":"https:\/\/www.visit-ulcinj.com\/blog\/?s={search_term_string}"},"query-input":"required name=search_term_string"}],"inLanguage":"en-US"},{"@type":"ImageObject","inLanguage":"en-US","@id":"https:\/\/www.visit-ulcinj.com\/blog\/2009\/04\/10\/bjordi-mezini-kam-komplekse\/#primaryimage","url":"http:\/\/www.visit-ulcinj.com\/blog\/wp-content\/uploads\/2009\/04\/bjordi-per-komplekset.jpg","contentUrl":"http:\/\/www.visit-ulcinj.com\/blog\/wp-content\/uploads\/2009\/04\/bjordi-per-komplekset.jpg"},{"@type":"WebPage","@id":"https:\/\/www.visit-ulcinj.com\/blog\/2009\/04\/10\/bjordi-mezini-kam-komplekse\/#webpage","url":"https:\/\/www.visit-ulcinj.com\/blog\/2009\/04\/10\/bjordi-mezini-kam-komplekse\/","name":"Bjordi Mezini : Kam komplekse | Big Brother Albania 2","isPartOf":{"@id":"https:\/\/www.visit-ulcinj.com\/blog\/#website"},"primaryImageOfPage":{"@id":"https:\/\/www.visit-ulcinj.com\/blog\/2009\/04\/10\/bjordi-mezini-kam-komplekse\/#primaryimage"},"datePublished":"2009-04-10T15:30:19+00:00","dateModified":"2009-04-10T14:34:36+00:00","author":{"@id":"https:\/\/www.visit-ulcinj.com\/blog\/#\/schema\/person\/dcab619c614d3038751c63bc2aadc06d"},"description":"Big Brother Albania 2 - Bjordi i tregon Adel\u00c3\u00abs se dhe ai ka disa komplekse lidhur me mendimet apo karakterin e tij, t\u00c3\u00ab cilat nuk d\u00c3\u00abshiron q\u00c3\u00ab t\u00e2\u20ac\u2122i tregoj\u00c3\u00ab gjat\u00c3\u00ab q\u00c3\u00abndrimit n\u00c3\u00ab sht\u00c3\u00abpi.","breadcrumb":{"@id":"https:\/\/www.visit-ulcinj.com\/blog\/2009\/04\/10\/bjordi-mezini-kam-komplekse\/#breadcrumb"},"inLanguage":"en-US","potentialAction":[{"@type":"ReadAction","target":["https:\/\/www.visit-ulcinj.com\/blog\/2009\/04\/10\/bjordi-mezini-kam-komplekse\/"]}]},{"@type":"BreadcrumbList","@id":"https:\/\/www.visit-ulcinj.com\/blog\/2009\/04\/10\/bjordi-mezini-kam-komplekse\/#breadcrumb","itemListElement":[{"@type":"ListItem","position":1,"name":"Bjordi Mezini : Kam komplekse"}]},{"@type":"Person","@id":"https:\/\/www.visit-ulcinj.com\/blog\/#\/schema\/person\/dcab619c614d3038751c63bc2aadc06d","name":"ulqini","sameAs":["http:\/\/www.visit-ulcinj.com"],"url":"https:\/\/www.visit-ulcinj.com\/blog\/author\/admin\/"}]}},"jetpack_featured_media_url":"","jetpack_sharing_enabled":true,"jetpack_shortlink":"https:\/\/wp.me\/pe6lTn-4uE","_links":{"self":[{"href":"https:\/\/www.visit-ulcinj.com\/blog\/wp-json\/wp\/v2\/posts\/17276"}],"collection":[{"href":"https:\/\/www.visit-ulcinj.com\/blog\/wp-json\/wp\/v2\/posts"}],"about":[{"href":"https:\/\/www.visit-ulcinj.com\/blog\/wp-json\/wp\/v2\/types\/post"}],"author":[{"embeddable":true,"href":"https:\/\/www.visit-ulcinj.com\/blog\/wp-json\/wp\/v2\/users\/1"}],"replies":[{"embeddable":true,"href":"https:\/\/www.visit-ulcinj.com\/blog\/wp-json\/wp\/v2\/comments?post=17276"}],"version-history":[{"count":0,"href":"https:\/\/www.visit-ulcinj.com\/blog\/wp-json\/wp\/v2\/posts\/17276\/revisions"}],"wp:attachment":[{"href":"https:\/\/www.visit-ulcinj.com\/blog\/wp-json\/wp\/v2\/media?parent=17276"}],"wp:term":[{"taxonomy":"category","embeddable":true,"href":"https:\/\/www.visit-ulcinj.com\/blog\/wp-json\/wp\/v2\/categories?post=17276"},{"taxonomy":"post_tag","embeddable":true,"href":"https:\/\/www.visit-ulcinj.com\/blog\/wp-json\/wp\/v2\/tags?post=17276"}],"curies":[{"name":"wp","href":"https:\/\/api.w.org\/{rel}","templated":true}]}}