{"id":17279,"date":"2009-04-10T17:49:18","date_gmt":"2009-04-10T15:49:18","guid":{"rendered":"http:\/\/www.visit-ulcinj.com\/blog\/?p=17279"},"modified":"2009-04-10T16:50:33","modified_gmt":"2009-04-10T14:50:33","slug":"debat-per-letren-e-bjordit","status":"publish","type":"post","link":"https:\/\/www.visit-ulcinj.com\/blog\/2009\/04\/10\/debat-per-letren-e-bjordit\/","title":{"rendered":"Debat p\u00ebr letr\u00ebn e Bjordit"},"content":{"rendered":"<p><em><span class=\"newsdate\"><a href=\"http:\/\/www.visit-ulcinj.com\/blog\/wp-content\/uploads\/2009\/04\/per-bjordin-9prill.jpg\"><img loading=\"lazy\" class=\"alignleft size-full wp-image-17280\" title=\"per-bjordin-9prill-big-brother-albania-2\" src=\"http:\/\/www.visit-ulcinj.com\/blog\/wp-content\/uploads\/2009\/04\/per-bjordin-9prill.jpg\" alt=\"per-bjordin-9prill-big-brother-albania-2\" width=\"300\" height=\"205\" \/><\/a>09\/04\/09 14:00<\/span><\/em><\/p>\n<p>Juna k\u00ebrkon t\u00eb m\u00ebsoj\u00eb dicka nga jeta e Bjordit dhe Adi fillon t\u2019i tregoj\u00eb n\u00eb vija t\u00eb p\u00ebrgjithshme p\u00ebr jet\u00ebn e tij. Bjordi nd\u00ebrkoh\u00eb shkon n\u00eb dhom\u00eb t\u00eb marr\u00eb letr\u00ebn q\u00eb babai i ka d\u00ebrguar, e t\u00eb pyes\u00eb k\u00ebshtu Jun\u00ebn p\u00ebr nj\u00eb fraz\u00eb q\u00eb \u00ebsht\u00eb shkruar n\u00eb gjermanisht. Ajo e lexon dhe preket nga letra. Arjoni e sheh Bjordin me letr\u00ebn e t\u00eb atit dhe komenton se Bjordi po hapet me letr\u00ebn e t\u00eb atit. Kjo shprehje kthehet n\u00eb objekt bisede p\u00ebr ata q\u00eb ndodhen pran\u00eb Arjonit. Dritani shprehet se Bjordi i g\u00ebzon asaj letre, edhe pse t\u00eb tjer\u00ebt nuk e kuptojn\u00eb apo nuk e vler\u00ebsojn\u00eb. Adela hidhet n\u00eb mbrojtje t\u00eb Bjordit duke e sulmuar Arjonin p\u00ebr shprehjen q\u00eb p\u00ebrdori. Asaj i duket shum\u00eb e pav\u00ebnd ajo shprehje. Djemt\u00eb hidhen n\u00eb mbrojtje t\u00eb Arjonit se ai nuk e tha me tendenc\u00eb at\u00eb shprehje. Arjoni i thot\u00eb se ajo po i kthehet n\u00eb nj\u00eb m\u00ebnyr\u00eb e me nj\u00eb ton sikur ai ta kishte shar\u00eb Bjordin. Adela e sqaron se shprehja e tij iu duk me tendenc\u00eb dhe ndaj nd\u00ebrhyri. Diskutimi vazhdon se cil\u00ebt duhet t\u00eb nd\u00ebrhyjn\u00eb e cil\u00ebt jo n\u00eb k\u00ebt\u00eb diskutim. \u201cAh mor Bjordi cna hape pun\u00eb\u201d- i thot\u00eb Dritani q\u00eb nga larg. Arjoni tht\u00eb se zysha e harroi diskutimin q\u00eb b\u00ebn\u00eb pak dit\u00eb m\u00eb par\u00eb n\u00eb sallon e n\u00eb k\u00ebt\u00eb m\u00ebnyr\u00eb do t\u00eb kuptonte tendenc\u00ebn e shprehjes s\u00eb tij. Adela nuk e kupton dhe Arjoni i spjegon se Bjordi, me k\u00ebt\u00eb veprim, po krijon afrimitet me t\u00eb rinjt\u00eb dhe k\u00ebshtu po b\u00ebn t\u00eb kund\u00ebrt\u00ebn e asaj q\u00eb ata kishin biseduar pak dit\u00eb m\u00eb par\u00eb, p\u00ebr t\u2019u q\u00ebndruar larg atyre. Diskutimi vazhdon m\u00eb t\u00ebj me t\u00eb drejt\u00ebn n\u00ebse duhet apo jo nj\u00eb person t\u00eb nd\u00ebrhyj\u00eb n\u00eb nj\u00eb debat q\u00eb nuk i p\u00ebrket.<\/p>\n","protected":false},"excerpt":{"rendered":"<p>09\/04\/09 14:00 Juna k\u00ebrkon t\u00eb m\u00ebsoj\u00eb dicka nga jeta e Bjordit dhe Adi fillon t\u2019i tregoj\u00eb n\u00eb vija t\u00eb p\u00ebrgjithshme p\u00ebr jet\u00ebn e tij. Bjordi nd\u00ebrkoh\u00eb shkon n\u00eb dhom\u00eb t\u00eb marr\u00eb letr\u00ebn q\u00eb babai i ka d\u00ebrguar, e t\u00eb pyes\u00eb k\u00ebshtu Jun\u00ebn p\u00ebr nj\u00eb fraz\u00eb q\u00eb \u00ebsht\u00eb shkruar n\u00eb gjermanisht. Ajo e lexon dhe preket [&hellip;]<\/p>\n","protected":false},"author":1,"featured_media":0,"comment_status":"open","ping_status":"closed","sticky":false,"template":"","format":"standard","meta":{"spay_email":"","jetpack_publicize_message":"","jetpack_is_tweetstorm":false,"jetpack_publicize_feature_enabled":true},"categories":[6502],"tags":[6529,6537,5057,6506,6516,6712,7129,6522,1442,6544,6891,6693,6887],"jetpack_publicize_connections":[],"yoast_head":"<!-- This site is optimized with the Yoast SEO plugin v19.1 - https:\/\/yoast.com\/wordpress\/plugins\/seo\/ -->\n<title>Debat p\u00c3\u00abr letr\u00c3\u00abn e Bjordit | Big Brother Albania 2<\/title>\n<meta name=\"description\" content=\"Big Brother Albania 2 - Juna k\u00c3\u00abrkon t\u00c3\u00ab m\u00c3\u00absoj\u00c3\u00ab dicka nga jeta e Bjordit dhe Adi fillon t\u00e2\u20ac\u2122i tregoj\u00c3\u00ab n\u00c3\u00ab vija t\u00c3\u00ab p\u00c3\u00abrgjithshme p\u00c3\u00abr jet\u00c3\u00abn e tij. Bjordi nd\u00c3\u00abrkoh\u00c3\u00ab shkon n\u00c3\u00ab dhom\u00c3\u00ab t\u00c3\u00ab marr\u00c3\u00ab letr\u00c3\u00abn q\u00c3\u00ab babai i ka d\u00c3\u00abrguar\" \/>\n<meta name=\"robots\" content=\"index, follow, max-snippet:-1, max-image-preview:large, max-video-preview:-1\" \/>\n<link rel=\"canonical\" href=\"https:\/\/www.visit-ulcinj.com\/blog\/2009\/04\/10\/debat-per-letren-e-bjordit\/\" \/>\n<meta property=\"og:locale\" content=\"en_US\" \/>\n<meta property=\"og:type\" content=\"article\" \/>\n<meta property=\"og:title\" content=\"Debat p\u00c3\u00abr letr\u00c3\u00abn e Bjordit | Big Brother Albania 2\" \/>\n<meta property=\"og:description\" content=\"Big Brother Albania 2 - Juna k\u00c3\u00abrkon t\u00c3\u00ab m\u00c3\u00absoj\u00c3\u00ab dicka nga jeta e Bjordit dhe Adi fillon t\u00e2\u20ac\u2122i tregoj\u00c3\u00ab n\u00c3\u00ab vija t\u00c3\u00ab p\u00c3\u00abrgjithshme p\u00c3\u00abr jet\u00c3\u00abn e tij. Bjordi nd\u00c3\u00abrkoh\u00c3\u00ab shkon n\u00c3\u00ab dhom\u00c3\u00ab t\u00c3\u00ab marr\u00c3\u00ab letr\u00c3\u00abn q\u00c3\u00ab babai i ka d\u00c3\u00abrguar\" \/>\n<meta property=\"og:url\" content=\"https:\/\/www.visit-ulcinj.com\/blog\/2009\/04\/10\/debat-per-letren-e-bjordit\/\" \/>\n<meta property=\"og:site_name\" content=\"Lajme nga Ulqini\" \/>\n<meta property=\"article:published_time\" content=\"2009-04-10T15:49:18+00:00\" \/>\n<meta property=\"article:modified_time\" content=\"2009-04-10T14:50:33+00:00\" \/>\n<meta property=\"og:image\" content=\"http:\/\/www.visit-ulcinj.com\/blog\/wp-content\/uploads\/2009\/04\/per-bjordin-9prill.jpg\" \/>\n<meta name=\"twitter:label1\" content=\"Written by\" \/>\n\t<meta name=\"twitter:data1\" content=\"ulqini\" \/>\n\t<meta name=\"twitter:label2\" content=\"Est. reading time\" \/>\n\t<meta name=\"twitter:data2\" content=\"2 minutes\" \/>\n<script type=\"application\/ld+json\" class=\"yoast-schema-graph\">{\"@context\":\"https:\/\/schema.org\",\"@graph\":[{\"@type\":\"WebSite\",\"@id\":\"https:\/\/www.visit-ulcinj.com\/blog\/#website\",\"url\":\"https:\/\/www.visit-ulcinj.com\/blog\/\",\"name\":\"Lajme nga Ulqini\",\"description\":\"Lajme,Vijesti,Ulqini,Ulqin,Crna Gora,Mali i Zi\",\"potentialAction\":[{\"@type\":\"SearchAction\",\"target\":{\"@type\":\"EntryPoint\",\"urlTemplate\":\"https:\/\/www.visit-ulcinj.com\/blog\/?s={search_term_string}\"},\"query-input\":\"required name=search_term_string\"}],\"inLanguage\":\"en-US\"},{\"@type\":\"ImageObject\",\"inLanguage\":\"en-US\",\"@id\":\"https:\/\/www.visit-ulcinj.com\/blog\/2009\/04\/10\/debat-per-letren-e-bjordit\/#primaryimage\",\"url\":\"http:\/\/www.visit-ulcinj.com\/blog\/wp-content\/uploads\/2009\/04\/per-bjordin-9prill.jpg\",\"contentUrl\":\"http:\/\/www.visit-ulcinj.com\/blog\/wp-content\/uploads\/2009\/04\/per-bjordin-9prill.jpg\"},{\"@type\":\"WebPage\",\"@id\":\"https:\/\/www.visit-ulcinj.com\/blog\/2009\/04\/10\/debat-per-letren-e-bjordit\/#webpage\",\"url\":\"https:\/\/www.visit-ulcinj.com\/blog\/2009\/04\/10\/debat-per-letren-e-bjordit\/\",\"name\":\"Debat p\u00c3\u00abr letr\u00c3\u00abn e Bjordit | Big Brother Albania 2\",\"isPartOf\":{\"@id\":\"https:\/\/www.visit-ulcinj.com\/blog\/#website\"},\"primaryImageOfPage\":{\"@id\":\"https:\/\/www.visit-ulcinj.com\/blog\/2009\/04\/10\/debat-per-letren-e-bjordit\/#primaryimage\"},\"datePublished\":\"2009-04-10T15:49:18+00:00\",\"dateModified\":\"2009-04-10T14:50:33+00:00\",\"author\":{\"@id\":\"https:\/\/www.visit-ulcinj.com\/blog\/#\/schema\/person\/dcab619c614d3038751c63bc2aadc06d\"},\"description\":\"Big Brother Albania 2 - Juna k\u00c3\u00abrkon t\u00c3\u00ab m\u00c3\u00absoj\u00c3\u00ab dicka nga jeta e Bjordit dhe Adi fillon t\u00e2\u20ac\u2122i tregoj\u00c3\u00ab n\u00c3\u00ab vija t\u00c3\u00ab p\u00c3\u00abrgjithshme p\u00c3\u00abr jet\u00c3\u00abn e tij. Bjordi nd\u00c3\u00abrkoh\u00c3\u00ab shkon n\u00c3\u00ab dhom\u00c3\u00ab t\u00c3\u00ab marr\u00c3\u00ab letr\u00c3\u00abn q\u00c3\u00ab babai i ka d\u00c3\u00abrguar\",\"breadcrumb\":{\"@id\":\"https:\/\/www.visit-ulcinj.com\/blog\/2009\/04\/10\/debat-per-letren-e-bjordit\/#breadcrumb\"},\"inLanguage\":\"en-US\",\"potentialAction\":[{\"@type\":\"ReadAction\",\"target\":[\"https:\/\/www.visit-ulcinj.com\/blog\/2009\/04\/10\/debat-per-letren-e-bjordit\/\"]}]},{\"@type\":\"BreadcrumbList\",\"@id\":\"https:\/\/www.visit-ulcinj.com\/blog\/2009\/04\/10\/debat-per-letren-e-bjordit\/#breadcrumb\",\"itemListElement\":[{\"@type\":\"ListItem\",\"position\":1,\"name\":\"Debat p\u00ebr letr\u00ebn e Bjordit\"}]},{\"@type\":\"Person\",\"@id\":\"https:\/\/www.visit-ulcinj.com\/blog\/#\/schema\/person\/dcab619c614d3038751c63bc2aadc06d\",\"name\":\"ulqini\",\"sameAs\":[\"http:\/\/www.visit-ulcinj.com\"],\"url\":\"https:\/\/www.visit-ulcinj.com\/blog\/author\/admin\/\"}]}<\/script>\n<!-- \/ Yoast SEO plugin. -->","yoast_head_json":{"title":"Debat p\u00c3\u00abr letr\u00c3\u00abn e Bjordit | Big Brother Albania 2","description":"Big Brother Albania 2 - Juna k\u00c3\u00abrkon t\u00c3\u00ab m\u00c3\u00absoj\u00c3\u00ab dicka nga jeta e Bjordit dhe Adi fillon t\u00e2\u20ac\u2122i tregoj\u00c3\u00ab n\u00c3\u00ab vija t\u00c3\u00ab p\u00c3\u00abrgjithshme p\u00c3\u00abr jet\u00c3\u00abn e tij. Bjordi nd\u00c3\u00abrkoh\u00c3\u00ab shkon n\u00c3\u00ab dhom\u00c3\u00ab t\u00c3\u00ab marr\u00c3\u00ab letr\u00c3\u00abn q\u00c3\u00ab babai i ka d\u00c3\u00abrguar","robots":{"index":"index","follow":"follow","max-snippet":"max-snippet:-1","max-image-preview":"max-image-preview:large","max-video-preview":"max-video-preview:-1"},"canonical":"https:\/\/www.visit-ulcinj.com\/blog\/2009\/04\/10\/debat-per-letren-e-bjordit\/","og_locale":"en_US","og_type":"article","og_title":"Debat p\u00c3\u00abr letr\u00c3\u00abn e Bjordit | Big Brother Albania 2","og_description":"Big Brother Albania 2 - Juna k\u00c3\u00abrkon t\u00c3\u00ab m\u00c3\u00absoj\u00c3\u00ab dicka nga jeta e Bjordit dhe Adi fillon t\u00e2\u20ac\u2122i tregoj\u00c3\u00ab n\u00c3\u00ab vija t\u00c3\u00ab p\u00c3\u00abrgjithshme p\u00c3\u00abr jet\u00c3\u00abn e tij. Bjordi nd\u00c3\u00abrkoh\u00c3\u00ab shkon n\u00c3\u00ab dhom\u00c3\u00ab t\u00c3\u00ab marr\u00c3\u00ab letr\u00c3\u00abn q\u00c3\u00ab babai i ka d\u00c3\u00abrguar","og_url":"https:\/\/www.visit-ulcinj.com\/blog\/2009\/04\/10\/debat-per-letren-e-bjordit\/","og_site_name":"Lajme nga Ulqini","article_published_time":"2009-04-10T15:49:18+00:00","article_modified_time":"2009-04-10T14:50:33+00:00","og_image":[{"url":"http:\/\/www.visit-ulcinj.com\/blog\/wp-content\/uploads\/2009\/04\/per-bjordin-9prill.jpg"}],"twitter_misc":{"Written by":"ulqini","Est. reading time":"2 minutes"},"schema":{"@context":"https:\/\/schema.org","@graph":[{"@type":"WebSite","@id":"https:\/\/www.visit-ulcinj.com\/blog\/#website","url":"https:\/\/www.visit-ulcinj.com\/blog\/","name":"Lajme nga Ulqini","description":"Lajme,Vijesti,Ulqini,Ulqin,Crna Gora,Mali i Zi","potentialAction":[{"@type":"SearchAction","target":{"@type":"EntryPoint","urlTemplate":"https:\/\/www.visit-ulcinj.com\/blog\/?s={search_term_string}"},"query-input":"required name=search_term_string"}],"inLanguage":"en-US"},{"@type":"ImageObject","inLanguage":"en-US","@id":"https:\/\/www.visit-ulcinj.com\/blog\/2009\/04\/10\/debat-per-letren-e-bjordit\/#primaryimage","url":"http:\/\/www.visit-ulcinj.com\/blog\/wp-content\/uploads\/2009\/04\/per-bjordin-9prill.jpg","contentUrl":"http:\/\/www.visit-ulcinj.com\/blog\/wp-content\/uploads\/2009\/04\/per-bjordin-9prill.jpg"},{"@type":"WebPage","@id":"https:\/\/www.visit-ulcinj.com\/blog\/2009\/04\/10\/debat-per-letren-e-bjordit\/#webpage","url":"https:\/\/www.visit-ulcinj.com\/blog\/2009\/04\/10\/debat-per-letren-e-bjordit\/","name":"Debat p\u00c3\u00abr letr\u00c3\u00abn e Bjordit | Big Brother Albania 2","isPartOf":{"@id":"https:\/\/www.visit-ulcinj.com\/blog\/#website"},"primaryImageOfPage":{"@id":"https:\/\/www.visit-ulcinj.com\/blog\/2009\/04\/10\/debat-per-letren-e-bjordit\/#primaryimage"},"datePublished":"2009-04-10T15:49:18+00:00","dateModified":"2009-04-10T14:50:33+00:00","author":{"@id":"https:\/\/www.visit-ulcinj.com\/blog\/#\/schema\/person\/dcab619c614d3038751c63bc2aadc06d"},"description":"Big Brother Albania 2 - Juna k\u00c3\u00abrkon t\u00c3\u00ab m\u00c3\u00absoj\u00c3\u00ab dicka nga jeta e Bjordit dhe Adi fillon t\u00e2\u20ac\u2122i tregoj\u00c3\u00ab n\u00c3\u00ab vija t\u00c3\u00ab p\u00c3\u00abrgjithshme p\u00c3\u00abr jet\u00c3\u00abn e tij. Bjordi nd\u00c3\u00abrkoh\u00c3\u00ab shkon n\u00c3\u00ab dhom\u00c3\u00ab t\u00c3\u00ab marr\u00c3\u00ab letr\u00c3\u00abn q\u00c3\u00ab babai i ka d\u00c3\u00abrguar","breadcrumb":{"@id":"https:\/\/www.visit-ulcinj.com\/blog\/2009\/04\/10\/debat-per-letren-e-bjordit\/#breadcrumb"},"inLanguage":"en-US","potentialAction":[{"@type":"ReadAction","target":["https:\/\/www.visit-ulcinj.com\/blog\/2009\/04\/10\/debat-per-letren-e-bjordit\/"]}]},{"@type":"BreadcrumbList","@id":"https:\/\/www.visit-ulcinj.com\/blog\/2009\/04\/10\/debat-per-letren-e-bjordit\/#breadcrumb","itemListElement":[{"@type":"ListItem","position":1,"name":"Debat p\u00ebr letr\u00ebn e Bjordit"}]},{"@type":"Person","@id":"https:\/\/www.visit-ulcinj.com\/blog\/#\/schema\/person\/dcab619c614d3038751c63bc2aadc06d","name":"ulqini","sameAs":["http:\/\/www.visit-ulcinj.com"],"url":"https:\/\/www.visit-ulcinj.com\/blog\/author\/admin\/"}]}},"jetpack_featured_media_url":"","jetpack_sharing_enabled":true,"jetpack_shortlink":"https:\/\/wp.me\/pe6lTn-4uH","_links":{"self":[{"href":"https:\/\/www.visit-ulcinj.com\/blog\/wp-json\/wp\/v2\/posts\/17279"}],"collection":[{"href":"https:\/\/www.visit-ulcinj.com\/blog\/wp-json\/wp\/v2\/posts"}],"about":[{"href":"https:\/\/www.visit-ulcinj.com\/blog\/wp-json\/wp\/v2\/types\/post"}],"author":[{"embeddable":true,"href":"https:\/\/www.visit-ulcinj.com\/blog\/wp-json\/wp\/v2\/users\/1"}],"replies":[{"embeddable":true,"href":"https:\/\/www.visit-ulcinj.com\/blog\/wp-json\/wp\/v2\/comments?post=17279"}],"version-history":[{"count":0,"href":"https:\/\/www.visit-ulcinj.com\/blog\/wp-json\/wp\/v2\/posts\/17279\/revisions"}],"wp:attachment":[{"href":"https:\/\/www.visit-ulcinj.com\/blog\/wp-json\/wp\/v2\/media?parent=17279"}],"wp:term":[{"taxonomy":"category","embeddable":true,"href":"https:\/\/www.visit-ulcinj.com\/blog\/wp-json\/wp\/v2\/categories?post=17279"},{"taxonomy":"post_tag","embeddable":true,"href":"https:\/\/www.visit-ulcinj.com\/blog\/wp-json\/wp\/v2\/tags?post=17279"}],"curies":[{"name":"wp","href":"https:\/\/api.w.org\/{rel}","templated":true}]}}