{"id":17286,"date":"2009-04-10T17:56:00","date_gmt":"2009-04-10T15:56:00","guid":{"rendered":"http:\/\/www.visit-ulcinj.com\/blog\/?p=17286"},"modified":"2009-04-10T16:56:48","modified_gmt":"2009-04-10T14:56:48","slug":"anjeza-frika-eshte-e-madhe","status":"publish","type":"post","link":"https:\/\/www.visit-ulcinj.com\/blog\/2009\/04\/10\/anjeza-frika-eshte-e-madhe\/","title":{"rendered":"Anjeza: Frika \u00ebsht\u00eb e madhe"},"content":{"rendered":"<p><em><span class=\"newsdate\"><a href=\"http:\/\/www.visit-ulcinj.com\/blog\/wp-content\/uploads\/2009\/04\/adela-dhe-anjeza-rreze.jpg\"><img loading=\"lazy\" class=\"alignleft size-full wp-image-17287\" title=\"adela-dhe-anjeza-rreze-big-brother-albania-2\" src=\"http:\/\/www.visit-ulcinj.com\/blog\/wp-content\/uploads\/2009\/04\/adela-dhe-anjeza-rreze.jpg\" alt=\"adela-dhe-anjeza-rreze-big-brother-albania-2\" width=\"300\" height=\"205\" \/><\/a>09\/04\/09 15:41<\/span><\/em><\/p>\n<p>Adelajda dhe Anjeza duke marr\u00eb rreze dielli buz\u00eb pishin\u00ebs diskutojn\u00eb p\u00ebr daljen nga sht\u00ebpia. Adelajda d\u00ebshiron q\u00eb Anjeza mos t\u00eb dal\u00eb dhe ia shpreh dhe asaj k\u00ebt\u00eb gj\u00eb. Anjeza ia kthen:-\u201cFrika \u00ebsht\u00eb e madhe!\u201d Adelajda i thot\u00eb q\u00eb \u00ebsht\u00eb normale pasi dhe ajo q\u00eb e ka kaluar disa her\u00eb nominimin, ka ende frik\u00eb. P\u00ebr Anjez\u00ebn fakti q\u00eb Adelajda ka shp\u00ebtuar 5 her\u00eb \u00ebsht\u00eb nj\u00eb lloj fitoreje. Sipas saj nuk \u00ebsht\u00eb e r\u00ebnd\u00ebsishme se kush t\u00eb nominon brenda sht\u00ebpis\u00eb, por publiku jasht\u00eb q\u00eb t\u00eb voton. Ajo thot\u00eb:-\u201cKam qejf ta fitoj k\u00ebt\u00eb jav\u00eb q\u00eb t\u00eb shoh veten n\u00ebse kam dhuruar dicka jasht\u00eb apo jo!\u201d Anjeza shprehet q\u00eb i duket sikur nuk ka jetuar n\u00eb bot\u00ebn jasht\u00eb.<\/p>\n","protected":false},"excerpt":{"rendered":"<p>09\/04\/09 15:41 Adelajda dhe Anjeza duke marr\u00eb rreze dielli buz\u00eb pishin\u00ebs diskutojn\u00eb p\u00ebr daljen nga sht\u00ebpia. Adelajda d\u00ebshiron q\u00eb Anjeza mos t\u00eb dal\u00eb dhe ia shpreh dhe asaj k\u00ebt\u00eb gj\u00eb. Anjeza ia kthen:-\u201cFrika \u00ebsht\u00eb e madhe!\u201d Adelajda i thot\u00eb q\u00eb \u00ebsht\u00eb normale pasi dhe ajo q\u00eb e ka kaluar disa her\u00eb nominimin, ka ende frik\u00eb. [&hellip;]<\/p>\n","protected":false},"author":1,"featured_media":0,"comment_status":"open","ping_status":"closed","sticky":false,"template":"","format":"standard","meta":{"spay_email":"","jetpack_publicize_message":"","jetpack_is_tweetstorm":false,"jetpack_publicize_feature_enabled":true},"categories":[6502],"tags":[6529,8289,5057,6506,6516,6712,7129,8885,8886,6891,6693,6887],"jetpack_publicize_connections":[],"yoast_head":"<!-- This site is optimized with the Yoast SEO plugin v19.1 - https:\/\/yoast.com\/wordpress\/plugins\/seo\/ -->\n<title>Anjeza: Frika \u00c3\u00absht\u00c3\u00ab e madhe | Big Brother Albania 2<\/title>\n<meta name=\"description\" content=\"Big Brother Albania 2 - Adelajda dhe Anjeza duke marr\u00c3\u00ab rreze dielli buz\u00c3\u00ab pishin\u00c3\u00abs diskutojn\u00c3\u00ab p\u00c3\u00abr daljen nga sht\u00c3\u00abpia. Adelajda d\u00c3\u00abshiron q\u00c3\u00ab Anjeza mos t\u00c3\u00ab dal\u00c3\u00ab dhe ia shpreh dhe asaj k\u00c3\u00abt\u00c3\u00ab gj\u00c3\u00ab.\" \/>\n<meta name=\"robots\" content=\"index, follow, max-snippet:-1, max-image-preview:large, max-video-preview:-1\" \/>\n<link rel=\"canonical\" href=\"https:\/\/www.visit-ulcinj.com\/blog\/2009\/04\/10\/anjeza-frika-eshte-e-madhe\/\" \/>\n<meta property=\"og:locale\" content=\"en_US\" \/>\n<meta property=\"og:type\" content=\"article\" \/>\n<meta property=\"og:title\" content=\"Anjeza: Frika \u00c3\u00absht\u00c3\u00ab e madhe | Big Brother Albania 2\" \/>\n<meta property=\"og:description\" content=\"Big Brother Albania 2 - Adelajda dhe Anjeza duke marr\u00c3\u00ab rreze dielli buz\u00c3\u00ab pishin\u00c3\u00abs diskutojn\u00c3\u00ab p\u00c3\u00abr daljen nga sht\u00c3\u00abpia. Adelajda d\u00c3\u00abshiron q\u00c3\u00ab Anjeza mos t\u00c3\u00ab dal\u00c3\u00ab dhe ia shpreh dhe asaj k\u00c3\u00abt\u00c3\u00ab gj\u00c3\u00ab.\" \/>\n<meta property=\"og:url\" content=\"https:\/\/www.visit-ulcinj.com\/blog\/2009\/04\/10\/anjeza-frika-eshte-e-madhe\/\" \/>\n<meta property=\"og:site_name\" content=\"Lajme nga Ulqini\" \/>\n<meta property=\"article:published_time\" content=\"2009-04-10T15:56:00+00:00\" \/>\n<meta property=\"article:modified_time\" content=\"2009-04-10T14:56:48+00:00\" \/>\n<meta property=\"og:image\" content=\"http:\/\/www.visit-ulcinj.com\/blog\/wp-content\/uploads\/2009\/04\/adela-dhe-anjeza-rreze.jpg\" \/>\n<meta name=\"twitter:label1\" content=\"Written by\" \/>\n\t<meta name=\"twitter:data1\" content=\"ulqini\" \/>\n\t<meta name=\"twitter:label2\" content=\"Est. reading time\" \/>\n\t<meta name=\"twitter:data2\" content=\"1 minute\" \/>\n<script type=\"application\/ld+json\" class=\"yoast-schema-graph\">{\"@context\":\"https:\/\/schema.org\",\"@graph\":[{\"@type\":\"WebSite\",\"@id\":\"https:\/\/www.visit-ulcinj.com\/blog\/#website\",\"url\":\"https:\/\/www.visit-ulcinj.com\/blog\/\",\"name\":\"Lajme nga Ulqini\",\"description\":\"Lajme,Vijesti,Ulqini,Ulqin,Crna Gora,Mali i Zi\",\"potentialAction\":[{\"@type\":\"SearchAction\",\"target\":{\"@type\":\"EntryPoint\",\"urlTemplate\":\"https:\/\/www.visit-ulcinj.com\/blog\/?s={search_term_string}\"},\"query-input\":\"required name=search_term_string\"}],\"inLanguage\":\"en-US\"},{\"@type\":\"ImageObject\",\"inLanguage\":\"en-US\",\"@id\":\"https:\/\/www.visit-ulcinj.com\/blog\/2009\/04\/10\/anjeza-frika-eshte-e-madhe\/#primaryimage\",\"url\":\"http:\/\/www.visit-ulcinj.com\/blog\/wp-content\/uploads\/2009\/04\/adela-dhe-anjeza-rreze.jpg\",\"contentUrl\":\"http:\/\/www.visit-ulcinj.com\/blog\/wp-content\/uploads\/2009\/04\/adela-dhe-anjeza-rreze.jpg\"},{\"@type\":\"WebPage\",\"@id\":\"https:\/\/www.visit-ulcinj.com\/blog\/2009\/04\/10\/anjeza-frika-eshte-e-madhe\/#webpage\",\"url\":\"https:\/\/www.visit-ulcinj.com\/blog\/2009\/04\/10\/anjeza-frika-eshte-e-madhe\/\",\"name\":\"Anjeza: Frika \u00c3\u00absht\u00c3\u00ab e madhe | Big Brother Albania 2\",\"isPartOf\":{\"@id\":\"https:\/\/www.visit-ulcinj.com\/blog\/#website\"},\"primaryImageOfPage\":{\"@id\":\"https:\/\/www.visit-ulcinj.com\/blog\/2009\/04\/10\/anjeza-frika-eshte-e-madhe\/#primaryimage\"},\"datePublished\":\"2009-04-10T15:56:00+00:00\",\"dateModified\":\"2009-04-10T14:56:48+00:00\",\"author\":{\"@id\":\"https:\/\/www.visit-ulcinj.com\/blog\/#\/schema\/person\/dcab619c614d3038751c63bc2aadc06d\"},\"description\":\"Big Brother Albania 2 - Adelajda dhe Anjeza duke marr\u00c3\u00ab rreze dielli buz\u00c3\u00ab pishin\u00c3\u00abs diskutojn\u00c3\u00ab p\u00c3\u00abr daljen nga sht\u00c3\u00abpia. Adelajda d\u00c3\u00abshiron q\u00c3\u00ab Anjeza mos t\u00c3\u00ab dal\u00c3\u00ab dhe ia shpreh dhe asaj k\u00c3\u00abt\u00c3\u00ab gj\u00c3\u00ab.\",\"breadcrumb\":{\"@id\":\"https:\/\/www.visit-ulcinj.com\/blog\/2009\/04\/10\/anjeza-frika-eshte-e-madhe\/#breadcrumb\"},\"inLanguage\":\"en-US\",\"potentialAction\":[{\"@type\":\"ReadAction\",\"target\":[\"https:\/\/www.visit-ulcinj.com\/blog\/2009\/04\/10\/anjeza-frika-eshte-e-madhe\/\"]}]},{\"@type\":\"BreadcrumbList\",\"@id\":\"https:\/\/www.visit-ulcinj.com\/blog\/2009\/04\/10\/anjeza-frika-eshte-e-madhe\/#breadcrumb\",\"itemListElement\":[{\"@type\":\"ListItem\",\"position\":1,\"name\":\"Anjeza: Frika \u00ebsht\u00eb e madhe\"}]},{\"@type\":\"Person\",\"@id\":\"https:\/\/www.visit-ulcinj.com\/blog\/#\/schema\/person\/dcab619c614d3038751c63bc2aadc06d\",\"name\":\"ulqini\",\"sameAs\":[\"http:\/\/www.visit-ulcinj.com\"],\"url\":\"https:\/\/www.visit-ulcinj.com\/blog\/author\/admin\/\"}]}<\/script>\n<!-- \/ Yoast SEO plugin. -->","yoast_head_json":{"title":"Anjeza: Frika \u00c3\u00absht\u00c3\u00ab e madhe | Big Brother Albania 2","description":"Big Brother Albania 2 - Adelajda dhe Anjeza duke marr\u00c3\u00ab rreze dielli buz\u00c3\u00ab pishin\u00c3\u00abs diskutojn\u00c3\u00ab p\u00c3\u00abr daljen nga sht\u00c3\u00abpia. Adelajda d\u00c3\u00abshiron q\u00c3\u00ab Anjeza mos t\u00c3\u00ab dal\u00c3\u00ab dhe ia shpreh dhe asaj k\u00c3\u00abt\u00c3\u00ab gj\u00c3\u00ab.","robots":{"index":"index","follow":"follow","max-snippet":"max-snippet:-1","max-image-preview":"max-image-preview:large","max-video-preview":"max-video-preview:-1"},"canonical":"https:\/\/www.visit-ulcinj.com\/blog\/2009\/04\/10\/anjeza-frika-eshte-e-madhe\/","og_locale":"en_US","og_type":"article","og_title":"Anjeza: Frika \u00c3\u00absht\u00c3\u00ab e madhe | Big Brother Albania 2","og_description":"Big Brother Albania 2 - Adelajda dhe Anjeza duke marr\u00c3\u00ab rreze dielli buz\u00c3\u00ab pishin\u00c3\u00abs diskutojn\u00c3\u00ab p\u00c3\u00abr daljen nga sht\u00c3\u00abpia. Adelajda d\u00c3\u00abshiron q\u00c3\u00ab Anjeza mos t\u00c3\u00ab dal\u00c3\u00ab dhe ia shpreh dhe asaj k\u00c3\u00abt\u00c3\u00ab gj\u00c3\u00ab.","og_url":"https:\/\/www.visit-ulcinj.com\/blog\/2009\/04\/10\/anjeza-frika-eshte-e-madhe\/","og_site_name":"Lajme nga Ulqini","article_published_time":"2009-04-10T15:56:00+00:00","article_modified_time":"2009-04-10T14:56:48+00:00","og_image":[{"url":"http:\/\/www.visit-ulcinj.com\/blog\/wp-content\/uploads\/2009\/04\/adela-dhe-anjeza-rreze.jpg"}],"twitter_misc":{"Written by":"ulqini","Est. reading time":"1 minute"},"schema":{"@context":"https:\/\/schema.org","@graph":[{"@type":"WebSite","@id":"https:\/\/www.visit-ulcinj.com\/blog\/#website","url":"https:\/\/www.visit-ulcinj.com\/blog\/","name":"Lajme nga Ulqini","description":"Lajme,Vijesti,Ulqini,Ulqin,Crna Gora,Mali i Zi","potentialAction":[{"@type":"SearchAction","target":{"@type":"EntryPoint","urlTemplate":"https:\/\/www.visit-ulcinj.com\/blog\/?s={search_term_string}"},"query-input":"required name=search_term_string"}],"inLanguage":"en-US"},{"@type":"ImageObject","inLanguage":"en-US","@id":"https:\/\/www.visit-ulcinj.com\/blog\/2009\/04\/10\/anjeza-frika-eshte-e-madhe\/#primaryimage","url":"http:\/\/www.visit-ulcinj.com\/blog\/wp-content\/uploads\/2009\/04\/adela-dhe-anjeza-rreze.jpg","contentUrl":"http:\/\/www.visit-ulcinj.com\/blog\/wp-content\/uploads\/2009\/04\/adela-dhe-anjeza-rreze.jpg"},{"@type":"WebPage","@id":"https:\/\/www.visit-ulcinj.com\/blog\/2009\/04\/10\/anjeza-frika-eshte-e-madhe\/#webpage","url":"https:\/\/www.visit-ulcinj.com\/blog\/2009\/04\/10\/anjeza-frika-eshte-e-madhe\/","name":"Anjeza: Frika \u00c3\u00absht\u00c3\u00ab e madhe | Big Brother Albania 2","isPartOf":{"@id":"https:\/\/www.visit-ulcinj.com\/blog\/#website"},"primaryImageOfPage":{"@id":"https:\/\/www.visit-ulcinj.com\/blog\/2009\/04\/10\/anjeza-frika-eshte-e-madhe\/#primaryimage"},"datePublished":"2009-04-10T15:56:00+00:00","dateModified":"2009-04-10T14:56:48+00:00","author":{"@id":"https:\/\/www.visit-ulcinj.com\/blog\/#\/schema\/person\/dcab619c614d3038751c63bc2aadc06d"},"description":"Big Brother Albania 2 - Adelajda dhe Anjeza duke marr\u00c3\u00ab rreze dielli buz\u00c3\u00ab pishin\u00c3\u00abs diskutojn\u00c3\u00ab p\u00c3\u00abr daljen nga sht\u00c3\u00abpia. Adelajda d\u00c3\u00abshiron q\u00c3\u00ab Anjeza mos t\u00c3\u00ab dal\u00c3\u00ab dhe ia shpreh dhe asaj k\u00c3\u00abt\u00c3\u00ab gj\u00c3\u00ab.","breadcrumb":{"@id":"https:\/\/www.visit-ulcinj.com\/blog\/2009\/04\/10\/anjeza-frika-eshte-e-madhe\/#breadcrumb"},"inLanguage":"en-US","potentialAction":[{"@type":"ReadAction","target":["https:\/\/www.visit-ulcinj.com\/blog\/2009\/04\/10\/anjeza-frika-eshte-e-madhe\/"]}]},{"@type":"BreadcrumbList","@id":"https:\/\/www.visit-ulcinj.com\/blog\/2009\/04\/10\/anjeza-frika-eshte-e-madhe\/#breadcrumb","itemListElement":[{"@type":"ListItem","position":1,"name":"Anjeza: Frika \u00ebsht\u00eb e madhe"}]},{"@type":"Person","@id":"https:\/\/www.visit-ulcinj.com\/blog\/#\/schema\/person\/dcab619c614d3038751c63bc2aadc06d","name":"ulqini","sameAs":["http:\/\/www.visit-ulcinj.com"],"url":"https:\/\/www.visit-ulcinj.com\/blog\/author\/admin\/"}]}},"jetpack_featured_media_url":"","jetpack_sharing_enabled":true,"jetpack_shortlink":"https:\/\/wp.me\/pe6lTn-4uO","_links":{"self":[{"href":"https:\/\/www.visit-ulcinj.com\/blog\/wp-json\/wp\/v2\/posts\/17286"}],"collection":[{"href":"https:\/\/www.visit-ulcinj.com\/blog\/wp-json\/wp\/v2\/posts"}],"about":[{"href":"https:\/\/www.visit-ulcinj.com\/blog\/wp-json\/wp\/v2\/types\/post"}],"author":[{"embeddable":true,"href":"https:\/\/www.visit-ulcinj.com\/blog\/wp-json\/wp\/v2\/users\/1"}],"replies":[{"embeddable":true,"href":"https:\/\/www.visit-ulcinj.com\/blog\/wp-json\/wp\/v2\/comments?post=17286"}],"version-history":[{"count":0,"href":"https:\/\/www.visit-ulcinj.com\/blog\/wp-json\/wp\/v2\/posts\/17286\/revisions"}],"wp:attachment":[{"href":"https:\/\/www.visit-ulcinj.com\/blog\/wp-json\/wp\/v2\/media?parent=17286"}],"wp:term":[{"taxonomy":"category","embeddable":true,"href":"https:\/\/www.visit-ulcinj.com\/blog\/wp-json\/wp\/v2\/categories?post=17286"},{"taxonomy":"post_tag","embeddable":true,"href":"https:\/\/www.visit-ulcinj.com\/blog\/wp-json\/wp\/v2\/tags?post=17286"}],"curies":[{"name":"wp","href":"https:\/\/api.w.org\/{rel}","templated":true}]}}