{"id":17298,"date":"2009-04-10T18:50:07","date_gmt":"2009-04-10T16:50:07","guid":{"rendered":"http:\/\/www.visit-ulcinj.com\/blog\/?p=17298"},"modified":"2009-04-10T17:25:10","modified_gmt":"2009-04-10T15:25:10","slug":"adela-nuk-jane-fjalet-e-mozes","status":"publish","type":"post","link":"https:\/\/www.visit-ulcinj.com\/blog\/2009\/04\/10\/adela-nuk-jane-fjalet-e-mozes\/","title":{"rendered":"Adela: Nuk jan\u00eb fjal\u00ebt e Moz\u00ebs"},"content":{"rendered":"<p><em><span class=\"newsdate\"><a href=\"http:\/\/www.visit-ulcinj.com\/blog\/wp-content\/uploads\/2009\/04\/adela-sqaron-tanin.jpg\"><img loading=\"lazy\" class=\"alignleft size-full wp-image-17299\" title=\"adela-sqaron-tanin-big-brother-albania-2\" src=\"http:\/\/www.visit-ulcinj.com\/blog\/wp-content\/uploads\/2009\/04\/adela-sqaron-tanin.jpg\" alt=\"adela-sqaron-tanin-big-brother-albania-2\" width=\"300\" height=\"205\" \/><\/a>09\/04\/09 18:07<\/span><\/em><\/p>\n<p>Adelajda diskuton me Dritanin n\u00eb lidhje me bised\u00ebn e saj me Mimoz\u00ebn. Ajo i thot\u00eb q\u00eb Mimoza ishte shprehur tek ajo n\u00eb lidhje me Dritanin, duke i th\u00ebn\u00eb q\u00eb ajo mendonte q\u00eb ai kapej me t\u00eb pasi e shikonte si t\u00eb vog\u00ebl. Ajo shton q\u00eb Mimoz\u00ebn e ka shum\u00eb p\u00ebrzem\u00ebr dhe shton:-\u201cM\u00eb erdhi inat se e di q\u00eb nuk jan\u00eb fjal\u00ebt e saj!\u201d Dritani e aprovon mendimin e saj.\u00a0<br \/>\nSipas mendimit t\u00eb tij situata n\u00eb sht\u00ebpi do kishte q\u00ebn\u00eb m\u00eb interesante po mos t\u00eb kishin hyr\u00eb banor\u00ebt e rinj, pasi do kishte m\u00eb shum\u00eb debate. Ai shpreh d\u00ebshir\u00ebn e zhvillimit t\u00eb debatit pasi l\u00eb mund\u00ebsin\u00eb e shprehjes s\u00eb cdo personi. Ato fillojn\u00eb s\u00ebrisht flasin p\u00ebr Mimoz\u00ebn. Adelajda i thot\u00eb q\u00eb Mimoza nuk e kupton Dritanin. Ai thot\u00eb:-\u201cE fryn kujdestarja (p\u00ebr Aid\u00ebn) !\u201d Adelajda thot\u00eb q\u00eb nuk e kupton se cfar\u00eb i p\u00eblqejn\u00eb njer\u00ebzit q\u00eb e mbajn\u00eb ende n\u00eb sht\u00ebpi, dhe shton:-\u201cCfar\u00eb pozitive shikojn\u00eb q\u00eb nuk e shikoj un\u00eb?!\u201d Ai thot\u00eb q\u00eb ajo nuk di t\u00eb komunikoj\u00eb . Ajo thot\u00eb:-\u201cMir\u00eb q\u00eb i erdh\u00ebn banor\u00ebt e rinj , se kishte ngelur vet\u00ebm!\u201d Sipas Dritanit nj\u00eb person duket se si \u00ebsht\u00eb kur i p\u00ebrballon debatet, dhe jo kur shmanget. Banor\u00ebt nuk flasin hapur sipas mendimit t\u00eb tij. Dritani thot\u00eb q\u00eb Adi nuk pozicionohet. Sipas mendimit t\u00eb Adelajd\u00ebs ai k\u00ebrkon ta ket\u00eb mir\u00eb me t\u00eb gjith\u00eb banor\u00ebt. Sipas Dritanit nuk \u00ebsht\u00eb sjellje korrekte, dhe shton q\u00eb ai nuk e b\u00ebn dot nj\u00eb gj\u00eb t\u00eb till\u00eb. Ai shpreh se fakti q\u00eb Adi nuk del hapur me t\u00eb \u00ebsht\u00eb pasi ai di shum\u00eb gj\u00ebra , dhe shton:-\u201cE nxjerr bllof menj\u00ebher\u00eb!\u201d<\/p>\n","protected":false},"excerpt":{"rendered":"<p>09\/04\/09 18:07 Adelajda diskuton me Dritanin n\u00eb lidhje me bised\u00ebn e saj me Mimoz\u00ebn. Ajo i thot\u00eb q\u00eb Mimoza ishte shprehur tek ajo n\u00eb lidhje me Dritanin, duke i th\u00ebn\u00eb q\u00eb ajo mendonte q\u00eb ai kapej me t\u00eb pasi e shikonte si t\u00eb vog\u00ebl. Ajo shton q\u00eb Mimoz\u00ebn e ka shum\u00eb p\u00ebrzem\u00ebr dhe shton:-\u201cM\u00eb erdhi [&hellip;]<\/p>\n","protected":false},"author":1,"featured_media":0,"comment_status":"open","ping_status":"closed","sticky":false,"template":"","format":"standard","meta":{"spay_email":"","jetpack_publicize_message":"","jetpack_is_tweetstorm":false,"jetpack_publicize_feature_enabled":true},"categories":[6502],"tags":[6529,5057,6506,6516,6712,7129,6522,6521,6544,6891,6693,6887],"jetpack_publicize_connections":[],"yoast_head":"<!-- This site is optimized with the Yoast SEO plugin v19.1 - https:\/\/yoast.com\/wordpress\/plugins\/seo\/ -->\n<title>Adela: Nuk jan\u00c3\u00ab fjal\u00c3\u00abt e Moz\u00c3\u00abs | Big Brother Albania 2<\/title>\n<meta name=\"description\" content=\"Big Brother Albania 2 - Adelajda diskuton me Dritanin n\u00c3\u00ab lidhje me bised\u00c3\u00abn e saj me Mimoz\u00c3\u00abn. Ajo i thot\u00c3\u00ab q\u00c3\u00ab Mimoza ishte shprehur tek ajo n\u00c3\u00ab lidhje me Dritanin\" \/>\n<meta name=\"robots\" content=\"index, follow, max-snippet:-1, max-image-preview:large, max-video-preview:-1\" \/>\n<link rel=\"canonical\" href=\"https:\/\/www.visit-ulcinj.com\/blog\/2009\/04\/10\/adela-nuk-jane-fjalet-e-mozes\/\" \/>\n<meta property=\"og:locale\" content=\"en_US\" \/>\n<meta property=\"og:type\" content=\"article\" \/>\n<meta property=\"og:title\" content=\"Adela: Nuk jan\u00c3\u00ab fjal\u00c3\u00abt e Moz\u00c3\u00abs | Big Brother Albania 2\" \/>\n<meta property=\"og:description\" content=\"Big Brother Albania 2 - Adelajda diskuton me Dritanin n\u00c3\u00ab lidhje me bised\u00c3\u00abn e saj me Mimoz\u00c3\u00abn. Ajo i thot\u00c3\u00ab q\u00c3\u00ab Mimoza ishte shprehur tek ajo n\u00c3\u00ab lidhje me Dritanin\" \/>\n<meta property=\"og:url\" content=\"https:\/\/www.visit-ulcinj.com\/blog\/2009\/04\/10\/adela-nuk-jane-fjalet-e-mozes\/\" \/>\n<meta property=\"og:site_name\" content=\"Lajme nga Ulqini\" \/>\n<meta property=\"article:published_time\" content=\"2009-04-10T16:50:07+00:00\" \/>\n<meta property=\"article:modified_time\" content=\"2009-04-10T15:25:10+00:00\" \/>\n<meta property=\"og:image\" content=\"http:\/\/www.visit-ulcinj.com\/blog\/wp-content\/uploads\/2009\/04\/adela-sqaron-tanin.jpg\" \/>\n<meta name=\"twitter:label1\" content=\"Written by\" \/>\n\t<meta name=\"twitter:data1\" content=\"ulqini\" \/>\n\t<meta name=\"twitter:label2\" content=\"Est. reading time\" \/>\n\t<meta name=\"twitter:data2\" content=\"2 minutes\" \/>\n<script type=\"application\/ld+json\" class=\"yoast-schema-graph\">{\"@context\":\"https:\/\/schema.org\",\"@graph\":[{\"@type\":\"WebSite\",\"@id\":\"https:\/\/www.visit-ulcinj.com\/blog\/#website\",\"url\":\"https:\/\/www.visit-ulcinj.com\/blog\/\",\"name\":\"Lajme nga Ulqini\",\"description\":\"Lajme,Vijesti,Ulqini,Ulqin,Crna Gora,Mali i Zi\",\"potentialAction\":[{\"@type\":\"SearchAction\",\"target\":{\"@type\":\"EntryPoint\",\"urlTemplate\":\"https:\/\/www.visit-ulcinj.com\/blog\/?s={search_term_string}\"},\"query-input\":\"required name=search_term_string\"}],\"inLanguage\":\"en-US\"},{\"@type\":\"ImageObject\",\"inLanguage\":\"en-US\",\"@id\":\"https:\/\/www.visit-ulcinj.com\/blog\/2009\/04\/10\/adela-nuk-jane-fjalet-e-mozes\/#primaryimage\",\"url\":\"http:\/\/www.visit-ulcinj.com\/blog\/wp-content\/uploads\/2009\/04\/adela-sqaron-tanin.jpg\",\"contentUrl\":\"http:\/\/www.visit-ulcinj.com\/blog\/wp-content\/uploads\/2009\/04\/adela-sqaron-tanin.jpg\"},{\"@type\":\"WebPage\",\"@id\":\"https:\/\/www.visit-ulcinj.com\/blog\/2009\/04\/10\/adela-nuk-jane-fjalet-e-mozes\/#webpage\",\"url\":\"https:\/\/www.visit-ulcinj.com\/blog\/2009\/04\/10\/adela-nuk-jane-fjalet-e-mozes\/\",\"name\":\"Adela: Nuk jan\u00c3\u00ab fjal\u00c3\u00abt e Moz\u00c3\u00abs | Big Brother Albania 2\",\"isPartOf\":{\"@id\":\"https:\/\/www.visit-ulcinj.com\/blog\/#website\"},\"primaryImageOfPage\":{\"@id\":\"https:\/\/www.visit-ulcinj.com\/blog\/2009\/04\/10\/adela-nuk-jane-fjalet-e-mozes\/#primaryimage\"},\"datePublished\":\"2009-04-10T16:50:07+00:00\",\"dateModified\":\"2009-04-10T15:25:10+00:00\",\"author\":{\"@id\":\"https:\/\/www.visit-ulcinj.com\/blog\/#\/schema\/person\/dcab619c614d3038751c63bc2aadc06d\"},\"description\":\"Big Brother Albania 2 - Adelajda diskuton me Dritanin n\u00c3\u00ab lidhje me bised\u00c3\u00abn e saj me Mimoz\u00c3\u00abn. Ajo i thot\u00c3\u00ab q\u00c3\u00ab Mimoza ishte shprehur tek ajo n\u00c3\u00ab lidhje me Dritanin\",\"breadcrumb\":{\"@id\":\"https:\/\/www.visit-ulcinj.com\/blog\/2009\/04\/10\/adela-nuk-jane-fjalet-e-mozes\/#breadcrumb\"},\"inLanguage\":\"en-US\",\"potentialAction\":[{\"@type\":\"ReadAction\",\"target\":[\"https:\/\/www.visit-ulcinj.com\/blog\/2009\/04\/10\/adela-nuk-jane-fjalet-e-mozes\/\"]}]},{\"@type\":\"BreadcrumbList\",\"@id\":\"https:\/\/www.visit-ulcinj.com\/blog\/2009\/04\/10\/adela-nuk-jane-fjalet-e-mozes\/#breadcrumb\",\"itemListElement\":[{\"@type\":\"ListItem\",\"position\":1,\"name\":\"Adela: Nuk jan\u00eb fjal\u00ebt e Moz\u00ebs\"}]},{\"@type\":\"Person\",\"@id\":\"https:\/\/www.visit-ulcinj.com\/blog\/#\/schema\/person\/dcab619c614d3038751c63bc2aadc06d\",\"name\":\"ulqini\",\"sameAs\":[\"http:\/\/www.visit-ulcinj.com\"],\"url\":\"https:\/\/www.visit-ulcinj.com\/blog\/author\/admin\/\"}]}<\/script>\n<!-- \/ Yoast SEO plugin. -->","yoast_head_json":{"title":"Adela: Nuk jan\u00c3\u00ab fjal\u00c3\u00abt e Moz\u00c3\u00abs | Big Brother Albania 2","description":"Big Brother Albania 2 - Adelajda diskuton me Dritanin n\u00c3\u00ab lidhje me bised\u00c3\u00abn e saj me Mimoz\u00c3\u00abn. Ajo i thot\u00c3\u00ab q\u00c3\u00ab Mimoza ishte shprehur tek ajo n\u00c3\u00ab lidhje me Dritanin","robots":{"index":"index","follow":"follow","max-snippet":"max-snippet:-1","max-image-preview":"max-image-preview:large","max-video-preview":"max-video-preview:-1"},"canonical":"https:\/\/www.visit-ulcinj.com\/blog\/2009\/04\/10\/adela-nuk-jane-fjalet-e-mozes\/","og_locale":"en_US","og_type":"article","og_title":"Adela: Nuk jan\u00c3\u00ab fjal\u00c3\u00abt e Moz\u00c3\u00abs | Big Brother Albania 2","og_description":"Big Brother Albania 2 - Adelajda diskuton me Dritanin n\u00c3\u00ab lidhje me bised\u00c3\u00abn e saj me Mimoz\u00c3\u00abn. Ajo i thot\u00c3\u00ab q\u00c3\u00ab Mimoza ishte shprehur tek ajo n\u00c3\u00ab lidhje me Dritanin","og_url":"https:\/\/www.visit-ulcinj.com\/blog\/2009\/04\/10\/adela-nuk-jane-fjalet-e-mozes\/","og_site_name":"Lajme nga Ulqini","article_published_time":"2009-04-10T16:50:07+00:00","article_modified_time":"2009-04-10T15:25:10+00:00","og_image":[{"url":"http:\/\/www.visit-ulcinj.com\/blog\/wp-content\/uploads\/2009\/04\/adela-sqaron-tanin.jpg"}],"twitter_misc":{"Written by":"ulqini","Est. reading time":"2 minutes"},"schema":{"@context":"https:\/\/schema.org","@graph":[{"@type":"WebSite","@id":"https:\/\/www.visit-ulcinj.com\/blog\/#website","url":"https:\/\/www.visit-ulcinj.com\/blog\/","name":"Lajme nga Ulqini","description":"Lajme,Vijesti,Ulqini,Ulqin,Crna Gora,Mali i Zi","potentialAction":[{"@type":"SearchAction","target":{"@type":"EntryPoint","urlTemplate":"https:\/\/www.visit-ulcinj.com\/blog\/?s={search_term_string}"},"query-input":"required name=search_term_string"}],"inLanguage":"en-US"},{"@type":"ImageObject","inLanguage":"en-US","@id":"https:\/\/www.visit-ulcinj.com\/blog\/2009\/04\/10\/adela-nuk-jane-fjalet-e-mozes\/#primaryimage","url":"http:\/\/www.visit-ulcinj.com\/blog\/wp-content\/uploads\/2009\/04\/adela-sqaron-tanin.jpg","contentUrl":"http:\/\/www.visit-ulcinj.com\/blog\/wp-content\/uploads\/2009\/04\/adela-sqaron-tanin.jpg"},{"@type":"WebPage","@id":"https:\/\/www.visit-ulcinj.com\/blog\/2009\/04\/10\/adela-nuk-jane-fjalet-e-mozes\/#webpage","url":"https:\/\/www.visit-ulcinj.com\/blog\/2009\/04\/10\/adela-nuk-jane-fjalet-e-mozes\/","name":"Adela: Nuk jan\u00c3\u00ab fjal\u00c3\u00abt e Moz\u00c3\u00abs | Big Brother Albania 2","isPartOf":{"@id":"https:\/\/www.visit-ulcinj.com\/blog\/#website"},"primaryImageOfPage":{"@id":"https:\/\/www.visit-ulcinj.com\/blog\/2009\/04\/10\/adela-nuk-jane-fjalet-e-mozes\/#primaryimage"},"datePublished":"2009-04-10T16:50:07+00:00","dateModified":"2009-04-10T15:25:10+00:00","author":{"@id":"https:\/\/www.visit-ulcinj.com\/blog\/#\/schema\/person\/dcab619c614d3038751c63bc2aadc06d"},"description":"Big Brother Albania 2 - Adelajda diskuton me Dritanin n\u00c3\u00ab lidhje me bised\u00c3\u00abn e saj me Mimoz\u00c3\u00abn. Ajo i thot\u00c3\u00ab q\u00c3\u00ab Mimoza ishte shprehur tek ajo n\u00c3\u00ab lidhje me Dritanin","breadcrumb":{"@id":"https:\/\/www.visit-ulcinj.com\/blog\/2009\/04\/10\/adela-nuk-jane-fjalet-e-mozes\/#breadcrumb"},"inLanguage":"en-US","potentialAction":[{"@type":"ReadAction","target":["https:\/\/www.visit-ulcinj.com\/blog\/2009\/04\/10\/adela-nuk-jane-fjalet-e-mozes\/"]}]},{"@type":"BreadcrumbList","@id":"https:\/\/www.visit-ulcinj.com\/blog\/2009\/04\/10\/adela-nuk-jane-fjalet-e-mozes\/#breadcrumb","itemListElement":[{"@type":"ListItem","position":1,"name":"Adela: Nuk jan\u00eb fjal\u00ebt e Moz\u00ebs"}]},{"@type":"Person","@id":"https:\/\/www.visit-ulcinj.com\/blog\/#\/schema\/person\/dcab619c614d3038751c63bc2aadc06d","name":"ulqini","sameAs":["http:\/\/www.visit-ulcinj.com"],"url":"https:\/\/www.visit-ulcinj.com\/blog\/author\/admin\/"}]}},"jetpack_featured_media_url":"","jetpack_sharing_enabled":true,"jetpack_shortlink":"https:\/\/wp.me\/pe6lTn-4v0","_links":{"self":[{"href":"https:\/\/www.visit-ulcinj.com\/blog\/wp-json\/wp\/v2\/posts\/17298"}],"collection":[{"href":"https:\/\/www.visit-ulcinj.com\/blog\/wp-json\/wp\/v2\/posts"}],"about":[{"href":"https:\/\/www.visit-ulcinj.com\/blog\/wp-json\/wp\/v2\/types\/post"}],"author":[{"embeddable":true,"href":"https:\/\/www.visit-ulcinj.com\/blog\/wp-json\/wp\/v2\/users\/1"}],"replies":[{"embeddable":true,"href":"https:\/\/www.visit-ulcinj.com\/blog\/wp-json\/wp\/v2\/comments?post=17298"}],"version-history":[{"count":0,"href":"https:\/\/www.visit-ulcinj.com\/blog\/wp-json\/wp\/v2\/posts\/17298\/revisions"}],"wp:attachment":[{"href":"https:\/\/www.visit-ulcinj.com\/blog\/wp-json\/wp\/v2\/media?parent=17298"}],"wp:term":[{"taxonomy":"category","embeddable":true,"href":"https:\/\/www.visit-ulcinj.com\/blog\/wp-json\/wp\/v2\/categories?post=17298"},{"taxonomy":"post_tag","embeddable":true,"href":"https:\/\/www.visit-ulcinj.com\/blog\/wp-json\/wp\/v2\/tags?post=17298"}],"curies":[{"name":"wp","href":"https:\/\/api.w.org\/{rel}","templated":true}]}}