{"id":17301,"date":"2009-04-10T18:52:31","date_gmt":"2009-04-10T16:52:31","guid":{"rendered":"http:\/\/www.visit-ulcinj.com\/blog\/?p=17301"},"modified":"2009-04-10T17:27:54","modified_gmt":"2009-04-10T15:27:54","slug":"ndryshimi-i-junes","status":"publish","type":"post","link":"https:\/\/www.visit-ulcinj.com\/blog\/2009\/04\/10\/ndryshimi-i-junes\/","title":{"rendered":"Ndryshimi i Jun\u00ebs"},"content":{"rendered":"<p><em><span class=\"newsdate\"><a href=\"http:\/\/www.visit-ulcinj.com\/blog\/wp-content\/uploads\/2009\/04\/debat-juna-qetsori.jpg\"><img loading=\"lazy\" class=\"alignleft size-full wp-image-17302\" title=\"debat-juna-qetsori-big-brother-albania-2\" src=\"http:\/\/www.visit-ulcinj.com\/blog\/wp-content\/uploads\/2009\/04\/debat-juna-qetsori.jpg\" alt=\"debat-juna-qetsori-big-brother-albania-2\" width=\"300\" height=\"205\" \/><\/a>09\/04\/09 20:55<\/span><\/em><\/p>\n<p>Juna ka ndryshuar modelin e flok\u00ebve dhe kjo gj\u00eb ka r\u00ebn\u00eb n\u00eb sy t\u00eb banor\u00ebve. Anjez\u00ebs i p\u00eblqejn\u00eb shum\u00eb flok\u00ebt e saj. Qetsori i thot\u00eb:-\u201dShiko sa ka ndryshuar, na trembe!\u201d Adi e pyet Jun\u00ebn:-\u201cSa karaktere ke t\u00eb fshehura brenda lukut t\u00ebnd?\u201d Ajo i thot\u00eb q\u00eb vet\u00ebm at\u00eb q\u00eb shikon ai. Dritani diskuton me Jun\u00ebn, Qetsori nd\u00ebrhyn duke u kapur me t\u00eb. Ai i thot\u00eb q\u00eb secili banor ka treguar jet\u00ebn e tij n\u00eb vija t\u00eb p\u00ebrgjithshme, dhe i k\u00ebrkon q\u00eb t\u00eb b\u00ebj dhe ajo t\u00eb nj\u00ebjt\u00ebn gj\u00eb. Ai shton q\u00eb pyetjeve t\u00eb banor\u00ebve \u00ebsht\u00eb e lir\u00eb t\u00eb mos pergjigjet. Ajo ia kthen duke th\u00ebn\u00eb q\u00eb ajo \u00ebsht\u00eb e hapur p\u00ebr t`u p\u00ebrgjigjur pyetjeve q\u00eb ajo d\u00ebshiron, dhe nuk ka pse ta b\u00ebj k\u00ebt\u00eb gj\u00eb n\u00eb form\u00ebn e debatit. Qetsori vendos duke q\u00ebn\u00eb q\u00eb ajo ka bezdi t\u00eb pyetet tek kolltuku, t`i b\u00ebj disa pyetje aty ku jan\u00eb, n\u00eb kuzhin\u00eb. Ai e pyet n\u00eb lidhje me puthjen e par\u00eb, por ajo kund\u00ebrshton t\u00eb p\u00ebrgjigjet . Ai e pyet n\u00eb lidhje me aktor\u00ebt e preferuar. Ajo i thot\u00eb q\u00eb i p\u00eblqen Al Pacino . Qetsori i thot\u00eb q\u00eb edhe ai e p\u00eblqen at\u00eb aktor , dhe shton q\u00eb ideja e pyetjeve t\u00eb tij \u00ebsht\u00eb q\u00eb t\u00eb gjejn\u00eb pikat p\u00ebrbashk\u00ebta. Arjoni i thot\u00eb q\u00eb k\u00ebt\u00eb form\u00eb e kan\u00eb p\u00ebrdorur p\u00ebr t`i njohur m\u00eb mir\u00eb banor\u00ebt. Ajo ia kthen q\u00eb k\u00ebto jan\u00eb rregulla q\u00eb i kan\u00eb vendosur ato dhe ajo nuk ka pse t\u00eb bashkohet m\u00eb k\u00ebt\u00eb gj\u00eb. Arjoni i thot\u00eb q\u00eb fakti q\u00eb ai nuk p\u00eblqen q\u00eb t`i b\u00ebjn\u00eb pyetje at\u00ebher\u00eb dhe ajo nuk ka t\u00eb drejt\u00eb t`i b\u00ebj pyetje t\u00eb tjer\u00ebve. Ato vazhdojn\u00eb t\u00eb diskutojn\u00eb. Qetsori e pyet n\u00eb lidhje me emrin se si e ka gjat\u00eb. Ajo i thot\u00eb:-\u201cE kam Junida!\u201d Ai i thot\u00eb q\u00eb meq\u00eb ka ndryshuar lukun do e th\u00ebrras\u00eb Junida , dhe vazhdon duke diskutuar p\u00ebr gatimin.<\/p>\n","protected":false},"excerpt":{"rendered":"<p>09\/04\/09 20:55 Juna ka ndryshuar modelin e flok\u00ebve dhe kjo gj\u00eb ka r\u00ebn\u00eb n\u00eb sy t\u00eb banor\u00ebve. Anjez\u00ebs i p\u00eblqejn\u00eb shum\u00eb flok\u00ebt e saj. Qetsori i thot\u00eb:-\u201dShiko sa ka ndryshuar, na trembe!\u201d Adi e pyet Jun\u00ebn:-\u201cSa karaktere ke t\u00eb fshehura brenda lukut t\u00ebnd?\u201d Ajo i thot\u00eb q\u00eb vet\u00ebm at\u00eb q\u00eb shikon ai. Dritani diskuton me [&hellip;]<\/p>\n","protected":false},"author":1,"featured_media":0,"comment_status":"open","ping_status":"closed","sticky":false,"template":"","format":"standard","meta":{"spay_email":"","jetpack_publicize_message":"","jetpack_is_tweetstorm":false,"jetpack_publicize_feature_enabled":true},"categories":[6502],"tags":[5057,6506,6516,6712,7129,1442,8887,6891,6693,6887],"jetpack_publicize_connections":[],"yoast_head":"<!-- This site is optimized with the Yoast SEO plugin v19.1 - https:\/\/yoast.com\/wordpress\/plugins\/seo\/ -->\n<title>Ndryshimi i Jun\u00c3\u00abs | Big Brother Albania 2<\/title>\n<meta name=\"description\" content=\"Big Brother Albania 2 .- Juna ka ndryshuar modelin e flok\u00c3\u00abve dhe kjo gj\u00c3\u00ab ka r\u00c3\u00abn\u00c3\u00ab n\u00c3\u00ab sy t\u00c3\u00ab banor\u00c3\u00abve. Anjez\u00c3\u00abs i p\u00c3\u00ablqejn\u00c3\u00ab shum\u00c3\u00ab flok\u00c3\u00abt e saj. Qetsori i thot\u00c3\u00ab:\" \/>\n<meta name=\"robots\" content=\"index, follow, max-snippet:-1, max-image-preview:large, max-video-preview:-1\" \/>\n<link rel=\"canonical\" href=\"https:\/\/www.visit-ulcinj.com\/blog\/2009\/04\/10\/ndryshimi-i-junes\/\" \/>\n<meta property=\"og:locale\" content=\"en_US\" \/>\n<meta property=\"og:type\" content=\"article\" \/>\n<meta property=\"og:title\" content=\"Ndryshimi i Jun\u00c3\u00abs | Big Brother Albania 2\" \/>\n<meta property=\"og:description\" content=\"Big Brother Albania 2 .- Juna ka ndryshuar modelin e flok\u00c3\u00abve dhe kjo gj\u00c3\u00ab ka r\u00c3\u00abn\u00c3\u00ab n\u00c3\u00ab sy t\u00c3\u00ab banor\u00c3\u00abve. Anjez\u00c3\u00abs i p\u00c3\u00ablqejn\u00c3\u00ab shum\u00c3\u00ab flok\u00c3\u00abt e saj. Qetsori i thot\u00c3\u00ab:\" \/>\n<meta property=\"og:url\" content=\"https:\/\/www.visit-ulcinj.com\/blog\/2009\/04\/10\/ndryshimi-i-junes\/\" \/>\n<meta property=\"og:site_name\" content=\"Lajme nga Ulqini\" \/>\n<meta property=\"article:published_time\" content=\"2009-04-10T16:52:31+00:00\" \/>\n<meta property=\"article:modified_time\" content=\"2009-04-10T15:27:54+00:00\" \/>\n<meta property=\"og:image\" content=\"http:\/\/www.visit-ulcinj.com\/blog\/wp-content\/uploads\/2009\/04\/debat-juna-qetsori.jpg\" \/>\n<meta name=\"twitter:label1\" content=\"Written by\" \/>\n\t<meta name=\"twitter:data1\" content=\"ulqini\" \/>\n\t<meta name=\"twitter:label2\" content=\"Est. reading time\" \/>\n\t<meta name=\"twitter:data2\" content=\"2 minutes\" \/>\n<script type=\"application\/ld+json\" class=\"yoast-schema-graph\">{\"@context\":\"https:\/\/schema.org\",\"@graph\":[{\"@type\":\"WebSite\",\"@id\":\"https:\/\/www.visit-ulcinj.com\/blog\/#website\",\"url\":\"https:\/\/www.visit-ulcinj.com\/blog\/\",\"name\":\"Lajme nga Ulqini\",\"description\":\"Lajme,Vijesti,Ulqini,Ulqin,Crna Gora,Mali i Zi\",\"potentialAction\":[{\"@type\":\"SearchAction\",\"target\":{\"@type\":\"EntryPoint\",\"urlTemplate\":\"https:\/\/www.visit-ulcinj.com\/blog\/?s={search_term_string}\"},\"query-input\":\"required name=search_term_string\"}],\"inLanguage\":\"en-US\"},{\"@type\":\"ImageObject\",\"inLanguage\":\"en-US\",\"@id\":\"https:\/\/www.visit-ulcinj.com\/blog\/2009\/04\/10\/ndryshimi-i-junes\/#primaryimage\",\"url\":\"http:\/\/www.visit-ulcinj.com\/blog\/wp-content\/uploads\/2009\/04\/debat-juna-qetsori.jpg\",\"contentUrl\":\"http:\/\/www.visit-ulcinj.com\/blog\/wp-content\/uploads\/2009\/04\/debat-juna-qetsori.jpg\"},{\"@type\":\"WebPage\",\"@id\":\"https:\/\/www.visit-ulcinj.com\/blog\/2009\/04\/10\/ndryshimi-i-junes\/#webpage\",\"url\":\"https:\/\/www.visit-ulcinj.com\/blog\/2009\/04\/10\/ndryshimi-i-junes\/\",\"name\":\"Ndryshimi i Jun\u00c3\u00abs | Big Brother Albania 2\",\"isPartOf\":{\"@id\":\"https:\/\/www.visit-ulcinj.com\/blog\/#website\"},\"primaryImageOfPage\":{\"@id\":\"https:\/\/www.visit-ulcinj.com\/blog\/2009\/04\/10\/ndryshimi-i-junes\/#primaryimage\"},\"datePublished\":\"2009-04-10T16:52:31+00:00\",\"dateModified\":\"2009-04-10T15:27:54+00:00\",\"author\":{\"@id\":\"https:\/\/www.visit-ulcinj.com\/blog\/#\/schema\/person\/dcab619c614d3038751c63bc2aadc06d\"},\"description\":\"Big Brother Albania 2 .- Juna ka ndryshuar modelin e flok\u00c3\u00abve dhe kjo gj\u00c3\u00ab ka r\u00c3\u00abn\u00c3\u00ab n\u00c3\u00ab sy t\u00c3\u00ab banor\u00c3\u00abve. Anjez\u00c3\u00abs i p\u00c3\u00ablqejn\u00c3\u00ab shum\u00c3\u00ab flok\u00c3\u00abt e saj. Qetsori i thot\u00c3\u00ab:\",\"breadcrumb\":{\"@id\":\"https:\/\/www.visit-ulcinj.com\/blog\/2009\/04\/10\/ndryshimi-i-junes\/#breadcrumb\"},\"inLanguage\":\"en-US\",\"potentialAction\":[{\"@type\":\"ReadAction\",\"target\":[\"https:\/\/www.visit-ulcinj.com\/blog\/2009\/04\/10\/ndryshimi-i-junes\/\"]}]},{\"@type\":\"BreadcrumbList\",\"@id\":\"https:\/\/www.visit-ulcinj.com\/blog\/2009\/04\/10\/ndryshimi-i-junes\/#breadcrumb\",\"itemListElement\":[{\"@type\":\"ListItem\",\"position\":1,\"name\":\"Ndryshimi i Jun\u00ebs\"}]},{\"@type\":\"Person\",\"@id\":\"https:\/\/www.visit-ulcinj.com\/blog\/#\/schema\/person\/dcab619c614d3038751c63bc2aadc06d\",\"name\":\"ulqini\",\"sameAs\":[\"http:\/\/www.visit-ulcinj.com\"],\"url\":\"https:\/\/www.visit-ulcinj.com\/blog\/author\/admin\/\"}]}<\/script>\n<!-- \/ Yoast SEO plugin. -->","yoast_head_json":{"title":"Ndryshimi i Jun\u00c3\u00abs | Big Brother Albania 2","description":"Big Brother Albania 2 .- Juna ka ndryshuar modelin e flok\u00c3\u00abve dhe kjo gj\u00c3\u00ab ka r\u00c3\u00abn\u00c3\u00ab n\u00c3\u00ab sy t\u00c3\u00ab banor\u00c3\u00abve. Anjez\u00c3\u00abs i p\u00c3\u00ablqejn\u00c3\u00ab shum\u00c3\u00ab flok\u00c3\u00abt e saj. Qetsori i thot\u00c3\u00ab:","robots":{"index":"index","follow":"follow","max-snippet":"max-snippet:-1","max-image-preview":"max-image-preview:large","max-video-preview":"max-video-preview:-1"},"canonical":"https:\/\/www.visit-ulcinj.com\/blog\/2009\/04\/10\/ndryshimi-i-junes\/","og_locale":"en_US","og_type":"article","og_title":"Ndryshimi i Jun\u00c3\u00abs | Big Brother Albania 2","og_description":"Big Brother Albania 2 .- Juna ka ndryshuar modelin e flok\u00c3\u00abve dhe kjo gj\u00c3\u00ab ka r\u00c3\u00abn\u00c3\u00ab n\u00c3\u00ab sy t\u00c3\u00ab banor\u00c3\u00abve. Anjez\u00c3\u00abs i p\u00c3\u00ablqejn\u00c3\u00ab shum\u00c3\u00ab flok\u00c3\u00abt e saj. Qetsori i thot\u00c3\u00ab:","og_url":"https:\/\/www.visit-ulcinj.com\/blog\/2009\/04\/10\/ndryshimi-i-junes\/","og_site_name":"Lajme nga Ulqini","article_published_time":"2009-04-10T16:52:31+00:00","article_modified_time":"2009-04-10T15:27:54+00:00","og_image":[{"url":"http:\/\/www.visit-ulcinj.com\/blog\/wp-content\/uploads\/2009\/04\/debat-juna-qetsori.jpg"}],"twitter_misc":{"Written by":"ulqini","Est. reading time":"2 minutes"},"schema":{"@context":"https:\/\/schema.org","@graph":[{"@type":"WebSite","@id":"https:\/\/www.visit-ulcinj.com\/blog\/#website","url":"https:\/\/www.visit-ulcinj.com\/blog\/","name":"Lajme nga Ulqini","description":"Lajme,Vijesti,Ulqini,Ulqin,Crna Gora,Mali i Zi","potentialAction":[{"@type":"SearchAction","target":{"@type":"EntryPoint","urlTemplate":"https:\/\/www.visit-ulcinj.com\/blog\/?s={search_term_string}"},"query-input":"required name=search_term_string"}],"inLanguage":"en-US"},{"@type":"ImageObject","inLanguage":"en-US","@id":"https:\/\/www.visit-ulcinj.com\/blog\/2009\/04\/10\/ndryshimi-i-junes\/#primaryimage","url":"http:\/\/www.visit-ulcinj.com\/blog\/wp-content\/uploads\/2009\/04\/debat-juna-qetsori.jpg","contentUrl":"http:\/\/www.visit-ulcinj.com\/blog\/wp-content\/uploads\/2009\/04\/debat-juna-qetsori.jpg"},{"@type":"WebPage","@id":"https:\/\/www.visit-ulcinj.com\/blog\/2009\/04\/10\/ndryshimi-i-junes\/#webpage","url":"https:\/\/www.visit-ulcinj.com\/blog\/2009\/04\/10\/ndryshimi-i-junes\/","name":"Ndryshimi i Jun\u00c3\u00abs | Big Brother Albania 2","isPartOf":{"@id":"https:\/\/www.visit-ulcinj.com\/blog\/#website"},"primaryImageOfPage":{"@id":"https:\/\/www.visit-ulcinj.com\/blog\/2009\/04\/10\/ndryshimi-i-junes\/#primaryimage"},"datePublished":"2009-04-10T16:52:31+00:00","dateModified":"2009-04-10T15:27:54+00:00","author":{"@id":"https:\/\/www.visit-ulcinj.com\/blog\/#\/schema\/person\/dcab619c614d3038751c63bc2aadc06d"},"description":"Big Brother Albania 2 .- Juna ka ndryshuar modelin e flok\u00c3\u00abve dhe kjo gj\u00c3\u00ab ka r\u00c3\u00abn\u00c3\u00ab n\u00c3\u00ab sy t\u00c3\u00ab banor\u00c3\u00abve. Anjez\u00c3\u00abs i p\u00c3\u00ablqejn\u00c3\u00ab shum\u00c3\u00ab flok\u00c3\u00abt e saj. Qetsori i thot\u00c3\u00ab:","breadcrumb":{"@id":"https:\/\/www.visit-ulcinj.com\/blog\/2009\/04\/10\/ndryshimi-i-junes\/#breadcrumb"},"inLanguage":"en-US","potentialAction":[{"@type":"ReadAction","target":["https:\/\/www.visit-ulcinj.com\/blog\/2009\/04\/10\/ndryshimi-i-junes\/"]}]},{"@type":"BreadcrumbList","@id":"https:\/\/www.visit-ulcinj.com\/blog\/2009\/04\/10\/ndryshimi-i-junes\/#breadcrumb","itemListElement":[{"@type":"ListItem","position":1,"name":"Ndryshimi i Jun\u00ebs"}]},{"@type":"Person","@id":"https:\/\/www.visit-ulcinj.com\/blog\/#\/schema\/person\/dcab619c614d3038751c63bc2aadc06d","name":"ulqini","sameAs":["http:\/\/www.visit-ulcinj.com"],"url":"https:\/\/www.visit-ulcinj.com\/blog\/author\/admin\/"}]}},"jetpack_featured_media_url":"","jetpack_sharing_enabled":true,"jetpack_shortlink":"https:\/\/wp.me\/pe6lTn-4v3","_links":{"self":[{"href":"https:\/\/www.visit-ulcinj.com\/blog\/wp-json\/wp\/v2\/posts\/17301"}],"collection":[{"href":"https:\/\/www.visit-ulcinj.com\/blog\/wp-json\/wp\/v2\/posts"}],"about":[{"href":"https:\/\/www.visit-ulcinj.com\/blog\/wp-json\/wp\/v2\/types\/post"}],"author":[{"embeddable":true,"href":"https:\/\/www.visit-ulcinj.com\/blog\/wp-json\/wp\/v2\/users\/1"}],"replies":[{"embeddable":true,"href":"https:\/\/www.visit-ulcinj.com\/blog\/wp-json\/wp\/v2\/comments?post=17301"}],"version-history":[{"count":0,"href":"https:\/\/www.visit-ulcinj.com\/blog\/wp-json\/wp\/v2\/posts\/17301\/revisions"}],"wp:attachment":[{"href":"https:\/\/www.visit-ulcinj.com\/blog\/wp-json\/wp\/v2\/media?parent=17301"}],"wp:term":[{"taxonomy":"category","embeddable":true,"href":"https:\/\/www.visit-ulcinj.com\/blog\/wp-json\/wp\/v2\/categories?post=17301"},{"taxonomy":"post_tag","embeddable":true,"href":"https:\/\/www.visit-ulcinj.com\/blog\/wp-json\/wp\/v2\/tags?post=17301"}],"curies":[{"name":"wp","href":"https:\/\/api.w.org\/{rel}","templated":true}]}}