{"id":17315,"date":"2009-04-10T23:39:39","date_gmt":"2009-04-10T21:39:39","guid":{"rendered":"http:\/\/www.visit-ulcinj.com\/blog\/?p=17315"},"modified":"2009-04-10T23:39:39","modified_gmt":"2009-04-10T21:39:39","slug":"ari-nuk-merrem-me-zyshen","status":"publish","type":"post","link":"https:\/\/www.visit-ulcinj.com\/blog\/2009\/04\/10\/ari-nuk-merrem-me-zyshen\/","title":{"rendered":"Ari : Nuk merrem me zysh\u00ebn"},"content":{"rendered":"<p><em><span class=\"newsdate\"><a href=\"http:\/\/www.visit-ulcinj.com\/blog\/wp-content\/uploads\/2009\/04\/adela-debat-ari.jpg\"><img loading=\"lazy\" class=\"alignleft size-full wp-image-17314\" title=\"adela-debat-ari-big-brother-albania-2\" src=\"http:\/\/www.visit-ulcinj.com\/blog\/wp-content\/uploads\/2009\/04\/adela-debat-ari.jpg\" alt=\"adela-debat-ari-big-brother-albania-2\" width=\"300\" height=\"205\" \/><\/a>09\/04\/09 21:59<\/span><\/em><\/p>\n<p>Sfida e dyt\u00eb e prov\u00ebs s\u00eb jav\u00ebs konsistonte n\u00eb zgjidhjen e nj\u00eb puzzle dhe rilidhjen e nj\u00eb libri. P\u00ebr k\u00ebt\u00eb \u201cBig brother\u201d vendosi q\u00eb t`i ndaj\u00eb banor\u00ebt n\u00eb dy grupe. Grupi i par\u00eb ishte Aida , Dritani, Eltoni, Ani, Bjordi, Juna dhe Adi t\u00eb cil\u00ebt duhej t\u00eb zgjidhnin puzzle-in e milingonave. Grupi i dyt\u00eb ishte Ari, Arjoni, Anjeza, Adelajda, Mimoza dhe Qetsori t\u00eb cil\u00ebt duhet t\u00eb rilidhnin nj\u00eb lib\u00ebr. Gjat\u00eb prov\u00ebs banor\u00ebt pat\u00ebn konflikte t\u00eb vogla p\u00ebr m\u00ebnyr\u00ebn e organizimit t\u00eb pun\u00ebs. Nj\u00eb nga banor\u00ebt q\u00eb nuk binte dakort me grupin ishte Adelajda, e cila pati momente z\u00ebnke me Arin. Ai l\u00eb prov\u00ebn dhe thot\u00eb:-\u201cNuk merrem m\u00eb me zysh\u00ebn!\u201d Grupi i par\u00eb ishte m\u00eb i organizuar, por pavarsisht nga kjo banor\u00ebt nuk arrit\u00ebn ta kalojn\u00eb prov\u00ebn.<\/p>\n","protected":false},"excerpt":{"rendered":"<p>09\/04\/09 21:59 Sfida e dyt\u00eb e prov\u00ebs s\u00eb jav\u00ebs konsistonte n\u00eb zgjidhjen e nj\u00eb puzzle dhe rilidhjen e nj\u00eb libri. P\u00ebr k\u00ebt\u00eb \u201cBig brother\u201d vendosi q\u00eb t`i ndaj\u00eb banor\u00ebt n\u00eb dy grupe. Grupi i par\u00eb ishte Aida , Dritani, Eltoni, Ani, Bjordi, Juna dhe Adi t\u00eb cil\u00ebt duhej t\u00eb zgjidhnin puzzle-in e milingonave. Grupi i [&hellip;]<\/p>\n","protected":false},"author":1,"featured_media":0,"comment_status":"open","ping_status":"closed","sticky":false,"template":"","format":"standard","meta":{"spay_email":"","jetpack_publicize_message":"","jetpack_is_tweetstorm":false,"jetpack_publicize_feature_enabled":true},"categories":[6502],"tags":[6529,6537,8289,8784,5057,6506,6516,6712,7129,6522,8776,1442,6544,6891,6693,6887],"jetpack_publicize_connections":[],"yoast_head":"<!-- This site is optimized with the Yoast SEO plugin v19.1 - https:\/\/yoast.com\/wordpress\/plugins\/seo\/ -->\n<title>Ari : Nuk merrem me zysh\u00c3\u00abn | Big Brother Albania 2<\/title>\n<meta name=\"description\" content=\"Big Brother Albania 2 - Sfida e dyt\u00c3\u00ab e prov\u00c3\u00abs s\u00c3\u00ab jav\u00c3\u00abs konsistonte n\u00c3\u00ab zgjidhjen e nj\u00c3\u00ab puzzle dhe rilidhjen e nj\u00c3\u00ab libri. P\u00c3\u00abr k\u00c3\u00abt\u00c3\u00ab \u00e2\u20ac\u0153Big brother\u00e2\u20ac\u009d vendosi q\u00c3\u00ab t`i ndaj\u00c3\u00ab banor\u00c3\u00abt n\u00c3\u00ab dy grupe\" \/>\n<meta name=\"robots\" content=\"index, follow, max-snippet:-1, max-image-preview:large, max-video-preview:-1\" \/>\n<link rel=\"canonical\" href=\"https:\/\/www.visit-ulcinj.com\/blog\/2009\/04\/10\/ari-nuk-merrem-me-zyshen\/\" \/>\n<meta property=\"og:locale\" content=\"en_US\" \/>\n<meta property=\"og:type\" content=\"article\" \/>\n<meta property=\"og:title\" content=\"Ari : Nuk merrem me zysh\u00c3\u00abn | Big Brother Albania 2\" \/>\n<meta property=\"og:description\" content=\"Big Brother Albania 2 - Sfida e dyt\u00c3\u00ab e prov\u00c3\u00abs s\u00c3\u00ab jav\u00c3\u00abs konsistonte n\u00c3\u00ab zgjidhjen e nj\u00c3\u00ab puzzle dhe rilidhjen e nj\u00c3\u00ab libri. P\u00c3\u00abr k\u00c3\u00abt\u00c3\u00ab \u00e2\u20ac\u0153Big brother\u00e2\u20ac\u009d vendosi q\u00c3\u00ab t`i ndaj\u00c3\u00ab banor\u00c3\u00abt n\u00c3\u00ab dy grupe\" \/>\n<meta property=\"og:url\" content=\"https:\/\/www.visit-ulcinj.com\/blog\/2009\/04\/10\/ari-nuk-merrem-me-zyshen\/\" \/>\n<meta property=\"og:site_name\" content=\"Lajme nga Ulqini\" \/>\n<meta property=\"article:published_time\" content=\"2009-04-10T21:39:39+00:00\" \/>\n<meta property=\"og:image\" content=\"http:\/\/www.visit-ulcinj.com\/blog\/wp-content\/uploads\/2009\/04\/adela-debat-ari.jpg\" \/>\n<meta name=\"twitter:label1\" content=\"Written by\" \/>\n\t<meta name=\"twitter:data1\" content=\"ulqini\" \/>\n\t<meta name=\"twitter:label2\" content=\"Est. reading time\" \/>\n\t<meta name=\"twitter:data2\" content=\"1 minute\" \/>\n<script type=\"application\/ld+json\" class=\"yoast-schema-graph\">{\"@context\":\"https:\/\/schema.org\",\"@graph\":[{\"@type\":\"WebSite\",\"@id\":\"https:\/\/www.visit-ulcinj.com\/blog\/#website\",\"url\":\"https:\/\/www.visit-ulcinj.com\/blog\/\",\"name\":\"Lajme nga Ulqini\",\"description\":\"Lajme,Vijesti,Ulqini,Ulqin,Crna Gora,Mali i Zi\",\"potentialAction\":[{\"@type\":\"SearchAction\",\"target\":{\"@type\":\"EntryPoint\",\"urlTemplate\":\"https:\/\/www.visit-ulcinj.com\/blog\/?s={search_term_string}\"},\"query-input\":\"required name=search_term_string\"}],\"inLanguage\":\"en-US\"},{\"@type\":\"ImageObject\",\"inLanguage\":\"en-US\",\"@id\":\"https:\/\/www.visit-ulcinj.com\/blog\/2009\/04\/10\/ari-nuk-merrem-me-zyshen\/#primaryimage\",\"url\":\"http:\/\/www.visit-ulcinj.com\/blog\/wp-content\/uploads\/2009\/04\/adela-debat-ari.jpg\",\"contentUrl\":\"http:\/\/www.visit-ulcinj.com\/blog\/wp-content\/uploads\/2009\/04\/adela-debat-ari.jpg\"},{\"@type\":\"WebPage\",\"@id\":\"https:\/\/www.visit-ulcinj.com\/blog\/2009\/04\/10\/ari-nuk-merrem-me-zyshen\/#webpage\",\"url\":\"https:\/\/www.visit-ulcinj.com\/blog\/2009\/04\/10\/ari-nuk-merrem-me-zyshen\/\",\"name\":\"Ari : Nuk merrem me zysh\u00c3\u00abn | Big Brother Albania 2\",\"isPartOf\":{\"@id\":\"https:\/\/www.visit-ulcinj.com\/blog\/#website\"},\"primaryImageOfPage\":{\"@id\":\"https:\/\/www.visit-ulcinj.com\/blog\/2009\/04\/10\/ari-nuk-merrem-me-zyshen\/#primaryimage\"},\"datePublished\":\"2009-04-10T21:39:39+00:00\",\"dateModified\":\"2009-04-10T21:39:39+00:00\",\"author\":{\"@id\":\"https:\/\/www.visit-ulcinj.com\/blog\/#\/schema\/person\/dcab619c614d3038751c63bc2aadc06d\"},\"description\":\"Big Brother Albania 2 - Sfida e dyt\u00c3\u00ab e prov\u00c3\u00abs s\u00c3\u00ab jav\u00c3\u00abs konsistonte n\u00c3\u00ab zgjidhjen e nj\u00c3\u00ab puzzle dhe rilidhjen e nj\u00c3\u00ab libri. P\u00c3\u00abr k\u00c3\u00abt\u00c3\u00ab \u00e2\u20ac\u0153Big brother\u00e2\u20ac\u009d vendosi q\u00c3\u00ab t`i ndaj\u00c3\u00ab banor\u00c3\u00abt n\u00c3\u00ab dy grupe\",\"breadcrumb\":{\"@id\":\"https:\/\/www.visit-ulcinj.com\/blog\/2009\/04\/10\/ari-nuk-merrem-me-zyshen\/#breadcrumb\"},\"inLanguage\":\"en-US\",\"potentialAction\":[{\"@type\":\"ReadAction\",\"target\":[\"https:\/\/www.visit-ulcinj.com\/blog\/2009\/04\/10\/ari-nuk-merrem-me-zyshen\/\"]}]},{\"@type\":\"BreadcrumbList\",\"@id\":\"https:\/\/www.visit-ulcinj.com\/blog\/2009\/04\/10\/ari-nuk-merrem-me-zyshen\/#breadcrumb\",\"itemListElement\":[{\"@type\":\"ListItem\",\"position\":1,\"name\":\"Ari : Nuk merrem me zysh\u00ebn\"}]},{\"@type\":\"Person\",\"@id\":\"https:\/\/www.visit-ulcinj.com\/blog\/#\/schema\/person\/dcab619c614d3038751c63bc2aadc06d\",\"name\":\"ulqini\",\"sameAs\":[\"http:\/\/www.visit-ulcinj.com\"],\"url\":\"https:\/\/www.visit-ulcinj.com\/blog\/author\/admin\/\"}]}<\/script>\n<!-- \/ Yoast SEO plugin. -->","yoast_head_json":{"title":"Ari : Nuk merrem me zysh\u00c3\u00abn | Big Brother Albania 2","description":"Big Brother Albania 2 - Sfida e dyt\u00c3\u00ab e prov\u00c3\u00abs s\u00c3\u00ab jav\u00c3\u00abs konsistonte n\u00c3\u00ab zgjidhjen e nj\u00c3\u00ab puzzle dhe rilidhjen e nj\u00c3\u00ab libri. P\u00c3\u00abr k\u00c3\u00abt\u00c3\u00ab \u00e2\u20ac\u0153Big brother\u00e2\u20ac\u009d vendosi q\u00c3\u00ab t`i ndaj\u00c3\u00ab banor\u00c3\u00abt n\u00c3\u00ab dy grupe","robots":{"index":"index","follow":"follow","max-snippet":"max-snippet:-1","max-image-preview":"max-image-preview:large","max-video-preview":"max-video-preview:-1"},"canonical":"https:\/\/www.visit-ulcinj.com\/blog\/2009\/04\/10\/ari-nuk-merrem-me-zyshen\/","og_locale":"en_US","og_type":"article","og_title":"Ari : Nuk merrem me zysh\u00c3\u00abn | Big Brother Albania 2","og_description":"Big Brother Albania 2 - Sfida e dyt\u00c3\u00ab e prov\u00c3\u00abs s\u00c3\u00ab jav\u00c3\u00abs konsistonte n\u00c3\u00ab zgjidhjen e nj\u00c3\u00ab puzzle dhe rilidhjen e nj\u00c3\u00ab libri. P\u00c3\u00abr k\u00c3\u00abt\u00c3\u00ab \u00e2\u20ac\u0153Big brother\u00e2\u20ac\u009d vendosi q\u00c3\u00ab t`i ndaj\u00c3\u00ab banor\u00c3\u00abt n\u00c3\u00ab dy grupe","og_url":"https:\/\/www.visit-ulcinj.com\/blog\/2009\/04\/10\/ari-nuk-merrem-me-zyshen\/","og_site_name":"Lajme nga Ulqini","article_published_time":"2009-04-10T21:39:39+00:00","og_image":[{"url":"http:\/\/www.visit-ulcinj.com\/blog\/wp-content\/uploads\/2009\/04\/adela-debat-ari.jpg"}],"twitter_misc":{"Written by":"ulqini","Est. reading time":"1 minute"},"schema":{"@context":"https:\/\/schema.org","@graph":[{"@type":"WebSite","@id":"https:\/\/www.visit-ulcinj.com\/blog\/#website","url":"https:\/\/www.visit-ulcinj.com\/blog\/","name":"Lajme nga Ulqini","description":"Lajme,Vijesti,Ulqini,Ulqin,Crna Gora,Mali i Zi","potentialAction":[{"@type":"SearchAction","target":{"@type":"EntryPoint","urlTemplate":"https:\/\/www.visit-ulcinj.com\/blog\/?s={search_term_string}"},"query-input":"required name=search_term_string"}],"inLanguage":"en-US"},{"@type":"ImageObject","inLanguage":"en-US","@id":"https:\/\/www.visit-ulcinj.com\/blog\/2009\/04\/10\/ari-nuk-merrem-me-zyshen\/#primaryimage","url":"http:\/\/www.visit-ulcinj.com\/blog\/wp-content\/uploads\/2009\/04\/adela-debat-ari.jpg","contentUrl":"http:\/\/www.visit-ulcinj.com\/blog\/wp-content\/uploads\/2009\/04\/adela-debat-ari.jpg"},{"@type":"WebPage","@id":"https:\/\/www.visit-ulcinj.com\/blog\/2009\/04\/10\/ari-nuk-merrem-me-zyshen\/#webpage","url":"https:\/\/www.visit-ulcinj.com\/blog\/2009\/04\/10\/ari-nuk-merrem-me-zyshen\/","name":"Ari : Nuk merrem me zysh\u00c3\u00abn | Big Brother Albania 2","isPartOf":{"@id":"https:\/\/www.visit-ulcinj.com\/blog\/#website"},"primaryImageOfPage":{"@id":"https:\/\/www.visit-ulcinj.com\/blog\/2009\/04\/10\/ari-nuk-merrem-me-zyshen\/#primaryimage"},"datePublished":"2009-04-10T21:39:39+00:00","dateModified":"2009-04-10T21:39:39+00:00","author":{"@id":"https:\/\/www.visit-ulcinj.com\/blog\/#\/schema\/person\/dcab619c614d3038751c63bc2aadc06d"},"description":"Big Brother Albania 2 - Sfida e dyt\u00c3\u00ab e prov\u00c3\u00abs s\u00c3\u00ab jav\u00c3\u00abs konsistonte n\u00c3\u00ab zgjidhjen e nj\u00c3\u00ab puzzle dhe rilidhjen e nj\u00c3\u00ab libri. P\u00c3\u00abr k\u00c3\u00abt\u00c3\u00ab \u00e2\u20ac\u0153Big brother\u00e2\u20ac\u009d vendosi q\u00c3\u00ab t`i ndaj\u00c3\u00ab banor\u00c3\u00abt n\u00c3\u00ab dy grupe","breadcrumb":{"@id":"https:\/\/www.visit-ulcinj.com\/blog\/2009\/04\/10\/ari-nuk-merrem-me-zyshen\/#breadcrumb"},"inLanguage":"en-US","potentialAction":[{"@type":"ReadAction","target":["https:\/\/www.visit-ulcinj.com\/blog\/2009\/04\/10\/ari-nuk-merrem-me-zyshen\/"]}]},{"@type":"BreadcrumbList","@id":"https:\/\/www.visit-ulcinj.com\/blog\/2009\/04\/10\/ari-nuk-merrem-me-zyshen\/#breadcrumb","itemListElement":[{"@type":"ListItem","position":1,"name":"Ari : Nuk merrem me zysh\u00ebn"}]},{"@type":"Person","@id":"https:\/\/www.visit-ulcinj.com\/blog\/#\/schema\/person\/dcab619c614d3038751c63bc2aadc06d","name":"ulqini","sameAs":["http:\/\/www.visit-ulcinj.com"],"url":"https:\/\/www.visit-ulcinj.com\/blog\/author\/admin\/"}]}},"jetpack_featured_media_url":"","jetpack_sharing_enabled":true,"jetpack_shortlink":"https:\/\/wp.me\/pe6lTn-4vh","_links":{"self":[{"href":"https:\/\/www.visit-ulcinj.com\/blog\/wp-json\/wp\/v2\/posts\/17315"}],"collection":[{"href":"https:\/\/www.visit-ulcinj.com\/blog\/wp-json\/wp\/v2\/posts"}],"about":[{"href":"https:\/\/www.visit-ulcinj.com\/blog\/wp-json\/wp\/v2\/types\/post"}],"author":[{"embeddable":true,"href":"https:\/\/www.visit-ulcinj.com\/blog\/wp-json\/wp\/v2\/users\/1"}],"replies":[{"embeddable":true,"href":"https:\/\/www.visit-ulcinj.com\/blog\/wp-json\/wp\/v2\/comments?post=17315"}],"version-history":[{"count":0,"href":"https:\/\/www.visit-ulcinj.com\/blog\/wp-json\/wp\/v2\/posts\/17315\/revisions"}],"wp:attachment":[{"href":"https:\/\/www.visit-ulcinj.com\/blog\/wp-json\/wp\/v2\/media?parent=17315"}],"wp:term":[{"taxonomy":"category","embeddable":true,"href":"https:\/\/www.visit-ulcinj.com\/blog\/wp-json\/wp\/v2\/categories?post=17315"},{"taxonomy":"post_tag","embeddable":true,"href":"https:\/\/www.visit-ulcinj.com\/blog\/wp-json\/wp\/v2\/tags?post=17315"}],"curies":[{"name":"wp","href":"https:\/\/api.w.org\/{rel}","templated":true}]}}