{"id":17325,"date":"2009-04-11T00:02:20","date_gmt":"2009-04-10T22:02:20","guid":{"rendered":"http:\/\/www.visit-ulcinj.com\/blog\/?p=17325"},"modified":"2009-04-11T00:02:20","modified_gmt":"2009-04-10T22:02:20","slug":"aida-dhe-arjoni-c%e2%80%99me-duhen-dy-adelajde","status":"publish","type":"post","link":"https:\/\/www.visit-ulcinj.com\/blog\/2009\/04\/11\/aida-dhe-arjoni-c%e2%80%99me-duhen-dy-adelajde\/","title":{"rendered":"Aida dhe Arjoni : \u00c7\u2019m\u00eb duhen dy Adelajde?!"},"content":{"rendered":"<p><em><span class=\"newsdate\"><a href=\"http:\/\/www.visit-ulcinj.com\/blog\/wp-content\/uploads\/2009\/04\/arjoni-aida-ne-kuzhine-copy.jpg\"><img loading=\"lazy\" class=\"alignleft size-full wp-image-17326\" title=\"arjoni-aida-ne-kuzhine-big-brother-albania-2\" src=\"http:\/\/www.visit-ulcinj.com\/blog\/wp-content\/uploads\/2009\/04\/arjoni-aida-ne-kuzhine-copy.jpg\" alt=\"arjoni-aida-ne-kuzhine-big-brother-albania-2\" width=\"300\" height=\"205\" \/><\/a>10\/04\/09 03:00<\/span><\/em><\/p>\n<p>Aida dhe Arjoni kan\u00eb diskutuar s\u00ebrish, por k\u00ebsaj here p\u00ebr Mimoz\u00ebn dhe sulmet q\u00eb ajo kishte patur nga banor\u00ebt e sht\u00ebpis\u00eb e kryesisht nga Dritani. Sipas Aid\u00ebs, kjo nuk ishte e drejt\u00eb dhe po t\u00eb p\u00ebrs\u00ebritej ajo do ta merrte Moz\u00ebn n\u00eb mbrojtje. Arjoni i ka th\u00ebn\u00eb se nuk aspak dakord me k\u00ebt\u00eb gj\u00eb. \u201cPse Moza nuk duhet t\u00eb ket\u00eb sulme nga banor\u00ebt e tjer\u00eb t\u00eb sht\u00ebpis\u00eb?\u201d \u2013 i ka th\u00ebn\u00eb ai. \u201cPse t\u00eb ket\u00eb?!\u201d \u2013 i \u00ebsht\u00eb p\u00ebrgjigjur me nj\u00eb tjet\u00ebr pyetje ajo, pyetjes s\u00eb Arjonit. Sipas Aid\u00ebs, Mimoza ishte n\u00eb Big Brother p\u00ebr t\u00eb p\u00ebrfaq\u00ebsuar nj\u00eb fem\u00ebr t\u00eb mosh\u00ebs s\u00eb saj, q\u00eb kishte b\u00ebr\u00eb jet\u00ebn e saj. Aida ka th\u00ebn\u00eb se at\u00eb mosh\u00eb, kur je rritur n\u00ebn kujdesin e prind\u00ebrve, ishte m\u00ebse normale t\u00eb mos ishe p\u00ebrballur me ato probleme q\u00eb banor\u00ebt e tjer\u00eb ishin hasur n\u00eb jet\u00eb. E po ashtu, sipas saj, ishte po aq normale, q\u00eb nj\u00eb vajz\u00eb n\u00eb mosh\u00ebn e Mimoz\u00ebs, t\u00eb merrej me thonjt\u00eb apo flok\u00ebt. \u201cN\u00ebse Mimoza do t\u00eb ishte k\u00ebtu p\u00ebr t\u00eb p\u00ebrfaq\u00ebsuar nj\u00eb 19 vje\u00e7are q\u00eb mendon si 30, do t\u00eb ndryshonte puna!\u201d \u2013 ka th\u00ebn\u00eb ajo. Ve\u00e7 k\u00ebsaj Aida ka th\u00ebn\u00eb se Mimoz\u00ebs nuk i mungonte aspak inteligjenca. Arjoni i ka th\u00ebn\u00eb se ishte m\u00ebse dakord me m\u00ebnyr\u00ebn sesi i parashtroi ajo gj\u00ebrat, por e pyeti n\u00ebse ajo do t\u00eb ishte m\u00eb tep\u00ebr dakord t\u00eb dilte nga sht\u00ebpia Moza apo Bjordi. Sipas Aid\u00ebs, Bjordi influencohej m\u00eb tep\u00ebr se \u00e7\u2019duhej, \u201cishte leva e nje tjetri\u201d. Kjo, sipas Arjonit, sepse ai nuk kishte kapacitetin e duhur. \u201cAt\u00ebher\u00eb \u00e7\u2019m\u00eb duhen mua dy Adelajde?!\u201d \u2013 i ka th\u00ebn\u00eb Aida. Ajo ka shtuar m\u00eb pas se si Bjordi, si Adelajda, b\u00ebnin at\u00eb q\u00eb vendoste Dritani. \u201cPo tre Dritana, \u00e7\u2019m\u00eb duhen?!\u201d \u2013 ka th\u00ebn\u00eb ajo.<\/p>\n","protected":false},"excerpt":{"rendered":"<p>10\/04\/09 03:00 Aida dhe Arjoni kan\u00eb diskutuar s\u00ebrish, por k\u00ebsaj here p\u00ebr Mimoz\u00ebn dhe sulmet q\u00eb ajo kishte patur nga banor\u00ebt e sht\u00ebpis\u00eb e kryesisht nga Dritani. Sipas Aid\u00ebs, kjo nuk ishte e drejt\u00eb dhe po t\u00eb p\u00ebrs\u00ebritej ajo do ta merrte Moz\u00ebn n\u00eb mbrojtje. Arjoni i ka th\u00ebn\u00eb se nuk aspak dakord me k\u00ebt\u00eb [&hellip;]<\/p>\n","protected":false},"author":1,"featured_media":0,"comment_status":"open","ping_status":"closed","sticky":false,"template":"","format":"standard","meta":{"spay_email":"","jetpack_publicize_message":"","jetpack_is_tweetstorm":false,"jetpack_publicize_feature_enabled":true},"categories":[6502],"tags":[6529,6537,6525,5057,6506,6516,6712,7129,6544,6891,6693,6887],"jetpack_publicize_connections":[],"yoast_head":"<!-- This site is optimized with the Yoast SEO plugin v19.1 - https:\/\/yoast.com\/wordpress\/plugins\/seo\/ -->\n<title>Aida dhe Arjoni : \u00c3\u2021\u00e2\u20ac\u2122m\u00c3\u00ab duhen dy Adelajde?! | Big Brother Albania 2<\/title>\n<meta name=\"description\" content=\"Big Brother Albania 2 - Aida dhe Arjoni kan\u00c3\u00ab diskutuar s\u00c3\u00abrish, por k\u00c3\u00absaj here p\u00c3\u00abr Mimoz\u00c3\u00abn dhe sulmet q\u00c3\u00ab ajo kishte patur nga banor\u00c3\u00abt e sht\u00c3\u00abpis\u00c3\u00ab e kryesisht nga Dritani.\" \/>\n<meta name=\"robots\" content=\"index, follow, max-snippet:-1, max-image-preview:large, max-video-preview:-1\" \/>\n<link rel=\"canonical\" href=\"https:\/\/www.visit-ulcinj.com\/blog\/2009\/04\/11\/aida-dhe-arjoni-c\u2019me-duhen-dy-adelajde\/\" \/>\n<meta property=\"og:locale\" content=\"en_US\" \/>\n<meta property=\"og:type\" content=\"article\" \/>\n<meta property=\"og:title\" content=\"Aida dhe Arjoni : \u00c3\u2021\u00e2\u20ac\u2122m\u00c3\u00ab duhen dy Adelajde?! | Big Brother Albania 2\" \/>\n<meta property=\"og:description\" content=\"Big Brother Albania 2 - Aida dhe Arjoni kan\u00c3\u00ab diskutuar s\u00c3\u00abrish, por k\u00c3\u00absaj here p\u00c3\u00abr Mimoz\u00c3\u00abn dhe sulmet q\u00c3\u00ab ajo kishte patur nga banor\u00c3\u00abt e sht\u00c3\u00abpis\u00c3\u00ab e kryesisht nga Dritani.\" \/>\n<meta property=\"og:url\" content=\"https:\/\/www.visit-ulcinj.com\/blog\/2009\/04\/11\/aida-dhe-arjoni-c\u2019me-duhen-dy-adelajde\/\" \/>\n<meta property=\"og:site_name\" content=\"Lajme nga Ulqini\" \/>\n<meta property=\"article:published_time\" content=\"2009-04-10T22:02:20+00:00\" \/>\n<meta property=\"og:image\" content=\"http:\/\/www.visit-ulcinj.com\/blog\/wp-content\/uploads\/2009\/04\/arjoni-aida-ne-kuzhine-copy.jpg\" \/>\n<meta name=\"twitter:label1\" content=\"Written by\" \/>\n\t<meta name=\"twitter:data1\" content=\"ulqini\" \/>\n\t<meta name=\"twitter:label2\" content=\"Est. reading time\" \/>\n\t<meta name=\"twitter:data2\" content=\"2 minutes\" \/>\n<script type=\"application\/ld+json\" class=\"yoast-schema-graph\">{\"@context\":\"https:\/\/schema.org\",\"@graph\":[{\"@type\":\"WebSite\",\"@id\":\"https:\/\/www.visit-ulcinj.com\/blog\/#website\",\"url\":\"https:\/\/www.visit-ulcinj.com\/blog\/\",\"name\":\"Lajme nga Ulqini\",\"description\":\"Lajme,Vijesti,Ulqini,Ulqin,Crna Gora,Mali i Zi\",\"potentialAction\":[{\"@type\":\"SearchAction\",\"target\":{\"@type\":\"EntryPoint\",\"urlTemplate\":\"https:\/\/www.visit-ulcinj.com\/blog\/?s={search_term_string}\"},\"query-input\":\"required name=search_term_string\"}],\"inLanguage\":\"en-US\"},{\"@type\":\"ImageObject\",\"inLanguage\":\"en-US\",\"@id\":\"https:\/\/www.visit-ulcinj.com\/blog\/2009\/04\/11\/aida-dhe-arjoni-c%e2%80%99me-duhen-dy-adelajde\/#primaryimage\",\"url\":\"http:\/\/www.visit-ulcinj.com\/blog\/wp-content\/uploads\/2009\/04\/arjoni-aida-ne-kuzhine-copy.jpg\",\"contentUrl\":\"http:\/\/www.visit-ulcinj.com\/blog\/wp-content\/uploads\/2009\/04\/arjoni-aida-ne-kuzhine-copy.jpg\"},{\"@type\":\"WebPage\",\"@id\":\"https:\/\/www.visit-ulcinj.com\/blog\/2009\/04\/11\/aida-dhe-arjoni-c%e2%80%99me-duhen-dy-adelajde\/#webpage\",\"url\":\"https:\/\/www.visit-ulcinj.com\/blog\/2009\/04\/11\/aida-dhe-arjoni-c%e2%80%99me-duhen-dy-adelajde\/\",\"name\":\"Aida dhe Arjoni : \u00c3\u2021\u00e2\u20ac\u2122m\u00c3\u00ab duhen dy Adelajde?! | Big Brother Albania 2\",\"isPartOf\":{\"@id\":\"https:\/\/www.visit-ulcinj.com\/blog\/#website\"},\"primaryImageOfPage\":{\"@id\":\"https:\/\/www.visit-ulcinj.com\/blog\/2009\/04\/11\/aida-dhe-arjoni-c%e2%80%99me-duhen-dy-adelajde\/#primaryimage\"},\"datePublished\":\"2009-04-10T22:02:20+00:00\",\"dateModified\":\"2009-04-10T22:02:20+00:00\",\"author\":{\"@id\":\"https:\/\/www.visit-ulcinj.com\/blog\/#\/schema\/person\/dcab619c614d3038751c63bc2aadc06d\"},\"description\":\"Big Brother Albania 2 - Aida dhe Arjoni kan\u00c3\u00ab diskutuar s\u00c3\u00abrish, por k\u00c3\u00absaj here p\u00c3\u00abr Mimoz\u00c3\u00abn dhe sulmet q\u00c3\u00ab ajo kishte patur nga banor\u00c3\u00abt e sht\u00c3\u00abpis\u00c3\u00ab e kryesisht nga Dritani.\",\"breadcrumb\":{\"@id\":\"https:\/\/www.visit-ulcinj.com\/blog\/2009\/04\/11\/aida-dhe-arjoni-c%e2%80%99me-duhen-dy-adelajde\/#breadcrumb\"},\"inLanguage\":\"en-US\",\"potentialAction\":[{\"@type\":\"ReadAction\",\"target\":[\"https:\/\/www.visit-ulcinj.com\/blog\/2009\/04\/11\/aida-dhe-arjoni-c%e2%80%99me-duhen-dy-adelajde\/\"]}]},{\"@type\":\"BreadcrumbList\",\"@id\":\"https:\/\/www.visit-ulcinj.com\/blog\/2009\/04\/11\/aida-dhe-arjoni-c%e2%80%99me-duhen-dy-adelajde\/#breadcrumb\",\"itemListElement\":[{\"@type\":\"ListItem\",\"position\":1,\"name\":\"Aida dhe Arjoni : \u00c7\u2019m\u00eb duhen dy Adelajde?!\"}]},{\"@type\":\"Person\",\"@id\":\"https:\/\/www.visit-ulcinj.com\/blog\/#\/schema\/person\/dcab619c614d3038751c63bc2aadc06d\",\"name\":\"ulqini\",\"sameAs\":[\"http:\/\/www.visit-ulcinj.com\"],\"url\":\"https:\/\/www.visit-ulcinj.com\/blog\/author\/admin\/\"}]}<\/script>\n<!-- \/ Yoast SEO plugin. -->","yoast_head_json":{"title":"Aida dhe Arjoni : \u00c3\u2021\u00e2\u20ac\u2122m\u00c3\u00ab duhen dy Adelajde?! | Big Brother Albania 2","description":"Big Brother Albania 2 - Aida dhe Arjoni kan\u00c3\u00ab diskutuar s\u00c3\u00abrish, por k\u00c3\u00absaj here p\u00c3\u00abr Mimoz\u00c3\u00abn dhe sulmet q\u00c3\u00ab ajo kishte patur nga banor\u00c3\u00abt e sht\u00c3\u00abpis\u00c3\u00ab e kryesisht nga Dritani.","robots":{"index":"index","follow":"follow","max-snippet":"max-snippet:-1","max-image-preview":"max-image-preview:large","max-video-preview":"max-video-preview:-1"},"canonical":"https:\/\/www.visit-ulcinj.com\/blog\/2009\/04\/11\/aida-dhe-arjoni-c\u2019me-duhen-dy-adelajde\/","og_locale":"en_US","og_type":"article","og_title":"Aida dhe Arjoni : \u00c3\u2021\u00e2\u20ac\u2122m\u00c3\u00ab duhen dy Adelajde?! | Big Brother Albania 2","og_description":"Big Brother Albania 2 - Aida dhe Arjoni kan\u00c3\u00ab diskutuar s\u00c3\u00abrish, por k\u00c3\u00absaj here p\u00c3\u00abr Mimoz\u00c3\u00abn dhe sulmet q\u00c3\u00ab ajo kishte patur nga banor\u00c3\u00abt e sht\u00c3\u00abpis\u00c3\u00ab e kryesisht nga Dritani.","og_url":"https:\/\/www.visit-ulcinj.com\/blog\/2009\/04\/11\/aida-dhe-arjoni-c\u2019me-duhen-dy-adelajde\/","og_site_name":"Lajme nga Ulqini","article_published_time":"2009-04-10T22:02:20+00:00","og_image":[{"url":"http:\/\/www.visit-ulcinj.com\/blog\/wp-content\/uploads\/2009\/04\/arjoni-aida-ne-kuzhine-copy.jpg"}],"twitter_misc":{"Written by":"ulqini","Est. reading time":"2 minutes"},"schema":{"@context":"https:\/\/schema.org","@graph":[{"@type":"WebSite","@id":"https:\/\/www.visit-ulcinj.com\/blog\/#website","url":"https:\/\/www.visit-ulcinj.com\/blog\/","name":"Lajme nga Ulqini","description":"Lajme,Vijesti,Ulqini,Ulqin,Crna Gora,Mali i Zi","potentialAction":[{"@type":"SearchAction","target":{"@type":"EntryPoint","urlTemplate":"https:\/\/www.visit-ulcinj.com\/blog\/?s={search_term_string}"},"query-input":"required name=search_term_string"}],"inLanguage":"en-US"},{"@type":"ImageObject","inLanguage":"en-US","@id":"https:\/\/www.visit-ulcinj.com\/blog\/2009\/04\/11\/aida-dhe-arjoni-c%e2%80%99me-duhen-dy-adelajde\/#primaryimage","url":"http:\/\/www.visit-ulcinj.com\/blog\/wp-content\/uploads\/2009\/04\/arjoni-aida-ne-kuzhine-copy.jpg","contentUrl":"http:\/\/www.visit-ulcinj.com\/blog\/wp-content\/uploads\/2009\/04\/arjoni-aida-ne-kuzhine-copy.jpg"},{"@type":"WebPage","@id":"https:\/\/www.visit-ulcinj.com\/blog\/2009\/04\/11\/aida-dhe-arjoni-c%e2%80%99me-duhen-dy-adelajde\/#webpage","url":"https:\/\/www.visit-ulcinj.com\/blog\/2009\/04\/11\/aida-dhe-arjoni-c%e2%80%99me-duhen-dy-adelajde\/","name":"Aida dhe Arjoni : \u00c3\u2021\u00e2\u20ac\u2122m\u00c3\u00ab duhen dy Adelajde?! | Big Brother Albania 2","isPartOf":{"@id":"https:\/\/www.visit-ulcinj.com\/blog\/#website"},"primaryImageOfPage":{"@id":"https:\/\/www.visit-ulcinj.com\/blog\/2009\/04\/11\/aida-dhe-arjoni-c%e2%80%99me-duhen-dy-adelajde\/#primaryimage"},"datePublished":"2009-04-10T22:02:20+00:00","dateModified":"2009-04-10T22:02:20+00:00","author":{"@id":"https:\/\/www.visit-ulcinj.com\/blog\/#\/schema\/person\/dcab619c614d3038751c63bc2aadc06d"},"description":"Big Brother Albania 2 - Aida dhe Arjoni kan\u00c3\u00ab diskutuar s\u00c3\u00abrish, por k\u00c3\u00absaj here p\u00c3\u00abr Mimoz\u00c3\u00abn dhe sulmet q\u00c3\u00ab ajo kishte patur nga banor\u00c3\u00abt e sht\u00c3\u00abpis\u00c3\u00ab e kryesisht nga Dritani.","breadcrumb":{"@id":"https:\/\/www.visit-ulcinj.com\/blog\/2009\/04\/11\/aida-dhe-arjoni-c%e2%80%99me-duhen-dy-adelajde\/#breadcrumb"},"inLanguage":"en-US","potentialAction":[{"@type":"ReadAction","target":["https:\/\/www.visit-ulcinj.com\/blog\/2009\/04\/11\/aida-dhe-arjoni-c%e2%80%99me-duhen-dy-adelajde\/"]}]},{"@type":"BreadcrumbList","@id":"https:\/\/www.visit-ulcinj.com\/blog\/2009\/04\/11\/aida-dhe-arjoni-c%e2%80%99me-duhen-dy-adelajde\/#breadcrumb","itemListElement":[{"@type":"ListItem","position":1,"name":"Aida dhe Arjoni : \u00c7\u2019m\u00eb duhen dy Adelajde?!"}]},{"@type":"Person","@id":"https:\/\/www.visit-ulcinj.com\/blog\/#\/schema\/person\/dcab619c614d3038751c63bc2aadc06d","name":"ulqini","sameAs":["http:\/\/www.visit-ulcinj.com"],"url":"https:\/\/www.visit-ulcinj.com\/blog\/author\/admin\/"}]}},"jetpack_featured_media_url":"","jetpack_sharing_enabled":true,"jetpack_shortlink":"https:\/\/wp.me\/pe6lTn-4vr","_links":{"self":[{"href":"https:\/\/www.visit-ulcinj.com\/blog\/wp-json\/wp\/v2\/posts\/17325"}],"collection":[{"href":"https:\/\/www.visit-ulcinj.com\/blog\/wp-json\/wp\/v2\/posts"}],"about":[{"href":"https:\/\/www.visit-ulcinj.com\/blog\/wp-json\/wp\/v2\/types\/post"}],"author":[{"embeddable":true,"href":"https:\/\/www.visit-ulcinj.com\/blog\/wp-json\/wp\/v2\/users\/1"}],"replies":[{"embeddable":true,"href":"https:\/\/www.visit-ulcinj.com\/blog\/wp-json\/wp\/v2\/comments?post=17325"}],"version-history":[{"count":0,"href":"https:\/\/www.visit-ulcinj.com\/blog\/wp-json\/wp\/v2\/posts\/17325\/revisions"}],"wp:attachment":[{"href":"https:\/\/www.visit-ulcinj.com\/blog\/wp-json\/wp\/v2\/media?parent=17325"}],"wp:term":[{"taxonomy":"category","embeddable":true,"href":"https:\/\/www.visit-ulcinj.com\/blog\/wp-json\/wp\/v2\/categories?post=17325"},{"taxonomy":"post_tag","embeddable":true,"href":"https:\/\/www.visit-ulcinj.com\/blog\/wp-json\/wp\/v2\/tags?post=17325"}],"curies":[{"name":"wp","href":"https:\/\/api.w.org\/{rel}","templated":true}]}}