{"id":17328,"date":"2009-04-11T00:06:15","date_gmt":"2009-04-10T22:06:15","guid":{"rendered":"http:\/\/www.visit-ulcinj.com\/blog\/?p=17328"},"modified":"2009-04-11T00:06:15","modified_gmt":"2009-04-10T22:06:15","slug":"moza-askush-nuk-ma-ka-fituar-zemren","status":"publish","type":"post","link":"https:\/\/www.visit-ulcinj.com\/blog\/2009\/04\/11\/moza-askush-nuk-ma-ka-fituar-zemren\/","title":{"rendered":"Moza: Askush nuk ma ka fituar zemr\u00ebn"},"content":{"rendered":"<p><em><span class=\"newsdate\"><a href=\"http:\/\/www.visit-ulcinj.com\/blog\/wp-content\/uploads\/2009\/04\/arjonimozaaida-10.jpg\"><img loading=\"lazy\" class=\"alignleft size-full wp-image-17329\" title=\"arjonimozaaida-big-brother-albania-2\" src=\"http:\/\/www.visit-ulcinj.com\/blog\/wp-content\/uploads\/2009\/04\/arjonimozaaida-10.jpg\" alt=\"arjonimozaaida-big-brother-albania-2\" width=\"300\" height=\"205\" \/><\/a>10\/04\/09 03:17<\/span><\/em><\/p>\n<p>Arjoni pyet Moz\u00ebn se cfar\u00eb ka ai person q\u00eb mund t\u2019i ket\u00eb fituar zemr\u00ebn, m\u00eb shum\u00eb se ai. Moza i p\u00ebrgjigjet se deri tani askush nuk ia ka fituar zemr\u00ebn dhe se do jet\u00eb e v\u00ebshtir\u00eb p\u00ebr k\u00ebdo kjo gj\u00eb. Arjoni fillon ta shoh\u00eb drejt e n\u00eb sy me admirim, duke e v\u00ebn\u00eb at\u00eb pak n\u00eb siklet. Arjoni e sqaron Moz\u00ebn se thjesht po b\u00ebjn\u00eb nj\u00eb bised\u00eb, pa patur asnj\u00eb q\u00ebllim, p\u00ebr aq koh\u00eb sa ajo nuk do. Ai e pyet se cfar\u00eb ka kuptuar ajo nga ai dhe Moza ia kthen se i duket nj\u00eb tip i dashur dhe inteligjent. Arjoni insiston se duke u vler\u00ebsuar n\u00eb k\u00ebt\u00eb m\u00ebnyr\u00eb prej saj, p\u00ebrse nuk ka arritur q\u00eb ta b\u00ebj\u00eb p\u00ebr vete. Aida, q\u00eb gjendet pran\u00eb tyre, i thot\u00eb Arjonit se k\u00ebto biseda mund ta v\u00ebn\u00eb Moz\u00ebn n\u00eb siklet, por Moza ia kthen se ai nuk e v\u00eb aspak n\u00eb siklet. Arjoni thot\u00eb se i p\u00eblqen t\u00eb b\u00ebj\u00eb pyetje t\u00eb tilla, duke u munduar ta v\u00ebr\u00eb tjetr\u00ebn n\u00eb siklet, aq m\u00eb tep\u00ebr kur ajo nuk e pranon. Moza shprehet se ai \u00ebsht\u00eb djal\u00eb shum\u00eb i mir\u00eb dhe se ajo ka simpati p\u00ebr t\u00eb, por kaq. Aida e k\u00ebshillon Arjonin, q\u00eb duke ndryshuar pak q\u00ebndrimin kundrejt Moz\u00ebs, ai mund t\u00eb arrij\u00eb t\u00eb kuptoj\u00eb shum\u00eb prej saj, por me sjelljen e tij prej indiferenti, \u00ebsht\u00eb n\u00eb k\u00ebt\u00eb pik\u00eb ku \u00ebsht\u00eb. Arjoni ia kthen se nuk mund ta modifikoj\u00eb sjelljen e tij sepse i p\u00eblqen kjo sjellje q\u00eb b\u00ebn.<\/p>\n","protected":false},"excerpt":{"rendered":"<p>10\/04\/09 03:17 Arjoni pyet Moz\u00ebn se cfar\u00eb ka ai person q\u00eb mund t\u2019i ket\u00eb fituar zemr\u00ebn, m\u00eb shum\u00eb se ai. Moza i p\u00ebrgjigjet se deri tani askush nuk ia ka fituar zemr\u00ebn dhe se do jet\u00eb e v\u00ebshtir\u00eb p\u00ebr k\u00ebdo kjo gj\u00eb. Arjoni fillon ta shoh\u00eb drejt e n\u00eb sy me admirim, duke e v\u00ebn\u00eb [&hellip;]<\/p>\n","protected":false},"author":1,"featured_media":0,"comment_status":"open","ping_status":"closed","sticky":false,"template":"","format":"standard","meta":{"spay_email":"","jetpack_publicize_message":"","jetpack_is_tweetstorm":false,"jetpack_publicize_feature_enabled":true},"categories":[6502],"tags":[6537,6525,5057,6506,6516,6712,7129,6544,6891,6693,6887],"jetpack_publicize_connections":[],"yoast_head":"<!-- This site is optimized with the Yoast SEO plugin v19.1 - https:\/\/yoast.com\/wordpress\/plugins\/seo\/ -->\n<title>Moza: Askush nuk ma ka fituar zemr\u00c3\u00abn | Big Brother Albania 2<\/title>\n<meta name=\"description\" content=\"Big Brother Albania 2 - Arjoni pyet Moz\u00c3\u00abn se cfar\u00c3\u00ab ka ai person q\u00c3\u00ab mund t\u00e2\u20ac\u2122i ket\u00c3\u00ab fituar zemr\u00c3\u00abn, m\u00c3\u00ab shum\u00c3\u00ab se ai. Moza i p\u00c3\u00abrgjigjet se deri tani askush nuk ia ka fituar zemr\u00c3\u00abn\" \/>\n<meta name=\"robots\" content=\"index, follow, max-snippet:-1, max-image-preview:large, max-video-preview:-1\" \/>\n<link rel=\"canonical\" href=\"https:\/\/www.visit-ulcinj.com\/blog\/2009\/04\/11\/moza-askush-nuk-ma-ka-fituar-zemren\/\" \/>\n<meta property=\"og:locale\" content=\"en_US\" \/>\n<meta property=\"og:type\" content=\"article\" \/>\n<meta property=\"og:title\" content=\"Moza: Askush nuk ma ka fituar zemr\u00c3\u00abn | Big Brother Albania 2\" \/>\n<meta property=\"og:description\" content=\"Big Brother Albania 2 - Arjoni pyet Moz\u00c3\u00abn se cfar\u00c3\u00ab ka ai person q\u00c3\u00ab mund t\u00e2\u20ac\u2122i ket\u00c3\u00ab fituar zemr\u00c3\u00abn, m\u00c3\u00ab shum\u00c3\u00ab se ai. Moza i p\u00c3\u00abrgjigjet se deri tani askush nuk ia ka fituar zemr\u00c3\u00abn\" \/>\n<meta property=\"og:url\" content=\"https:\/\/www.visit-ulcinj.com\/blog\/2009\/04\/11\/moza-askush-nuk-ma-ka-fituar-zemren\/\" \/>\n<meta property=\"og:site_name\" content=\"Lajme nga Ulqini\" \/>\n<meta property=\"article:published_time\" content=\"2009-04-10T22:06:15+00:00\" \/>\n<meta property=\"og:image\" content=\"http:\/\/www.visit-ulcinj.com\/blog\/wp-content\/uploads\/2009\/04\/arjonimozaaida-10.jpg\" \/>\n<meta name=\"twitter:label1\" content=\"Written by\" \/>\n\t<meta name=\"twitter:data1\" content=\"ulqini\" \/>\n\t<meta name=\"twitter:label2\" content=\"Est. reading time\" \/>\n\t<meta name=\"twitter:data2\" content=\"1 minute\" \/>\n<script type=\"application\/ld+json\" class=\"yoast-schema-graph\">{\"@context\":\"https:\/\/schema.org\",\"@graph\":[{\"@type\":\"WebSite\",\"@id\":\"https:\/\/www.visit-ulcinj.com\/blog\/#website\",\"url\":\"https:\/\/www.visit-ulcinj.com\/blog\/\",\"name\":\"Lajme nga Ulqini\",\"description\":\"Lajme,Vijesti,Ulqini,Ulqin,Crna Gora,Mali i Zi\",\"potentialAction\":[{\"@type\":\"SearchAction\",\"target\":{\"@type\":\"EntryPoint\",\"urlTemplate\":\"https:\/\/www.visit-ulcinj.com\/blog\/?s={search_term_string}\"},\"query-input\":\"required name=search_term_string\"}],\"inLanguage\":\"en-US\"},{\"@type\":\"ImageObject\",\"inLanguage\":\"en-US\",\"@id\":\"https:\/\/www.visit-ulcinj.com\/blog\/2009\/04\/11\/moza-askush-nuk-ma-ka-fituar-zemren\/#primaryimage\",\"url\":\"http:\/\/www.visit-ulcinj.com\/blog\/wp-content\/uploads\/2009\/04\/arjonimozaaida-10.jpg\",\"contentUrl\":\"http:\/\/www.visit-ulcinj.com\/blog\/wp-content\/uploads\/2009\/04\/arjonimozaaida-10.jpg\"},{\"@type\":\"WebPage\",\"@id\":\"https:\/\/www.visit-ulcinj.com\/blog\/2009\/04\/11\/moza-askush-nuk-ma-ka-fituar-zemren\/#webpage\",\"url\":\"https:\/\/www.visit-ulcinj.com\/blog\/2009\/04\/11\/moza-askush-nuk-ma-ka-fituar-zemren\/\",\"name\":\"Moza: Askush nuk ma ka fituar zemr\u00c3\u00abn | Big Brother Albania 2\",\"isPartOf\":{\"@id\":\"https:\/\/www.visit-ulcinj.com\/blog\/#website\"},\"primaryImageOfPage\":{\"@id\":\"https:\/\/www.visit-ulcinj.com\/blog\/2009\/04\/11\/moza-askush-nuk-ma-ka-fituar-zemren\/#primaryimage\"},\"datePublished\":\"2009-04-10T22:06:15+00:00\",\"dateModified\":\"2009-04-10T22:06:15+00:00\",\"author\":{\"@id\":\"https:\/\/www.visit-ulcinj.com\/blog\/#\/schema\/person\/dcab619c614d3038751c63bc2aadc06d\"},\"description\":\"Big Brother Albania 2 - Arjoni pyet Moz\u00c3\u00abn se cfar\u00c3\u00ab ka ai person q\u00c3\u00ab mund t\u00e2\u20ac\u2122i ket\u00c3\u00ab fituar zemr\u00c3\u00abn, m\u00c3\u00ab shum\u00c3\u00ab se ai. Moza i p\u00c3\u00abrgjigjet se deri tani askush nuk ia ka fituar zemr\u00c3\u00abn\",\"breadcrumb\":{\"@id\":\"https:\/\/www.visit-ulcinj.com\/blog\/2009\/04\/11\/moza-askush-nuk-ma-ka-fituar-zemren\/#breadcrumb\"},\"inLanguage\":\"en-US\",\"potentialAction\":[{\"@type\":\"ReadAction\",\"target\":[\"https:\/\/www.visit-ulcinj.com\/blog\/2009\/04\/11\/moza-askush-nuk-ma-ka-fituar-zemren\/\"]}]},{\"@type\":\"BreadcrumbList\",\"@id\":\"https:\/\/www.visit-ulcinj.com\/blog\/2009\/04\/11\/moza-askush-nuk-ma-ka-fituar-zemren\/#breadcrumb\",\"itemListElement\":[{\"@type\":\"ListItem\",\"position\":1,\"name\":\"Moza: Askush nuk ma ka fituar zemr\u00ebn\"}]},{\"@type\":\"Person\",\"@id\":\"https:\/\/www.visit-ulcinj.com\/blog\/#\/schema\/person\/dcab619c614d3038751c63bc2aadc06d\",\"name\":\"ulqini\",\"sameAs\":[\"http:\/\/www.visit-ulcinj.com\"],\"url\":\"https:\/\/www.visit-ulcinj.com\/blog\/author\/admin\/\"}]}<\/script>\n<!-- \/ Yoast SEO plugin. -->","yoast_head_json":{"title":"Moza: Askush nuk ma ka fituar zemr\u00c3\u00abn | Big Brother Albania 2","description":"Big Brother Albania 2 - Arjoni pyet Moz\u00c3\u00abn se cfar\u00c3\u00ab ka ai person q\u00c3\u00ab mund t\u00e2\u20ac\u2122i ket\u00c3\u00ab fituar zemr\u00c3\u00abn, m\u00c3\u00ab shum\u00c3\u00ab se ai. Moza i p\u00c3\u00abrgjigjet se deri tani askush nuk ia ka fituar zemr\u00c3\u00abn","robots":{"index":"index","follow":"follow","max-snippet":"max-snippet:-1","max-image-preview":"max-image-preview:large","max-video-preview":"max-video-preview:-1"},"canonical":"https:\/\/www.visit-ulcinj.com\/blog\/2009\/04\/11\/moza-askush-nuk-ma-ka-fituar-zemren\/","og_locale":"en_US","og_type":"article","og_title":"Moza: Askush nuk ma ka fituar zemr\u00c3\u00abn | Big Brother Albania 2","og_description":"Big Brother Albania 2 - Arjoni pyet Moz\u00c3\u00abn se cfar\u00c3\u00ab ka ai person q\u00c3\u00ab mund t\u00e2\u20ac\u2122i ket\u00c3\u00ab fituar zemr\u00c3\u00abn, m\u00c3\u00ab shum\u00c3\u00ab se ai. Moza i p\u00c3\u00abrgjigjet se deri tani askush nuk ia ka fituar zemr\u00c3\u00abn","og_url":"https:\/\/www.visit-ulcinj.com\/blog\/2009\/04\/11\/moza-askush-nuk-ma-ka-fituar-zemren\/","og_site_name":"Lajme nga Ulqini","article_published_time":"2009-04-10T22:06:15+00:00","og_image":[{"url":"http:\/\/www.visit-ulcinj.com\/blog\/wp-content\/uploads\/2009\/04\/arjonimozaaida-10.jpg"}],"twitter_misc":{"Written by":"ulqini","Est. reading time":"1 minute"},"schema":{"@context":"https:\/\/schema.org","@graph":[{"@type":"WebSite","@id":"https:\/\/www.visit-ulcinj.com\/blog\/#website","url":"https:\/\/www.visit-ulcinj.com\/blog\/","name":"Lajme nga Ulqini","description":"Lajme,Vijesti,Ulqini,Ulqin,Crna Gora,Mali i Zi","potentialAction":[{"@type":"SearchAction","target":{"@type":"EntryPoint","urlTemplate":"https:\/\/www.visit-ulcinj.com\/blog\/?s={search_term_string}"},"query-input":"required name=search_term_string"}],"inLanguage":"en-US"},{"@type":"ImageObject","inLanguage":"en-US","@id":"https:\/\/www.visit-ulcinj.com\/blog\/2009\/04\/11\/moza-askush-nuk-ma-ka-fituar-zemren\/#primaryimage","url":"http:\/\/www.visit-ulcinj.com\/blog\/wp-content\/uploads\/2009\/04\/arjonimozaaida-10.jpg","contentUrl":"http:\/\/www.visit-ulcinj.com\/blog\/wp-content\/uploads\/2009\/04\/arjonimozaaida-10.jpg"},{"@type":"WebPage","@id":"https:\/\/www.visit-ulcinj.com\/blog\/2009\/04\/11\/moza-askush-nuk-ma-ka-fituar-zemren\/#webpage","url":"https:\/\/www.visit-ulcinj.com\/blog\/2009\/04\/11\/moza-askush-nuk-ma-ka-fituar-zemren\/","name":"Moza: Askush nuk ma ka fituar zemr\u00c3\u00abn | Big Brother Albania 2","isPartOf":{"@id":"https:\/\/www.visit-ulcinj.com\/blog\/#website"},"primaryImageOfPage":{"@id":"https:\/\/www.visit-ulcinj.com\/blog\/2009\/04\/11\/moza-askush-nuk-ma-ka-fituar-zemren\/#primaryimage"},"datePublished":"2009-04-10T22:06:15+00:00","dateModified":"2009-04-10T22:06:15+00:00","author":{"@id":"https:\/\/www.visit-ulcinj.com\/blog\/#\/schema\/person\/dcab619c614d3038751c63bc2aadc06d"},"description":"Big Brother Albania 2 - Arjoni pyet Moz\u00c3\u00abn se cfar\u00c3\u00ab ka ai person q\u00c3\u00ab mund t\u00e2\u20ac\u2122i ket\u00c3\u00ab fituar zemr\u00c3\u00abn, m\u00c3\u00ab shum\u00c3\u00ab se ai. Moza i p\u00c3\u00abrgjigjet se deri tani askush nuk ia ka fituar zemr\u00c3\u00abn","breadcrumb":{"@id":"https:\/\/www.visit-ulcinj.com\/blog\/2009\/04\/11\/moza-askush-nuk-ma-ka-fituar-zemren\/#breadcrumb"},"inLanguage":"en-US","potentialAction":[{"@type":"ReadAction","target":["https:\/\/www.visit-ulcinj.com\/blog\/2009\/04\/11\/moza-askush-nuk-ma-ka-fituar-zemren\/"]}]},{"@type":"BreadcrumbList","@id":"https:\/\/www.visit-ulcinj.com\/blog\/2009\/04\/11\/moza-askush-nuk-ma-ka-fituar-zemren\/#breadcrumb","itemListElement":[{"@type":"ListItem","position":1,"name":"Moza: Askush nuk ma ka fituar zemr\u00ebn"}]},{"@type":"Person","@id":"https:\/\/www.visit-ulcinj.com\/blog\/#\/schema\/person\/dcab619c614d3038751c63bc2aadc06d","name":"ulqini","sameAs":["http:\/\/www.visit-ulcinj.com"],"url":"https:\/\/www.visit-ulcinj.com\/blog\/author\/admin\/"}]}},"jetpack_featured_media_url":"","jetpack_sharing_enabled":true,"jetpack_shortlink":"https:\/\/wp.me\/pe6lTn-4vu","_links":{"self":[{"href":"https:\/\/www.visit-ulcinj.com\/blog\/wp-json\/wp\/v2\/posts\/17328"}],"collection":[{"href":"https:\/\/www.visit-ulcinj.com\/blog\/wp-json\/wp\/v2\/posts"}],"about":[{"href":"https:\/\/www.visit-ulcinj.com\/blog\/wp-json\/wp\/v2\/types\/post"}],"author":[{"embeddable":true,"href":"https:\/\/www.visit-ulcinj.com\/blog\/wp-json\/wp\/v2\/users\/1"}],"replies":[{"embeddable":true,"href":"https:\/\/www.visit-ulcinj.com\/blog\/wp-json\/wp\/v2\/comments?post=17328"}],"version-history":[{"count":0,"href":"https:\/\/www.visit-ulcinj.com\/blog\/wp-json\/wp\/v2\/posts\/17328\/revisions"}],"wp:attachment":[{"href":"https:\/\/www.visit-ulcinj.com\/blog\/wp-json\/wp\/v2\/media?parent=17328"}],"wp:term":[{"taxonomy":"category","embeddable":true,"href":"https:\/\/www.visit-ulcinj.com\/blog\/wp-json\/wp\/v2\/categories?post=17328"},{"taxonomy":"post_tag","embeddable":true,"href":"https:\/\/www.visit-ulcinj.com\/blog\/wp-json\/wp\/v2\/tags?post=17328"}],"curies":[{"name":"wp","href":"https:\/\/api.w.org\/{rel}","templated":true}]}}