{"id":17336,"date":"2009-04-11T14:45:13","date_gmt":"2009-04-11T12:45:13","guid":{"rendered":"http:\/\/www.visit-ulcinj.com\/blog\/?p=17336"},"modified":"2009-04-11T15:01:49","modified_gmt":"2009-04-11T13:01:49","slug":"%e2%80%9csizifizmi%e2%80%9d-i-diteve-tona","status":"publish","type":"post","link":"https:\/\/www.visit-ulcinj.com\/blog\/2009\/04\/11\/%e2%80%9csizifizmi%e2%80%9d-i-diteve-tona\/","title":{"rendered":"\u201cSizifizmi\u201d i dit\u00ebve tona"},"content":{"rendered":"<p><img loading=\"lazy\" class=\"alignleft\" style=\"border: 0pt none;\" src=\"http:\/\/2.bp.blogspot.com\/_g-gT0LkoPB8\/SQBUVfHGqrI\/AAAAAAAAB8o\/EXpOXc9v5nU\/s1600\/DISCURS%2BELECTORAL.gif\" border=\"0\" alt=\"[DISCURS+ELECTORAL.gif]\" width=\"280\" height=\"248\" \/>Ne u japim vot\u00ebn ton\u00eb, ata\u00a0\u00a0\u00a0\u00a0\u00a0\u00a0 e\u00a0 kthejn\u00eb at\u00eb n\u00eb vila trekat\u00ebshe, udh\u00ebtime t\u00eb shternjta, makina luksoze dhe n\u00eb fund t\u00eb fundit i bie q\u00eb t\u00eb ken\u00eb punuar \u201ep\u00ebr t\u00eb mir\u00ebn\u201c e popullit.<\/p>\n<p>Askush nuk parashtron problemin e privatizimit masiv? \u00c7far\u00eb t\u00eb mire mund t\u00eb sjell ky privatizim i shfreunar? Tokat tona vazhdojn\u00eb t\u00eb shiten, e bashk\u00eb me to dhe liria jon\u00eb. Infrastruktura dhe ekologjia po vazhdojn\u00eb t\u00eb p\u00ebsojn\u00eb d\u00ebmtime t\u00eb parikuperueshme. Industrit\u00eb (e pak\u00ebta) po vazhdojn\u00eb t\u00eb shuhen. Turizmi \u2013 shpresa jon\u00eb e fundit, po humbet shk\u00eblqimin e vet. Dhe m\u00eb e keqja \u201etruri\u201ci k\u00ebtij vendi vazhdon fatkeq\u00ebsisht t\u00eb largohet.<\/p>\n<p>Shteti jemi ne dhe ne duhet t\u00eb rebelohemi kund\u00ebr fenomeneve t\u00eb k\u00ebtilla, sepse pushteti do vazhdoj\u00eb t\u00eb shfryt\u00ebzohet p\u00ebr q\u00ebllime vetjake dhe ne do vazhdojm\u00eb t\u00eb \u00ebnd\u00ebrrojm\u00eb p\u00ebr \u201cUlqinin- Dubain europian\u201d<\/p>\n<p>\u201cPushteti \u00ebsht\u00eb nje opium\u201d<\/p>\n<p>N\u00eb mitologjin\u00eb greke Sisifos \u00ebsht\u00eb nj\u00eb hero i cili pasi e kishte tradh\u00ebtuar Zeusin, ky i fundit vendos ta ndeshkoj\u00eb, duke e detyruar at\u00eb t\u00eb ngrej\u00eb nj\u00eb gur\u00eb t\u00eb r\u00ebnde tat\u00ebpjet\u00eb nj\u00eb mali shk\u00ebmbor. Sa her\u00eb q\u00eb Sizifos i afrohej maj\u00ebs, guri i tij rrokullisej n\u00eb humner\u00eb dhe ai ishte i detyruar tza filloj\u00eb s\u00ebrish nga fillimi, e t\u00eb vazhdoj\u00eb k\u00ebshtu deri n\u00eb pafund. Kjo sag\u00eb mitoligjike m\u00eb korrenspondon n\u00eb njefar\u00eb m\u00ebnyr\u00eb me situat\u00ebn politike t\u00eb viteve t\u00eb fundit n\u00eb Mal t\u00eb Zi.<\/p>\n<p><strong><\/strong><\/p>\n<p><strong>Mania e krijimit t\u00eb partive<\/strong><\/p>\n<p>N\u00eb nj\u00eb v\u00ebnd ku shqip\u00ebtar\u00ebt perb\u00ebjn\u00eb rreth 7% t\u00eb popullsis\u00eb, ata p\u00ebrfaq\u00ebsohen nga 6 parti politike. Me nj\u00eb p\u00ebrllogaritje t\u00eb thjesht\u00eb matematikore, i bie q\u00eb \u00e7do partie ti takoj\u00eb 0,42% t\u00eb votave. Nj\u00eb cirk i papar\u00eb!!! Mania e krijimt t\u00eb partive t\u00eb reja n\u00eb vetvete \u00ebsht\u00eb qesharake, servile dhe tregon nj\u00eb papjekuri politike. Ku q\u00ebndron sensi i pluralizmit partiak? \u201eAty ku ka jet\u00eb, aty ka dhe d\u00ebshir\u00eb; jo d\u00ebshir\u00eb p\u00ebr jet\u00ebn, por -d\u00ebshir\u00eb p\u00ebr pushtet!\u201d, \u00ebsht\u00eb pohimi dionez i Ni\u00e7es.<\/p>\n<p>Nocionet demokraci, liri, drejt\u00ebsi, dinjitet si duket jan\u00eb fjal\u00eb t\u00eb keqinterpretuara dhe t\u00eb keqp\u00ebrdorura nga ne. Lind pyetja se si mund te pajtohet nj\u00eb popull me fenomene t\u00eb k\u00ebtilla? \u00c7far\u00eb e n\u00ebnshtron k\u00ebt\u00eb popull? P\u00ebrse mb\u00ebshtet ky popull t\u00eb k\u00ebtilla \u00e7meduri? Jetojm\u00eb n\u00eb koh\u00ebn e teknologjis\u00eb s\u00eb avancuar dhe konflikteve t\u00eb brendshme t\u00eb pazgjidhura q\u00eb reflektojn\u00eb duksh\u00ebm n\u00eb sken\u00ebn ton\u00eb politike. N\u00eb k\u00ebt\u00eb koh\u00eb, ne duhet t\u00eb p\u00ebrballemi me struktura politike q\u00eb po tallen me sistemin e vlerave shoq\u00ebrore, q\u00eb manipulojn\u00eb n\u00eb m\u00ebnyr\u00eb t\u00eb papre\u00e7endent\u00eb me qytetar\u00ebt p\u00ebr t\u00eb arritur tek pushteti. Nuk \u00ebsht\u00eb aspak e v\u00ebshtir\u00eb t\u00eb arrish n\u00eb k\u00ebt\u00eb konkluzion, mjafton t\u00eb d\u00ebgjosh p\u00ebrseritjet e vazhdueshme n\u00eb fjalimet e tyre t\u00eb cil\u00ebt jan\u00eb gati pa bazament t\u00eb q\u00ebndruesh\u00ebm, fyerje t\u00eb nd\u00ebrsjellta q\u00eb shkojn\u00eb gati gati n\u00eb banalitet dhe munges\u00eb t\u00eb thek\u00ebsuar retorike.<\/p>\n<p>Fusha brutale politike, q\u00eb po \u201euzorpon\u201c n\u00eb m\u00ebnyr\u00eb t\u00eb padrejt\u00eb t\u00eb p\u00ebrditshmen ton\u00eb, duke injoruar problemet dhe nevojat e mbijetes\u00ebs s\u00eb shoq\u00ebris\u00eb, \u00ebsht\u00eb nj\u00eb problem q\u00eb dita dit\u00ebs po b\u00ebhet gjithnj\u00eb e me i paduruesh\u00ebm.<\/p>\n<p><strong>Dhe \u00e7far\u00eb ndodh\u00eb n\u00eb faz\u00ebn e \u201cpas euforis\u00eb\u201d elektorale?<\/strong><\/p>\n<p>Si p\u00ebrfundim kemi kat\u00ebr deputet\u00eb q\u00eb do p\u00ebrfaq\u00ebsojn\u00eb \u201edenj\u00ebsisht\u201c shqip\u00ebtar\u00ebt n\u00eb kuvendin e Malit te Zi; si fillim do grinden se kush do t\u00eb k\u00ebt\u00eb v\u00ebndin me pamje m\u00eb t\u00eb mir\u00eb n\u00eb parlamet, pastaj do vazhdojn\u00eb t\u00eb grinden n\u00eb mes veti, t\u00eb mburren duke nxjerr\u00eb n\u00eb shesh t\u00eb \u201epalarat\u201c e nj\u00ebri-tjetrit dhe populli do pres\u00eb para ekranit t\u00eb televizorit, do qesh\u00eb dhe do pres\u00eb \u201ap\u00ebrjet\u00ebsisht\u2019 se kur do vijn\u00eb n\u00eb rend te dit\u00ebs hallet e tyre.<\/p>\n<p>Ne u japim vot\u00ebn ton\u00eb, ata e kthejn\u00eb at\u00eb n\u00eb vila trekat\u00ebshe, udh\u00ebtime t\u00eb shtrenjta, makina luksoze dhe n\u00eb fund t\u00eb fundit i bie q\u00eb t\u00eb ken\u00eb punuar \u201ep\u00ebr t\u00eb mir\u00ebn\u201c e popullit.<\/p>\n<p>Askush nuk parashtron problemin e privatizimit masiv? \u00c7far\u00eb t\u00eb mire mund t\u00eb sjell ky privatizim i shfreunar? Tokat tona vazhdojn\u00eb t\u00eb shiten, e bashk\u00eb me to dhe liria jon\u00eb. Infrastruktura dhe ekologjia po vazhdojn\u00eb t\u00eb p\u00ebsojn\u00eb d\u00ebmtime t\u00eb parikuperueshme. Industrite (e pak\u00ebta) po vazhdojn\u00eb t\u00eb shuhen. Turizmi \u2013 shpresa jon\u00eb e fundit, po humbet shk\u00eblqimin e vet. Dhe m\u00eb e keqja \u201etruri\u201ci k\u00ebtij v\u00ebndi vazhdon fatkeq\u00ebsisht t\u00eb largohet.<\/p>\n<p>Shteti jemi ne dhe ne duhet t\u00eb rebelohemi kundrejt fenomeneve t\u00eb k\u00ebtilla, sepse pushteti do vazhdoj\u00eb t\u00eb shfryt\u00ebzohet p\u00ebr q\u00ebllime vetjake dhe ne do vazhdojm\u00eb t\u00eb \u00ebnd\u00ebrrojm\u00eb p\u00ebr \u201cUlqinin- Dubain europian\u201d<\/p>\n<p>N\u00eb nj\u00eb moment ku kriza financiare globale \u00ebsht\u00eb b\u00ebr\u00eb gati t\u00eb trokas n\u00eb \u201eder\u00ebn\u201c ton\u00eb t\u00eb \u201ebrish\u00ebruar\u201c, nuk ishte nevoja p\u00ebr \u201eturma\u2019 partiake dhe zgjedhje t\u00eb parakoheshme t\u00eb cilat do zbraznin dhe qindark\u00ebn e fundit t\u00eb buxhetit shtet\u00ebror.<\/p>\n<p>Nd\u00ebrsa jeta jon\u00eb nuk mjafton, jeta jon\u00eb \u00ebsht\u00eb shum\u00eb e shkurt\u00ebr p\u00ebr t\u00eb p\u00ebrjetuar mrekullit\u00eb e \u201eforcave- listave- koaliconeve\u201c p\u00ebr prosperitet, alternativa dhe europianizim. Kurse\u201etoleranca\u201c \u00ebsht\u00eb po ashtu nj\u00eb tjet\u00ebr term q\u00eb ne e kemi keqkuptuar. \u201eT\u00eb q\u00ebnurit tolerant \u00ebsht\u00eb nj\u00eb proces i vazhduesh\u00ebm gati gati dhe i dhembsh\u00ebm\u201c, dhe ne nuk e konceptojm\u00eb dot.<\/p>\n<p>Sipas Makiavelit, \u201ct\u00eb qeveris\u00ebsh do thot\u00eb t\u00eb b\u00ebsh t\u00eb besojn\u00eb\u201d- dhe ne duhet t\u00eb besojm\u00eb n\u00eb vetvete e jo t\u00eb zvarritemi nga \u201epushtet-shfryt\u00ebsuesit\u201c, p\u00ebrdryshe do p\u00ebrfundojm\u00eb si \u201aushtar\u00ebt e Kadares\u00eb\u201c: nga zgjedhjet vijm\u00eb, drejt zgjedhjeve shkojm\u00eb dhe fat tjet\u00ebr ne nuk k\u00ebrkojm\u00eb.<\/p>\n<p>(Autorja eshte doktorante n\u00eb Universitetin Karl-Francens Grac, t\u00eb Austris\u00eb)<\/p>\n<p><strong>Mr. Sabina Osmanoviqi<\/strong><\/p>\n<p><strong>Koha Javore<\/strong><\/p>\n","protected":false},"excerpt":{"rendered":"<p>Ne u japim vot\u00ebn ton\u00eb, ata\u00a0\u00a0\u00a0\u00a0\u00a0\u00a0 e\u00a0 kthejn\u00eb at\u00eb n\u00eb vila trekat\u00ebshe, udh\u00ebtime t\u00eb shternjta, makina luksoze dhe n\u00eb fund t\u00eb fundit i bie q\u00eb t\u00eb ken\u00eb punuar \u201ep\u00ebr t\u00eb mir\u00ebn\u201c e popullit. Askush nuk parashtron problemin e privatizimit masiv? \u00c7far\u00eb t\u00eb mire mund t\u00eb sjell ky privatizim i shfreunar? Tokat tona vazhdojn\u00eb t\u00eb shiten, [&hellip;]<\/p>\n","protected":false},"author":1,"featured_media":0,"comment_status":"open","ping_status":"closed","sticky":false,"template":"","format":"standard","meta":{"spay_email":"","jetpack_publicize_message":"","jetpack_is_tweetstorm":false,"jetpack_publicize_feature_enabled":true},"categories":[11],"tags":[8910,8911,8908,8913,8909,8907,8912],"jetpack_publicize_connections":[],"yoast_head":"<!-- This site is optimized with the Yoast SEO plugin v19.1 - https:\/\/yoast.com\/wordpress\/plugins\/seo\/ -->\n<title>\u201cSizifizmi\u201d i dit\u00ebve tona - Lajme nga Ulqini<\/title>\n<meta name=\"description\" content=\"Ne u japim vot\u00ebn ton\u00eb, ata\u00a0\u00a0\u00a0\u00a0\u00a0\u00a0 e\u00a0 kthejn\u00eb at\u00eb n\u00eb vila trekat\u00ebshe, udh\u00ebtime t\u00eb shternjta, makina luksoze dhe n\u00eb fund t\u00eb fundit i bie q\u00eb t\u00eb ken\u00eb punuar\" \/>\n<meta name=\"robots\" content=\"index, follow, max-snippet:-1, max-image-preview:large, max-video-preview:-1\" \/>\n<link rel=\"canonical\" href=\"https:\/\/www.visit-ulcinj.com\/blog\/2009\/04\/11\/\u201csizifizmi\u201d-i-diteve-tona\/\" \/>\n<meta property=\"og:locale\" content=\"en_US\" \/>\n<meta property=\"og:type\" content=\"article\" \/>\n<meta property=\"og:title\" content=\"\u201cSizifizmi\u201d i dit\u00ebve tona - Lajme nga Ulqini\" \/>\n<meta property=\"og:description\" content=\"Ne u japim vot\u00ebn ton\u00eb, ata\u00a0\u00a0\u00a0\u00a0\u00a0\u00a0 e\u00a0 kthejn\u00eb at\u00eb n\u00eb vila trekat\u00ebshe, udh\u00ebtime t\u00eb shternjta, makina luksoze dhe n\u00eb fund t\u00eb fundit i bie q\u00eb t\u00eb ken\u00eb punuar\" \/>\n<meta property=\"og:url\" content=\"https:\/\/www.visit-ulcinj.com\/blog\/2009\/04\/11\/\u201csizifizmi\u201d-i-diteve-tona\/\" \/>\n<meta property=\"og:site_name\" content=\"Lajme nga Ulqini\" \/>\n<meta property=\"article:published_time\" content=\"2009-04-11T12:45:13+00:00\" \/>\n<meta property=\"article:modified_time\" content=\"2009-04-11T13:01:49+00:00\" \/>\n<meta property=\"og:image\" content=\"http:\/\/2.bp.blogspot.com\/_g-gT0LkoPB8\/SQBUVfHGqrI\/AAAAAAAAB8o\/EXpOXc9v5nU\/s1600\/DISCURS%2BELECTORAL.gif\" \/>\n<meta name=\"twitter:label1\" content=\"Written by\" \/>\n\t<meta name=\"twitter:data1\" content=\"ulqini\" \/>\n\t<meta name=\"twitter:label2\" content=\"Est. reading time\" \/>\n\t<meta name=\"twitter:data2\" content=\"5 minutes\" \/>\n<script type=\"application\/ld+json\" class=\"yoast-schema-graph\">{\"@context\":\"https:\/\/schema.org\",\"@graph\":[{\"@type\":\"WebSite\",\"@id\":\"https:\/\/www.visit-ulcinj.com\/blog\/#website\",\"url\":\"https:\/\/www.visit-ulcinj.com\/blog\/\",\"name\":\"Lajme nga Ulqini\",\"description\":\"Lajme,Vijesti,Ulqini,Ulqin,Crna Gora,Mali i Zi\",\"potentialAction\":[{\"@type\":\"SearchAction\",\"target\":{\"@type\":\"EntryPoint\",\"urlTemplate\":\"https:\/\/www.visit-ulcinj.com\/blog\/?s={search_term_string}\"},\"query-input\":\"required name=search_term_string\"}],\"inLanguage\":\"en-US\"},{\"@type\":\"ImageObject\",\"inLanguage\":\"en-US\",\"@id\":\"https:\/\/www.visit-ulcinj.com\/blog\/2009\/04\/11\/%e2%80%9csizifizmi%e2%80%9d-i-diteve-tona\/#primaryimage\",\"url\":\"http:\/\/2.bp.blogspot.com\/_g-gT0LkoPB8\/SQBUVfHGqrI\/AAAAAAAAB8o\/EXpOXc9v5nU\/s1600\/DISCURS%2BELECTORAL.gif\",\"contentUrl\":\"http:\/\/2.bp.blogspot.com\/_g-gT0LkoPB8\/SQBUVfHGqrI\/AAAAAAAAB8o\/EXpOXc9v5nU\/s1600\/DISCURS%2BELECTORAL.gif\"},{\"@type\":\"WebPage\",\"@id\":\"https:\/\/www.visit-ulcinj.com\/blog\/2009\/04\/11\/%e2%80%9csizifizmi%e2%80%9d-i-diteve-tona\/#webpage\",\"url\":\"https:\/\/www.visit-ulcinj.com\/blog\/2009\/04\/11\/%e2%80%9csizifizmi%e2%80%9d-i-diteve-tona\/\",\"name\":\"\u201cSizifizmi\u201d i dit\u00ebve tona - Lajme nga Ulqini\",\"isPartOf\":{\"@id\":\"https:\/\/www.visit-ulcinj.com\/blog\/#website\"},\"primaryImageOfPage\":{\"@id\":\"https:\/\/www.visit-ulcinj.com\/blog\/2009\/04\/11\/%e2%80%9csizifizmi%e2%80%9d-i-diteve-tona\/#primaryimage\"},\"datePublished\":\"2009-04-11T12:45:13+00:00\",\"dateModified\":\"2009-04-11T13:01:49+00:00\",\"author\":{\"@id\":\"https:\/\/www.visit-ulcinj.com\/blog\/#\/schema\/person\/dcab619c614d3038751c63bc2aadc06d\"},\"description\":\"Ne u japim vot\u00ebn ton\u00eb, ata\u00a0\u00a0\u00a0\u00a0\u00a0\u00a0 e\u00a0 kthejn\u00eb at\u00eb n\u00eb vila trekat\u00ebshe, udh\u00ebtime t\u00eb shternjta, makina luksoze dhe n\u00eb fund t\u00eb fundit i bie q\u00eb t\u00eb ken\u00eb punuar\",\"breadcrumb\":{\"@id\":\"https:\/\/www.visit-ulcinj.com\/blog\/2009\/04\/11\/%e2%80%9csizifizmi%e2%80%9d-i-diteve-tona\/#breadcrumb\"},\"inLanguage\":\"en-US\",\"potentialAction\":[{\"@type\":\"ReadAction\",\"target\":[\"https:\/\/www.visit-ulcinj.com\/blog\/2009\/04\/11\/%e2%80%9csizifizmi%e2%80%9d-i-diteve-tona\/\"]}]},{\"@type\":\"BreadcrumbList\",\"@id\":\"https:\/\/www.visit-ulcinj.com\/blog\/2009\/04\/11\/%e2%80%9csizifizmi%e2%80%9d-i-diteve-tona\/#breadcrumb\",\"itemListElement\":[{\"@type\":\"ListItem\",\"position\":1,\"name\":\"\u201cSizifizmi\u201d i dit\u00ebve tona\"}]},{\"@type\":\"Person\",\"@id\":\"https:\/\/www.visit-ulcinj.com\/blog\/#\/schema\/person\/dcab619c614d3038751c63bc2aadc06d\",\"name\":\"ulqini\",\"sameAs\":[\"http:\/\/www.visit-ulcinj.com\"],\"url\":\"https:\/\/www.visit-ulcinj.com\/blog\/author\/admin\/\"}]}<\/script>\n<!-- \/ Yoast SEO plugin. -->","yoast_head_json":{"title":"\u201cSizifizmi\u201d i dit\u00ebve tona - Lajme nga Ulqini","description":"Ne u japim vot\u00ebn ton\u00eb, ata\u00a0\u00a0\u00a0\u00a0\u00a0\u00a0 e\u00a0 kthejn\u00eb at\u00eb n\u00eb vila trekat\u00ebshe, udh\u00ebtime t\u00eb shternjta, makina luksoze dhe n\u00eb fund t\u00eb fundit i bie q\u00eb t\u00eb ken\u00eb punuar","robots":{"index":"index","follow":"follow","max-snippet":"max-snippet:-1","max-image-preview":"max-image-preview:large","max-video-preview":"max-video-preview:-1"},"canonical":"https:\/\/www.visit-ulcinj.com\/blog\/2009\/04\/11\/\u201csizifizmi\u201d-i-diteve-tona\/","og_locale":"en_US","og_type":"article","og_title":"\u201cSizifizmi\u201d i dit\u00ebve tona - Lajme nga Ulqini","og_description":"Ne u japim vot\u00ebn ton\u00eb, ata\u00a0\u00a0\u00a0\u00a0\u00a0\u00a0 e\u00a0 kthejn\u00eb at\u00eb n\u00eb vila trekat\u00ebshe, udh\u00ebtime t\u00eb shternjta, makina luksoze dhe n\u00eb fund t\u00eb fundit i bie q\u00eb t\u00eb ken\u00eb punuar","og_url":"https:\/\/www.visit-ulcinj.com\/blog\/2009\/04\/11\/\u201csizifizmi\u201d-i-diteve-tona\/","og_site_name":"Lajme nga Ulqini","article_published_time":"2009-04-11T12:45:13+00:00","article_modified_time":"2009-04-11T13:01:49+00:00","og_image":[{"url":"http:\/\/2.bp.blogspot.com\/_g-gT0LkoPB8\/SQBUVfHGqrI\/AAAAAAAAB8o\/EXpOXc9v5nU\/s1600\/DISCURS%2BELECTORAL.gif"}],"twitter_misc":{"Written by":"ulqini","Est. reading time":"5 minutes"},"schema":{"@context":"https:\/\/schema.org","@graph":[{"@type":"WebSite","@id":"https:\/\/www.visit-ulcinj.com\/blog\/#website","url":"https:\/\/www.visit-ulcinj.com\/blog\/","name":"Lajme nga Ulqini","description":"Lajme,Vijesti,Ulqini,Ulqin,Crna Gora,Mali i Zi","potentialAction":[{"@type":"SearchAction","target":{"@type":"EntryPoint","urlTemplate":"https:\/\/www.visit-ulcinj.com\/blog\/?s={search_term_string}"},"query-input":"required name=search_term_string"}],"inLanguage":"en-US"},{"@type":"ImageObject","inLanguage":"en-US","@id":"https:\/\/www.visit-ulcinj.com\/blog\/2009\/04\/11\/%e2%80%9csizifizmi%e2%80%9d-i-diteve-tona\/#primaryimage","url":"http:\/\/2.bp.blogspot.com\/_g-gT0LkoPB8\/SQBUVfHGqrI\/AAAAAAAAB8o\/EXpOXc9v5nU\/s1600\/DISCURS%2BELECTORAL.gif","contentUrl":"http:\/\/2.bp.blogspot.com\/_g-gT0LkoPB8\/SQBUVfHGqrI\/AAAAAAAAB8o\/EXpOXc9v5nU\/s1600\/DISCURS%2BELECTORAL.gif"},{"@type":"WebPage","@id":"https:\/\/www.visit-ulcinj.com\/blog\/2009\/04\/11\/%e2%80%9csizifizmi%e2%80%9d-i-diteve-tona\/#webpage","url":"https:\/\/www.visit-ulcinj.com\/blog\/2009\/04\/11\/%e2%80%9csizifizmi%e2%80%9d-i-diteve-tona\/","name":"\u201cSizifizmi\u201d i dit\u00ebve tona - Lajme nga Ulqini","isPartOf":{"@id":"https:\/\/www.visit-ulcinj.com\/blog\/#website"},"primaryImageOfPage":{"@id":"https:\/\/www.visit-ulcinj.com\/blog\/2009\/04\/11\/%e2%80%9csizifizmi%e2%80%9d-i-diteve-tona\/#primaryimage"},"datePublished":"2009-04-11T12:45:13+00:00","dateModified":"2009-04-11T13:01:49+00:00","author":{"@id":"https:\/\/www.visit-ulcinj.com\/blog\/#\/schema\/person\/dcab619c614d3038751c63bc2aadc06d"},"description":"Ne u japim vot\u00ebn ton\u00eb, ata\u00a0\u00a0\u00a0\u00a0\u00a0\u00a0 e\u00a0 kthejn\u00eb at\u00eb n\u00eb vila trekat\u00ebshe, udh\u00ebtime t\u00eb shternjta, makina luksoze dhe n\u00eb fund t\u00eb fundit i bie q\u00eb t\u00eb ken\u00eb punuar","breadcrumb":{"@id":"https:\/\/www.visit-ulcinj.com\/blog\/2009\/04\/11\/%e2%80%9csizifizmi%e2%80%9d-i-diteve-tona\/#breadcrumb"},"inLanguage":"en-US","potentialAction":[{"@type":"ReadAction","target":["https:\/\/www.visit-ulcinj.com\/blog\/2009\/04\/11\/%e2%80%9csizifizmi%e2%80%9d-i-diteve-tona\/"]}]},{"@type":"BreadcrumbList","@id":"https:\/\/www.visit-ulcinj.com\/blog\/2009\/04\/11\/%e2%80%9csizifizmi%e2%80%9d-i-diteve-tona\/#breadcrumb","itemListElement":[{"@type":"ListItem","position":1,"name":"\u201cSizifizmi\u201d i dit\u00ebve tona"}]},{"@type":"Person","@id":"https:\/\/www.visit-ulcinj.com\/blog\/#\/schema\/person\/dcab619c614d3038751c63bc2aadc06d","name":"ulqini","sameAs":["http:\/\/www.visit-ulcinj.com"],"url":"https:\/\/www.visit-ulcinj.com\/blog\/author\/admin\/"}]}},"jetpack_featured_media_url":"","jetpack_sharing_enabled":true,"jetpack_shortlink":"https:\/\/wp.me\/pe6lTn-4vC","_links":{"self":[{"href":"https:\/\/www.visit-ulcinj.com\/blog\/wp-json\/wp\/v2\/posts\/17336"}],"collection":[{"href":"https:\/\/www.visit-ulcinj.com\/blog\/wp-json\/wp\/v2\/posts"}],"about":[{"href":"https:\/\/www.visit-ulcinj.com\/blog\/wp-json\/wp\/v2\/types\/post"}],"author":[{"embeddable":true,"href":"https:\/\/www.visit-ulcinj.com\/blog\/wp-json\/wp\/v2\/users\/1"}],"replies":[{"embeddable":true,"href":"https:\/\/www.visit-ulcinj.com\/blog\/wp-json\/wp\/v2\/comments?post=17336"}],"version-history":[{"count":0,"href":"https:\/\/www.visit-ulcinj.com\/blog\/wp-json\/wp\/v2\/posts\/17336\/revisions"}],"wp:attachment":[{"href":"https:\/\/www.visit-ulcinj.com\/blog\/wp-json\/wp\/v2\/media?parent=17336"}],"wp:term":[{"taxonomy":"category","embeddable":true,"href":"https:\/\/www.visit-ulcinj.com\/blog\/wp-json\/wp\/v2\/categories?post=17336"},{"taxonomy":"post_tag","embeddable":true,"href":"https:\/\/www.visit-ulcinj.com\/blog\/wp-json\/wp\/v2\/tags?post=17336"}],"curies":[{"name":"wp","href":"https:\/\/api.w.org\/{rel}","templated":true}]}}