{"id":17346,"date":"2009-04-11T15:07:05","date_gmt":"2009-04-11T13:07:05","guid":{"rendered":"http:\/\/www.visit-ulcinj.com\/blog\/?p=17346"},"modified":"2009-04-11T15:22:37","modified_gmt":"2009-04-11T13:22:37","slug":"rrofshin-deputetet-tone","status":"publish","type":"post","link":"https:\/\/www.visit-ulcinj.com\/blog\/2009\/04\/11\/rrofshin-deputetet-tone\/","title":{"rendered":"Rrofshin deputet\u00ebt ton\u00eb"},"content":{"rendered":"<p><img loading=\"lazy\" class=\"size-full wp-image-17347 alignleft\" title=\"premtimet\" src=\"http:\/\/www.visit-ulcinj.com\/blog\/wp-content\/uploads\/2009\/04\/premtimet.jpg\" alt=\"premtimet\" width=\"246\" height=\"350\" srcset=\"https:\/\/www.visit-ulcinj.com\/blog\/wp-content\/uploads\/2009\/04\/premtimet.jpg 246w, https:\/\/www.visit-ulcinj.com\/blog\/wp-content\/uploads\/2009\/04\/premtimet-210x300.jpg 210w\" sizes=\"(max-width: 246px) 100vw, 246px\" \/>Premtimet e dh\u00ebna prej tyre \u00ebsh\u00eb m\u00eb mir\u00eb t\u00eb jepen nj\u00ebher\u00eb e t\u00eb \u00e7ohen n\u00eb vend sesa t\u00eb premtohen nj\u00ebmij\u00eb her\u00eb e t\u00eb mos b\u00ebhet asgj\u00eb.<br \/>\nUn\u00eb n\u00eb t\u00eb gjitha shkrimet e mia para zgjedhjeve t\u00eb parakohshme parlamentare n\u00eb Mal t\u00eb Zi jam p\u00ebrpjekur dhe kam b\u00ebr\u00eb apel p\u00ebr bashkim t\u00eb subjekteve politike shqiptare. K\u00ebt\u00eb e kam b\u00ebr\u00eb dje, do ta b\u00ebj\u00eb sot e m\u00eb shum\u00eb kam p\u00ebr ta b\u00ebr\u00eb nes\u00ebr e pasnes\u00ebr p\u00ebr ata q\u00eb duan t\u00eb kuptojn\u00eb situat\u00ebn e krijuar. Dukurin\u00eb e pranishme, q\u00eb \u201cshihet nga aeroplani\u201d kan\u00eb p\u00ebr ta lufuar t\u00eb gjith\u00eb ata pjes\u00ebtar\u00eb t\u00eb shqipar\u00ebve n\u00eb Mal t\u00eb Zi q\u00eb e pranojn\u00eb shtrirjen e duarve si di\u00e7ka burr\u00ebrore, pa dor\u00ebza, si di\u00e7ka q\u00eb n\u00eb k\u00ebto momente \u00ebsht\u00eb m\u00eb e nevojshme se kurr\u00eb. K\u00ebt\u00eb e k\u00ebrkoj prej meje, \u00e7ka nuk u kam k\u00ebrkuar dhe nuk kam p\u00ebr t\u2019u k\u00ebrkuar falje atyre q\u00eb jan\u00eb b\u00ebr\u00eb protagonist\u00eb t\u00eb p\u00ebr\u00e7arjeve e q\u00eb u munduan t\u00eb shfryt\u00ebzojn\u00eb standardin e ul\u00ebt t\u00eb votuesve duke i k\u00ebnaqur ata p\u00ebr momentin, qoft\u00eb me nj\u00eb m\u00ebditje, qoft\u00eb me cimento apo me nj\u00eb met\u00ebr asfalt. Natyrisht se politik\u00ebb\u00ebr\u00ebsit shqiptar\u00eb nuk kan\u00eb p\u00ebr tu ngopur kurr\u00eb me veprimet e veta antiqytetare, anticivilizuese, ndaj nuk e kuptoj p\u00ebrse p\u00ebrzihen me pun\u00ebt e tyre t\u00eb ndyta ndaj atyre q\u00eb ishin n\u00eb siklet p\u00ebr t\u00eb vepruar me kok\u00ebn e tyre sic i ka hije cdo qytetari. \u00c7do veprim politik \u00ebsht\u00eb e drejt\u00eb e secilit dhe kjo i takon intimes njer\u00ebzore, ndaj \u00ebsht\u00eb m\u00ebkat q\u00eb kujtdoqoft\u00eb t\u2019ia cenosh t\u00eb drejt\u00ebn p\u00ebr bindjet q\u00eb ka e do t\u00eb ket\u00eb. Nuk kan\u00eb pse t\u00eb b\u00ebhen kujdestar\u00eb t\u00eb dit\u00ebs politikan\u00ebt tan\u00eb, secili nga votuesit ka zgjedhur m\u00eb t\u00eb besueshmit, ata q\u00eb u p\u00eblqejn\u00eb m\u00eb shum\u00eb. K\u00ebtu kemi t\u00eb b\u00ebjm\u00eb me \u00e7\u00ebshtje ndjenjash personale ku bindjet tuaja nuk mund t\u2019i p\u00ebrcaktojn\u00eb bindjet e mia, prandaj jam i bindur se cdokush do ta dij\u00eb se cili \u00ebsht\u00eb roli i tyre politik e intelektual. Ju lumt\u00eb atyre q\u00eb e kuptuan po edhe e shijuan vot\u00ebn e popullit, atyre pjes\u00ebtar\u00ebve dhe misionar\u00ebve t\u00eb politik\u00ebs mjerane, ju lumt\u00eb k\u00ebtyre burrave q\u00eb kan\u00eb marr\u00eb si mision p\u00ebr\u00e7arjen, shkap\u00ebrderdhjen e trungut votues, edhe pse secili prej tyre u deklarua p\u00ebr bashkim pa dh\u00ebn\u00eb formul\u00ebn se si do t\u00eb dukej ajo.<br \/>\nMegjithat\u00eb, nj\u00eb gj\u00eb \u00ebsht\u00eb e sigurt\u00eb, njer\u00ebzit thon\u00eb: \u201dshyqyr q\u00eb ra kjo dek\u00eb e u pam\u00eb\u201d, pra shyqyr q\u00eb e pam\u00eb se \u00e7ka duan politikan\u00ebt tan\u00eb. Ne si duket k\u00ebt\u00eb nuk desh\u00ebm ta kuptojm\u00eb, apo nuk dit\u00ebm ta vler\u00ebsojm\u00eb se \u00e7far\u00eb po na ndodh\u00eb dhe k\u00ebt\u00eb le t\u00eb mos e kuptojm\u00eb kurr\u00eb, por nj\u00eb gj\u00eb e di se populli ka filluar t\u00eb nd\u00ebrgjegj\u00ebsohet pavar\u00ebsisht premtimeve t\u00eb dh\u00ebna e ndihmave materiale. Kjo nes\u00ebr do t\u00eb jap\u00eb rezultatet e veta pozitive, ndryshe \u00ebsht\u00eb m\u00eb mir\u00eb t\u00eb mos jemi gjall\u00eb fare. Pavar\u00ebsisht atyre q\u00eb vepruan pas shpinde e p\u00ebr t\u00eb djegur disa vota, veprime k\u00ebto makabre, njer\u00ebzit do t\u00eb p\u00ebrballojn\u00eb situatat e r\u00ebnda t\u00eb bindur se jan\u00eb p\u00ebrkushtuar n\u00eb pun\u00ebn e tyre p\u00ebr t\u00eb d\u00ebnuar \u201cheroizmat\u201d e atyre q\u00eb nuk pat\u00ebn kurajo e mendje t\u00eb sh\u00ebndosh\u00eb p\u00ebr t\u00eb kuptuar rrethanat e reja t\u00eb krijuara pas gjith\u00eb \u201crespektit\u201d q\u00eb u b\u00ebri masa. P\u00ebr k\u00ebta politikan\u00eb inat\u00e7inj nuk ka rregulla, nuk ka parime, ndaj skenat e tilla n\u00eb t\u00eb ardhm\u00ebn nuk duam t\u2019i shikojm\u00eb, e ulin dhe e posht\u00ebrojn\u00eb figur\u00ebn e deputetit, cilido qoft\u00eb ai. Nuk dua t\u00eb hyj n\u00eb kurthin e argumentit n\u00ebse \u00ebsht\u00eb plot\u00ebsuar Parlamenti i Malit t\u00eb Zi me kat\u00ebr deputet\u00eb shqiptar\u00eb, problemi q\u00eb trishton \u00ebsht\u00eb se sa koh\u00eb do t\u00eb zgjas\u00eb ferri shqiptar, deri kur duhet pritur nj\u00eb nd\u00ebrhyrje kirurgjike p\u00ebr t\u00eb d\u00ebshmuar se cfar\u00eb mund t\u00eb nd\u00ebrtojm\u00eb e jo t\u00eb vazhdojm\u00eb prishjen. Thon\u00eb se \u201cs\u2019 b\u00ebhet bukuri me zor\u201d por as deputet nuk mund t\u00eb b\u00ebhesh me zor, q\u00eb te dyja k\u00ebto nd\u00ebrgjegja e p\u00ebrgjithshme i em\u00ebron. K\u00ebto q\u00ebndrime nuk mund t\u00eb mos t\u00ebrheqin v\u00ebmendjen e opinionit shqiptar k\u00ebtu n\u00eb Mal t\u00eb Zi mbi gjendjen e mjeruar politike n\u00eb p\u00ebrgjith\u00ebsi, p\u00ebr \u00e7ka vakumi i krijuar vite me radh\u00eb sipas gjith\u00eb treguesve nuk \u00ebsht\u00eb ajo q\u00eb pretendon formacioni politik, por \u00ebsht\u00eb krejt\u00ebsisht tjet\u00ebrfare, gj\u00eb q\u00eb deri tani jan\u00eb mbajtur me ide shterpe. Ky q\u00ebndrim i pafalsh\u00ebm i tyre shpjegon nga nj\u00ebra an\u00eb karakterin amoral dhe q\u00ebndrimet e tyre pseudointelektuale e n\u00eb an\u00ebn tjet\u00ebr nj\u00eb munges\u00eb serioze t\u00eb vizioneve t\u00eb qarta politike. Atyre nuk u p\u00eblqen t\u00eb maten me mendimin e pavarur, nuk u p\u00eblqejn\u00eb njer\u00ebzit q\u00eb i rrethojn\u00eb, ndaj p\u00ebrhapja e ideve p\u00ebr\u00e7ar\u00ebse paraqet pasiguri p\u00ebr t\u00eb ardhm\u00ebn e tyre politike. Prirja p\u00ebr t\u2019u b\u00ebr\u00eb deputet \u00ebsht\u00eb nj\u00eb shfaqje mjegullimi, por shenj\u00eb e njeriut normal kurrsesi nuk mund t\u00eb jet\u00eb! Disa nga k\u00ebta b\u00ebjn\u00eb zhurm\u00eb kur ndodhen para ngjarjeve t\u00eb pazakonta, megjithat\u00eb pajtohen shpejt me gjendjen kur shohin se murit me kok\u00eb nuk mund t\u2019i bihet. Ai q\u00eb ka mend n\u00eb kok\u00eb, ai q\u00eb do t\u00eb jet\u00eb veprimtar i ndryshimeve do t\u00eb \u00e7mohet nga t\u00eb tjer\u00ebt dhe do t\u00eb ket\u00eb p\u00ebrkrahjen e mas\u00ebs.Cdo mund\u00ebsi p\u00ebr t\u00eb b\u00ebr\u00eb di\u00e7ka ndryshe ekziston dhe nuk ka gj\u00eb m\u00eb t\u00eb mir\u00eb se t\u00eb preh\u00ebsh n\u00eb krah\u00ebt e inercis\u00eb s\u00eb vet\u00ebdijshme. Rrofshin deputet\u00ebt ton\u00eb, m\u00eb mir\u00eb se kaq nuk ka ku shkon m\u00eb!<br \/>\n<strong>Shaban Peraj<br \/>\nKoha Javore<\/strong><\/p>\n","protected":false},"excerpt":{"rendered":"<p>Premtimet e dh\u00ebna prej tyre \u00ebsh\u00eb m\u00eb mir\u00eb t\u00eb jepen nj\u00ebher\u00eb e t\u00eb \u00e7ohen n\u00eb vend sesa t\u00eb premtohen nj\u00ebmij\u00eb her\u00eb e t\u00eb mos b\u00ebhet asgj\u00eb. Un\u00eb n\u00eb t\u00eb gjitha shkrimet e mia para zgjedhjeve t\u00eb parakohshme parlamentare n\u00eb Mal t\u00eb Zi jam p\u00ebrpjekur dhe kam b\u00ebr\u00eb apel p\u00ebr bashkim t\u00eb subjekteve politike shqiptare. K\u00ebt\u00eb [&hellip;]<\/p>\n","protected":false},"author":1,"featured_media":0,"comment_status":"open","ping_status":"closed","sticky":false,"template":"","format":"standard","meta":{"spay_email":"","jetpack_publicize_message":"","jetpack_is_tweetstorm":false,"jetpack_publicize_feature_enabled":true},"categories":[11],"tags":[8915,8914],"jetpack_publicize_connections":[],"yoast_head":"<!-- This site is optimized with the Yoast SEO plugin v19.1 - https:\/\/yoast.com\/wordpress\/plugins\/seo\/ -->\n<title>Rrofshin deputet\u00ebt ton\u00eb - Lajme nga Ulqini<\/title>\n<meta name=\"description\" content=\"Premtimet e dh\u00ebna prej tyre \u00ebsh\u00eb m\u00eb mir\u00eb t\u00eb jepen nj\u00ebher\u00eb e t\u00eb \u00e7ohen n\u00eb vend sesa t\u00eb premtohen nj\u00ebmij\u00eb her\u00eb e t\u00eb mos b\u00ebhet asgj\u00eb. Un\u00eb n\u00eb t\u00eb gjitha\" \/>\n<meta name=\"robots\" content=\"index, follow, max-snippet:-1, max-image-preview:large, max-video-preview:-1\" \/>\n<link rel=\"canonical\" href=\"https:\/\/www.visit-ulcinj.com\/blog\/2009\/04\/11\/rrofshin-deputetet-tone\/\" \/>\n<meta property=\"og:locale\" content=\"en_US\" \/>\n<meta property=\"og:type\" content=\"article\" \/>\n<meta property=\"og:title\" content=\"Rrofshin deputet\u00ebt ton\u00eb - Lajme nga Ulqini\" \/>\n<meta property=\"og:description\" content=\"Premtimet e dh\u00ebna prej tyre \u00ebsh\u00eb m\u00eb mir\u00eb t\u00eb jepen nj\u00ebher\u00eb e t\u00eb \u00e7ohen n\u00eb vend sesa t\u00eb premtohen nj\u00ebmij\u00eb her\u00eb e t\u00eb mos b\u00ebhet asgj\u00eb. Un\u00eb n\u00eb t\u00eb gjitha\" \/>\n<meta property=\"og:url\" content=\"https:\/\/www.visit-ulcinj.com\/blog\/2009\/04\/11\/rrofshin-deputetet-tone\/\" \/>\n<meta property=\"og:site_name\" content=\"Lajme nga Ulqini\" \/>\n<meta property=\"article:published_time\" content=\"2009-04-11T13:07:05+00:00\" \/>\n<meta property=\"article:modified_time\" content=\"2009-04-11T13:22:37+00:00\" \/>\n<meta property=\"og:image\" content=\"http:\/\/www.visit-ulcinj.com\/blog\/wp-content\/uploads\/2009\/04\/premtimet.jpg\" \/>\n<meta name=\"twitter:label1\" content=\"Written by\" \/>\n\t<meta name=\"twitter:data1\" content=\"ulqini\" \/>\n\t<meta name=\"twitter:label2\" content=\"Est. reading time\" \/>\n\t<meta name=\"twitter:data2\" content=\"5 minutes\" \/>\n<script type=\"application\/ld+json\" class=\"yoast-schema-graph\">{\"@context\":\"https:\/\/schema.org\",\"@graph\":[{\"@type\":\"WebSite\",\"@id\":\"https:\/\/www.visit-ulcinj.com\/blog\/#website\",\"url\":\"https:\/\/www.visit-ulcinj.com\/blog\/\",\"name\":\"Lajme nga Ulqini\",\"description\":\"Lajme,Vijesti,Ulqini,Ulqin,Crna Gora,Mali i Zi\",\"potentialAction\":[{\"@type\":\"SearchAction\",\"target\":{\"@type\":\"EntryPoint\",\"urlTemplate\":\"https:\/\/www.visit-ulcinj.com\/blog\/?s={search_term_string}\"},\"query-input\":\"required name=search_term_string\"}],\"inLanguage\":\"en-US\"},{\"@type\":\"ImageObject\",\"inLanguage\":\"en-US\",\"@id\":\"https:\/\/www.visit-ulcinj.com\/blog\/2009\/04\/11\/rrofshin-deputetet-tone\/#primaryimage\",\"url\":\"https:\/\/www.visit-ulcinj.com\/blog\/wp-content\/uploads\/2009\/04\/premtimet.jpg\",\"contentUrl\":\"https:\/\/www.visit-ulcinj.com\/blog\/wp-content\/uploads\/2009\/04\/premtimet.jpg\",\"width\":\"246\",\"height\":\"350\"},{\"@type\":\"WebPage\",\"@id\":\"https:\/\/www.visit-ulcinj.com\/blog\/2009\/04\/11\/rrofshin-deputetet-tone\/#webpage\",\"url\":\"https:\/\/www.visit-ulcinj.com\/blog\/2009\/04\/11\/rrofshin-deputetet-tone\/\",\"name\":\"Rrofshin deputet\u00ebt ton\u00eb - Lajme nga Ulqini\",\"isPartOf\":{\"@id\":\"https:\/\/www.visit-ulcinj.com\/blog\/#website\"},\"primaryImageOfPage\":{\"@id\":\"https:\/\/www.visit-ulcinj.com\/blog\/2009\/04\/11\/rrofshin-deputetet-tone\/#primaryimage\"},\"datePublished\":\"2009-04-11T13:07:05+00:00\",\"dateModified\":\"2009-04-11T13:22:37+00:00\",\"author\":{\"@id\":\"https:\/\/www.visit-ulcinj.com\/blog\/#\/schema\/person\/dcab619c614d3038751c63bc2aadc06d\"},\"description\":\"Premtimet e dh\u00ebna prej tyre \u00ebsh\u00eb m\u00eb mir\u00eb t\u00eb jepen nj\u00ebher\u00eb e t\u00eb \u00e7ohen n\u00eb vend sesa t\u00eb premtohen nj\u00ebmij\u00eb her\u00eb e t\u00eb mos b\u00ebhet asgj\u00eb. Un\u00eb n\u00eb t\u00eb gjitha\",\"breadcrumb\":{\"@id\":\"https:\/\/www.visit-ulcinj.com\/blog\/2009\/04\/11\/rrofshin-deputetet-tone\/#breadcrumb\"},\"inLanguage\":\"en-US\",\"potentialAction\":[{\"@type\":\"ReadAction\",\"target\":[\"https:\/\/www.visit-ulcinj.com\/blog\/2009\/04\/11\/rrofshin-deputetet-tone\/\"]}]},{\"@type\":\"BreadcrumbList\",\"@id\":\"https:\/\/www.visit-ulcinj.com\/blog\/2009\/04\/11\/rrofshin-deputetet-tone\/#breadcrumb\",\"itemListElement\":[{\"@type\":\"ListItem\",\"position\":1,\"name\":\"Rrofshin deputet\u00ebt ton\u00eb\"}]},{\"@type\":\"Person\",\"@id\":\"https:\/\/www.visit-ulcinj.com\/blog\/#\/schema\/person\/dcab619c614d3038751c63bc2aadc06d\",\"name\":\"ulqini\",\"sameAs\":[\"http:\/\/www.visit-ulcinj.com\"],\"url\":\"https:\/\/www.visit-ulcinj.com\/blog\/author\/admin\/\"}]}<\/script>\n<!-- \/ Yoast SEO plugin. -->","yoast_head_json":{"title":"Rrofshin deputet\u00ebt ton\u00eb - Lajme nga Ulqini","description":"Premtimet e dh\u00ebna prej tyre \u00ebsh\u00eb m\u00eb mir\u00eb t\u00eb jepen nj\u00ebher\u00eb e t\u00eb \u00e7ohen n\u00eb vend sesa t\u00eb premtohen nj\u00ebmij\u00eb her\u00eb e t\u00eb mos b\u00ebhet asgj\u00eb. Un\u00eb n\u00eb t\u00eb gjitha","robots":{"index":"index","follow":"follow","max-snippet":"max-snippet:-1","max-image-preview":"max-image-preview:large","max-video-preview":"max-video-preview:-1"},"canonical":"https:\/\/www.visit-ulcinj.com\/blog\/2009\/04\/11\/rrofshin-deputetet-tone\/","og_locale":"en_US","og_type":"article","og_title":"Rrofshin deputet\u00ebt ton\u00eb - Lajme nga Ulqini","og_description":"Premtimet e dh\u00ebna prej tyre \u00ebsh\u00eb m\u00eb mir\u00eb t\u00eb jepen nj\u00ebher\u00eb e t\u00eb \u00e7ohen n\u00eb vend sesa t\u00eb premtohen nj\u00ebmij\u00eb her\u00eb e t\u00eb mos b\u00ebhet asgj\u00eb. Un\u00eb n\u00eb t\u00eb gjitha","og_url":"https:\/\/www.visit-ulcinj.com\/blog\/2009\/04\/11\/rrofshin-deputetet-tone\/","og_site_name":"Lajme nga Ulqini","article_published_time":"2009-04-11T13:07:05+00:00","article_modified_time":"2009-04-11T13:22:37+00:00","og_image":[{"url":"http:\/\/www.visit-ulcinj.com\/blog\/wp-content\/uploads\/2009\/04\/premtimet.jpg"}],"twitter_misc":{"Written by":"ulqini","Est. reading time":"5 minutes"},"schema":{"@context":"https:\/\/schema.org","@graph":[{"@type":"WebSite","@id":"https:\/\/www.visit-ulcinj.com\/blog\/#website","url":"https:\/\/www.visit-ulcinj.com\/blog\/","name":"Lajme nga Ulqini","description":"Lajme,Vijesti,Ulqini,Ulqin,Crna Gora,Mali i Zi","potentialAction":[{"@type":"SearchAction","target":{"@type":"EntryPoint","urlTemplate":"https:\/\/www.visit-ulcinj.com\/blog\/?s={search_term_string}"},"query-input":"required name=search_term_string"}],"inLanguage":"en-US"},{"@type":"ImageObject","inLanguage":"en-US","@id":"https:\/\/www.visit-ulcinj.com\/blog\/2009\/04\/11\/rrofshin-deputetet-tone\/#primaryimage","url":"https:\/\/www.visit-ulcinj.com\/blog\/wp-content\/uploads\/2009\/04\/premtimet.jpg","contentUrl":"https:\/\/www.visit-ulcinj.com\/blog\/wp-content\/uploads\/2009\/04\/premtimet.jpg","width":"246","height":"350"},{"@type":"WebPage","@id":"https:\/\/www.visit-ulcinj.com\/blog\/2009\/04\/11\/rrofshin-deputetet-tone\/#webpage","url":"https:\/\/www.visit-ulcinj.com\/blog\/2009\/04\/11\/rrofshin-deputetet-tone\/","name":"Rrofshin deputet\u00ebt ton\u00eb - Lajme nga Ulqini","isPartOf":{"@id":"https:\/\/www.visit-ulcinj.com\/blog\/#website"},"primaryImageOfPage":{"@id":"https:\/\/www.visit-ulcinj.com\/blog\/2009\/04\/11\/rrofshin-deputetet-tone\/#primaryimage"},"datePublished":"2009-04-11T13:07:05+00:00","dateModified":"2009-04-11T13:22:37+00:00","author":{"@id":"https:\/\/www.visit-ulcinj.com\/blog\/#\/schema\/person\/dcab619c614d3038751c63bc2aadc06d"},"description":"Premtimet e dh\u00ebna prej tyre \u00ebsh\u00eb m\u00eb mir\u00eb t\u00eb jepen nj\u00ebher\u00eb e t\u00eb \u00e7ohen n\u00eb vend sesa t\u00eb premtohen nj\u00ebmij\u00eb her\u00eb e t\u00eb mos b\u00ebhet asgj\u00eb. Un\u00eb n\u00eb t\u00eb gjitha","breadcrumb":{"@id":"https:\/\/www.visit-ulcinj.com\/blog\/2009\/04\/11\/rrofshin-deputetet-tone\/#breadcrumb"},"inLanguage":"en-US","potentialAction":[{"@type":"ReadAction","target":["https:\/\/www.visit-ulcinj.com\/blog\/2009\/04\/11\/rrofshin-deputetet-tone\/"]}]},{"@type":"BreadcrumbList","@id":"https:\/\/www.visit-ulcinj.com\/blog\/2009\/04\/11\/rrofshin-deputetet-tone\/#breadcrumb","itemListElement":[{"@type":"ListItem","position":1,"name":"Rrofshin deputet\u00ebt ton\u00eb"}]},{"@type":"Person","@id":"https:\/\/www.visit-ulcinj.com\/blog\/#\/schema\/person\/dcab619c614d3038751c63bc2aadc06d","name":"ulqini","sameAs":["http:\/\/www.visit-ulcinj.com"],"url":"https:\/\/www.visit-ulcinj.com\/blog\/author\/admin\/"}]}},"jetpack_featured_media_url":"","jetpack_sharing_enabled":true,"jetpack_shortlink":"https:\/\/wp.me\/pe6lTn-4vM","_links":{"self":[{"href":"https:\/\/www.visit-ulcinj.com\/blog\/wp-json\/wp\/v2\/posts\/17346"}],"collection":[{"href":"https:\/\/www.visit-ulcinj.com\/blog\/wp-json\/wp\/v2\/posts"}],"about":[{"href":"https:\/\/www.visit-ulcinj.com\/blog\/wp-json\/wp\/v2\/types\/post"}],"author":[{"embeddable":true,"href":"https:\/\/www.visit-ulcinj.com\/blog\/wp-json\/wp\/v2\/users\/1"}],"replies":[{"embeddable":true,"href":"https:\/\/www.visit-ulcinj.com\/blog\/wp-json\/wp\/v2\/comments?post=17346"}],"version-history":[{"count":0,"href":"https:\/\/www.visit-ulcinj.com\/blog\/wp-json\/wp\/v2\/posts\/17346\/revisions"}],"wp:attachment":[{"href":"https:\/\/www.visit-ulcinj.com\/blog\/wp-json\/wp\/v2\/media?parent=17346"}],"wp:term":[{"taxonomy":"category","embeddable":true,"href":"https:\/\/www.visit-ulcinj.com\/blog\/wp-json\/wp\/v2\/categories?post=17346"},{"taxonomy":"post_tag","embeddable":true,"href":"https:\/\/www.visit-ulcinj.com\/blog\/wp-json\/wp\/v2\/tags?post=17346"}],"curies":[{"name":"wp","href":"https:\/\/api.w.org\/{rel}","templated":true}]}}