{"id":17350,"date":"2009-04-11T15:28:16","date_gmt":"2009-04-11T13:28:16","guid":{"rendered":"http:\/\/www.visit-ulcinj.com\/blog\/?p=17350"},"modified":"2009-04-11T15:28:16","modified_gmt":"2009-04-11T13:28:16","slug":"zgjedhjet-parlamentare-2009-gjuha-e-matematikes","status":"publish","type":"post","link":"https:\/\/www.visit-ulcinj.com\/blog\/2009\/04\/11\/zgjedhjet-parlamentare-2009-gjuha-e-matematikes\/","title":{"rendered":"Zgjedhjet parlamentare 2009-Gjuha e matematik\u00ebs"},"content":{"rendered":"<p><img loading=\"lazy\" class=\"alignleft size-full wp-image-17351\" title=\"politika-dhe-matematika-ne-mal-te-zi\" src=\"http:\/\/www.visit-ulcinj.com\/blog\/wp-content\/uploads\/2009\/04\/politika-dhe-matematika-ne-mal-te-zi.jpg\" alt=\"politika-dhe-matematika-ne-mal-te-zi\" width=\"570\" height=\"300\" \/>Z\u00ebrat q\u00eb mund t\u00eb d\u00ebgjohen nga radh\u00ebt e Aleanc\u00ebs s\u00eb Re se edhe kjo pun\u00eb do t\u00eb harrohet, do t\u00eb ftohen deri n\u00eb zgjedhjet e ardhshme nga populli mendoj se nuk pi uj\u00eb. Anamalasit me siguri q\u00eb do ta pyesin z. Hollaj se ku \u00ebsht\u00eb deputeti i An\u00ebs s\u00eb Malit, z. Gjekaj, ku \u00ebsht\u00eb deputeti apo ministri i An\u00ebs s\u00eb Malit, e k\u00ebshtu me radh\u00eb. Gj\u00ebrat po t\u2019i l\u00ebsh t\u00eb ftohen si\u00e7 mendojn\u00eb disa nuk mund t\u00eb ndodhin, sepse po t\u2019i lejosh q\u00eb gj\u00ebrat t\u00eb ftohen ato m\u00ebrdhasin fare. Ligji i dyt\u00eb i termodinamik\u00ebs thot\u00eb: me kalimin e koh\u00ebs, tendenca p\u00ebr t\u2019u shtuar parregullsia e proceseve \u00ebsht\u00eb e paevitueshme.<br \/>\n\u00c7do e keqe po del se e paska nj\u00eb t\u00eb mir\u00eb dhe si kund\u00ebrshtim i k\u00ebsaj \u00ebsht\u00eb se e mira e k\u00ebsaj t\u00eb keqe q\u00eb ka t\u00eb b\u00ebj\u00eb me mandatet q\u00eb fituan shqiptar\u00ebt n\u00eb zgjedhjet parlamentare 2009 \u00ebsht\u00eb q\u00eb ato megjithat\u00eb, jasht\u00eb \u00e7do parashikimi, arrit\u00ebn t\u00eb fitojn\u00eb 4 mandate nga 5 t\u00eb mundshmet. Pa dyshim q\u00eb fati ose m\u00eb qart\u00eb dija dhe vullneti i Zotit nxori nj\u00eb matematik\u00eb politike p\u00ebr t\u2019u k\u00ebnaqur t\u00eb gjith\u00eb pjes\u00ebmarr\u00ebsit n\u00eb zgjedhje.<br \/>\nAjo q\u00eb do t\u00eb k\u00ebnaq; Partin\u00eb e Prosperitetit Demokratik \u00ebsht\u00eb fakti q\u00eb n\u00eb nivelin lokal nuk sh\u00ebnoi humbje m\u00eb shum\u00eb se 30 % n\u00eb krahasim me shumic\u00ebn e partive t\u00eb tjera q\u00eb participojn\u00eb n\u00eb Kuvendin e Komun\u00ebs s\u00eb Ulqinit dhe q\u00eb shumica parlamentare aktuale n\u00eb Komun\u00ebn e Ulqinit pa k\u00ebshilltar\u00ebt e PPD \u2013 s\u00eb nuk mund t\u00eb arrij\u00eb t\u00eb fitoj\u00eb zgjedhjet e ardhshme lokale, kurse \u00e7do kombinim tjet\u00ebr i partive shqiptare q\u00eb q\u00ebndrojn\u00eb n\u00eb opozit\u00eb nuk mund t\u00eb marrin poste n\u00eb parlament pa \u00e7el\u00ebsin e PPD \u2013 s\u00eb. Por a do t\u00eb jen\u00eb n\u00eb gjendje partit\u00eb shqiptare t\u00eb opozit\u00ebs ta p\u00ebrpijn\u00eb p\u00ebshtym\u00ebn e gjuajtur mbi k\u00ebshilltar\u00ebt e PPD \u2013 s\u00eb p\u00ebr t\u00eb fituar pushtetin e ri mbetet t\u00eb shihet. Nj\u00eb gj\u00eb dihet: kush ia b\u00ebn grop\u00ebn tjetrit bie vet\u00eb brenda. Si duket, detektori p\u00ebr tradh\u00ebti komb\u00ebtare q\u00eb b\u00ebn\u00eb tre k\u00ebshilltar\u00ebt e PPD \u2013 s\u00eb sipas akuzave t\u00eb partive shqiptare, ish kryetarit t\u00eb PPD \u2013 s\u00eb z. Hollaj nuk funksionoi. P\u00ebr t\u00eb mos u mbetur borxh lexuesve shtojm\u00eb se ishte pik\u00ebrisht z. Hollaj bashk\u00eb me p\u00ebrfaq\u00ebsuesit e tjer\u00eb t\u00eb L\u00ebvizjes Alternativa e Perspektiva ai i cili duke mos e njohur sistemin zgjedhor do t\u00eb bie brenda n\u00eb grop\u00eb, ose do t\u00eb koritet duke e shkelur Bes\u00ebn shqiptare me z. Sinishtaj. Por, p\u00ebr cilin veprim do t\u00eb p\u00ebrcaktohet z. Hollaj mbetet t\u00eb shihet. Kemi th\u00ebn\u00eb m\u00eb her\u00ebt se diktator\u00ebt dhe diktaturat din\u00eb ngandonj\u00ebher\u00eb ta kapin popullin n\u00eb befasi dhe kjo ngjau me zgjedh\u00ebsit e An\u00ebs s\u00eb Malit t\u00eb cil\u00ebt u homogjenizuan rreth ides\u00eb fisnike \u201cP\u00ebr deputetin e An\u00ebs s\u00eb Malit\u201d dhe t\u00ebr\u00eb nat\u00ebn festuan n\u00eb Kat\u00ebrkoll\u00eb p\u00ebr fitoren e deputetit Hollaj, kurse z. Hollaj me Sinishtajn kishte n\u00ebnshkruar nj\u00eb marr\u00ebveshje publike ku thuhej q\u00eb n\u00ebse z. Sinishtaj jasht\u00eb deg\u00ebs s\u00eb Ulqinit fiton edhe nj\u00eb vot\u00eb m\u00eb shum\u00eb at\u00ebher\u00eb deputet do t\u00eb shkoj\u00eb z. Sinishtaj dhe k\u00ebshtu ngjau. Mir\u00ebpo, p\u00ebr ta mbajtur bes\u00ebn, z. Hollaj duhet t\u00eb jap\u00eb dor\u00ebheqje n\u00eb komisionin zgjedhor, p\u00ebr t\u2019ia l\u00ebshuar dy vitet e para z. Sinishtaj, por kjo n\u00ebnkupton q\u00eb z. Hollaj nuk mund t\u00eb b\u00ebhet m\u00eb deputet nga lista e tij. K\u00ebt\u00eb t\u00eb drejt\u00eb e humbet me dh\u00ebnien e dor\u00ebheqjes, pra digjet, kurse kandidat p\u00ebr deputet mund t\u00eb vij\u00eb nj\u00eb tjet\u00ebr nga Ana e Malit, por kurrsesi z. Hollaj.<br \/>\nNga ana tjet\u00ebr, ka mund\u00ebsi q\u00eb tre deputet\u00ebt t\u00eb b\u00ebjn\u00eb klubin e p\u00ebrbashk\u00ebt n\u00eb m\u00ebnyr\u00eb q\u00eb z. Hollaj t\u00eb b\u00ebhet minist\u00ebr, mir\u00ebpo duke pasur parasysh karizmat dhe sujetat partiake \u00ebsht\u00eb e v\u00ebshtir\u00eb t\u00eb besosh q\u00eb mund t\u00eb ngjaj\u00eb nj\u00eb veprim i till\u00eb, aq m\u00eb tep\u00ebr kur dihet q\u00eb partner i DPS \u2013 s\u00eb deri n\u00eb k\u00ebt\u00eb moment ka qen\u00eb UDSH. M\u00eb duket se z. Hollaj duhet t\u2019ia m\u00ebsojm\u00eb at\u00eb vjersh\u00ebn e vitit t\u00eb par\u00eb e cila \u00ebsht\u00eb: P\u00ebr nj\u00eb D q\u00eb ti s\u2019e v\u00eb\/Fjala der\u00eb b\u00ebhet er\u00eb\/Dhe sht\u00ebpia mbet pa der\u00eb\/P\u00ebr nj\u00eb M q\u00eb ti s\u2019e v\u00eb\/fjala mik b\u00ebhet ik\/\u00c7\u2019b\u00ebre k\u00ebshtu more besnik\/Po a i thuhet mikut ik. Po t\u00eb kishte dashur kryetari i partis\u00eb z. Hollaj, t\u00eb kishte pasur edhe frytet e 800 votave t\u00eb PPD \u2013 s\u00eb pa dyshim q\u00eb nuk do t\u00eb kishte qen\u00eb i shqet\u00ebsuar p\u00ebr karrig\u00ebn e deputetit sepse do t\u00eb kishte pasur vota m\u00eb shum\u00eb se Sinishtaj.<br \/>\nNga ana tjet\u00ebr, duke pasur parasysh q\u00eb me k\u00ebto zgjedhje z. Gjukanoviq mendon q\u00eb me 2\/3 e parlamentit t\u00eb nxjerr\u00eb vendim p\u00ebr an\u00ebtar\u00ebsim n\u00eb NATO me siguri brenda 2 viteve kjo n\u00ebnkupton q\u00eb opozita p\u00ebrs\u00ebri pas k\u00ebtij vendimi ka p\u00ebr t\u00eb k\u00ebrkuar zgjedhje t\u00eb parakohshme dhe nuk do t\u00eb arrij\u00eb q\u00eb dyvjetorin e dyt\u00eb t\u00eb mandatit ta fitoj\u00eb p\u00ebrs\u00ebri anamalasi.<br \/>\nGjithashtu humb\u00ebs pa PPD \u2013 n\u00eb \u00ebsht\u00eb edhe lista shqiptare, p\u00ebr n\u00eb faktin se z. Bardhi n\u00eb dy mandate arriti t\u00eb fitoj\u00eb n\u00eb parlament duke fal\u00ebnderuar p\u00ebrkrahjen n\u00eb dy zgjedhjet e fundit t\u00eb PPD \u2013 s\u00eb. \u00cbsht\u00eb interesant q\u00eb z. Bardhi gjat\u00eb dy mandateve t\u00eb fundit asnj\u00ebher\u00eb nuk e pranoi se bart\u00ebn me vete edhe votat e PPD \u2013 s\u00eb dhe t\u00eb pakt\u00ebn t\u2019i p\u00ebrmendej emri i koalicionit LD \u2013 PPD. Me siguri q\u00eb k\u00ebt\u00eb filozofi t\u00eb politik\u00ebs s\u00eb tij do ta p\u00ebrdor\u00eb edhe me partner\u00ebt e koalicionit. Duhet th\u00ebn\u00eb q\u00eb z. Bardhi n\u00eb komun\u00ebn e Tuzit dhe Podgoric\u00ebs fitoi 700 vota, kurse PPD ka fituar 800 vota. Kjo do t\u00eb thot\u00eb q\u00eb Bardhi do t\u00eb b\u00ebhej p\u00ebrs\u00ebri deputet po t\u00eb kishte pasur me vete PPD \u2013 n\u00eb, n\u00eb fakt Nik\u00ebn e par\u00eb e jo Nik\u00ebn e dyt\u00eb, mir\u00ebpo kjo mbetet \u00e7\u00ebshtje e tij. Edhe pse n\u00eb politik\u00eb kurr\u00eb nuk b\u00ebn\u00eb t\u00eb thuash jo, futja e Bardhit n\u00eb nj\u00eb kolon\u00eb me partit\u00eb shqiptare n\u00eb Kuvendin e Komun\u00ebs s\u00eb Ulqinit bashk\u00eb me PPD \u2013 n\u00eb thuajse \u00ebsht\u00eb fare e pamundur.<br \/>\nRezultatet e zgjedhjeve treguan se PPD nuk e mbivler\u00ebsoji, por as nuk e n\u00ebnvler\u00ebsoji pozit\u00ebn e vet dhe t\u00eb k\u00ebshilltar\u00ebve t\u00eb k\u00ebsaj partie. An\u00ebtar\u00ebt e k\u00ebsaj partie me krenari mund t\u00eb d\u00ebshmojn\u00eb q\u00eb vet\u00ebm me frym\u00ebn e toleranc\u00ebs, mir\u00ebkuptimit dhe harmonis\u00eb kan\u00eb mundur t\u00eb b\u00ebjn\u00eb nj\u00eb fushat\u00eb moderne dhe t\u00eb mund\u00ebsojn\u00eb q\u00eb ky subjekt t\u00eb subjektivizohej dhe t\u00eb mbes\u00eb faktor ky\u00e7 n\u00eb sken\u00ebn politike t\u00eb Ulqinit. Mendoj q\u00eb PPD ka rastin t\u00eb mos mbes\u00eb si parti e path\u00ebn\u00eb me at\u00eb q\u00eb pati ambicie t\u00eb dallohej e q\u00eb ishte lufta e hapur ndaj korrupsionit dhe lufta ndaj p\u00ebrfaq\u00ebsimit direkt t\u00eb qytetar\u00ebve. PPD deri m\u00eb sot \u00ebsht\u00eb duke b\u00ebr\u00eb kontrata me popull duke sh\u00ebrbyer si katalizator i zb\u00ebrthimit t\u00eb sken\u00ebs politike deri n\u00eb fund.<br \/>\nGjithashtu duhet vler\u00ebsuar se p\u00ebrve\u00e7 subjekteve t\u00eb lartp\u00ebrmendura PPD ndihet shum\u00eb e ofenduar nga shumica parlamentare n\u00eb Komun\u00ebn e Ulqinit e sidomos nga deg\u00ebt e Unionit Demokratik t\u00eb Shqiptar\u00ebve t\u00eb cilat veprojn\u00eb n\u00eb Komun\u00ebn e Ulqinit. Nj\u00ebri nga ligjshm\u00ebrit\u00eb e njer\u00ebzve t\u00eb suksessh\u00ebm, lider\u00ebve, \u00ebsht\u00eb ligji i t\u00eb qenit aktiv dhe i mendimit t\u00eb asaj q\u00eb i thon\u00eb fitore p\u00ebr fitore n\u00eb bashk\u00ebjetes\u00ebn e shumic\u00ebs DPS \u2013 UDSH \u2013 PPD. Me sa duket, nj\u00eb pjes\u00eb e UDSH \u2013 s\u00eb n\u00eb k\u00ebt\u00eb shumic\u00eb nuk e kuptoi rolin se jan\u00eb t\u00eb nd\u00ebrvarur e jo t\u00eb pavarur. Kjo do t\u00eb thot\u00eb se n\u00eb k\u00ebt\u00eb shumic\u00eb nuk u veprua sipas asaj q\u00eb &#8211; fitoj un\u00eb dhe fitojn\u00eb t\u00eb gjith\u00eb t\u00eb tjer\u00ebt, por u mendua: fitoj un\u00eb e t\u00eb tjer\u00ebt humbasin. E ajo q\u00eb duhej t\u00eb humbiste na qenk\u00ebsh PPD. Mendojm\u00eb q\u00eb UDSH v\u00ebrtet\u00eb arriti t\u00eb sh\u00ebnoj\u00eb nj\u00eb fitore n\u00eb krahasim me partit\u00eb e tjera, por kjo fitore \u00ebsht\u00eb boshe, sepse nuk u b\u00eb e mundur q\u00eb t\u00eb fitohej edhe deputeti i dyt\u00eb q\u00eb do t\u00eb fitohej po t\u00eb respektohej vendimi i PPD \u2013 s\u00eb p\u00ebr koalicion parazgjedhor me UDSH \u2013 n\u00eb. Oferta e PPD \u2013 s\u00eb kishte n\u00eb vete nj\u00eb politik\u00eb me matematik\u00eb e cila i ofronte UDSH \u2013 s\u00eb koalicion parazgjedhor dhe n\u00ebse fitohej deputeti i dyt\u00eb at\u00ebher\u00eb mandati t\u00eb ndahej p\u00ebrgjysm\u00eb me PPD \u2013 n\u00eb. N\u00ebse kemi parasysh situat\u00ebn q\u00eb UDSH \u2013 s\u00eb i munguan shum\u00eb pak vota p\u00ebr mandatin e dyt\u00eb dhe q\u00eb PPD fitoi vet\u00eb 800 vota, rezulton q\u00eb humb\u00ebs n\u00eb k\u00ebt\u00eb drejtim v\u00ebrtet\u00eb \u00ebsht\u00eb UDSH. Pra kjo parti dogji mbi 2.500 vota. Vazhduar me gjuh\u00ebn e k\u00ebsaj matematike, n\u00eb politik\u00eb del q\u00eb deputeti i dyt\u00eb anamalas mund t\u00eb prodhohej vet\u00ebm me k\u00ebt\u00eb koalicion ose me nj\u00eb koalicion t\u00eb PPD \u2013 s\u00eb dhe t\u00eb L\u00ebvizjes Alternativa \u2013 Perspektiva.<br \/>\nZ\u00ebrat q\u00eb mund t\u00eb d\u00ebgjohen nga radh\u00ebt e Aleanc\u00ebs s\u00eb Re se edhe kjo pun\u00eb do t\u00eb harrohet, do t\u00eb ftohen deri n\u00eb zgjedhjet e ardhshme nga populli mendoj se nuk pi uj\u00eb. Anamalasit me siguri q\u00eb do ta pyesin z. Hollaj se ku \u00ebsht\u00eb deputeti i An\u00ebs s\u00eb Malit, z. Gjekaj, ku \u00ebsht\u00eb deputeti apo ministri i An\u00ebs s\u00eb Malit, e k\u00ebshtu me radh\u00eb. Gj\u00ebrat po t\u2019i l\u00ebsh t\u00eb ftohen si\u00e7 mendojn\u00eb disa nuk mund t\u00eb ndodhin, sepse po t\u2019i lejosh q\u00eb gj\u00ebrat t\u00eb ftohen ato m\u00ebrdhasin fare. Ligji i dyt\u00eb i termodinamik\u00ebs thot\u00eb: me kalimin e koh\u00ebs, tendenca p\u00ebr t\u2019u shtuar parregullsia e proceseve \u00ebsht\u00eb e paevitueshme.<br \/>\nPPD mendon q\u00eb problemet q\u00eb nuk mund t\u00eb kontrollohen, detyrimisht p\u00ebrfshijn\u00eb edhe marrjen e p\u00ebrgjegj\u00ebsis\u00eb. Ne n\u00eb k\u00ebt\u00eb m\u00ebnyr\u00eb nuk i fuqizojm\u00eb problemet n\u00eb m\u00ebnyr\u00eb qe ata t\u00eb na kontrollojn\u00eb. Ne i bashkohemi shpirtit te m\u00ebshiruar n\u00eb lutjen hebraike \u201c Zot, m\u00eb jep kuraj\u00ebn t\u00eb ndryshoj gj\u00ebrat q\u00eb mund dhe duhet t\u00eb ndryshohen, qet\u00ebsin\u00eb p\u00ebr t\u00eb pranuar gj\u00ebrat q\u00eb nuk mund t\u00eb ndryshohen dhe men\u00e7urin\u00eb p\u00ebr t\u00eb njohur dallimin\u201d.<br \/>\n<strong>Muhamet Nika<br \/>\nKoha Javore<\/strong><\/p>\n","protected":false},"excerpt":{"rendered":"<p>Z\u00ebrat q\u00eb mund t\u00eb d\u00ebgjohen nga radh\u00ebt e Aleanc\u00ebs s\u00eb Re se edhe kjo pun\u00eb do t\u00eb harrohet, do t\u00eb ftohen deri n\u00eb zgjedhjet e ardhshme nga populli mendoj se nuk pi uj\u00eb. Anamalasit me siguri q\u00eb do ta pyesin z. Hollaj se ku \u00ebsht\u00eb deputeti i An\u00ebs s\u00eb Malit, z. Gjekaj, ku \u00ebsht\u00eb deputeti [&hellip;]<\/p>\n","protected":false},"author":1,"featured_media":0,"comment_status":"open","ping_status":"closed","sticky":false,"template":"","format":"standard","meta":{"spay_email":"","jetpack_publicize_message":"","jetpack_is_tweetstorm":false,"jetpack_publicize_feature_enabled":true},"categories":[13],"tags":[8923,8922,8924,8916,8919,8917,8921,8918,8920,7607],"jetpack_publicize_connections":[],"yoast_head":"<!-- This site is optimized with the Yoast SEO plugin v19.1 - https:\/\/yoast.com\/wordpress\/plugins\/seo\/ -->\n<title>Zgjedhjet parlamentare 2009-Gjuha e matematik\u00ebs - Lajme nga Ulqini<\/title>\n<meta name=\"description\" content=\"Z\u00ebrat q\u00eb mund t\u00eb d\u00ebgjohen nga radh\u00ebt e Aleanc\u00ebs s\u00eb Re se edhe kjo pun\u00eb do t\u00eb harrohet, do t\u00eb ftohen deri n\u00eb zgjedhjet e ardhshme nga populli mendoj se nuk\" \/>\n<meta name=\"robots\" content=\"index, follow, max-snippet:-1, max-image-preview:large, max-video-preview:-1\" \/>\n<link rel=\"canonical\" href=\"https:\/\/www.visit-ulcinj.com\/blog\/2009\/04\/11\/zgjedhjet-parlamentare-2009-gjuha-e-matematikes\/\" \/>\n<meta property=\"og:locale\" content=\"en_US\" \/>\n<meta property=\"og:type\" content=\"article\" \/>\n<meta property=\"og:title\" content=\"Zgjedhjet parlamentare 2009-Gjuha e matematik\u00ebs - Lajme nga Ulqini\" \/>\n<meta property=\"og:description\" content=\"Z\u00ebrat q\u00eb mund t\u00eb d\u00ebgjohen nga radh\u00ebt e Aleanc\u00ebs s\u00eb Re se edhe kjo pun\u00eb do t\u00eb harrohet, do t\u00eb ftohen deri n\u00eb zgjedhjet e ardhshme nga populli mendoj se nuk\" \/>\n<meta property=\"og:url\" content=\"https:\/\/www.visit-ulcinj.com\/blog\/2009\/04\/11\/zgjedhjet-parlamentare-2009-gjuha-e-matematikes\/\" \/>\n<meta property=\"og:site_name\" content=\"Lajme nga Ulqini\" \/>\n<meta property=\"article:published_time\" content=\"2009-04-11T13:28:16+00:00\" \/>\n<meta property=\"og:image\" content=\"http:\/\/www.visit-ulcinj.com\/blog\/wp-content\/uploads\/2009\/04\/politika-dhe-matematika-ne-mal-te-zi.jpg\" \/>\n<meta name=\"twitter:label1\" content=\"Written by\" \/>\n\t<meta name=\"twitter:data1\" content=\"ulqini\" \/>\n\t<meta name=\"twitter:label2\" content=\"Est. reading time\" \/>\n\t<meta name=\"twitter:data2\" content=\"9 minutes\" \/>\n<script type=\"application\/ld+json\" class=\"yoast-schema-graph\">{\"@context\":\"https:\/\/schema.org\",\"@graph\":[{\"@type\":\"WebSite\",\"@id\":\"https:\/\/www.visit-ulcinj.com\/blog\/#website\",\"url\":\"https:\/\/www.visit-ulcinj.com\/blog\/\",\"name\":\"Lajme nga Ulqini\",\"description\":\"Lajme,Vijesti,Ulqini,Ulqin,Crna Gora,Mali i Zi\",\"potentialAction\":[{\"@type\":\"SearchAction\",\"target\":{\"@type\":\"EntryPoint\",\"urlTemplate\":\"https:\/\/www.visit-ulcinj.com\/blog\/?s={search_term_string}\"},\"query-input\":\"required name=search_term_string\"}],\"inLanguage\":\"en-US\"},{\"@type\":\"ImageObject\",\"inLanguage\":\"en-US\",\"@id\":\"https:\/\/www.visit-ulcinj.com\/blog\/2009\/04\/11\/zgjedhjet-parlamentare-2009-gjuha-e-matematikes\/#primaryimage\",\"url\":\"https:\/\/www.visit-ulcinj.com\/blog\/wp-content\/uploads\/2009\/04\/politika-dhe-matematika-ne-mal-te-zi.jpg\",\"contentUrl\":\"https:\/\/www.visit-ulcinj.com\/blog\/wp-content\/uploads\/2009\/04\/politika-dhe-matematika-ne-mal-te-zi.jpg\",\"width\":\"500\",\"height\":\"500\"},{\"@type\":\"WebPage\",\"@id\":\"https:\/\/www.visit-ulcinj.com\/blog\/2009\/04\/11\/zgjedhjet-parlamentare-2009-gjuha-e-matematikes\/#webpage\",\"url\":\"https:\/\/www.visit-ulcinj.com\/blog\/2009\/04\/11\/zgjedhjet-parlamentare-2009-gjuha-e-matematikes\/\",\"name\":\"Zgjedhjet parlamentare 2009-Gjuha e matematik\u00ebs - Lajme nga Ulqini\",\"isPartOf\":{\"@id\":\"https:\/\/www.visit-ulcinj.com\/blog\/#website\"},\"primaryImageOfPage\":{\"@id\":\"https:\/\/www.visit-ulcinj.com\/blog\/2009\/04\/11\/zgjedhjet-parlamentare-2009-gjuha-e-matematikes\/#primaryimage\"},\"datePublished\":\"2009-04-11T13:28:16+00:00\",\"dateModified\":\"2009-04-11T13:28:16+00:00\",\"author\":{\"@id\":\"https:\/\/www.visit-ulcinj.com\/blog\/#\/schema\/person\/dcab619c614d3038751c63bc2aadc06d\"},\"description\":\"Z\u00ebrat q\u00eb mund t\u00eb d\u00ebgjohen nga radh\u00ebt e Aleanc\u00ebs s\u00eb Re se edhe kjo pun\u00eb do t\u00eb harrohet, do t\u00eb ftohen deri n\u00eb zgjedhjet e ardhshme nga populli mendoj se nuk\",\"breadcrumb\":{\"@id\":\"https:\/\/www.visit-ulcinj.com\/blog\/2009\/04\/11\/zgjedhjet-parlamentare-2009-gjuha-e-matematikes\/#breadcrumb\"},\"inLanguage\":\"en-US\",\"potentialAction\":[{\"@type\":\"ReadAction\",\"target\":[\"https:\/\/www.visit-ulcinj.com\/blog\/2009\/04\/11\/zgjedhjet-parlamentare-2009-gjuha-e-matematikes\/\"]}]},{\"@type\":\"BreadcrumbList\",\"@id\":\"https:\/\/www.visit-ulcinj.com\/blog\/2009\/04\/11\/zgjedhjet-parlamentare-2009-gjuha-e-matematikes\/#breadcrumb\",\"itemListElement\":[{\"@type\":\"ListItem\",\"position\":1,\"name\":\"Zgjedhjet parlamentare 2009-Gjuha e matematik\u00ebs\"}]},{\"@type\":\"Person\",\"@id\":\"https:\/\/www.visit-ulcinj.com\/blog\/#\/schema\/person\/dcab619c614d3038751c63bc2aadc06d\",\"name\":\"ulqini\",\"sameAs\":[\"http:\/\/www.visit-ulcinj.com\"],\"url\":\"https:\/\/www.visit-ulcinj.com\/blog\/author\/admin\/\"}]}<\/script>\n<!-- \/ Yoast SEO plugin. -->","yoast_head_json":{"title":"Zgjedhjet parlamentare 2009-Gjuha e matematik\u00ebs - Lajme nga Ulqini","description":"Z\u00ebrat q\u00eb mund t\u00eb d\u00ebgjohen nga radh\u00ebt e Aleanc\u00ebs s\u00eb Re se edhe kjo pun\u00eb do t\u00eb harrohet, do t\u00eb ftohen deri n\u00eb zgjedhjet e ardhshme nga populli mendoj se nuk","robots":{"index":"index","follow":"follow","max-snippet":"max-snippet:-1","max-image-preview":"max-image-preview:large","max-video-preview":"max-video-preview:-1"},"canonical":"https:\/\/www.visit-ulcinj.com\/blog\/2009\/04\/11\/zgjedhjet-parlamentare-2009-gjuha-e-matematikes\/","og_locale":"en_US","og_type":"article","og_title":"Zgjedhjet parlamentare 2009-Gjuha e matematik\u00ebs - Lajme nga Ulqini","og_description":"Z\u00ebrat q\u00eb mund t\u00eb d\u00ebgjohen nga radh\u00ebt e Aleanc\u00ebs s\u00eb Re se edhe kjo pun\u00eb do t\u00eb harrohet, do t\u00eb ftohen deri n\u00eb zgjedhjet e ardhshme nga populli mendoj se nuk","og_url":"https:\/\/www.visit-ulcinj.com\/blog\/2009\/04\/11\/zgjedhjet-parlamentare-2009-gjuha-e-matematikes\/","og_site_name":"Lajme nga Ulqini","article_published_time":"2009-04-11T13:28:16+00:00","og_image":[{"url":"http:\/\/www.visit-ulcinj.com\/blog\/wp-content\/uploads\/2009\/04\/politika-dhe-matematika-ne-mal-te-zi.jpg"}],"twitter_misc":{"Written by":"ulqini","Est. reading time":"9 minutes"},"schema":{"@context":"https:\/\/schema.org","@graph":[{"@type":"WebSite","@id":"https:\/\/www.visit-ulcinj.com\/blog\/#website","url":"https:\/\/www.visit-ulcinj.com\/blog\/","name":"Lajme nga Ulqini","description":"Lajme,Vijesti,Ulqini,Ulqin,Crna Gora,Mali i Zi","potentialAction":[{"@type":"SearchAction","target":{"@type":"EntryPoint","urlTemplate":"https:\/\/www.visit-ulcinj.com\/blog\/?s={search_term_string}"},"query-input":"required name=search_term_string"}],"inLanguage":"en-US"},{"@type":"ImageObject","inLanguage":"en-US","@id":"https:\/\/www.visit-ulcinj.com\/blog\/2009\/04\/11\/zgjedhjet-parlamentare-2009-gjuha-e-matematikes\/#primaryimage","url":"https:\/\/www.visit-ulcinj.com\/blog\/wp-content\/uploads\/2009\/04\/politika-dhe-matematika-ne-mal-te-zi.jpg","contentUrl":"https:\/\/www.visit-ulcinj.com\/blog\/wp-content\/uploads\/2009\/04\/politika-dhe-matematika-ne-mal-te-zi.jpg","width":"500","height":"500"},{"@type":"WebPage","@id":"https:\/\/www.visit-ulcinj.com\/blog\/2009\/04\/11\/zgjedhjet-parlamentare-2009-gjuha-e-matematikes\/#webpage","url":"https:\/\/www.visit-ulcinj.com\/blog\/2009\/04\/11\/zgjedhjet-parlamentare-2009-gjuha-e-matematikes\/","name":"Zgjedhjet parlamentare 2009-Gjuha e matematik\u00ebs - Lajme nga Ulqini","isPartOf":{"@id":"https:\/\/www.visit-ulcinj.com\/blog\/#website"},"primaryImageOfPage":{"@id":"https:\/\/www.visit-ulcinj.com\/blog\/2009\/04\/11\/zgjedhjet-parlamentare-2009-gjuha-e-matematikes\/#primaryimage"},"datePublished":"2009-04-11T13:28:16+00:00","dateModified":"2009-04-11T13:28:16+00:00","author":{"@id":"https:\/\/www.visit-ulcinj.com\/blog\/#\/schema\/person\/dcab619c614d3038751c63bc2aadc06d"},"description":"Z\u00ebrat q\u00eb mund t\u00eb d\u00ebgjohen nga radh\u00ebt e Aleanc\u00ebs s\u00eb Re se edhe kjo pun\u00eb do t\u00eb harrohet, do t\u00eb ftohen deri n\u00eb zgjedhjet e ardhshme nga populli mendoj se nuk","breadcrumb":{"@id":"https:\/\/www.visit-ulcinj.com\/blog\/2009\/04\/11\/zgjedhjet-parlamentare-2009-gjuha-e-matematikes\/#breadcrumb"},"inLanguage":"en-US","potentialAction":[{"@type":"ReadAction","target":["https:\/\/www.visit-ulcinj.com\/blog\/2009\/04\/11\/zgjedhjet-parlamentare-2009-gjuha-e-matematikes\/"]}]},{"@type":"BreadcrumbList","@id":"https:\/\/www.visit-ulcinj.com\/blog\/2009\/04\/11\/zgjedhjet-parlamentare-2009-gjuha-e-matematikes\/#breadcrumb","itemListElement":[{"@type":"ListItem","position":1,"name":"Zgjedhjet parlamentare 2009-Gjuha e matematik\u00ebs"}]},{"@type":"Person","@id":"https:\/\/www.visit-ulcinj.com\/blog\/#\/schema\/person\/dcab619c614d3038751c63bc2aadc06d","name":"ulqini","sameAs":["http:\/\/www.visit-ulcinj.com"],"url":"https:\/\/www.visit-ulcinj.com\/blog\/author\/admin\/"}]}},"jetpack_featured_media_url":"","jetpack_sharing_enabled":true,"jetpack_shortlink":"https:\/\/wp.me\/pe6lTn-4vQ","_links":{"self":[{"href":"https:\/\/www.visit-ulcinj.com\/blog\/wp-json\/wp\/v2\/posts\/17350"}],"collection":[{"href":"https:\/\/www.visit-ulcinj.com\/blog\/wp-json\/wp\/v2\/posts"}],"about":[{"href":"https:\/\/www.visit-ulcinj.com\/blog\/wp-json\/wp\/v2\/types\/post"}],"author":[{"embeddable":true,"href":"https:\/\/www.visit-ulcinj.com\/blog\/wp-json\/wp\/v2\/users\/1"}],"replies":[{"embeddable":true,"href":"https:\/\/www.visit-ulcinj.com\/blog\/wp-json\/wp\/v2\/comments?post=17350"}],"version-history":[{"count":0,"href":"https:\/\/www.visit-ulcinj.com\/blog\/wp-json\/wp\/v2\/posts\/17350\/revisions"}],"wp:attachment":[{"href":"https:\/\/www.visit-ulcinj.com\/blog\/wp-json\/wp\/v2\/media?parent=17350"}],"wp:term":[{"taxonomy":"category","embeddable":true,"href":"https:\/\/www.visit-ulcinj.com\/blog\/wp-json\/wp\/v2\/categories?post=17350"},{"taxonomy":"post_tag","embeddable":true,"href":"https:\/\/www.visit-ulcinj.com\/blog\/wp-json\/wp\/v2\/tags?post=17350"}],"curies":[{"name":"wp","href":"https:\/\/api.w.org\/{rel}","templated":true}]}}