{"id":17360,"date":"2009-04-11T15:51:33","date_gmt":"2009-04-11T13:51:33","guid":{"rendered":"http:\/\/www.visit-ulcinj.com\/blog\/?p=17360"},"modified":"2009-04-29T09:23:46","modified_gmt":"2009-04-29T07:23:46","slug":"interviste-me-piktoren-vahida-hasanaga-%e2%80%93-nimanbegu","status":"publish","type":"post","link":"https:\/\/www.visit-ulcinj.com\/blog\/2009\/04\/11\/interviste-me-piktoren-vahida-hasanaga-%e2%80%93-nimanbegu\/","title":{"rendered":"Intervist\u00eb me piktoren Vahida Hasanaga \u2013 Nimanbegu"},"content":{"rendered":"<p><strong><img loading=\"lazy\" class=\"alignleft size-full wp-image-17362\" title=\"vahida-hasanaga-e28093-nimanbegu\" src=\"http:\/\/www.visit-ulcinj.com\/blog\/wp-content\/uploads\/2009\/04\/vahida-hasanaga-e28093-nimanbegu.jpg\" alt=\"vahida-hasanaga-e28093-nimanbegu\" width=\"374\" height=\"444\" \/>\u00c7mimet, d\u00ebshmi e krijimtaris\u00eb kualitative<\/strong><br \/>\nShoqata e Artist\u00ebve Figurativ\u00eb t\u00eb Malit t\u00eb Zi i ka ndar\u00eb piktores ulqinake Vahida Hasanaga &#8211; Nimanbegu jav\u00ebn e kaluar \u00c7mimin e par\u00eb n\u00eb konkursin vjetor p\u00ebr piktur\u00eb t\u00eb organizuar nga kjo shoqat\u00eb. P\u00ebr k\u00ebt\u00eb arsye zhvilluam me t\u00eb k\u00ebt\u00eb intervist\u00eb.<br \/>\n<strong>Koha javore:<\/strong> Znj. Nimanbegu, Shoqata e Artist\u00ebve Figurativ\u00eb t\u00eb Malit t\u00eb Zi iu ka ndar\u00eb jav\u00ebn e kaluar \u00c7mimin e par\u00eb p\u00ebr piktur\u00eb n\u00eb konkursin vjetor t\u00eb k\u00ebsaj shoqate. \u00c7far\u00eb vlere ka ky \u00e7mim p\u00ebr Ju?<br \/>\n<strong>V. Hasanaga &#8211; Nimanbegu:<\/strong> \u00c7mimi i Shoqat\u00ebs s\u00eb Artist\u00ebve Figurativ\u00eb t\u00eb Malit te Zi p\u00ebrb\u00ebn p\u00ebr mua nj\u00eb sukses t\u00eb madh dhe \u00ebsht\u00eb nj\u00eb \u00e7mim me r\u00ebnd\u00ebsi t\u00eb ve\u00e7ant\u00eb. N\u00eb disa intervista t\u00eb m\u00ebparshme kam th\u00ebn\u00eb q\u00eb p\u00ebr artist\u00ebt, \u00e7mimet jan\u00eb t\u00eb r\u00ebnd\u00ebsish\u00ebm sepse jepen prej koleg\u00ebve dhe njer\u00ebzve t\u00eb cil\u00ebt merren me art dhe kritik\u00ebn e artit, pra prej njer\u00ebzve profesionist\u00eb. Vitin e kaluar un\u00eb kam fituar \u00e7mim n\u00eb Sallonin e Zemunit, por ky \u00e7mim \u00ebsht\u00eb p\u00ebr mua m\u00eb i r\u00ebnd\u00ebsish\u00ebm.<br \/>\n<strong>Koha javore:<\/strong> A e keni pritur nj\u00eb \u00e7mim t\u00eb till\u00eb?<br \/>\n<strong>V. Hasanaga &#8211; Nimanbegu: <\/strong>Nga vet\u00eb fakti q\u00eb n\u00eb shkurt t\u00eb k\u00ebtij viti u b\u00ebra an\u00ebtare e Shoqat\u00ebs s\u00eb Artist\u00ebve Figurativ\u00eb t\u00eb Malit t\u00eb Zi nuk prisja kurrfar\u00eb \u00e7mimi. Isha me t\u00eb v\u00ebrtet\u00eb shum\u00eb e habitur kur m\u00eb njoftuan se un\u00eb isha fituesja e \u00c7mimit t\u00eb Shoqat\u00ebs p\u00ebr k\u00ebt\u00eb vit.<br \/>\n<strong>Koha javore:<\/strong> Sa ndikojn\u00eb \u00e7mimet n\u00eb veprimtarin\u00eb e nj\u00eb artisti?<br \/>\n<strong>V. Hasanaga &#8211; Nimanbegu:<\/strong> P\u00ebr biografin\u00eb e nj\u00eb artisti lirisht mund t\u00eb them q\u00eb \u00e7mimet jan\u00eb shum\u00eb t\u00eb r\u00ebnd\u00ebsishme. Po ashtu mendoj se \u00e7mimet, p\u00ebr secilin artist, sh\u00ebrbejn\u00eb si stimul pozitiv p\u00ebr t\u00eb vazhduar veprimtarin\u00eb artistike dhe nj\u00ebkoh\u00ebsisht d\u00ebshmojn\u00eb dhe konfirmojn\u00eb q\u00eb artisti vepron n\u00eb m\u00ebnyr\u00eb kualitative.<br \/>\nKoha javore: Me \u00e7far\u00eb punimi keni konkurruar n\u00eb konkursin e Shoqat\u00ebs s\u00eb Artist\u00ebve Figurativ\u00eb?<br \/>\n<strong>V. Hasanaga \u2013 Nimanbegu:<\/strong> Punimin me t\u00eb cilin kam konkurruar e kam realizuar n\u00eb vitin 2007 n\u00eb teknik\u00ebn e vajit.<br \/>\nN\u00eb krijimtarin\u00eb time dominojn\u00eb punimet me ngjyr\u00eb t\u00eb kalt\u00ebr dhe ato t\u00eb terrakot\u00ebs, dheut dhe gurit. Ky punim \u00ebsht\u00eb i realizuar me ngjyra t\u00eb nxehta t\u00eb tok\u00ebs, gurit, nj\u00eb oker me shum\u00eb nuanca.<br \/>\nN\u00eb punimet e mia po ashtu \u00ebsht\u00eb karakteristike struktura dhe ajo dominon n\u00eb p\u00eblhur\u00eb si nj\u00eb materie e gjall\u00eb. Un\u00eb merrem me problematik\u00ebn e struktur\u00ebs, tekstur\u00ebs, harmonis\u00eb, ritmit, komponimit me frym\u00ebzim t\u00eb ambientit ku jetoj, detit, qiellit, diellit, gurit, r\u00ebr\u00ebs, ambientit mediteran, etj.<br \/>\n<strong>Koha javore:<\/strong> \u00c7far\u00eb Ju pret apo cilat jan\u00eb planet Tuaja p\u00ebr t\u00eb ardhmen?<br \/>\n<strong>V. Hasanaga<\/strong> &#8211; Nimanbegu: N\u00eb maj planifikoj t\u00eb hapi ekspozit\u00ebn personale n\u00eb Izrael, kurse n\u00eb qershor n\u00eb Shtutgart. Po ashtu shpresoj n\u00eb realizimin e simpoziumit t\u00eb artist\u00ebve nga Mediterani n\u00eb fillim t\u00eb qershorit, nj\u00eb projekt i r\u00ebnd\u00ebsish\u00ebm jo vet\u00ebm p\u00ebr Ulqinin, por p\u00ebr t\u00ebr\u00eb Malin e Zi.<br \/>\nVitin e ardhsh\u00ebm jam e ftuar q\u00eb t\u00eb ekspozoj n\u00eb Muzeun e Arteve Moderne n\u00eb Napoli t\u00eb Italis\u00eb, gj\u00eb q\u00eb e konsideroj nj\u00eb sukses t\u00eb madh p\u00ebr mua. Kam edhe plane t\u00eb tjera, mir\u00ebpo duhet t\u00eb punohet shum\u00eb p\u00ebr realizimin e tyre.<br \/>\n<strong>Bisedoi: I. Kallaba<br \/>\nKoha Javore<\/strong><\/p>\n<p><strong><!--YouTube Error: bad URL entered--><br \/>\n<\/strong><\/p>\n","protected":false},"excerpt":{"rendered":"<p>\u00c7mimet, d\u00ebshmi e krijimtaris\u00eb kualitative Shoqata e Artist\u00ebve Figurativ\u00eb t\u00eb Malit t\u00eb Zi i ka ndar\u00eb piktores ulqinake Vahida Hasanaga &#8211; Nimanbegu jav\u00ebn e kaluar \u00c7mimin e par\u00eb n\u00eb konkursin vjetor p\u00ebr piktur\u00eb t\u00eb organizuar nga kjo shoqat\u00eb. P\u00ebr k\u00ebt\u00eb arsye zhvilluam me t\u00eb k\u00ebt\u00eb intervist\u00eb. Koha javore: Znj. Nimanbegu, Shoqata e Artist\u00ebve Figurativ\u00eb t\u00eb [&hellip;]<\/p>\n","protected":false},"author":1,"featured_media":0,"comment_status":"open","ping_status":"closed","sticky":false,"template":"","format":"standard","meta":{"spay_email":"","jetpack_publicize_message":"","jetpack_is_tweetstorm":false,"jetpack_publicize_feature_enabled":true},"categories":[5],"tags":[8941,8942,9753,8940],"jetpack_publicize_connections":[],"yoast_head":"<!-- This site is optimized with the Yoast SEO plugin v19.1 - https:\/\/yoast.com\/wordpress\/plugins\/seo\/ -->\n<title>Intervist\u00eb me piktoren Vahida Hasanaga \u2013 Nimanbegu - Lajme nga Ulqini<\/title>\n<meta name=\"description\" content=\"\u00c7mimet, d\u00ebshmi e krijimtaris\u00eb kualitative Shoqata e Artist\u00ebve Figurativ\u00eb t\u00eb Malit t\u00eb Zi i ka ndar\u00eb piktores ulqinake Vahida Hasanaga - Nimanbegu jav\u00ebn e\" \/>\n<meta name=\"robots\" content=\"index, follow, max-snippet:-1, max-image-preview:large, max-video-preview:-1\" \/>\n<link rel=\"canonical\" href=\"https:\/\/www.visit-ulcinj.com\/blog\/2009\/04\/11\/interviste-me-piktoren-vahida-hasanaga-\u2013-nimanbegu\/\" \/>\n<meta property=\"og:locale\" content=\"en_US\" \/>\n<meta property=\"og:type\" content=\"article\" \/>\n<meta property=\"og:title\" content=\"Intervist\u00eb me piktoren Vahida Hasanaga \u2013 Nimanbegu - Lajme nga Ulqini\" \/>\n<meta property=\"og:description\" content=\"\u00c7mimet, d\u00ebshmi e krijimtaris\u00eb kualitative Shoqata e Artist\u00ebve Figurativ\u00eb t\u00eb Malit t\u00eb Zi i ka ndar\u00eb piktores ulqinake Vahida Hasanaga - Nimanbegu jav\u00ebn e\" \/>\n<meta property=\"og:url\" content=\"https:\/\/www.visit-ulcinj.com\/blog\/2009\/04\/11\/interviste-me-piktoren-vahida-hasanaga-\u2013-nimanbegu\/\" \/>\n<meta property=\"og:site_name\" content=\"Lajme nga Ulqini\" \/>\n<meta property=\"article:published_time\" content=\"2009-04-11T13:51:33+00:00\" \/>\n<meta property=\"article:modified_time\" content=\"2009-04-29T07:23:46+00:00\" \/>\n<meta property=\"og:image\" content=\"http:\/\/www.visit-ulcinj.com\/blog\/wp-content\/uploads\/2009\/04\/vahida-hasanaga-e28093-nimanbegu.jpg\" \/>\n<meta name=\"twitter:label1\" content=\"Written by\" \/>\n\t<meta name=\"twitter:data1\" content=\"ulqini\" \/>\n\t<meta name=\"twitter:label2\" content=\"Est. reading time\" \/>\n\t<meta name=\"twitter:data2\" content=\"3 minutes\" \/>\n<script type=\"application\/ld+json\" class=\"yoast-schema-graph\">{\"@context\":\"https:\/\/schema.org\",\"@graph\":[{\"@type\":\"WebSite\",\"@id\":\"https:\/\/www.visit-ulcinj.com\/blog\/#website\",\"url\":\"https:\/\/www.visit-ulcinj.com\/blog\/\",\"name\":\"Lajme nga Ulqini\",\"description\":\"Lajme,Vijesti,Ulqini,Ulqin,Crna Gora,Mali i Zi\",\"potentialAction\":[{\"@type\":\"SearchAction\",\"target\":{\"@type\":\"EntryPoint\",\"urlTemplate\":\"https:\/\/www.visit-ulcinj.com\/blog\/?s={search_term_string}\"},\"query-input\":\"required name=search_term_string\"}],\"inLanguage\":\"en-US\"},{\"@type\":\"ImageObject\",\"inLanguage\":\"en-US\",\"@id\":\"https:\/\/www.visit-ulcinj.com\/blog\/2009\/04\/11\/interviste-me-piktoren-vahida-hasanaga-%e2%80%93-nimanbegu\/#primaryimage\",\"url\":\"https:\/\/www.visit-ulcinj.com\/blog\/wp-content\/uploads\/2009\/04\/vahida-hasanaga-e28093-nimanbegu.jpg\",\"contentUrl\":\"https:\/\/www.visit-ulcinj.com\/blog\/wp-content\/uploads\/2009\/04\/vahida-hasanaga-e28093-nimanbegu.jpg\",\"width\":\"300\",\"height\":\"316\"},{\"@type\":\"WebPage\",\"@id\":\"https:\/\/www.visit-ulcinj.com\/blog\/2009\/04\/11\/interviste-me-piktoren-vahida-hasanaga-%e2%80%93-nimanbegu\/#webpage\",\"url\":\"https:\/\/www.visit-ulcinj.com\/blog\/2009\/04\/11\/interviste-me-piktoren-vahida-hasanaga-%e2%80%93-nimanbegu\/\",\"name\":\"Intervist\u00eb me piktoren Vahida Hasanaga \u2013 Nimanbegu - Lajme nga Ulqini\",\"isPartOf\":{\"@id\":\"https:\/\/www.visit-ulcinj.com\/blog\/#website\"},\"primaryImageOfPage\":{\"@id\":\"https:\/\/www.visit-ulcinj.com\/blog\/2009\/04\/11\/interviste-me-piktoren-vahida-hasanaga-%e2%80%93-nimanbegu\/#primaryimage\"},\"datePublished\":\"2009-04-11T13:51:33+00:00\",\"dateModified\":\"2009-04-29T07:23:46+00:00\",\"author\":{\"@id\":\"https:\/\/www.visit-ulcinj.com\/blog\/#\/schema\/person\/dcab619c614d3038751c63bc2aadc06d\"},\"description\":\"\u00c7mimet, d\u00ebshmi e krijimtaris\u00eb kualitative Shoqata e Artist\u00ebve Figurativ\u00eb t\u00eb Malit t\u00eb Zi i ka ndar\u00eb piktores ulqinake Vahida Hasanaga - Nimanbegu jav\u00ebn e\",\"breadcrumb\":{\"@id\":\"https:\/\/www.visit-ulcinj.com\/blog\/2009\/04\/11\/interviste-me-piktoren-vahida-hasanaga-%e2%80%93-nimanbegu\/#breadcrumb\"},\"inLanguage\":\"en-US\",\"potentialAction\":[{\"@type\":\"ReadAction\",\"target\":[\"https:\/\/www.visit-ulcinj.com\/blog\/2009\/04\/11\/interviste-me-piktoren-vahida-hasanaga-%e2%80%93-nimanbegu\/\"]}]},{\"@type\":\"BreadcrumbList\",\"@id\":\"https:\/\/www.visit-ulcinj.com\/blog\/2009\/04\/11\/interviste-me-piktoren-vahida-hasanaga-%e2%80%93-nimanbegu\/#breadcrumb\",\"itemListElement\":[{\"@type\":\"ListItem\",\"position\":1,\"name\":\"Intervist\u00eb me piktoren Vahida Hasanaga \u2013 Nimanbegu\"}]},{\"@type\":\"Person\",\"@id\":\"https:\/\/www.visit-ulcinj.com\/blog\/#\/schema\/person\/dcab619c614d3038751c63bc2aadc06d\",\"name\":\"ulqini\",\"sameAs\":[\"http:\/\/www.visit-ulcinj.com\"],\"url\":\"https:\/\/www.visit-ulcinj.com\/blog\/author\/admin\/\"}]}<\/script>\n<!-- \/ Yoast SEO plugin. -->","yoast_head_json":{"title":"Intervist\u00eb me piktoren Vahida Hasanaga \u2013 Nimanbegu - Lajme nga Ulqini","description":"\u00c7mimet, d\u00ebshmi e krijimtaris\u00eb kualitative Shoqata e Artist\u00ebve Figurativ\u00eb t\u00eb Malit t\u00eb Zi i ka ndar\u00eb piktores ulqinake Vahida Hasanaga - Nimanbegu jav\u00ebn e","robots":{"index":"index","follow":"follow","max-snippet":"max-snippet:-1","max-image-preview":"max-image-preview:large","max-video-preview":"max-video-preview:-1"},"canonical":"https:\/\/www.visit-ulcinj.com\/blog\/2009\/04\/11\/interviste-me-piktoren-vahida-hasanaga-\u2013-nimanbegu\/","og_locale":"en_US","og_type":"article","og_title":"Intervist\u00eb me piktoren Vahida Hasanaga \u2013 Nimanbegu - Lajme nga Ulqini","og_description":"\u00c7mimet, d\u00ebshmi e krijimtaris\u00eb kualitative Shoqata e Artist\u00ebve Figurativ\u00eb t\u00eb Malit t\u00eb Zi i ka ndar\u00eb piktores ulqinake Vahida Hasanaga - Nimanbegu jav\u00ebn e","og_url":"https:\/\/www.visit-ulcinj.com\/blog\/2009\/04\/11\/interviste-me-piktoren-vahida-hasanaga-\u2013-nimanbegu\/","og_site_name":"Lajme nga Ulqini","article_published_time":"2009-04-11T13:51:33+00:00","article_modified_time":"2009-04-29T07:23:46+00:00","og_image":[{"url":"http:\/\/www.visit-ulcinj.com\/blog\/wp-content\/uploads\/2009\/04\/vahida-hasanaga-e28093-nimanbegu.jpg"}],"twitter_misc":{"Written by":"ulqini","Est. reading time":"3 minutes"},"schema":{"@context":"https:\/\/schema.org","@graph":[{"@type":"WebSite","@id":"https:\/\/www.visit-ulcinj.com\/blog\/#website","url":"https:\/\/www.visit-ulcinj.com\/blog\/","name":"Lajme nga Ulqini","description":"Lajme,Vijesti,Ulqini,Ulqin,Crna Gora,Mali i Zi","potentialAction":[{"@type":"SearchAction","target":{"@type":"EntryPoint","urlTemplate":"https:\/\/www.visit-ulcinj.com\/blog\/?s={search_term_string}"},"query-input":"required name=search_term_string"}],"inLanguage":"en-US"},{"@type":"ImageObject","inLanguage":"en-US","@id":"https:\/\/www.visit-ulcinj.com\/blog\/2009\/04\/11\/interviste-me-piktoren-vahida-hasanaga-%e2%80%93-nimanbegu\/#primaryimage","url":"https:\/\/www.visit-ulcinj.com\/blog\/wp-content\/uploads\/2009\/04\/vahida-hasanaga-e28093-nimanbegu.jpg","contentUrl":"https:\/\/www.visit-ulcinj.com\/blog\/wp-content\/uploads\/2009\/04\/vahida-hasanaga-e28093-nimanbegu.jpg","width":"300","height":"316"},{"@type":"WebPage","@id":"https:\/\/www.visit-ulcinj.com\/blog\/2009\/04\/11\/interviste-me-piktoren-vahida-hasanaga-%e2%80%93-nimanbegu\/#webpage","url":"https:\/\/www.visit-ulcinj.com\/blog\/2009\/04\/11\/interviste-me-piktoren-vahida-hasanaga-%e2%80%93-nimanbegu\/","name":"Intervist\u00eb me piktoren Vahida Hasanaga \u2013 Nimanbegu - Lajme nga Ulqini","isPartOf":{"@id":"https:\/\/www.visit-ulcinj.com\/blog\/#website"},"primaryImageOfPage":{"@id":"https:\/\/www.visit-ulcinj.com\/blog\/2009\/04\/11\/interviste-me-piktoren-vahida-hasanaga-%e2%80%93-nimanbegu\/#primaryimage"},"datePublished":"2009-04-11T13:51:33+00:00","dateModified":"2009-04-29T07:23:46+00:00","author":{"@id":"https:\/\/www.visit-ulcinj.com\/blog\/#\/schema\/person\/dcab619c614d3038751c63bc2aadc06d"},"description":"\u00c7mimet, d\u00ebshmi e krijimtaris\u00eb kualitative Shoqata e Artist\u00ebve Figurativ\u00eb t\u00eb Malit t\u00eb Zi i ka ndar\u00eb piktores ulqinake Vahida Hasanaga - Nimanbegu jav\u00ebn e","breadcrumb":{"@id":"https:\/\/www.visit-ulcinj.com\/blog\/2009\/04\/11\/interviste-me-piktoren-vahida-hasanaga-%e2%80%93-nimanbegu\/#breadcrumb"},"inLanguage":"en-US","potentialAction":[{"@type":"ReadAction","target":["https:\/\/www.visit-ulcinj.com\/blog\/2009\/04\/11\/interviste-me-piktoren-vahida-hasanaga-%e2%80%93-nimanbegu\/"]}]},{"@type":"BreadcrumbList","@id":"https:\/\/www.visit-ulcinj.com\/blog\/2009\/04\/11\/interviste-me-piktoren-vahida-hasanaga-%e2%80%93-nimanbegu\/#breadcrumb","itemListElement":[{"@type":"ListItem","position":1,"name":"Intervist\u00eb me piktoren Vahida Hasanaga \u2013 Nimanbegu"}]},{"@type":"Person","@id":"https:\/\/www.visit-ulcinj.com\/blog\/#\/schema\/person\/dcab619c614d3038751c63bc2aadc06d","name":"ulqini","sameAs":["http:\/\/www.visit-ulcinj.com"],"url":"https:\/\/www.visit-ulcinj.com\/blog\/author\/admin\/"}]}},"jetpack_featured_media_url":"","jetpack_sharing_enabled":true,"jetpack_shortlink":"https:\/\/wp.me\/pe6lTn-4w0","_links":{"self":[{"href":"https:\/\/www.visit-ulcinj.com\/blog\/wp-json\/wp\/v2\/posts\/17360"}],"collection":[{"href":"https:\/\/www.visit-ulcinj.com\/blog\/wp-json\/wp\/v2\/posts"}],"about":[{"href":"https:\/\/www.visit-ulcinj.com\/blog\/wp-json\/wp\/v2\/types\/post"}],"author":[{"embeddable":true,"href":"https:\/\/www.visit-ulcinj.com\/blog\/wp-json\/wp\/v2\/users\/1"}],"replies":[{"embeddable":true,"href":"https:\/\/www.visit-ulcinj.com\/blog\/wp-json\/wp\/v2\/comments?post=17360"}],"version-history":[{"count":0,"href":"https:\/\/www.visit-ulcinj.com\/blog\/wp-json\/wp\/v2\/posts\/17360\/revisions"}],"wp:attachment":[{"href":"https:\/\/www.visit-ulcinj.com\/blog\/wp-json\/wp\/v2\/media?parent=17360"}],"wp:term":[{"taxonomy":"category","embeddable":true,"href":"https:\/\/www.visit-ulcinj.com\/blog\/wp-json\/wp\/v2\/categories?post=17360"},{"taxonomy":"post_tag","embeddable":true,"href":"https:\/\/www.visit-ulcinj.com\/blog\/wp-json\/wp\/v2\/tags?post=17360"}],"curies":[{"name":"wp","href":"https:\/\/api.w.org\/{rel}","templated":true}]}}