{"id":17361,"date":"2009-04-11T15:51:54","date_gmt":"2009-04-11T13:51:54","guid":{"rendered":"http:\/\/www.visit-ulcinj.com\/blog\/?p=17361"},"modified":"2009-04-11T15:52:15","modified_gmt":"2009-04-11T13:52:15","slug":"babai-i-junes-rrefen","status":"publish","type":"post","link":"https:\/\/www.visit-ulcinj.com\/blog\/2009\/04\/11\/babai-i-junes-rrefen\/","title":{"rendered":"Babai i Jun\u00ebs rr\u00ebfen"},"content":{"rendered":"<p>\u00a0<\/p>\n<p class=\"MsoNormal\"><em><a href=\"http:\/\/www.visit-ulcinj.com\/blog\/wp-content\/uploads\/2009\/04\/juna-dhe-bjordi-big-brother-albania.jpg\"><img loading=\"lazy\" class=\"alignleft size-full wp-image-17363\" title=\"juna-dhe-bjordi-big-brother-albania\" src=\"http:\/\/www.visit-ulcinj.com\/blog\/wp-content\/uploads\/2009\/04\/juna-dhe-bjordi-big-brother-albania.jpg\" alt=\"juna-dhe-bjordi-big-brother-albania\" width=\"585\" height=\"350\" \/><\/a>Juna, vajz\u00eb q\u00eb ia del vet\u00eb p\u00ebr \u00e7do gj\u00eb. Prania e saj n\u00eb \u201cBig Brother\u201d, nj\u00eb mund\u00ebsi p\u00ebr t\u00eb par\u00eb realitetin shqiptar<br \/>\n<\/em><\/p>\n<p class=\"MsoNormal\"><span lang=\"EN-US\">Reagimi i prind\u00ebrve t\u00eb Jun\u00ebs \u00ebsht\u00eb mjaft interesant. <\/span>Ajo \u00ebsht\u00eb 31 vje\u00e7e dhe ka ikur jasht\u00eb para 12 vjet\u00ebsh, k\u00ebshtu q\u00eb prind\u00ebrit thon\u00eb se kan\u00eb humbur shum\u00eb vite t\u00eb r\u00ebnd\u00ebsishme t\u00eb jet\u00ebs s\u00eb saj. M\u00eb 1 prill e \u00ebma ishte s\u00ebmur\u00eb dhe ajo e mori n\u00eb telefon duke i th\u00ebn\u00eb: &#8220;T\u00eb t\u00eb s\u00ebmur m\u00eb shum\u00eb? Do t\u00eb hyj n\u00eb \u2018Big Brother\u2019\u201d. Megjithat\u00eb, prind\u00ebrit e p\u00ebrjetuan shum\u00eb pozitivisht k\u00ebt\u00eb fakt, pasi tani kan\u00eb mund\u00ebsi ta shikojn\u00eb vajz\u00ebn e tyre 24 or\u00eb, dhe pse jo, ta njohin m\u00eb shum\u00eb. \u201c\u00cbsht\u00eb nj\u00eb dhurat\u00eb p\u00ebr ne\u201d, thot\u00eb babai i saj. Prind\u00ebrit e k\u00ebsaj konkurrenteje nuk kan\u00eb komplekse p\u00ebr detaje t\u00eb vogla t\u00eb performanc\u00ebs s\u00eb Jun\u00ebs, si\u00e7 \u00ebsht\u00eb fakti q\u00eb ajo p\u00eblqen t\u00eb ec\u00eb zbathur etj. Babai i vajz\u00ebs, Virgjili, rr\u00ebfen m\u00eb pas se Juna \u00ebsht\u00eb \u201cself made woman\u201d, pra ia del vet\u00eb n\u00eb \u00e7do situat\u00eb dhe e p\u00ebrjeton \u00e7do gj\u00eb deri n\u00eb fund. Ajo ka b\u00ebr\u00eb nga t\u00eb gjitha llojet e pun\u00ebve n\u00eb Gjermani dhe e ka siguruar shkollimin dhe jet\u00ebn krejt\u00ebsisht vet\u00eb. Juna jeton n\u00eb Keln dhe studion p\u00ebr Romanistik\u00eb, q\u00eb n\u00eb fakt \u00ebsht\u00eb let\u00ebrsi e krahasuar. P\u00ebr sa i p\u00ebrket q\u00ebllimit t\u00eb futjes n\u00eb BB,<\/p>\n<p class=\"MsoNormal\"><span>\u00a0<\/span>Juna e ka b\u00ebr\u00eb q\u00eb t\u00eb shikoj\u00eb si mund ta p\u00ebrballoj\u00eb realitetin shqiptar, por n\u00eb fakt ajo nuk do q\u00eb t\u00eb kthehet k\u00ebtu. \u00cbndrra e madhe e Jun\u00ebs, vazhdon rr\u00ebfimi, \u00ebsht\u00eb pianoja, p\u00ebr t\u00eb cil\u00ebn ajo nuk mundi t\u00eb vazhdoj\u00eb studimet, pasi iu desh t\u00eb punoj\u00eb. Juna ka pasur nj\u00eb k\u00ebrkes\u00eb, pik\u00ebrisht nj\u00eb veg\u00ebl speciale q\u00eb e ndihmon p\u00ebr rehabilitimin e krahut, q\u00eb ka ardhur si pasoj\u00eb e t\u00eb punuarit kameriere. Kjo gj\u00eb kurohet disi me fizioterapi, ose me nj\u00eb operacion q\u00eb kushton dhe nuk dihet si del. I mungon l\u00ebngu mes kockave dhe ka dhimbje n\u00eb m\u00ebngjes. Juna mbante 7 pjata n\u00eb krah. Por Juna si banakiere, thot\u00eb i ati, \u00ebsht\u00eb e papar\u00eb. M\u00eb pas ai rekomandon q\u00eb brenda BB t\u2019i futen disa partitura q\u00eb ajo t&#8217;i luaj\u00eb n\u00eb piano dhe t\u00eb krijoj\u00eb nj\u00eb atmosfer\u00eb edhe m\u00eb t\u00eb bukur n\u00eb mbr\u00ebmje.\u00a0<\/p>\n","protected":false},"excerpt":{"rendered":"<p>\u00a0 Juna, vajz\u00eb q\u00eb ia del vet\u00eb p\u00ebr \u00e7do gj\u00eb. Prania e saj n\u00eb \u201cBig Brother\u201d, nj\u00eb mund\u00ebsi p\u00ebr t\u00eb par\u00eb realitetin shqiptar Reagimi i prind\u00ebrve t\u00eb Jun\u00ebs \u00ebsht\u00eb mjaft interesant. Ajo \u00ebsht\u00eb 31 vje\u00e7e dhe ka ikur jasht\u00eb para 12 vjet\u00ebsh, k\u00ebshtu q\u00eb prind\u00ebrit thon\u00eb se kan\u00eb humbur shum\u00eb vite t\u00eb r\u00ebnd\u00ebsishme t\u00eb jet\u00ebs [&hellip;]<\/p>\n","protected":false},"author":1,"featured_media":0,"comment_status":"open","ping_status":"closed","sticky":false,"template":"","format":"standard","meta":{"spay_email":"","jetpack_publicize_message":"","jetpack_is_tweetstorm":false,"jetpack_publicize_feature_enabled":true},"categories":[6502],"tags":[8937,5057,6506,6516,6712,7129,8939,8938,6891,6693,6887],"jetpack_publicize_connections":[],"yoast_head":"<!-- This site is optimized with the Yoast SEO plugin v19.1 - https:\/\/yoast.com\/wordpress\/plugins\/seo\/ -->\n<title>Babai i Jun\u00c3\u00abs rr\u00c3\u00abfen | Big Brother Albania 2<\/title>\n<meta name=\"description\" content=\"Big Brother Albania 2 -Juna, vajz\u00c3\u00ab q\u00c3\u00ab ia del vet\u00c3\u00ab p\u00c3\u00abr \u00c3\u00a7do gj\u00c3\u00ab. Prania e saj n\u00c3\u00ab \u00e2\u20ac\u0153Big Brother\u00e2\u20ac\u009d, nj\u00c3\u00ab mund\u00c3\u00absi p\u00c3\u00abr t\u00c3\u00ab par\u00c3\u00ab realitetin shqiptar\" \/>\n<meta name=\"robots\" content=\"index, follow, max-snippet:-1, max-image-preview:large, max-video-preview:-1\" \/>\n<link rel=\"canonical\" href=\"https:\/\/www.visit-ulcinj.com\/blog\/2009\/04\/11\/babai-i-junes-rrefen\/\" \/>\n<meta property=\"og:locale\" content=\"en_US\" \/>\n<meta property=\"og:type\" content=\"article\" \/>\n<meta property=\"og:title\" content=\"Babai i Jun\u00c3\u00abs rr\u00c3\u00abfen | Big Brother Albania 2\" \/>\n<meta property=\"og:description\" content=\"Big Brother Albania 2 -Juna, vajz\u00c3\u00ab q\u00c3\u00ab ia del vet\u00c3\u00ab p\u00c3\u00abr \u00c3\u00a7do gj\u00c3\u00ab. Prania e saj n\u00c3\u00ab \u00e2\u20ac\u0153Big Brother\u00e2\u20ac\u009d, nj\u00c3\u00ab mund\u00c3\u00absi p\u00c3\u00abr t\u00c3\u00ab par\u00c3\u00ab realitetin shqiptar\" \/>\n<meta property=\"og:url\" content=\"https:\/\/www.visit-ulcinj.com\/blog\/2009\/04\/11\/babai-i-junes-rrefen\/\" \/>\n<meta property=\"og:site_name\" content=\"Lajme nga Ulqini\" \/>\n<meta property=\"article:published_time\" content=\"2009-04-11T13:51:54+00:00\" \/>\n<meta property=\"article:modified_time\" content=\"2009-04-11T13:52:15+00:00\" \/>\n<meta property=\"og:image\" content=\"http:\/\/www.visit-ulcinj.com\/blog\/wp-content\/uploads\/2009\/04\/juna-dhe-bjordi-big-brother-albania.jpg\" \/>\n<meta name=\"twitter:label1\" content=\"Written by\" \/>\n\t<meta name=\"twitter:data1\" content=\"ulqini\" \/>\n\t<meta name=\"twitter:label2\" content=\"Est. reading time\" \/>\n\t<meta name=\"twitter:data2\" content=\"2 minutes\" \/>\n<script type=\"application\/ld+json\" class=\"yoast-schema-graph\">{\"@context\":\"https:\/\/schema.org\",\"@graph\":[{\"@type\":\"WebSite\",\"@id\":\"https:\/\/www.visit-ulcinj.com\/blog\/#website\",\"url\":\"https:\/\/www.visit-ulcinj.com\/blog\/\",\"name\":\"Lajme nga Ulqini\",\"description\":\"Lajme,Vijesti,Ulqini,Ulqin,Crna Gora,Mali i Zi\",\"potentialAction\":[{\"@type\":\"SearchAction\",\"target\":{\"@type\":\"EntryPoint\",\"urlTemplate\":\"https:\/\/www.visit-ulcinj.com\/blog\/?s={search_term_string}\"},\"query-input\":\"required name=search_term_string\"}],\"inLanguage\":\"en-US\"},{\"@type\":\"ImageObject\",\"inLanguage\":\"en-US\",\"@id\":\"https:\/\/www.visit-ulcinj.com\/blog\/2009\/04\/11\/babai-i-junes-rrefen\/#primaryimage\",\"url\":\"http:\/\/www.visit-ulcinj.com\/blog\/wp-content\/uploads\/2009\/04\/juna-dhe-bjordi-big-brother-albania.jpg\",\"contentUrl\":\"http:\/\/www.visit-ulcinj.com\/blog\/wp-content\/uploads\/2009\/04\/juna-dhe-bjordi-big-brother-albania.jpg\"},{\"@type\":\"WebPage\",\"@id\":\"https:\/\/www.visit-ulcinj.com\/blog\/2009\/04\/11\/babai-i-junes-rrefen\/#webpage\",\"url\":\"https:\/\/www.visit-ulcinj.com\/blog\/2009\/04\/11\/babai-i-junes-rrefen\/\",\"name\":\"Babai i Jun\u00c3\u00abs rr\u00c3\u00abfen | Big Brother Albania 2\",\"isPartOf\":{\"@id\":\"https:\/\/www.visit-ulcinj.com\/blog\/#website\"},\"primaryImageOfPage\":{\"@id\":\"https:\/\/www.visit-ulcinj.com\/blog\/2009\/04\/11\/babai-i-junes-rrefen\/#primaryimage\"},\"datePublished\":\"2009-04-11T13:51:54+00:00\",\"dateModified\":\"2009-04-11T13:52:15+00:00\",\"author\":{\"@id\":\"https:\/\/www.visit-ulcinj.com\/blog\/#\/schema\/person\/dcab619c614d3038751c63bc2aadc06d\"},\"description\":\"Big Brother Albania 2 -Juna, vajz\u00c3\u00ab q\u00c3\u00ab ia del vet\u00c3\u00ab p\u00c3\u00abr \u00c3\u00a7do gj\u00c3\u00ab. Prania e saj n\u00c3\u00ab \u00e2\u20ac\u0153Big Brother\u00e2\u20ac\u009d, nj\u00c3\u00ab mund\u00c3\u00absi p\u00c3\u00abr t\u00c3\u00ab par\u00c3\u00ab realitetin shqiptar\",\"breadcrumb\":{\"@id\":\"https:\/\/www.visit-ulcinj.com\/blog\/2009\/04\/11\/babai-i-junes-rrefen\/#breadcrumb\"},\"inLanguage\":\"en-US\",\"potentialAction\":[{\"@type\":\"ReadAction\",\"target\":[\"https:\/\/www.visit-ulcinj.com\/blog\/2009\/04\/11\/babai-i-junes-rrefen\/\"]}]},{\"@type\":\"BreadcrumbList\",\"@id\":\"https:\/\/www.visit-ulcinj.com\/blog\/2009\/04\/11\/babai-i-junes-rrefen\/#breadcrumb\",\"itemListElement\":[{\"@type\":\"ListItem\",\"position\":1,\"name\":\"Babai i Jun\u00ebs rr\u00ebfen\"}]},{\"@type\":\"Person\",\"@id\":\"https:\/\/www.visit-ulcinj.com\/blog\/#\/schema\/person\/dcab619c614d3038751c63bc2aadc06d\",\"name\":\"ulqini\",\"sameAs\":[\"http:\/\/www.visit-ulcinj.com\"],\"url\":\"https:\/\/www.visit-ulcinj.com\/blog\/author\/admin\/\"}]}<\/script>\n<!-- \/ Yoast SEO plugin. -->","yoast_head_json":{"title":"Babai i Jun\u00c3\u00abs rr\u00c3\u00abfen | Big Brother Albania 2","description":"Big Brother Albania 2 -Juna, vajz\u00c3\u00ab q\u00c3\u00ab ia del vet\u00c3\u00ab p\u00c3\u00abr \u00c3\u00a7do gj\u00c3\u00ab. Prania e saj n\u00c3\u00ab \u00e2\u20ac\u0153Big Brother\u00e2\u20ac\u009d, nj\u00c3\u00ab mund\u00c3\u00absi p\u00c3\u00abr t\u00c3\u00ab par\u00c3\u00ab realitetin shqiptar","robots":{"index":"index","follow":"follow","max-snippet":"max-snippet:-1","max-image-preview":"max-image-preview:large","max-video-preview":"max-video-preview:-1"},"canonical":"https:\/\/www.visit-ulcinj.com\/blog\/2009\/04\/11\/babai-i-junes-rrefen\/","og_locale":"en_US","og_type":"article","og_title":"Babai i Jun\u00c3\u00abs rr\u00c3\u00abfen | Big Brother Albania 2","og_description":"Big Brother Albania 2 -Juna, vajz\u00c3\u00ab q\u00c3\u00ab ia del vet\u00c3\u00ab p\u00c3\u00abr \u00c3\u00a7do gj\u00c3\u00ab. Prania e saj n\u00c3\u00ab \u00e2\u20ac\u0153Big Brother\u00e2\u20ac\u009d, nj\u00c3\u00ab mund\u00c3\u00absi p\u00c3\u00abr t\u00c3\u00ab par\u00c3\u00ab realitetin shqiptar","og_url":"https:\/\/www.visit-ulcinj.com\/blog\/2009\/04\/11\/babai-i-junes-rrefen\/","og_site_name":"Lajme nga Ulqini","article_published_time":"2009-04-11T13:51:54+00:00","article_modified_time":"2009-04-11T13:52:15+00:00","og_image":[{"url":"http:\/\/www.visit-ulcinj.com\/blog\/wp-content\/uploads\/2009\/04\/juna-dhe-bjordi-big-brother-albania.jpg"}],"twitter_misc":{"Written by":"ulqini","Est. reading time":"2 minutes"},"schema":{"@context":"https:\/\/schema.org","@graph":[{"@type":"WebSite","@id":"https:\/\/www.visit-ulcinj.com\/blog\/#website","url":"https:\/\/www.visit-ulcinj.com\/blog\/","name":"Lajme nga Ulqini","description":"Lajme,Vijesti,Ulqini,Ulqin,Crna Gora,Mali i Zi","potentialAction":[{"@type":"SearchAction","target":{"@type":"EntryPoint","urlTemplate":"https:\/\/www.visit-ulcinj.com\/blog\/?s={search_term_string}"},"query-input":"required name=search_term_string"}],"inLanguage":"en-US"},{"@type":"ImageObject","inLanguage":"en-US","@id":"https:\/\/www.visit-ulcinj.com\/blog\/2009\/04\/11\/babai-i-junes-rrefen\/#primaryimage","url":"http:\/\/www.visit-ulcinj.com\/blog\/wp-content\/uploads\/2009\/04\/juna-dhe-bjordi-big-brother-albania.jpg","contentUrl":"http:\/\/www.visit-ulcinj.com\/blog\/wp-content\/uploads\/2009\/04\/juna-dhe-bjordi-big-brother-albania.jpg"},{"@type":"WebPage","@id":"https:\/\/www.visit-ulcinj.com\/blog\/2009\/04\/11\/babai-i-junes-rrefen\/#webpage","url":"https:\/\/www.visit-ulcinj.com\/blog\/2009\/04\/11\/babai-i-junes-rrefen\/","name":"Babai i Jun\u00c3\u00abs rr\u00c3\u00abfen | Big Brother Albania 2","isPartOf":{"@id":"https:\/\/www.visit-ulcinj.com\/blog\/#website"},"primaryImageOfPage":{"@id":"https:\/\/www.visit-ulcinj.com\/blog\/2009\/04\/11\/babai-i-junes-rrefen\/#primaryimage"},"datePublished":"2009-04-11T13:51:54+00:00","dateModified":"2009-04-11T13:52:15+00:00","author":{"@id":"https:\/\/www.visit-ulcinj.com\/blog\/#\/schema\/person\/dcab619c614d3038751c63bc2aadc06d"},"description":"Big Brother Albania 2 -Juna, vajz\u00c3\u00ab q\u00c3\u00ab ia del vet\u00c3\u00ab p\u00c3\u00abr \u00c3\u00a7do gj\u00c3\u00ab. Prania e saj n\u00c3\u00ab \u00e2\u20ac\u0153Big Brother\u00e2\u20ac\u009d, nj\u00c3\u00ab mund\u00c3\u00absi p\u00c3\u00abr t\u00c3\u00ab par\u00c3\u00ab realitetin shqiptar","breadcrumb":{"@id":"https:\/\/www.visit-ulcinj.com\/blog\/2009\/04\/11\/babai-i-junes-rrefen\/#breadcrumb"},"inLanguage":"en-US","potentialAction":[{"@type":"ReadAction","target":["https:\/\/www.visit-ulcinj.com\/blog\/2009\/04\/11\/babai-i-junes-rrefen\/"]}]},{"@type":"BreadcrumbList","@id":"https:\/\/www.visit-ulcinj.com\/blog\/2009\/04\/11\/babai-i-junes-rrefen\/#breadcrumb","itemListElement":[{"@type":"ListItem","position":1,"name":"Babai i Jun\u00ebs rr\u00ebfen"}]},{"@type":"Person","@id":"https:\/\/www.visit-ulcinj.com\/blog\/#\/schema\/person\/dcab619c614d3038751c63bc2aadc06d","name":"ulqini","sameAs":["http:\/\/www.visit-ulcinj.com"],"url":"https:\/\/www.visit-ulcinj.com\/blog\/author\/admin\/"}]}},"jetpack_featured_media_url":"","jetpack_sharing_enabled":true,"jetpack_shortlink":"https:\/\/wp.me\/pe6lTn-4w1","_links":{"self":[{"href":"https:\/\/www.visit-ulcinj.com\/blog\/wp-json\/wp\/v2\/posts\/17361"}],"collection":[{"href":"https:\/\/www.visit-ulcinj.com\/blog\/wp-json\/wp\/v2\/posts"}],"about":[{"href":"https:\/\/www.visit-ulcinj.com\/blog\/wp-json\/wp\/v2\/types\/post"}],"author":[{"embeddable":true,"href":"https:\/\/www.visit-ulcinj.com\/blog\/wp-json\/wp\/v2\/users\/1"}],"replies":[{"embeddable":true,"href":"https:\/\/www.visit-ulcinj.com\/blog\/wp-json\/wp\/v2\/comments?post=17361"}],"version-history":[{"count":0,"href":"https:\/\/www.visit-ulcinj.com\/blog\/wp-json\/wp\/v2\/posts\/17361\/revisions"}],"wp:attachment":[{"href":"https:\/\/www.visit-ulcinj.com\/blog\/wp-json\/wp\/v2\/media?parent=17361"}],"wp:term":[{"taxonomy":"category","embeddable":true,"href":"https:\/\/www.visit-ulcinj.com\/blog\/wp-json\/wp\/v2\/categories?post=17361"},{"taxonomy":"post_tag","embeddable":true,"href":"https:\/\/www.visit-ulcinj.com\/blog\/wp-json\/wp\/v2\/tags?post=17361"}],"curies":[{"name":"wp","href":"https:\/\/api.w.org\/{rel}","templated":true}]}}