{"id":17372,"date":"2009-04-11T16:04:17","date_gmt":"2009-04-11T14:04:17","guid":{"rendered":"http:\/\/www.visit-ulcinj.com\/blog\/?p=17372"},"modified":"2009-04-24T19:08:03","modified_gmt":"2009-04-24T17:08:03","slug":"nxitje-per-nje-bashkepunim-edhe-me-te-mire","status":"publish","type":"post","link":"https:\/\/www.visit-ulcinj.com\/blog\/2009\/04\/11\/nxitje-per-nje-bashkepunim-edhe-me-te-mire\/","title":{"rendered":"Video &#8211; Nxitje p\u00ebr nj\u00eb bashk\u00ebpunim edhe m\u00eb t\u00eb mir\u00eb"},"content":{"rendered":"<p><a href=\"http:\/\/www.visit-ulcinj.com\/blog\/wp-content\/uploads\/2009\/04\/fran-camaj_nikolle-berishaj_anton-gojcaj.jpg\"><img loading=\"lazy\" class=\"alignleft size-full wp-image-17375\" title=\"fran-camaj_nikolle-berishaj_anton-gojcaj\" src=\"http:\/\/www.visit-ulcinj.com\/blog\/wp-content\/uploads\/2009\/04\/fran-camaj_nikolle-berishaj_anton-gojcaj.jpg\" alt=\"fran-camaj_nikolle-berishaj_anton-gojcaj\" width=\"370\" height=\"250\" \/><\/a>N\u00eb bibliotek\u00ebn \u201cmarin barleti\u201d n\u00eb Shkod\u00ebr u prezantuan veprat e disa autor\u00ebve nga Mal\u00ebsia<\/p>\n<p>P\u00ebr krijimtarin\u00eb e autor\u00ebve Fran Camaj, Nikoll\u00eb Berishaj, Anton Goj\u00e7aj dhe Rrok Berishaj fol\u00ebn Ridvan Dibra, Mimoza Priku, Erzen Sokoli, Alfred \u00c7apaliku dhe Fatmire Lekiqi.<\/p>\n<p>N\u00eb lokalet e bibliotek\u00ebs \u201cMarin Barleti\u201d, e cila ishte nj\u00ebkoh\u00ebsisht edhe organizatore, t\u00eb shtun\u00ebn m\u00eb 28 mars dashamir\u00ebve t\u00eb let\u00ebrsis\u00eb dhe kultur\u00ebs n\u00eb Shkod\u00ebr iu prezantuan disa shkrimtar\u00eb nga Mal\u00ebsia (trevat shqiptare n\u00eb Malin e Zi).<\/p>\n<p>P\u00ebr krijimtarin\u00eb letrare t\u00eb autor\u00ebve mal\u00ebsor\u00eb fol\u00ebn krijues dhe pedagog\u00eb t\u00eb shquar t\u00eb qytetit t\u00eb Shkodr\u00ebs. Prof. dr. Alfred \u00c7apaliku foli p\u00ebr studimin \u201cFakticiteti n\u00eb let\u00ebrsi \u2013 Proza letrare e Anton Harapit\u201d t\u00eb Anton Goj\u00e7ajt, kurse p\u00ebr romanet e Fran Camajt shpalosi p\u00ebrshtypjet e veta shkrimtari i njohur i let\u00ebrsis\u00eb bashk\u00ebkohore shqipe, Ridvan Dibra.<\/p>\n<p>Nj\u00eb v\u00ebshtrim t\u00eb dr. Tef\u00eb Topallit dhe dr. Mimoza Prikut mbi fjalorin sllovenisht- shqip t\u00eb Nikoll\u00eb Berishajt para publikut t\u00eb zgjedhur shkodran e lexoi zonja M. Priku. Nj\u00eb interpretim interesant mbi v\u00ebllimin poetik \u201cSub rosa dictum\u201d t\u00eb Nikoll\u00eb Berishajt e paraqiti zonja Erzen Sokoli, kurse mbi p\u00ebrmbledhjen e poezis\u00eb \u201cN\u00eb mes t\u00eb dit\u00ebs\u201d t\u00eb Rrok Berishajt referoi zonja Fatmire Lekiqi.<\/p>\n<p>Programin e moderoi drejtori i bibliotek\u00ebs \u201cMarin Barleti\u201d, Gjovalin \u00c7uni.<\/p>\n<p>M\u00eb pastaj shkrimtar\u00ebt nga Mal\u00ebsia shfryt\u00ebzuan rastin t\u00eb fal\u00ebnderojn\u00eb organizatorin p\u00ebr k\u00ebt\u00eb aktivitet t\u00eb r\u00ebnd\u00ebsish\u00ebm, t\u00eb cilin ata e cil\u00ebsuan si nj\u00eb nxitje p\u00ebr veprimtarin\u00eb e m\u00ebtejshme dhe nj\u00ebkoh\u00ebsisht si fillimin e nj\u00eb bashk\u00ebpunimi edhe m\u00eb t\u00eb mir\u00eb n\u00eb t\u00eb ardhmen.<\/p>\n<p>N\u00eb fund tre autor\u00ebt miq fal\u00ebnderuan edhe publikun q\u00eb me pjes\u00ebmarrjen e vet i dha pesh\u00eb edhe m\u00eb t\u00eb madhe k\u00ebsaj ngjarjeje.<\/p>\n<p><strong>(Kohapress)<\/strong><\/p>\n<p><strong><!--YouTube Error: bad URL entered--><br \/>\n<\/strong><\/p>\n","protected":false},"excerpt":{"rendered":"<p>N\u00eb bibliotek\u00ebn \u201cmarin barleti\u201d n\u00eb Shkod\u00ebr u prezantuan veprat e disa autor\u00ebve nga Mal\u00ebsia P\u00ebr krijimtarin\u00eb e autor\u00ebve Fran Camaj, Nikoll\u00eb Berishaj, Anton Goj\u00e7aj dhe Rrok Berishaj fol\u00ebn Ridvan Dibra, Mimoza Priku, Erzen Sokoli, Alfred \u00c7apaliku dhe Fatmire Lekiqi. N\u00eb lokalet e bibliotek\u00ebs \u201cMarin Barleti\u201d, e cila ishte nj\u00ebkoh\u00ebsisht edhe organizatore, t\u00eb shtun\u00ebn m\u00eb 28 [&hellip;]<\/p>\n","protected":false},"author":1,"featured_media":0,"comment_status":"open","ping_status":"closed","sticky":false,"template":"","format":"standard","meta":{"spay_email":"","jetpack_publicize_message":"","jetpack_is_tweetstorm":false,"jetpack_publicize_feature_enabled":true},"categories":[4],"tags":[8946,8945,8944,8947],"jetpack_publicize_connections":[],"yoast_head":"<!-- This site is optimized with the Yoast SEO plugin v19.1 - https:\/\/yoast.com\/wordpress\/plugins\/seo\/ -->\n<title>Video - Nxitje p\u00ebr nj\u00eb bashk\u00ebpunim edhe m\u00eb t\u00eb mir\u00eb - Lajme nga Ulqini<\/title>\n<meta name=\"description\" content=\"N\u00eb bibliotek\u00ebn \u201cmarin barleti\u201d n\u00eb Shkod\u00ebr u prezantuan veprat e disa autor\u00ebve nga Mal\u00ebsia P\u00ebr krijimtarin\u00eb e autor\u00ebve Fran Camaj, Nikoll\u00eb Berishaj, Anton\" \/>\n<meta name=\"robots\" content=\"index, follow, max-snippet:-1, max-image-preview:large, max-video-preview:-1\" \/>\n<link rel=\"canonical\" href=\"https:\/\/www.visit-ulcinj.com\/blog\/2009\/04\/11\/nxitje-per-nje-bashkepunim-edhe-me-te-mire\/\" \/>\n<meta property=\"og:locale\" content=\"en_US\" \/>\n<meta property=\"og:type\" content=\"article\" \/>\n<meta property=\"og:title\" content=\"Video - Nxitje p\u00ebr nj\u00eb bashk\u00ebpunim edhe m\u00eb t\u00eb mir\u00eb - Lajme nga Ulqini\" \/>\n<meta property=\"og:description\" content=\"N\u00eb bibliotek\u00ebn \u201cmarin barleti\u201d n\u00eb Shkod\u00ebr u prezantuan veprat e disa autor\u00ebve nga Mal\u00ebsia P\u00ebr krijimtarin\u00eb e autor\u00ebve Fran Camaj, Nikoll\u00eb Berishaj, Anton\" \/>\n<meta property=\"og:url\" content=\"https:\/\/www.visit-ulcinj.com\/blog\/2009\/04\/11\/nxitje-per-nje-bashkepunim-edhe-me-te-mire\/\" \/>\n<meta property=\"og:site_name\" content=\"Lajme nga Ulqini\" \/>\n<meta property=\"article:published_time\" content=\"2009-04-11T14:04:17+00:00\" \/>\n<meta property=\"article:modified_time\" content=\"2009-04-24T17:08:03+00:00\" \/>\n<meta property=\"og:image\" content=\"http:\/\/www.visit-ulcinj.com\/blog\/wp-content\/uploads\/2009\/04\/fran-camaj_nikolle-berishaj_anton-gojcaj.jpg\" \/>\n<meta name=\"twitter:label1\" content=\"Written by\" \/>\n\t<meta name=\"twitter:data1\" content=\"ulqini\" \/>\n\t<meta name=\"twitter:label2\" content=\"Est. reading time\" \/>\n\t<meta name=\"twitter:data2\" content=\"2 minutes\" \/>\n<script type=\"application\/ld+json\" class=\"yoast-schema-graph\">{\"@context\":\"https:\/\/schema.org\",\"@graph\":[{\"@type\":\"WebSite\",\"@id\":\"https:\/\/www.visit-ulcinj.com\/blog\/#website\",\"url\":\"https:\/\/www.visit-ulcinj.com\/blog\/\",\"name\":\"Lajme nga Ulqini\",\"description\":\"Lajme,Vijesti,Ulqini,Ulqin,Crna Gora,Mali i Zi\",\"potentialAction\":[{\"@type\":\"SearchAction\",\"target\":{\"@type\":\"EntryPoint\",\"urlTemplate\":\"https:\/\/www.visit-ulcinj.com\/blog\/?s={search_term_string}\"},\"query-input\":\"required name=search_term_string\"}],\"inLanguage\":\"en-US\"},{\"@type\":\"ImageObject\",\"inLanguage\":\"en-US\",\"@id\":\"https:\/\/www.visit-ulcinj.com\/blog\/2009\/04\/11\/nxitje-per-nje-bashkepunim-edhe-me-te-mire\/#primaryimage\",\"url\":\"https:\/\/www.visit-ulcinj.com\/blog\/wp-content\/uploads\/2009\/04\/fran-camaj_nikolle-berishaj_anton-gojcaj.jpg\",\"contentUrl\":\"https:\/\/www.visit-ulcinj.com\/blog\/wp-content\/uploads\/2009\/04\/fran-camaj_nikolle-berishaj_anton-gojcaj.jpg\",\"width\":\"300\",\"height\":\"176\"},{\"@type\":\"WebPage\",\"@id\":\"https:\/\/www.visit-ulcinj.com\/blog\/2009\/04\/11\/nxitje-per-nje-bashkepunim-edhe-me-te-mire\/#webpage\",\"url\":\"https:\/\/www.visit-ulcinj.com\/blog\/2009\/04\/11\/nxitje-per-nje-bashkepunim-edhe-me-te-mire\/\",\"name\":\"Video - Nxitje p\u00ebr nj\u00eb bashk\u00ebpunim edhe m\u00eb t\u00eb mir\u00eb - Lajme nga Ulqini\",\"isPartOf\":{\"@id\":\"https:\/\/www.visit-ulcinj.com\/blog\/#website\"},\"primaryImageOfPage\":{\"@id\":\"https:\/\/www.visit-ulcinj.com\/blog\/2009\/04\/11\/nxitje-per-nje-bashkepunim-edhe-me-te-mire\/#primaryimage\"},\"datePublished\":\"2009-04-11T14:04:17+00:00\",\"dateModified\":\"2009-04-24T17:08:03+00:00\",\"author\":{\"@id\":\"https:\/\/www.visit-ulcinj.com\/blog\/#\/schema\/person\/dcab619c614d3038751c63bc2aadc06d\"},\"description\":\"N\u00eb bibliotek\u00ebn \u201cmarin barleti\u201d n\u00eb Shkod\u00ebr u prezantuan veprat e disa autor\u00ebve nga Mal\u00ebsia P\u00ebr krijimtarin\u00eb e autor\u00ebve Fran Camaj, Nikoll\u00eb Berishaj, Anton\",\"breadcrumb\":{\"@id\":\"https:\/\/www.visit-ulcinj.com\/blog\/2009\/04\/11\/nxitje-per-nje-bashkepunim-edhe-me-te-mire\/#breadcrumb\"},\"inLanguage\":\"en-US\",\"potentialAction\":[{\"@type\":\"ReadAction\",\"target\":[\"https:\/\/www.visit-ulcinj.com\/blog\/2009\/04\/11\/nxitje-per-nje-bashkepunim-edhe-me-te-mire\/\"]}]},{\"@type\":\"BreadcrumbList\",\"@id\":\"https:\/\/www.visit-ulcinj.com\/blog\/2009\/04\/11\/nxitje-per-nje-bashkepunim-edhe-me-te-mire\/#breadcrumb\",\"itemListElement\":[{\"@type\":\"ListItem\",\"position\":1,\"name\":\"Video &#8211; Nxitje p\u00ebr nj\u00eb bashk\u00ebpunim edhe m\u00eb t\u00eb mir\u00eb\"}]},{\"@type\":\"Person\",\"@id\":\"https:\/\/www.visit-ulcinj.com\/blog\/#\/schema\/person\/dcab619c614d3038751c63bc2aadc06d\",\"name\":\"ulqini\",\"sameAs\":[\"http:\/\/www.visit-ulcinj.com\"],\"url\":\"https:\/\/www.visit-ulcinj.com\/blog\/author\/admin\/\"}]}<\/script>\n<!-- \/ Yoast SEO plugin. -->","yoast_head_json":{"title":"Video - Nxitje p\u00ebr nj\u00eb bashk\u00ebpunim edhe m\u00eb t\u00eb mir\u00eb - Lajme nga Ulqini","description":"N\u00eb bibliotek\u00ebn \u201cmarin barleti\u201d n\u00eb Shkod\u00ebr u prezantuan veprat e disa autor\u00ebve nga Mal\u00ebsia P\u00ebr krijimtarin\u00eb e autor\u00ebve Fran Camaj, Nikoll\u00eb Berishaj, Anton","robots":{"index":"index","follow":"follow","max-snippet":"max-snippet:-1","max-image-preview":"max-image-preview:large","max-video-preview":"max-video-preview:-1"},"canonical":"https:\/\/www.visit-ulcinj.com\/blog\/2009\/04\/11\/nxitje-per-nje-bashkepunim-edhe-me-te-mire\/","og_locale":"en_US","og_type":"article","og_title":"Video - Nxitje p\u00ebr nj\u00eb bashk\u00ebpunim edhe m\u00eb t\u00eb mir\u00eb - Lajme nga Ulqini","og_description":"N\u00eb bibliotek\u00ebn \u201cmarin barleti\u201d n\u00eb Shkod\u00ebr u prezantuan veprat e disa autor\u00ebve nga Mal\u00ebsia P\u00ebr krijimtarin\u00eb e autor\u00ebve Fran Camaj, Nikoll\u00eb Berishaj, Anton","og_url":"https:\/\/www.visit-ulcinj.com\/blog\/2009\/04\/11\/nxitje-per-nje-bashkepunim-edhe-me-te-mire\/","og_site_name":"Lajme nga Ulqini","article_published_time":"2009-04-11T14:04:17+00:00","article_modified_time":"2009-04-24T17:08:03+00:00","og_image":[{"url":"http:\/\/www.visit-ulcinj.com\/blog\/wp-content\/uploads\/2009\/04\/fran-camaj_nikolle-berishaj_anton-gojcaj.jpg"}],"twitter_misc":{"Written by":"ulqini","Est. reading time":"2 minutes"},"schema":{"@context":"https:\/\/schema.org","@graph":[{"@type":"WebSite","@id":"https:\/\/www.visit-ulcinj.com\/blog\/#website","url":"https:\/\/www.visit-ulcinj.com\/blog\/","name":"Lajme nga Ulqini","description":"Lajme,Vijesti,Ulqini,Ulqin,Crna Gora,Mali i Zi","potentialAction":[{"@type":"SearchAction","target":{"@type":"EntryPoint","urlTemplate":"https:\/\/www.visit-ulcinj.com\/blog\/?s={search_term_string}"},"query-input":"required name=search_term_string"}],"inLanguage":"en-US"},{"@type":"ImageObject","inLanguage":"en-US","@id":"https:\/\/www.visit-ulcinj.com\/blog\/2009\/04\/11\/nxitje-per-nje-bashkepunim-edhe-me-te-mire\/#primaryimage","url":"https:\/\/www.visit-ulcinj.com\/blog\/wp-content\/uploads\/2009\/04\/fran-camaj_nikolle-berishaj_anton-gojcaj.jpg","contentUrl":"https:\/\/www.visit-ulcinj.com\/blog\/wp-content\/uploads\/2009\/04\/fran-camaj_nikolle-berishaj_anton-gojcaj.jpg","width":"300","height":"176"},{"@type":"WebPage","@id":"https:\/\/www.visit-ulcinj.com\/blog\/2009\/04\/11\/nxitje-per-nje-bashkepunim-edhe-me-te-mire\/#webpage","url":"https:\/\/www.visit-ulcinj.com\/blog\/2009\/04\/11\/nxitje-per-nje-bashkepunim-edhe-me-te-mire\/","name":"Video - Nxitje p\u00ebr nj\u00eb bashk\u00ebpunim edhe m\u00eb t\u00eb mir\u00eb - Lajme nga Ulqini","isPartOf":{"@id":"https:\/\/www.visit-ulcinj.com\/blog\/#website"},"primaryImageOfPage":{"@id":"https:\/\/www.visit-ulcinj.com\/blog\/2009\/04\/11\/nxitje-per-nje-bashkepunim-edhe-me-te-mire\/#primaryimage"},"datePublished":"2009-04-11T14:04:17+00:00","dateModified":"2009-04-24T17:08:03+00:00","author":{"@id":"https:\/\/www.visit-ulcinj.com\/blog\/#\/schema\/person\/dcab619c614d3038751c63bc2aadc06d"},"description":"N\u00eb bibliotek\u00ebn \u201cmarin barleti\u201d n\u00eb Shkod\u00ebr u prezantuan veprat e disa autor\u00ebve nga Mal\u00ebsia P\u00ebr krijimtarin\u00eb e autor\u00ebve Fran Camaj, Nikoll\u00eb Berishaj, Anton","breadcrumb":{"@id":"https:\/\/www.visit-ulcinj.com\/blog\/2009\/04\/11\/nxitje-per-nje-bashkepunim-edhe-me-te-mire\/#breadcrumb"},"inLanguage":"en-US","potentialAction":[{"@type":"ReadAction","target":["https:\/\/www.visit-ulcinj.com\/blog\/2009\/04\/11\/nxitje-per-nje-bashkepunim-edhe-me-te-mire\/"]}]},{"@type":"BreadcrumbList","@id":"https:\/\/www.visit-ulcinj.com\/blog\/2009\/04\/11\/nxitje-per-nje-bashkepunim-edhe-me-te-mire\/#breadcrumb","itemListElement":[{"@type":"ListItem","position":1,"name":"Video &#8211; Nxitje p\u00ebr nj\u00eb bashk\u00ebpunim edhe m\u00eb t\u00eb mir\u00eb"}]},{"@type":"Person","@id":"https:\/\/www.visit-ulcinj.com\/blog\/#\/schema\/person\/dcab619c614d3038751c63bc2aadc06d","name":"ulqini","sameAs":["http:\/\/www.visit-ulcinj.com"],"url":"https:\/\/www.visit-ulcinj.com\/blog\/author\/admin\/"}]}},"jetpack_featured_media_url":"","jetpack_sharing_enabled":true,"jetpack_shortlink":"https:\/\/wp.me\/pe6lTn-4wc","_links":{"self":[{"href":"https:\/\/www.visit-ulcinj.com\/blog\/wp-json\/wp\/v2\/posts\/17372"}],"collection":[{"href":"https:\/\/www.visit-ulcinj.com\/blog\/wp-json\/wp\/v2\/posts"}],"about":[{"href":"https:\/\/www.visit-ulcinj.com\/blog\/wp-json\/wp\/v2\/types\/post"}],"author":[{"embeddable":true,"href":"https:\/\/www.visit-ulcinj.com\/blog\/wp-json\/wp\/v2\/users\/1"}],"replies":[{"embeddable":true,"href":"https:\/\/www.visit-ulcinj.com\/blog\/wp-json\/wp\/v2\/comments?post=17372"}],"version-history":[{"count":0,"href":"https:\/\/www.visit-ulcinj.com\/blog\/wp-json\/wp\/v2\/posts\/17372\/revisions"}],"wp:attachment":[{"href":"https:\/\/www.visit-ulcinj.com\/blog\/wp-json\/wp\/v2\/media?parent=17372"}],"wp:term":[{"taxonomy":"category","embeddable":true,"href":"https:\/\/www.visit-ulcinj.com\/blog\/wp-json\/wp\/v2\/categories?post=17372"},{"taxonomy":"post_tag","embeddable":true,"href":"https:\/\/www.visit-ulcinj.com\/blog\/wp-json\/wp\/v2\/tags?post=17372"}],"curies":[{"name":"wp","href":"https:\/\/api.w.org\/{rel}","templated":true}]}}