{"id":17376,"date":"2009-04-11T16:05:28","date_gmt":"2009-04-11T14:05:28","guid":{"rendered":"http:\/\/www.visit-ulcinj.com\/blog\/?p=17376"},"modified":"2009-04-11T16:05:28","modified_gmt":"2009-04-11T14:05:28","slug":"ditet-e-para-te-arit-ne-shtepine-e-big-brother","status":"publish","type":"post","link":"https:\/\/www.visit-ulcinj.com\/blog\/2009\/04\/11\/ditet-e-para-te-arit-ne-shtepine-e-big-brother\/","title":{"rendered":"Dit\u00ebt e para t\u00eb Arit n\u00eb sht\u00ebpin\u00eb e &#8220;Big Brother&#8221;"},"content":{"rendered":"<p>\u00a0<\/p>\n<p class=\"MsoNormal\"><a href=\"http:\/\/www.visit-ulcinj.com\/blog\/wp-content\/uploads\/2009\/04\/arjan-rreze.jpg\"><img loading=\"lazy\" class=\"alignleft size-full wp-image-17378\" title=\"arjan-rreze-big-brother-albania-2\" src=\"http:\/\/www.visit-ulcinj.com\/blog\/wp-content\/uploads\/2009\/04\/arjan-rreze.jpg\" alt=\"arjan-rreze-big-brother-albania-2\" width=\"350\" height=\"460\" \/><\/a><em>Rr\u00ebfimi i Arjanit : Edukat\u00ebn e kam nga babai im<\/em><\/p>\n<p class=\"MsoNormal\">Arjan Bakalli, nj\u00eb nga banor\u00ebt m\u00eb t\u00eb rinj, i cili ndodhet brenda sht\u00ebpis\u00eb s\u00eb \u201cBig Brother\u201d vet\u00ebm prej nj\u00eb jave, ka b\u00ebr\u00eb tregimin e tij t\u00eb par\u00eb rreth jet\u00ebs s\u00eb tij n\u00eb dhom\u00ebn e rr\u00ebfimit. Ai tregon se ka filluar t\u00eb ndihet mir\u00eb me t\u00eb gjith\u00eb banor\u00ebt e sht\u00ebpis\u00eb, por m\u00eb af\u00ebr ndihet me Jun\u00ebn. \u201cNdoshta sepse ajo vjen nga jasht\u00eb, ashtu si dhe un\u00eb, dhe kush jeton jasht\u00eb, ka tjet\u00ebr reflektim mbi Shqip\u00ebrin\u00eb dhe p\u00ebr jet\u00ebn k\u00ebtu\u201d. Arjani tregon se : \u201cKur isha jasht\u00eb, nuk i ndiqja shum\u00eb. M\u00eb tep\u00ebr shikoja p\u00ebrmbledhjet q\u00eb transmetoheshin n\u00eb \u2018Top Channel\u2019 dhe ato q\u00eb botoheshin p\u00ebrdit\u00eb n\u00eb gazet\u00ebn \u2018Shqip\u2019. Tani q\u00eb jam brenda, banor\u00ebt m\u00eb duken m\u00eb mir\u00eb se jasht\u00eb. Edhe pse Toni m\u00eb tha t\u00eb kem kujdes nga Qetsori dhe Arjoni, se i kishte d\u00ebgjuar t\u00eb flisnin p\u00ebr mua\u2026 por nuk shqet\u00ebsohem aspak nga kjo gj\u00eb\u201d, vazhdon rr\u00ebfimin e tij Arjani, i cili zbulon q\u00ebllimin e p\u00ebrfshirjes s\u00eb tij n\u00eb \u201cBig Brother\u201d.<\/p>\n<p class=\"MsoNormal\">\u201cT\u00eb them t\u00eb drejt\u00ebn, un\u00eb nuk kam hyr\u00eb k\u00ebtu p\u00ebr parat\u00eb, por p\u00ebr fitoren si koncept. Natyrisht q\u00eb parat\u00eb m\u00eb duhen, pasi duhet t\u00eb mbaroj shkoll\u00ebn n\u00eb Franc\u00eb, por ajo q\u00eb m\u00eb intereson m\u00eb shum\u00eb \u00ebsht\u00eb fitorja dhe perceptimi i publikut p\u00ebr mua\u201d. N\u00eb fakt, Arjani duket se ka hyr\u00eb n\u00eb \u201cBig Brother\u201d p\u00ebr t\u00eb rigjetur forc\u00ebn p\u00ebr t\u00eb ecur p\u00ebrpara. \u201cKam koh\u00eb q\u00eb e kam humbur d\u00ebshir\u00ebn p\u00ebr t\u00eb luftuar, jam b\u00ebr\u00eb pasiv. Ka dhe nj\u00eb tjet\u00ebr arsye, ai rr\u00ebfen se k\u00ebrkon ta b\u00ebj\u00eb \u201creality show\u201d-n tem\u00eb t\u00eb diplom\u00ebs s\u00eb tij. \u201cNj\u00eb jav\u00eb para se t\u00eb hyja n\u00eb \u2018Big Brother\u2019, isha n\u00eb Paris dhe takova profesorin tim. I thash\u00eb se kisha d\u00ebshir\u00eb t\u00eb b\u00ebja si tem\u00eb pik\u00ebrisht BB, duke marr\u00eb pjes\u00eb vet\u00eb dhe n\u00eb fund t\u00eb dor\u00ebzoja nj\u00eb dvd me pjes\u00eb t\u00eb ndryshme nga BB, t\u00eb shoq\u00ebruara me nj\u00eb studim rreth 20 faqe. Profesori u ekzaltua dhe m\u00eb mb\u00ebshteti\u201d. Arjani shprehet se e ka fam\u00ebn e tij, natyrisht p\u00ebr ata njer\u00ebz q\u00eb e rrethojn\u00eb. Megjithat\u00eb, fama n\u00eb konceptin popullor t\u00eb fjal\u00ebs nuk \u00ebsht\u00eb e pad\u00ebshiruar p\u00ebr t\u00eb. \u201cKur m\u00ebsova sa vet\u00eb votojn\u00eb p\u00ebr banor\u00ebt, at\u00ebher\u00eb thash\u00eb me vete: N\u00ebse un\u00eb votohem nga 2.5 milion\u00eb njer\u00ebz, \u00ebsht\u00eb nj\u00ebsoj si t\u00eb votohem President\u201d. Por duke vijuar me shaka, Ari hedh posht\u00eb iden\u00eb e p\u00ebrfshirjes n\u00eb nj\u00eb parti me rastin e fushat\u00ebs q\u00eb po afron.<\/p>\n<p class=\"MsoNormal\">Duke folur p\u00ebr veten, Arjani rr\u00ebfen: \u201cShpesh jam njeri shum\u00eb i pap\u00eblqyer p\u00ebr disa, pasi u dukem mendjemadh, por un\u00eb nuk shtirem dot. Ajo q\u00eb nuk duroj dot \u00ebsht\u00eb kur m\u00eb prekin n\u00eb karakter dhe n\u00eb luajalitetin tim. N\u00ebse m\u00eb v\u00ebn\u00eb n\u00eb dyshim ato q\u00eb them, \u00e7mendem fare\u201d. Gjat\u00eb rr\u00ebfimit, Arjani tregon edhe p\u00ebr familjen e tij. \u201cBabai im \u00ebsht\u00eb rritur n\u00eb nj\u00eb sht\u00ebpi t\u00eb madhe, borgjeze dhe me hierarki. Respektohej femra, por prania e babait dhe e gjyshit ishte kryesore. Un\u00eb vet\u00eb jam rritur n\u00eb nj\u00eb sht\u00ebpi 200-vje\u00e7are, mbushur me skulptura. Vazhdimisht m\u00eb thuhej se shkolla \u00ebsht\u00eb shum\u00eb e r\u00ebnd\u00ebsishme. T\u00eb them t\u00eb drejt\u00ebn, tani e ndiej v\u00ebrtet q\u00eb paskam mbiem\u00ebr me vlera\u201d. Nj\u00eb lidhje e fort\u00eb ka ekzistuar mes Arjanit dhe babait t\u00eb tij: \u201cIm at\u00eb ka qen\u00eb njeri korrekt. Edukat\u00ebn e kam t\u00eb gjith\u00eb nga ai. Kur isha adoleshent, m\u00eb tha: \u2018Kjo \u00ebsht\u00eb dhoma jote dhe dua q\u00eb kur t\u00eb njoh\u00ebsh ndonj\u00eb fem\u00ebr, t\u00eb vish k\u00ebtu n\u00eb dhom\u00ebn t\u00ebnde, n\u00eb sht\u00ebpin\u00eb t\u00ebnde dhe t\u00eb mos shkosh lart e posht\u00eb\u2019. Ose m\u00eb thoshte: \u2018Kurr\u00eb mos e g\u00ebnje nj\u00eb fem\u00ebr\u2019, apo \u2018Merr vet\u00ebm pjes\u00ebn t\u00ebnde\u2019. Babai im e adhuronte notin, femrat dhe artin. Vuajti shum\u00eb nga sistemi, sepse ia hoqi at\u00eb m\u00ebnyr\u00eb jetese, por fal\u00eb xhaxhait tim, q\u00eb n\u00eb at\u00eb koh\u00eb ishte nj\u00eb nga doktor\u00ebt m\u00eb t\u00eb mir\u00eb n\u00eb Shqip\u00ebri, shp\u00ebtuam nga internimi. N\u00ebse arrij t\u00eb b\u00ebj aq sa ka b\u00ebr\u00eb im at\u00eb, them se do jem i k\u00ebnaqur dhe them se edhe ai do t\u00eb jet\u00eb i k\u00ebnaqur\u201d, shprehet Arjani. Ai kujton gjithashtu momentet e fundit me t\u00eb atin: \u201cDy dit\u00eb para se t\u00eb vdiste, erdhi n\u00eb dhom\u00eb dhe m\u00eb b\u00ebri v\u00ebrejtje p\u00ebr veshjen, se nuk i kisha kombinuar mir\u00eb ngjyrat. Kur e kujtoj tani, nuk kam trishtim. Ndiej vet\u00ebm mall dhe respekt\u201d (p\u00ebrlotet).\u00a0<\/p>\n","protected":false},"excerpt":{"rendered":"<p>\u00a0 Rr\u00ebfimi i Arjanit : Edukat\u00ebn e kam nga babai im Arjan Bakalli, nj\u00eb nga banor\u00ebt m\u00eb t\u00eb rinj, i cili ndodhet brenda sht\u00ebpis\u00eb s\u00eb \u201cBig Brother\u201d vet\u00ebm prej nj\u00eb jave, ka b\u00ebr\u00eb tregimin e tij t\u00eb par\u00eb rreth jet\u00ebs s\u00eb tij n\u00eb dhom\u00ebn e rr\u00ebfimit. Ai tregon se ka filluar t\u00eb ndihet mir\u00eb me [&hellip;]<\/p>\n","protected":false},"author":1,"featured_media":0,"comment_status":"open","ping_status":"closed","sticky":false,"template":"","format":"standard","meta":{"spay_email":"","jetpack_publicize_message":"","jetpack_is_tweetstorm":false,"jetpack_publicize_feature_enabled":true},"categories":[6502],"tags":[8949,8784,8950,8934,5057,6506,6516,6712,7129,8948,8951,6891,6693,6887],"jetpack_publicize_connections":[],"yoast_head":"<!-- This site is optimized with the Yoast SEO plugin v19.1 - https:\/\/yoast.com\/wordpress\/plugins\/seo\/ -->\n<title>Dit\u00c3\u00abt e para t\u00c3\u00ab Arit n\u00c3\u00ab sht\u00c3\u00abpin\u00c3\u00ab e &quot;Big Brother&quot; | Big Brother Albania 2<\/title>\n<meta name=\"description\" content=\"Big Brother Albania 2 - Arjan Bakalli, nj\u00c3\u00ab nga banor\u00c3\u00abt m\u00c3\u00ab t\u00c3\u00ab rinj, i cili ndodhet brenda sht\u00c3\u00abpis\u00c3\u00ab s\u00c3\u00ab \u00e2\u20ac\u0153Big Brother\u00e2\u20ac\u009d vet\u00c3\u00abm prej nj\u00c3\u00ab jave, ka b\u00c3\u00abr\u00c3\u00ab tregimin e tij t\u00c3\u00ab par\u00c3\u00ab rreth jet\u00c3\u00abs s\u00c3\u00ab tij n\u00c3\u00ab dhom\u00c3\u00abn e rr\u00c3\u00abfimit\" \/>\n<meta name=\"robots\" content=\"index, follow, max-snippet:-1, max-image-preview:large, max-video-preview:-1\" \/>\n<link rel=\"canonical\" href=\"https:\/\/www.visit-ulcinj.com\/blog\/2009\/04\/11\/ditet-e-para-te-arit-ne-shtepine-e-big-brother\/\" \/>\n<meta property=\"og:locale\" content=\"en_US\" \/>\n<meta property=\"og:type\" content=\"article\" \/>\n<meta property=\"og:title\" content=\"Dit\u00c3\u00abt e para t\u00c3\u00ab Arit n\u00c3\u00ab sht\u00c3\u00abpin\u00c3\u00ab e &quot;Big Brother&quot; | Big Brother Albania 2\" \/>\n<meta property=\"og:description\" content=\"Big Brother Albania 2 - Arjan Bakalli, nj\u00c3\u00ab nga banor\u00c3\u00abt m\u00c3\u00ab t\u00c3\u00ab rinj, i cili ndodhet brenda sht\u00c3\u00abpis\u00c3\u00ab s\u00c3\u00ab \u00e2\u20ac\u0153Big Brother\u00e2\u20ac\u009d vet\u00c3\u00abm prej nj\u00c3\u00ab jave, ka b\u00c3\u00abr\u00c3\u00ab tregimin e tij t\u00c3\u00ab par\u00c3\u00ab rreth jet\u00c3\u00abs s\u00c3\u00ab tij n\u00c3\u00ab dhom\u00c3\u00abn e rr\u00c3\u00abfimit\" \/>\n<meta property=\"og:url\" content=\"https:\/\/www.visit-ulcinj.com\/blog\/2009\/04\/11\/ditet-e-para-te-arit-ne-shtepine-e-big-brother\/\" \/>\n<meta property=\"og:site_name\" content=\"Lajme nga Ulqini\" \/>\n<meta property=\"article:published_time\" content=\"2009-04-11T14:05:28+00:00\" \/>\n<meta property=\"og:image\" content=\"http:\/\/www.visit-ulcinj.com\/blog\/wp-content\/uploads\/2009\/04\/arjan-rreze.jpg\" \/>\n<meta name=\"twitter:label1\" content=\"Written by\" \/>\n\t<meta name=\"twitter:data1\" content=\"ulqini\" \/>\n\t<meta name=\"twitter:label2\" content=\"Est. reading time\" \/>\n\t<meta name=\"twitter:data2\" content=\"4 minutes\" \/>\n<script type=\"application\/ld+json\" class=\"yoast-schema-graph\">{\"@context\":\"https:\/\/schema.org\",\"@graph\":[{\"@type\":\"WebSite\",\"@id\":\"https:\/\/www.visit-ulcinj.com\/blog\/#website\",\"url\":\"https:\/\/www.visit-ulcinj.com\/blog\/\",\"name\":\"Lajme nga Ulqini\",\"description\":\"Lajme,Vijesti,Ulqini,Ulqin,Crna Gora,Mali i Zi\",\"potentialAction\":[{\"@type\":\"SearchAction\",\"target\":{\"@type\":\"EntryPoint\",\"urlTemplate\":\"https:\/\/www.visit-ulcinj.com\/blog\/?s={search_term_string}\"},\"query-input\":\"required name=search_term_string\"}],\"inLanguage\":\"en-US\"},{\"@type\":\"ImageObject\",\"inLanguage\":\"en-US\",\"@id\":\"https:\/\/www.visit-ulcinj.com\/blog\/2009\/04\/11\/ditet-e-para-te-arit-ne-shtepine-e-big-brother\/#primaryimage\",\"url\":\"http:\/\/www.visit-ulcinj.com\/blog\/wp-content\/uploads\/2009\/04\/arjan-rreze.jpg\",\"contentUrl\":\"http:\/\/www.visit-ulcinj.com\/blog\/wp-content\/uploads\/2009\/04\/arjan-rreze.jpg\"},{\"@type\":\"WebPage\",\"@id\":\"https:\/\/www.visit-ulcinj.com\/blog\/2009\/04\/11\/ditet-e-para-te-arit-ne-shtepine-e-big-brother\/#webpage\",\"url\":\"https:\/\/www.visit-ulcinj.com\/blog\/2009\/04\/11\/ditet-e-para-te-arit-ne-shtepine-e-big-brother\/\",\"name\":\"Dit\u00c3\u00abt e para t\u00c3\u00ab Arit n\u00c3\u00ab sht\u00c3\u00abpin\u00c3\u00ab e \\\"Big Brother\\\" | Big Brother Albania 2\",\"isPartOf\":{\"@id\":\"https:\/\/www.visit-ulcinj.com\/blog\/#website\"},\"primaryImageOfPage\":{\"@id\":\"https:\/\/www.visit-ulcinj.com\/blog\/2009\/04\/11\/ditet-e-para-te-arit-ne-shtepine-e-big-brother\/#primaryimage\"},\"datePublished\":\"2009-04-11T14:05:28+00:00\",\"dateModified\":\"2009-04-11T14:05:28+00:00\",\"author\":{\"@id\":\"https:\/\/www.visit-ulcinj.com\/blog\/#\/schema\/person\/dcab619c614d3038751c63bc2aadc06d\"},\"description\":\"Big Brother Albania 2 - Arjan Bakalli, nj\u00c3\u00ab nga banor\u00c3\u00abt m\u00c3\u00ab t\u00c3\u00ab rinj, i cili ndodhet brenda sht\u00c3\u00abpis\u00c3\u00ab s\u00c3\u00ab \u00e2\u20ac\u0153Big Brother\u00e2\u20ac\u009d vet\u00c3\u00abm prej nj\u00c3\u00ab jave, ka b\u00c3\u00abr\u00c3\u00ab tregimin e tij t\u00c3\u00ab par\u00c3\u00ab rreth jet\u00c3\u00abs s\u00c3\u00ab tij n\u00c3\u00ab dhom\u00c3\u00abn e rr\u00c3\u00abfimit\",\"breadcrumb\":{\"@id\":\"https:\/\/www.visit-ulcinj.com\/blog\/2009\/04\/11\/ditet-e-para-te-arit-ne-shtepine-e-big-brother\/#breadcrumb\"},\"inLanguage\":\"en-US\",\"potentialAction\":[{\"@type\":\"ReadAction\",\"target\":[\"https:\/\/www.visit-ulcinj.com\/blog\/2009\/04\/11\/ditet-e-para-te-arit-ne-shtepine-e-big-brother\/\"]}]},{\"@type\":\"BreadcrumbList\",\"@id\":\"https:\/\/www.visit-ulcinj.com\/blog\/2009\/04\/11\/ditet-e-para-te-arit-ne-shtepine-e-big-brother\/#breadcrumb\",\"itemListElement\":[{\"@type\":\"ListItem\",\"position\":1,\"name\":\"Dit\u00ebt e para t\u00eb Arit n\u00eb sht\u00ebpin\u00eb e &#8220;Big Brother&#8221;\"}]},{\"@type\":\"Person\",\"@id\":\"https:\/\/www.visit-ulcinj.com\/blog\/#\/schema\/person\/dcab619c614d3038751c63bc2aadc06d\",\"name\":\"ulqini\",\"sameAs\":[\"http:\/\/www.visit-ulcinj.com\"],\"url\":\"https:\/\/www.visit-ulcinj.com\/blog\/author\/admin\/\"}]}<\/script>\n<!-- \/ Yoast SEO plugin. -->","yoast_head_json":{"title":"Dit\u00c3\u00abt e para t\u00c3\u00ab Arit n\u00c3\u00ab sht\u00c3\u00abpin\u00c3\u00ab e \"Big Brother\" | Big Brother Albania 2","description":"Big Brother Albania 2 - Arjan Bakalli, nj\u00c3\u00ab nga banor\u00c3\u00abt m\u00c3\u00ab t\u00c3\u00ab rinj, i cili ndodhet brenda sht\u00c3\u00abpis\u00c3\u00ab s\u00c3\u00ab \u00e2\u20ac\u0153Big Brother\u00e2\u20ac\u009d vet\u00c3\u00abm prej nj\u00c3\u00ab jave, ka b\u00c3\u00abr\u00c3\u00ab tregimin e tij t\u00c3\u00ab par\u00c3\u00ab rreth jet\u00c3\u00abs s\u00c3\u00ab tij n\u00c3\u00ab dhom\u00c3\u00abn e rr\u00c3\u00abfimit","robots":{"index":"index","follow":"follow","max-snippet":"max-snippet:-1","max-image-preview":"max-image-preview:large","max-video-preview":"max-video-preview:-1"},"canonical":"https:\/\/www.visit-ulcinj.com\/blog\/2009\/04\/11\/ditet-e-para-te-arit-ne-shtepine-e-big-brother\/","og_locale":"en_US","og_type":"article","og_title":"Dit\u00c3\u00abt e para t\u00c3\u00ab Arit n\u00c3\u00ab sht\u00c3\u00abpin\u00c3\u00ab e \"Big Brother\" | Big Brother Albania 2","og_description":"Big Brother Albania 2 - Arjan Bakalli, nj\u00c3\u00ab nga banor\u00c3\u00abt m\u00c3\u00ab t\u00c3\u00ab rinj, i cili ndodhet brenda sht\u00c3\u00abpis\u00c3\u00ab s\u00c3\u00ab \u00e2\u20ac\u0153Big Brother\u00e2\u20ac\u009d vet\u00c3\u00abm prej nj\u00c3\u00ab jave, ka b\u00c3\u00abr\u00c3\u00ab tregimin e tij t\u00c3\u00ab par\u00c3\u00ab rreth jet\u00c3\u00abs s\u00c3\u00ab tij n\u00c3\u00ab dhom\u00c3\u00abn e rr\u00c3\u00abfimit","og_url":"https:\/\/www.visit-ulcinj.com\/blog\/2009\/04\/11\/ditet-e-para-te-arit-ne-shtepine-e-big-brother\/","og_site_name":"Lajme nga Ulqini","article_published_time":"2009-04-11T14:05:28+00:00","og_image":[{"url":"http:\/\/www.visit-ulcinj.com\/blog\/wp-content\/uploads\/2009\/04\/arjan-rreze.jpg"}],"twitter_misc":{"Written by":"ulqini","Est. reading time":"4 minutes"},"schema":{"@context":"https:\/\/schema.org","@graph":[{"@type":"WebSite","@id":"https:\/\/www.visit-ulcinj.com\/blog\/#website","url":"https:\/\/www.visit-ulcinj.com\/blog\/","name":"Lajme nga Ulqini","description":"Lajme,Vijesti,Ulqini,Ulqin,Crna Gora,Mali i Zi","potentialAction":[{"@type":"SearchAction","target":{"@type":"EntryPoint","urlTemplate":"https:\/\/www.visit-ulcinj.com\/blog\/?s={search_term_string}"},"query-input":"required name=search_term_string"}],"inLanguage":"en-US"},{"@type":"ImageObject","inLanguage":"en-US","@id":"https:\/\/www.visit-ulcinj.com\/blog\/2009\/04\/11\/ditet-e-para-te-arit-ne-shtepine-e-big-brother\/#primaryimage","url":"http:\/\/www.visit-ulcinj.com\/blog\/wp-content\/uploads\/2009\/04\/arjan-rreze.jpg","contentUrl":"http:\/\/www.visit-ulcinj.com\/blog\/wp-content\/uploads\/2009\/04\/arjan-rreze.jpg"},{"@type":"WebPage","@id":"https:\/\/www.visit-ulcinj.com\/blog\/2009\/04\/11\/ditet-e-para-te-arit-ne-shtepine-e-big-brother\/#webpage","url":"https:\/\/www.visit-ulcinj.com\/blog\/2009\/04\/11\/ditet-e-para-te-arit-ne-shtepine-e-big-brother\/","name":"Dit\u00c3\u00abt e para t\u00c3\u00ab Arit n\u00c3\u00ab sht\u00c3\u00abpin\u00c3\u00ab e \"Big Brother\" | Big Brother Albania 2","isPartOf":{"@id":"https:\/\/www.visit-ulcinj.com\/blog\/#website"},"primaryImageOfPage":{"@id":"https:\/\/www.visit-ulcinj.com\/blog\/2009\/04\/11\/ditet-e-para-te-arit-ne-shtepine-e-big-brother\/#primaryimage"},"datePublished":"2009-04-11T14:05:28+00:00","dateModified":"2009-04-11T14:05:28+00:00","author":{"@id":"https:\/\/www.visit-ulcinj.com\/blog\/#\/schema\/person\/dcab619c614d3038751c63bc2aadc06d"},"description":"Big Brother Albania 2 - Arjan Bakalli, nj\u00c3\u00ab nga banor\u00c3\u00abt m\u00c3\u00ab t\u00c3\u00ab rinj, i cili ndodhet brenda sht\u00c3\u00abpis\u00c3\u00ab s\u00c3\u00ab \u00e2\u20ac\u0153Big Brother\u00e2\u20ac\u009d vet\u00c3\u00abm prej nj\u00c3\u00ab jave, ka b\u00c3\u00abr\u00c3\u00ab tregimin e tij t\u00c3\u00ab par\u00c3\u00ab rreth jet\u00c3\u00abs s\u00c3\u00ab tij n\u00c3\u00ab dhom\u00c3\u00abn e rr\u00c3\u00abfimit","breadcrumb":{"@id":"https:\/\/www.visit-ulcinj.com\/blog\/2009\/04\/11\/ditet-e-para-te-arit-ne-shtepine-e-big-brother\/#breadcrumb"},"inLanguage":"en-US","potentialAction":[{"@type":"ReadAction","target":["https:\/\/www.visit-ulcinj.com\/blog\/2009\/04\/11\/ditet-e-para-te-arit-ne-shtepine-e-big-brother\/"]}]},{"@type":"BreadcrumbList","@id":"https:\/\/www.visit-ulcinj.com\/blog\/2009\/04\/11\/ditet-e-para-te-arit-ne-shtepine-e-big-brother\/#breadcrumb","itemListElement":[{"@type":"ListItem","position":1,"name":"Dit\u00ebt e para t\u00eb Arit n\u00eb sht\u00ebpin\u00eb e &#8220;Big Brother&#8221;"}]},{"@type":"Person","@id":"https:\/\/www.visit-ulcinj.com\/blog\/#\/schema\/person\/dcab619c614d3038751c63bc2aadc06d","name":"ulqini","sameAs":["http:\/\/www.visit-ulcinj.com"],"url":"https:\/\/www.visit-ulcinj.com\/blog\/author\/admin\/"}]}},"jetpack_featured_media_url":"","jetpack_sharing_enabled":true,"jetpack_shortlink":"https:\/\/wp.me\/pe6lTn-4wg","_links":{"self":[{"href":"https:\/\/www.visit-ulcinj.com\/blog\/wp-json\/wp\/v2\/posts\/17376"}],"collection":[{"href":"https:\/\/www.visit-ulcinj.com\/blog\/wp-json\/wp\/v2\/posts"}],"about":[{"href":"https:\/\/www.visit-ulcinj.com\/blog\/wp-json\/wp\/v2\/types\/post"}],"author":[{"embeddable":true,"href":"https:\/\/www.visit-ulcinj.com\/blog\/wp-json\/wp\/v2\/users\/1"}],"replies":[{"embeddable":true,"href":"https:\/\/www.visit-ulcinj.com\/blog\/wp-json\/wp\/v2\/comments?post=17376"}],"version-history":[{"count":0,"href":"https:\/\/www.visit-ulcinj.com\/blog\/wp-json\/wp\/v2\/posts\/17376\/revisions"}],"wp:attachment":[{"href":"https:\/\/www.visit-ulcinj.com\/blog\/wp-json\/wp\/v2\/media?parent=17376"}],"wp:term":[{"taxonomy":"category","embeddable":true,"href":"https:\/\/www.visit-ulcinj.com\/blog\/wp-json\/wp\/v2\/categories?post=17376"},{"taxonomy":"post_tag","embeddable":true,"href":"https:\/\/www.visit-ulcinj.com\/blog\/wp-json\/wp\/v2\/tags?post=17376"}],"curies":[{"name":"wp","href":"https:\/\/api.w.org\/{rel}","templated":true}]}}