{"id":1738,"date":"2008-05-24T09:11:55","date_gmt":"2008-05-24T14:11:55","guid":{"rendered":"http:\/\/www.visit-ulcinj.com\/blog\/?p=1738"},"modified":"2008-05-24T09:12:43","modified_gmt":"2008-05-24T14:12:43","slug":"shpata-ne-vend-te-peshores","status":"publish","type":"post","link":"https:\/\/www.visit-ulcinj.com\/blog\/2008\/05\/24\/shpata-ne-vend-te-peshores\/","title":{"rendered":"Shpata n\u00eb vend t\u00eb peshores"},"content":{"rendered":"<p><img loading=\"lazy\" class=\"alignleft\" style=\"float: left;\" src=\"http:\/\/www.perennae.fr\/site\/images\/Perennae\/justice.jpg\" alt=\"DREJTSI\" width=\"211\" height=\"313\" \/> Ne qenkemi n\u00eb gjendje t\u00eb vrasim p\u00ebr t\u00eb ruajtur postin, t\u00eb shpifemi apo edhe t\u2019i b\u00ebjm\u00eb shantazh ndokuj, thjesht sepse, sipas nesh, ne paskemi vul\u00ebn e past\u00ebrtis\u00eb dhe t\u00eb drejt\u00ebs.<br \/>\nAt\u00ebher\u00eb, simbol i drejt\u00ebsis\u00eb nuk duhet t\u00eb jet\u00eb peshorja por shpata, sepse ne me shpat\u00eb i zgjidhim m\u00eb s\u00eb miri gj\u00ebrat, p\u00ebrndryshe organet tona tani jan\u00eb klimatizuar me vrazhd\u00ebsi dhe but\u00ebsia e toleranca do t\u00eb ishin t\u00eb pap\u00ebrballueshme p\u00ebr to.<br \/>\nMaqedonia e arsyeton m\u00eb s\u00eb miri th\u00ebnien e vjet\u00ebr latine &#8220;Hannibal ante portas&#8221;, apo p\u00ebrkthyer m\u00eb lirsh\u00ebm: mbani kok\u00ebn se po vijn\u00eb politikan\u00ebt dhe kjo ndodh\u00eb mu n\u00eb fushat\u00ebn parazgjedhore, kur kryhet atentat mbi nj\u00ebrin nga lider\u00ebt shqiptar\u00eb n\u00eb Maqedoni.<br \/>\nKaq p\u00ebr toleranc\u00ebn, kurse p\u00ebr p\u00ebrmbushjen e rregullave t\u00eb demokracis\u00eb, as t\u00eb mos flasim.<br \/>\nNe shqiptar\u00ebt qenkemi popull i ve\u00e7ant\u00eb, sepse qenkan dy lloje shqiptar\u00ebsh, ata q\u00eb kan\u00eb t\u00eb drejt\u00eb dhe ata q\u00eb nuk kan\u00eb dhe, sipas mendimit q\u00eb ne paskemi krijuar, duhet t\u00eb eliminohet \u00e7do her\u00eb nj\u00ebra pal\u00eb.<br \/>\nShkoll\u00eb t\u00eb gjat\u00eb pat\u00ebm komunizmin, nga i cili mjerisht nuk ndahemi.<br \/>\nEliminimi, m\u00ebnyr\u00eb bizantine e heqjes qafe t\u00eb rivalit, \u00ebsht\u00eb pjes\u00eb p\u00ebrb\u00ebr\u00ebse e gjenit ton\u00eb dhe deri sa t\u00eb mos e \u00e7rr\u00ebnjosim k\u00ebt\u00eb nuk duhet t\u00eb shtiremi si nj\u00eb popull per\u00ebndimor.<br \/>\nPolitikani i Ballkanit qenka m\u00eb i devotsh\u00ebm dhe m\u00eb dashamir\u00ebs i kombit dhe vendit t\u00eb vet sesa politikan\u00ebt e vendeve t\u00eb tjera, prandaj edhe iu dh\u00ebnka mund\u00ebsia q\u00eb n\u00eb baz\u00eb t\u00eb gjykimit t\u00eb vet, t\u00eb ekzekutoj\u00eb.<br \/>\nPor a b\u00ebhet kjo thjesht p\u00ebr politik\u00eb apo p\u00ebr pozit\u00eb, dhe a ia vlejn\u00eb pozitat tmerrin q\u00eb ata po krijojn\u00eb.<br \/>\nNe qenkemi n\u00eb gjendje t\u00eb vrasim p\u00ebr t\u00eb ruajtur postin, t\u00eb shpifemi apo edhe t\u2019i b\u00ebjm\u00eb shantazh ndokuj, thjesht sepse, sipas nesh, ne paskemi vul\u00ebn e past\u00ebrtis\u00eb dhe t\u00eb drejt\u00ebs.<br \/>\nAt\u00ebher\u00eb, simbol i drejt\u00ebsis\u00eb nuk duhet t\u00eb jet\u00eb peshorja por shpata, sepse ne me shpat\u00eb i zgjidhim m\u00eb s\u00eb miri gj\u00ebrat, p\u00ebrndryshe organet tona tani jan\u00eb klimatizuar me vrazhd\u00ebsi dhe but\u00ebsia e toleranca do t\u00eb ishin t\u00eb paperballueshme p\u00ebr to.<br \/>\nShqiptar\u00ebt n\u00eb Maqedoni i dhuruan kombit nj\u00eb N\u00ebn\u00eb Tereze, kjo thjesht t\u00eb shpien t\u00eb n\u00ebnkuptosh se nj\u00eb grua e p\u00ebrmasave bot\u00ebrore nuk kishte mund\u00ebsi t\u00eb dal\u00eb nga nj\u00eb vend apo komb ku nuk ka toleranc\u00eb.<br \/>\nPo ku \u00ebsht\u00eb toleranca n\u00eb mesin e shqiptar\u00ebve dhe n\u00eb cil\u00ebn shkall\u00eb \u00ebsht\u00eb ajo?<br \/>\nUn\u00eb dyshoj se mungesa e toleranc\u00ebs e ka burimin te populli, ai mund t\u00eb animohet, largohet, polarizohet, por nj\u00eb komb me nj\u00eb gjuh\u00eb dhe me \u00e7do gj\u00eb t\u00eb p\u00ebrbashk\u00ebt t\u00eb vij\u00eb deri n\u00eb k\u00ebt\u00eb shkall\u00eb, duhet t\u00eb ekzistoj\u00eb nj\u00eb arsye e st\u00ebrmadhe, ose nj\u00eb gj\u00eb aq evidente saq\u00eb nuk ka nevoj\u00eb t\u00eb arsyetohet.<a href=\"http:\/\/www.visit-ulcinj.com\/blog\/wp-content\/uploads\/2008\/05\/tolerance-2.jpg\"><img loading=\"lazy\" class=\"alignright attachment wp-att-1739\" style=\"float: right;\" src=\"http:\/\/www.visit-ulcinj.com\/blog\/wp-content\/uploads\/2008\/05\/tolerance-2.thumbnail.jpg\" alt=\"TOLERANCE\" width=\"200\" height=\"139\" \/><\/a><br \/>\nA mos lojen e djallit k\u00ebtu e kryejn\u00eb politikan\u00ebt p\u00ebr kapri\u00e7on e prestigjit t\u00eb tyre partiak.<br \/>\nKaq me r\u00ebnd\u00ebsi qenka vendi i nj\u00eb deputeti saq\u00eb populli duhet t\u00eb kacafytet, apo m\u00eb mir\u00eb \u00e7ka b\u00ebn\u00eb ata deputet\u00eb p\u00ebr kaq vite q\u00eb t\u00eb implementohet Marr\u00ebveshja e Ohrit t\u00eb pranohet Kosova, ose t\u00eb ulet sadopak papun\u00ebsia, t\u00eb rritet standardi q\u00eb t\u00eb jet\u00eb kaq i lakmueshem.<br \/>\nA mos kollaret e kryepolitikan\u00ebve dhe ngjyrat e tyre, q\u00eb ata t`i ndryshojn\u00eb \u00e7do dit\u00eb, qenkan kaq t\u00eb r\u00ebnd\u00ebsishme saq\u00eb nj\u00eb komb mes vetes t\u00eb b\u00ebj\u00eb atentate.<br \/>\nPolitikan\u00ebt duan q\u00eb \u00e7do gj\u00eb, si\u00e7 duket, t\u00eb v\u00ebn\u00eb n\u00eb sh\u00ebrbim t\u00eb interesave t\u00eb veta. T\u00eb paaft\u00eb p\u00ebr t\u00eb prodhuar mir\u00ebqenie, ata prodhojn\u00eb konflikte.<br \/>\nJam i mendimit se populli i nj\u00eb t\u00eb dituri, si\u00e7 \u00ebsht\u00eb Arb\u00ebr Xhaferri, nuk duhet t\u00eb hedh\u00eb mbi veten ngarkes\u00ebn e atyre q\u00eb nuk jan\u00eb t\u00eb aft\u00eb t\u00eb p\u00ebrmbushin premtimet e veta dhe kjo nuk vlen ve\u00e7 p\u00ebr shqiptar\u00ebt e atjesh\u00ebm, por kudo.<br \/>\nPartit\u00eb politike nuk jan\u00eb substrat i konflikteve t\u00eb shtresave, por ekstrakt i organizimit t\u00eb kategorive rreth programeve t\u00eb ve\u00e7anta.<br \/>\nNdoshta ne shqiptar\u00ebt n\u00eb Malin e Zi nuk jemi shembulli m\u00eb i mir\u00eb se si duhet t\u00eb sjellen politikan\u00ebt, por gjithsesi edhe nga kjo larg\u00ebsi dhembin atentatet n\u00eb Tetov\u00eb.<br \/>\nM\u00eb mir\u00eb asnj\u00eb ul\u00ebse n\u00eb parlament, sesa kjo q\u00eb d\u00ebgjohet. Kush na ka helmuar kaq r\u00ebnd\u00eb, saq\u00eb sot t\u00eb shnd\u00ebrrohemi n\u00eb atentator\u00eb me nj\u00ebritjetrin?<br \/>\n<img loading=\"lazy\" class=\"alignleft\" style=\"float: left;\" src=\"http:\/\/membres.lycos.fr\/ulcinj\/shperthimi%20i%20loalicionit.jpg\" alt=\"SHAKTRIMI I SHQIPAREVE\" width=\"240\" height=\"180\" \/> N\u00ebse politikan\u00ebt nuk jan\u00eb t\u00eb aft\u00eb ta zgjidhin nj\u00eb hall, aty nuk ka pretekste dhe arsyetime, thjesht duhet t`ia kalojn\u00eb fjal\u00ebn dikuj tjet\u00ebr.<br \/>\nPor kjo nuk arrihet derisa politikan\u00ebt nga radh\u00ebt e veta gjejn\u00eb ithtar\u00eb t\u00eb till\u00eb q\u00eb jan\u00eb t\u00eb gatsh\u00ebm q\u00eb t\u00eb kryejn\u00eb atentat mbi dik\u00eb, ose t\u00eb fyejn\u00eb, ose edhe t\u00eb shikojn\u00eb shtremb\u00ebr.<br \/>\nDhe v\u00ebrtet, n\u00ebse dikush insiston aq shum\u00eb p\u00ebr t\u00eb marr\u00eb nj\u00eb post, ai q\u00eb kryen k\u00ebso pun\u00ebsh duhet t\u00eb identifikohet dhe thjesht t\u00eb largohet, sepse aty nuk q\u00ebndrojn\u00eb interesat e mas\u00ebs, por t\u00eb individ\u00ebve, kurse individ\u00ebt kan\u00eb interesa aq t\u00eb \u00e7uditshme nganj\u00ebher\u00eb saq\u00eb v\u00ebshtir\u00eb identifikohen. Dhe nuk \u00ebsht\u00eb edhe aq fisnike t\u00eb insistosh t\u00eb jesh n\u00eb sh\u00ebrbim t\u00eb popullit, fisnik\u00ebria q\u00ebndron kur populli t\u00eb lut\u00eb t\u00eb b\u00ebhesh bari i tyre dhe kur nuk i imponohesh me turlilloj mjetesh.<br \/>\n<strong> Robert Camaj<br \/>\nKOHA JAVORE<\/strong><\/p>\n","protected":false},"excerpt":{"rendered":"<p><img loading=\"lazy\" class=\"alignleft\" style=\"float: left;\" src=\"http:\/\/www.perennae.fr\/site\/images\/Perennae\/justice.jpg\" alt=\"DREJTSI\" width=\"140\" height=\"140\" \/><\/p>\n","protected":false},"author":1,"featured_media":0,"comment_status":"open","ping_status":"closed","sticky":false,"template":"","format":"standard","meta":{"spay_email":"","jetpack_publicize_message":"","jetpack_is_tweetstorm":false,"jetpack_publicize_feature_enabled":true},"categories":[8,12],"tags":[95,3415],"jetpack_publicize_connections":[],"yoast_head":"<!-- This site is optimized with the Yoast SEO plugin v19.1 - https:\/\/yoast.com\/wordpress\/plugins\/seo\/ -->\n<title>Shpata n\u00eb vend t\u00eb peshores - Lajme nga Ulqini<\/title>\n<meta name=\"robots\" content=\"index, follow, max-snippet:-1, max-image-preview:large, max-video-preview:-1\" \/>\n<link rel=\"canonical\" href=\"https:\/\/www.visit-ulcinj.com\/blog\/2008\/05\/24\/shpata-ne-vend-te-peshores\/\" \/>\n<meta property=\"og:locale\" content=\"en_US\" \/>\n<meta property=\"og:type\" content=\"article\" \/>\n<meta property=\"og:title\" content=\"Shpata n\u00eb vend t\u00eb peshores - Lajme nga Ulqini\" \/>\n<meta property=\"og:url\" content=\"https:\/\/www.visit-ulcinj.com\/blog\/2008\/05\/24\/shpata-ne-vend-te-peshores\/\" \/>\n<meta property=\"og:site_name\" content=\"Lajme nga Ulqini\" \/>\n<meta property=\"article:published_time\" content=\"2008-05-24T14:11:55+00:00\" \/>\n<meta property=\"article:modified_time\" content=\"2008-05-24T14:12:43+00:00\" \/>\n<meta property=\"og:image\" content=\"http:\/\/www.perennae.fr\/site\/images\/Perennae\/justice.jpg\" \/>\n<meta name=\"twitter:label1\" content=\"Written by\" \/>\n\t<meta name=\"twitter:data1\" content=\"ulqini\" \/>\n\t<meta name=\"twitter:label2\" content=\"Est. reading time\" \/>\n\t<meta name=\"twitter:data2\" content=\"5 minutes\" \/>\n<script type=\"application\/ld+json\" class=\"yoast-schema-graph\">{\"@context\":\"https:\/\/schema.org\",\"@graph\":[{\"@type\":\"WebSite\",\"@id\":\"https:\/\/www.visit-ulcinj.com\/blog\/#website\",\"url\":\"https:\/\/www.visit-ulcinj.com\/blog\/\",\"name\":\"Lajme nga Ulqini\",\"description\":\"Lajme,Vijesti,Ulqini,Ulqin,Crna Gora,Mali i Zi\",\"potentialAction\":[{\"@type\":\"SearchAction\",\"target\":{\"@type\":\"EntryPoint\",\"urlTemplate\":\"https:\/\/www.visit-ulcinj.com\/blog\/?s={search_term_string}\"},\"query-input\":\"required name=search_term_string\"}],\"inLanguage\":\"en-US\"},{\"@type\":\"ImageObject\",\"inLanguage\":\"en-US\",\"@id\":\"https:\/\/www.visit-ulcinj.com\/blog\/2008\/05\/24\/shpata-ne-vend-te-peshores\/#primaryimage\",\"url\":\"http:\/\/www.perennae.fr\/site\/images\/Perennae\/justice.jpg\",\"contentUrl\":\"http:\/\/www.perennae.fr\/site\/images\/Perennae\/justice.jpg\"},{\"@type\":\"WebPage\",\"@id\":\"https:\/\/www.visit-ulcinj.com\/blog\/2008\/05\/24\/shpata-ne-vend-te-peshores\/#webpage\",\"url\":\"https:\/\/www.visit-ulcinj.com\/blog\/2008\/05\/24\/shpata-ne-vend-te-peshores\/\",\"name\":\"Shpata n\u00eb vend t\u00eb peshores - Lajme nga Ulqini\",\"isPartOf\":{\"@id\":\"https:\/\/www.visit-ulcinj.com\/blog\/#website\"},\"primaryImageOfPage\":{\"@id\":\"https:\/\/www.visit-ulcinj.com\/blog\/2008\/05\/24\/shpata-ne-vend-te-peshores\/#primaryimage\"},\"datePublished\":\"2008-05-24T14:11:55+00:00\",\"dateModified\":\"2008-05-24T14:12:43+00:00\",\"author\":{\"@id\":\"https:\/\/www.visit-ulcinj.com\/blog\/#\/schema\/person\/dcab619c614d3038751c63bc2aadc06d\"},\"breadcrumb\":{\"@id\":\"https:\/\/www.visit-ulcinj.com\/blog\/2008\/05\/24\/shpata-ne-vend-te-peshores\/#breadcrumb\"},\"inLanguage\":\"en-US\",\"potentialAction\":[{\"@type\":\"ReadAction\",\"target\":[\"https:\/\/www.visit-ulcinj.com\/blog\/2008\/05\/24\/shpata-ne-vend-te-peshores\/\"]}]},{\"@type\":\"BreadcrumbList\",\"@id\":\"https:\/\/www.visit-ulcinj.com\/blog\/2008\/05\/24\/shpata-ne-vend-te-peshores\/#breadcrumb\",\"itemListElement\":[{\"@type\":\"ListItem\",\"position\":1,\"name\":\"Shpata n\u00eb vend t\u00eb peshores\"}]},{\"@type\":\"Person\",\"@id\":\"https:\/\/www.visit-ulcinj.com\/blog\/#\/schema\/person\/dcab619c614d3038751c63bc2aadc06d\",\"name\":\"ulqini\",\"sameAs\":[\"http:\/\/www.visit-ulcinj.com\"],\"url\":\"https:\/\/www.visit-ulcinj.com\/blog\/author\/admin\/\"}]}<\/script>\n<!-- \/ Yoast SEO plugin. -->","yoast_head_json":{"title":"Shpata n\u00eb vend t\u00eb peshores - Lajme nga Ulqini","robots":{"index":"index","follow":"follow","max-snippet":"max-snippet:-1","max-image-preview":"max-image-preview:large","max-video-preview":"max-video-preview:-1"},"canonical":"https:\/\/www.visit-ulcinj.com\/blog\/2008\/05\/24\/shpata-ne-vend-te-peshores\/","og_locale":"en_US","og_type":"article","og_title":"Shpata n\u00eb vend t\u00eb peshores - Lajme nga Ulqini","og_url":"https:\/\/www.visit-ulcinj.com\/blog\/2008\/05\/24\/shpata-ne-vend-te-peshores\/","og_site_name":"Lajme nga Ulqini","article_published_time":"2008-05-24T14:11:55+00:00","article_modified_time":"2008-05-24T14:12:43+00:00","og_image":[{"url":"http:\/\/www.perennae.fr\/site\/images\/Perennae\/justice.jpg"}],"twitter_misc":{"Written by":"ulqini","Est. reading time":"5 minutes"},"schema":{"@context":"https:\/\/schema.org","@graph":[{"@type":"WebSite","@id":"https:\/\/www.visit-ulcinj.com\/blog\/#website","url":"https:\/\/www.visit-ulcinj.com\/blog\/","name":"Lajme nga Ulqini","description":"Lajme,Vijesti,Ulqini,Ulqin,Crna Gora,Mali i Zi","potentialAction":[{"@type":"SearchAction","target":{"@type":"EntryPoint","urlTemplate":"https:\/\/www.visit-ulcinj.com\/blog\/?s={search_term_string}"},"query-input":"required name=search_term_string"}],"inLanguage":"en-US"},{"@type":"ImageObject","inLanguage":"en-US","@id":"https:\/\/www.visit-ulcinj.com\/blog\/2008\/05\/24\/shpata-ne-vend-te-peshores\/#primaryimage","url":"http:\/\/www.perennae.fr\/site\/images\/Perennae\/justice.jpg","contentUrl":"http:\/\/www.perennae.fr\/site\/images\/Perennae\/justice.jpg"},{"@type":"WebPage","@id":"https:\/\/www.visit-ulcinj.com\/blog\/2008\/05\/24\/shpata-ne-vend-te-peshores\/#webpage","url":"https:\/\/www.visit-ulcinj.com\/blog\/2008\/05\/24\/shpata-ne-vend-te-peshores\/","name":"Shpata n\u00eb vend t\u00eb peshores - Lajme nga Ulqini","isPartOf":{"@id":"https:\/\/www.visit-ulcinj.com\/blog\/#website"},"primaryImageOfPage":{"@id":"https:\/\/www.visit-ulcinj.com\/blog\/2008\/05\/24\/shpata-ne-vend-te-peshores\/#primaryimage"},"datePublished":"2008-05-24T14:11:55+00:00","dateModified":"2008-05-24T14:12:43+00:00","author":{"@id":"https:\/\/www.visit-ulcinj.com\/blog\/#\/schema\/person\/dcab619c614d3038751c63bc2aadc06d"},"breadcrumb":{"@id":"https:\/\/www.visit-ulcinj.com\/blog\/2008\/05\/24\/shpata-ne-vend-te-peshores\/#breadcrumb"},"inLanguage":"en-US","potentialAction":[{"@type":"ReadAction","target":["https:\/\/www.visit-ulcinj.com\/blog\/2008\/05\/24\/shpata-ne-vend-te-peshores\/"]}]},{"@type":"BreadcrumbList","@id":"https:\/\/www.visit-ulcinj.com\/blog\/2008\/05\/24\/shpata-ne-vend-te-peshores\/#breadcrumb","itemListElement":[{"@type":"ListItem","position":1,"name":"Shpata n\u00eb vend t\u00eb peshores"}]},{"@type":"Person","@id":"https:\/\/www.visit-ulcinj.com\/blog\/#\/schema\/person\/dcab619c614d3038751c63bc2aadc06d","name":"ulqini","sameAs":["http:\/\/www.visit-ulcinj.com"],"url":"https:\/\/www.visit-ulcinj.com\/blog\/author\/admin\/"}]}},"jetpack_featured_media_url":"","jetpack_sharing_enabled":true,"jetpack_shortlink":"https:\/\/wp.me\/pe6lTn-s2","_links":{"self":[{"href":"https:\/\/www.visit-ulcinj.com\/blog\/wp-json\/wp\/v2\/posts\/1738"}],"collection":[{"href":"https:\/\/www.visit-ulcinj.com\/blog\/wp-json\/wp\/v2\/posts"}],"about":[{"href":"https:\/\/www.visit-ulcinj.com\/blog\/wp-json\/wp\/v2\/types\/post"}],"author":[{"embeddable":true,"href":"https:\/\/www.visit-ulcinj.com\/blog\/wp-json\/wp\/v2\/users\/1"}],"replies":[{"embeddable":true,"href":"https:\/\/www.visit-ulcinj.com\/blog\/wp-json\/wp\/v2\/comments?post=1738"}],"version-history":[{"count":0,"href":"https:\/\/www.visit-ulcinj.com\/blog\/wp-json\/wp\/v2\/posts\/1738\/revisions"}],"wp:attachment":[{"href":"https:\/\/www.visit-ulcinj.com\/blog\/wp-json\/wp\/v2\/media?parent=1738"}],"wp:term":[{"taxonomy":"category","embeddable":true,"href":"https:\/\/www.visit-ulcinj.com\/blog\/wp-json\/wp\/v2\/categories?post=1738"},{"taxonomy":"post_tag","embeddable":true,"href":"https:\/\/www.visit-ulcinj.com\/blog\/wp-json\/wp\/v2\/tags?post=1738"}],"curies":[{"name":"wp","href":"https:\/\/api.w.org\/{rel}","templated":true}]}}