{"id":17385,"date":"2009-04-11T16:25:32","date_gmt":"2009-04-11T14:25:32","guid":{"rendered":"http:\/\/www.visit-ulcinj.com\/blog\/?p=17385"},"modified":"2009-04-11T16:27:10","modified_gmt":"2009-04-11T14:27:10","slug":"hollaj-dhe-sinishtaj-ndajne-mandatin","status":"publish","type":"post","link":"https:\/\/www.visit-ulcinj.com\/blog\/2009\/04\/11\/hollaj-dhe-sinishtaj-ndajne-mandatin\/","title":{"rendered":"Hollaj dhe Sinishtaj ndajn\u00eb mandatin"},"content":{"rendered":"<p><a href=\"http:\/\/www.visit-ulcinj.com\/blog\/wp-content\/uploads\/2009\/04\/hollaj-dhe-sinishtaj-ndajne-mandatin.jpg\"><img loading=\"lazy\" class=\"alignleft size-full wp-image-17389\" title=\"hollaj-dhe-sinishtaj-ndajne-mandatin\" src=\"http:\/\/www.visit-ulcinj.com\/blog\/wp-content\/uploads\/2009\/04\/hollaj-dhe-sinishtaj-ndajne-mandatin.jpg\" alt=\"hollaj-dhe-sinishtaj-ndajne-mandatin\" width=\"334\" height=\"497\" \/><\/a>T\u00eb nderuar bashk\u00ebkombas kudo q\u00eb ndodheni, kam obligim por e ndiej edhe nevoj\u00eb q\u00eb t\u2019ju drejtohem duke Ju fal\u00ebnderuar p\u00ebr besimin q\u00eb m\u00eb dhat\u00eb mua dhe shok\u00ebve t\u00eb mij t\u00eb cil\u00ebt fillimisht, n\u00eb emrin tuaj, m\u00eb kishin propozuar edhe n\u00eb k\u00ebshill si kandidat p\u00ebr deputet.<br \/>\nGjat\u00eb fushat\u00ebs parazgjedhore q\u00eb p\u00ebr fat t\u00eb mir\u00eb nuk zgjati shum\u00eb u than\u00eb edhe fjal\u00eb t\u00eb pahijshme ndaj nj\u00ebri tjetrit, duke mos kursyer as familjet dhe t\u00eb par\u00ebt ton\u00eb.<br \/>\nDua t\u00eb besoj se kjo ishte si pasoj\u00eb dhe rrjedhim i euforis\u00eb dhe rrethanave t\u00eb krijuara p\u00ebr shkak t\u00eb zgjedhjeve, por assesi jo edhe se ashtu mendojm\u00eb p\u00ebr nj\u00ebri tjetrin p\u00ebr shkak se nj\u00eb fjal\u00eb e vjet\u00ebr mal\u00ebsore thot\u00eb: \u201cT\u00eb gjith\u00eb jemi mielli i nj\u00eb thesi\u201d.<br \/>\nKjo nuk do t\u00eb thot\u00eb se t\u00eb gjith\u00eb duhet t\u00eb mendojm\u00eb nj\u00ebjt\u00eb.<br \/>\nUn\u00eb me k\u00ebt\u00eb rast dua t\u00eb njoftoj opinionin se p\u00ebr t\u00eb gjitha akuzat e b\u00ebra nga oponent\u00ebt politik\u00eb gjat\u00eb fushat\u00ebs kemi vendosur q\u00eb t\u00eb nj\u00ebjtat t\u2019i zgjidhin organet kompetente shtet\u00ebrore t\u00eb cilat do t\u00eb d\u00ebshmojn\u00eb se kush ka qen\u00eb hajn, kush ka g\u00ebnjyer e kush ka fol\u00eb t\u00eb v\u00ebrtet\u00ebn.<br \/>\nBesimin n\u00eb Mal\u00ebsi s\u2019e kisha humbur kurr\u00eb. Vler\u00ebsoja lart\u00eb moralin e Mal\u00ebsor\u00ebve.<br \/>\nJam krenar dhe shum\u00eb i lumtur, q\u00eb un\u00eb, si kandidat p\u00ebr deputet\u00eb t\u00eb Mal\u00ebsis\u00eb, fitova besimin dhe n\u00eb Dinosh\u00eb, edhe n\u00eb Vuksanlekaj, edhe n\u00eb Hot edhe n\u00eb Grud\u00eb, edhe n\u00eb Vrane edhe n\u00eb Vllan\u00eb, edhe n\u00eb Triesh edhe n\u00eb Koj\u00eb, n\u00eb Kraj\u00eb dhe n\u00eb Ulqin, n\u00eb Tuz edhe An\u00eb t\u00eb Malit, n\u00eb Plav\u00eb, Guci dhe Rozhaj\u00eb.<br \/>\nPrandaj n\u00eb Kuvend do t\u2019i jap t\u00eb drejt\u00ebn vetes t\u00eb flas n\u00eb em\u00ebr t\u00eb t\u00eb gjith\u00eb votuesve por edhe n\u00eb emrin e atyre q\u00eb nuk m\u00eb dhan\u00eb besimin. Me k\u00ebt\u00eb rast dua t\u2019u drejtohem edhe Anamalasve t\u00eb cil\u00ebt menduan se Amiri dhe un\u00eb kemi b\u00ebr\u00eb mir\u00eb q\u00eb jemi bashkuar.<br \/>\nDua t\u2019i siguroj se Vaseli sa t\u00eb jet\u00eb deputet me t\u00eb gjith\u00eb kapacitetin e tij intelektual do t\u00eb angazhohet p\u00ebr mbrojtjen e interesave t\u00eb p\u00ebrbashk\u00ebta dhe se ata n\u00eb Vaselin duhet t\u00eb shohin Amirin por edhe tek Amiri ta shohin Vaselin.<br \/>\nVet\u00ebm n\u00eb k\u00ebt\u00eb m\u00ebnyr\u00eb mund t\u00eb mbrohen ashtu si duhet interesat shqiptare, thuhet n\u00eb mes t\u00eb tjerave n\u00eb kumtes\u00ebn p\u00ebr opinion t\u00eb Vasel Sinishtaj.<\/p>\n<p><span><span style=\"font-family: Verdana; font-size: x-small;\"><\/span><\/span><\/p>\n","protected":false},"excerpt":{"rendered":"<p>T\u00eb nderuar bashk\u00ebkombas kudo q\u00eb ndodheni, kam obligim por e ndiej edhe nevoj\u00eb q\u00eb t\u2019ju drejtohem duke Ju fal\u00ebnderuar p\u00ebr besimin q\u00eb m\u00eb dhat\u00eb mua dhe shok\u00ebve t\u00eb mij t\u00eb cil\u00ebt fillimisht, n\u00eb emrin tuaj, m\u00eb kishin propozuar edhe n\u00eb k\u00ebshill si kandidat p\u00ebr deputet. Gjat\u00eb fushat\u00ebs parazgjedhore q\u00eb p\u00ebr fat t\u00eb mir\u00eb nuk zgjati [&hellip;]<\/p>\n","protected":false},"author":1,"featured_media":0,"comment_status":"open","ping_status":"closed","sticky":false,"template":"","format":"standard","meta":{"spay_email":"","jetpack_publicize_message":"","jetpack_is_tweetstorm":false,"jetpack_publicize_feature_enabled":true},"categories":[12],"tags":[8959,8961,8960,8965,8957,8962,8964,8963,8958],"jetpack_publicize_connections":[],"yoast_head":"<!-- This site is optimized with the Yoast SEO plugin v19.1 - https:\/\/yoast.com\/wordpress\/plugins\/seo\/ -->\n<title>Hollaj dhe Sinishtaj ndajn\u00eb mandatin - Lajme nga Ulqini<\/title>\n<meta name=\"description\" content=\"T\u00eb nderuar bashk\u00ebkombas kudo q\u00eb ndodheni, kam obligim por e ndiej edhe nevoj\u00eb q\u00eb t\u2019ju drejtohem duke Ju fal\u00ebnderuar p\u00ebr besimin q\u00eb m\u00eb dhat\u00eb mua dhe\" \/>\n<meta name=\"robots\" content=\"index, follow, max-snippet:-1, max-image-preview:large, max-video-preview:-1\" \/>\n<link rel=\"canonical\" href=\"https:\/\/www.visit-ulcinj.com\/blog\/2009\/04\/11\/hollaj-dhe-sinishtaj-ndajne-mandatin\/\" \/>\n<meta property=\"og:locale\" content=\"en_US\" \/>\n<meta property=\"og:type\" content=\"article\" \/>\n<meta property=\"og:title\" content=\"Hollaj dhe Sinishtaj ndajn\u00eb mandatin - Lajme nga Ulqini\" \/>\n<meta property=\"og:description\" content=\"T\u00eb nderuar bashk\u00ebkombas kudo q\u00eb ndodheni, kam obligim por e ndiej edhe nevoj\u00eb q\u00eb t\u2019ju drejtohem duke Ju fal\u00ebnderuar p\u00ebr besimin q\u00eb m\u00eb dhat\u00eb mua dhe\" \/>\n<meta property=\"og:url\" content=\"https:\/\/www.visit-ulcinj.com\/blog\/2009\/04\/11\/hollaj-dhe-sinishtaj-ndajne-mandatin\/\" \/>\n<meta property=\"og:site_name\" content=\"Lajme nga Ulqini\" \/>\n<meta property=\"article:published_time\" content=\"2009-04-11T14:25:32+00:00\" \/>\n<meta property=\"article:modified_time\" content=\"2009-04-11T14:27:10+00:00\" \/>\n<meta property=\"og:image\" content=\"http:\/\/www.visit-ulcinj.com\/blog\/wp-content\/uploads\/2009\/04\/hollaj-dhe-sinishtaj-ndajne-mandatin.jpg\" \/>\n<meta name=\"twitter:label1\" content=\"Written by\" \/>\n\t<meta name=\"twitter:data1\" content=\"ulqini\" \/>\n\t<meta name=\"twitter:label2\" content=\"Est. reading time\" \/>\n\t<meta name=\"twitter:data2\" content=\"2 minutes\" \/>\n<script type=\"application\/ld+json\" class=\"yoast-schema-graph\">{\"@context\":\"https:\/\/schema.org\",\"@graph\":[{\"@type\":\"WebSite\",\"@id\":\"https:\/\/www.visit-ulcinj.com\/blog\/#website\",\"url\":\"https:\/\/www.visit-ulcinj.com\/blog\/\",\"name\":\"Lajme nga Ulqini\",\"description\":\"Lajme,Vijesti,Ulqini,Ulqin,Crna Gora,Mali i Zi\",\"potentialAction\":[{\"@type\":\"SearchAction\",\"target\":{\"@type\":\"EntryPoint\",\"urlTemplate\":\"https:\/\/www.visit-ulcinj.com\/blog\/?s={search_term_string}\"},\"query-input\":\"required name=search_term_string\"}],\"inLanguage\":\"en-US\"},{\"@type\":\"ImageObject\",\"inLanguage\":\"en-US\",\"@id\":\"https:\/\/www.visit-ulcinj.com\/blog\/2009\/04\/11\/hollaj-dhe-sinishtaj-ndajne-mandatin\/#primaryimage\",\"url\":\"http:\/\/www.visit-ulcinj.com\/blog\/wp-content\/uploads\/2009\/04\/hollaj-dhe-sinishtaj-ndajne-mandatin.jpg\",\"contentUrl\":\"http:\/\/www.visit-ulcinj.com\/blog\/wp-content\/uploads\/2009\/04\/hollaj-dhe-sinishtaj-ndajne-mandatin.jpg\"},{\"@type\":\"WebPage\",\"@id\":\"https:\/\/www.visit-ulcinj.com\/blog\/2009\/04\/11\/hollaj-dhe-sinishtaj-ndajne-mandatin\/#webpage\",\"url\":\"https:\/\/www.visit-ulcinj.com\/blog\/2009\/04\/11\/hollaj-dhe-sinishtaj-ndajne-mandatin\/\",\"name\":\"Hollaj dhe Sinishtaj ndajn\u00eb mandatin - Lajme nga Ulqini\",\"isPartOf\":{\"@id\":\"https:\/\/www.visit-ulcinj.com\/blog\/#website\"},\"primaryImageOfPage\":{\"@id\":\"https:\/\/www.visit-ulcinj.com\/blog\/2009\/04\/11\/hollaj-dhe-sinishtaj-ndajne-mandatin\/#primaryimage\"},\"datePublished\":\"2009-04-11T14:25:32+00:00\",\"dateModified\":\"2009-04-11T14:27:10+00:00\",\"author\":{\"@id\":\"https:\/\/www.visit-ulcinj.com\/blog\/#\/schema\/person\/dcab619c614d3038751c63bc2aadc06d\"},\"description\":\"T\u00eb nderuar bashk\u00ebkombas kudo q\u00eb ndodheni, kam obligim por e ndiej edhe nevoj\u00eb q\u00eb t\u2019ju drejtohem duke Ju fal\u00ebnderuar p\u00ebr besimin q\u00eb m\u00eb dhat\u00eb mua dhe\",\"breadcrumb\":{\"@id\":\"https:\/\/www.visit-ulcinj.com\/blog\/2009\/04\/11\/hollaj-dhe-sinishtaj-ndajne-mandatin\/#breadcrumb\"},\"inLanguage\":\"en-US\",\"potentialAction\":[{\"@type\":\"ReadAction\",\"target\":[\"https:\/\/www.visit-ulcinj.com\/blog\/2009\/04\/11\/hollaj-dhe-sinishtaj-ndajne-mandatin\/\"]}]},{\"@type\":\"BreadcrumbList\",\"@id\":\"https:\/\/www.visit-ulcinj.com\/blog\/2009\/04\/11\/hollaj-dhe-sinishtaj-ndajne-mandatin\/#breadcrumb\",\"itemListElement\":[{\"@type\":\"ListItem\",\"position\":1,\"name\":\"Hollaj dhe Sinishtaj ndajn\u00eb mandatin\"}]},{\"@type\":\"Person\",\"@id\":\"https:\/\/www.visit-ulcinj.com\/blog\/#\/schema\/person\/dcab619c614d3038751c63bc2aadc06d\",\"name\":\"ulqini\",\"sameAs\":[\"http:\/\/www.visit-ulcinj.com\"],\"url\":\"https:\/\/www.visit-ulcinj.com\/blog\/author\/admin\/\"}]}<\/script>\n<!-- \/ Yoast SEO plugin. -->","yoast_head_json":{"title":"Hollaj dhe Sinishtaj ndajn\u00eb mandatin - Lajme nga Ulqini","description":"T\u00eb nderuar bashk\u00ebkombas kudo q\u00eb ndodheni, kam obligim por e ndiej edhe nevoj\u00eb q\u00eb t\u2019ju drejtohem duke Ju fal\u00ebnderuar p\u00ebr besimin q\u00eb m\u00eb dhat\u00eb mua dhe","robots":{"index":"index","follow":"follow","max-snippet":"max-snippet:-1","max-image-preview":"max-image-preview:large","max-video-preview":"max-video-preview:-1"},"canonical":"https:\/\/www.visit-ulcinj.com\/blog\/2009\/04\/11\/hollaj-dhe-sinishtaj-ndajne-mandatin\/","og_locale":"en_US","og_type":"article","og_title":"Hollaj dhe Sinishtaj ndajn\u00eb mandatin - Lajme nga Ulqini","og_description":"T\u00eb nderuar bashk\u00ebkombas kudo q\u00eb ndodheni, kam obligim por e ndiej edhe nevoj\u00eb q\u00eb t\u2019ju drejtohem duke Ju fal\u00ebnderuar p\u00ebr besimin q\u00eb m\u00eb dhat\u00eb mua dhe","og_url":"https:\/\/www.visit-ulcinj.com\/blog\/2009\/04\/11\/hollaj-dhe-sinishtaj-ndajne-mandatin\/","og_site_name":"Lajme nga Ulqini","article_published_time":"2009-04-11T14:25:32+00:00","article_modified_time":"2009-04-11T14:27:10+00:00","og_image":[{"url":"http:\/\/www.visit-ulcinj.com\/blog\/wp-content\/uploads\/2009\/04\/hollaj-dhe-sinishtaj-ndajne-mandatin.jpg"}],"twitter_misc":{"Written by":"ulqini","Est. reading time":"2 minutes"},"schema":{"@context":"https:\/\/schema.org","@graph":[{"@type":"WebSite","@id":"https:\/\/www.visit-ulcinj.com\/blog\/#website","url":"https:\/\/www.visit-ulcinj.com\/blog\/","name":"Lajme nga Ulqini","description":"Lajme,Vijesti,Ulqini,Ulqin,Crna Gora,Mali i Zi","potentialAction":[{"@type":"SearchAction","target":{"@type":"EntryPoint","urlTemplate":"https:\/\/www.visit-ulcinj.com\/blog\/?s={search_term_string}"},"query-input":"required name=search_term_string"}],"inLanguage":"en-US"},{"@type":"ImageObject","inLanguage":"en-US","@id":"https:\/\/www.visit-ulcinj.com\/blog\/2009\/04\/11\/hollaj-dhe-sinishtaj-ndajne-mandatin\/#primaryimage","url":"http:\/\/www.visit-ulcinj.com\/blog\/wp-content\/uploads\/2009\/04\/hollaj-dhe-sinishtaj-ndajne-mandatin.jpg","contentUrl":"http:\/\/www.visit-ulcinj.com\/blog\/wp-content\/uploads\/2009\/04\/hollaj-dhe-sinishtaj-ndajne-mandatin.jpg"},{"@type":"WebPage","@id":"https:\/\/www.visit-ulcinj.com\/blog\/2009\/04\/11\/hollaj-dhe-sinishtaj-ndajne-mandatin\/#webpage","url":"https:\/\/www.visit-ulcinj.com\/blog\/2009\/04\/11\/hollaj-dhe-sinishtaj-ndajne-mandatin\/","name":"Hollaj dhe Sinishtaj ndajn\u00eb mandatin - Lajme nga Ulqini","isPartOf":{"@id":"https:\/\/www.visit-ulcinj.com\/blog\/#website"},"primaryImageOfPage":{"@id":"https:\/\/www.visit-ulcinj.com\/blog\/2009\/04\/11\/hollaj-dhe-sinishtaj-ndajne-mandatin\/#primaryimage"},"datePublished":"2009-04-11T14:25:32+00:00","dateModified":"2009-04-11T14:27:10+00:00","author":{"@id":"https:\/\/www.visit-ulcinj.com\/blog\/#\/schema\/person\/dcab619c614d3038751c63bc2aadc06d"},"description":"T\u00eb nderuar bashk\u00ebkombas kudo q\u00eb ndodheni, kam obligim por e ndiej edhe nevoj\u00eb q\u00eb t\u2019ju drejtohem duke Ju fal\u00ebnderuar p\u00ebr besimin q\u00eb m\u00eb dhat\u00eb mua dhe","breadcrumb":{"@id":"https:\/\/www.visit-ulcinj.com\/blog\/2009\/04\/11\/hollaj-dhe-sinishtaj-ndajne-mandatin\/#breadcrumb"},"inLanguage":"en-US","potentialAction":[{"@type":"ReadAction","target":["https:\/\/www.visit-ulcinj.com\/blog\/2009\/04\/11\/hollaj-dhe-sinishtaj-ndajne-mandatin\/"]}]},{"@type":"BreadcrumbList","@id":"https:\/\/www.visit-ulcinj.com\/blog\/2009\/04\/11\/hollaj-dhe-sinishtaj-ndajne-mandatin\/#breadcrumb","itemListElement":[{"@type":"ListItem","position":1,"name":"Hollaj dhe Sinishtaj ndajn\u00eb mandatin"}]},{"@type":"Person","@id":"https:\/\/www.visit-ulcinj.com\/blog\/#\/schema\/person\/dcab619c614d3038751c63bc2aadc06d","name":"ulqini","sameAs":["http:\/\/www.visit-ulcinj.com"],"url":"https:\/\/www.visit-ulcinj.com\/blog\/author\/admin\/"}]}},"jetpack_featured_media_url":"","jetpack_sharing_enabled":true,"jetpack_shortlink":"https:\/\/wp.me\/pe6lTn-4wp","_links":{"self":[{"href":"https:\/\/www.visit-ulcinj.com\/blog\/wp-json\/wp\/v2\/posts\/17385"}],"collection":[{"href":"https:\/\/www.visit-ulcinj.com\/blog\/wp-json\/wp\/v2\/posts"}],"about":[{"href":"https:\/\/www.visit-ulcinj.com\/blog\/wp-json\/wp\/v2\/types\/post"}],"author":[{"embeddable":true,"href":"https:\/\/www.visit-ulcinj.com\/blog\/wp-json\/wp\/v2\/users\/1"}],"replies":[{"embeddable":true,"href":"https:\/\/www.visit-ulcinj.com\/blog\/wp-json\/wp\/v2\/comments?post=17385"}],"version-history":[{"count":0,"href":"https:\/\/www.visit-ulcinj.com\/blog\/wp-json\/wp\/v2\/posts\/17385\/revisions"}],"wp:attachment":[{"href":"https:\/\/www.visit-ulcinj.com\/blog\/wp-json\/wp\/v2\/media?parent=17385"}],"wp:term":[{"taxonomy":"category","embeddable":true,"href":"https:\/\/www.visit-ulcinj.com\/blog\/wp-json\/wp\/v2\/categories?post=17385"},{"taxonomy":"post_tag","embeddable":true,"href":"https:\/\/www.visit-ulcinj.com\/blog\/wp-json\/wp\/v2\/tags?post=17385"}],"curies":[{"name":"wp","href":"https:\/\/api.w.org\/{rel}","templated":true}]}}