{"id":17394,"date":"2009-04-11T16:29:36","date_gmt":"2009-04-11T14:29:36","guid":{"rendered":"http:\/\/www.visit-ulcinj.com\/blog\/?p=17394"},"modified":"2009-04-11T16:29:36","modified_gmt":"2009-04-11T14:29:36","slug":"arjoni-dhe-anjeza-puthen-ne-buz","status":"publish","type":"post","link":"https:\/\/www.visit-ulcinj.com\/blog\/2009\/04\/11\/arjoni-dhe-anjeza-puthen-ne-buz\/","title":{"rendered":"Arjoni dhe Anjeza puthen n\u00eb buz"},"content":{"rendered":"<p><em><span class=\"newsdate\"><a href=\"http:\/\/www.visit-ulcinj.com\/blog\/wp-content\/uploads\/2009\/04\/arjoni-anjeza-puthen-ne-buz.jpg\"><img loading=\"lazy\" class=\"alignleft size-full wp-image-17395\" title=\"arjoni-anjeza-puthen-ne-buz-big-brother-albania-2\" src=\"http:\/\/www.visit-ulcinj.com\/blog\/wp-content\/uploads\/2009\/04\/arjoni-anjeza-puthen-ne-buz.jpg\" alt=\"arjoni-anjeza-puthen-ne-buz-big-brother-albania-2\" width=\"300\" height=\"205\" \/><\/a>11\/04\/09 11:11<\/span><\/em><\/p>\n<p>Arjoni dhe Anjeza nuk kan\u00eb fjetur bashk\u00eb si zakonisht. Pasi ngrihet, Arjoni shkon af\u00ebr Anjez\u00ebs. Ata q\u00ebndrojn\u00eb bashk\u00eb n\u00eb krevat duke p\u00ebrk\u00ebdhelur njeri-tjetrin gjat\u00eb gjith\u00eb koh\u00ebs. N\u00eb nj\u00eb moment, Arjoni e puth Anjez\u00ebn n\u00eb buz\u00eb. Ata vazhdojn\u00eb t\u00eb q\u00ebndrojn\u00eb ende shtrir\u00eb dhe m\u00eb pas puthen s\u00ebrish.<\/p>\n","protected":false},"excerpt":{"rendered":"<p>11\/04\/09 11:11 Arjoni dhe Anjeza nuk kan\u00eb fjetur bashk\u00eb si zakonisht. Pasi ngrihet, Arjoni shkon af\u00ebr Anjez\u00ebs. Ata q\u00ebndrojn\u00eb bashk\u00eb n\u00eb krevat duke p\u00ebrk\u00ebdhelur njeri-tjetrin gjat\u00eb gjith\u00eb koh\u00ebs. N\u00eb nj\u00eb moment, Arjoni e puth Anjez\u00ebn n\u00eb buz\u00eb. Ata vazhdojn\u00eb t\u00eb q\u00ebndrojn\u00eb ende shtrir\u00eb dhe m\u00eb pas puthen s\u00ebrish.<\/p>\n","protected":false},"author":1,"featured_media":0,"comment_status":"open","ping_status":"closed","sticky":false,"template":"","format":"standard","meta":{"spay_email":"","jetpack_publicize_message":"","jetpack_is_tweetstorm":false,"jetpack_publicize_feature_enabled":true},"categories":[6502],"tags":[8289,6525,8968,5057,6506,6516,6712,7129,8967,8969,6891,6693,6887],"jetpack_publicize_connections":[],"yoast_head":"<!-- This site is optimized with the Yoast SEO plugin v19.1 - https:\/\/yoast.com\/wordpress\/plugins\/seo\/ -->\n<title>Arjoni dhe Anjeza puthen n\u00c3\u00ab buz | Big Brother Albania 2<\/title>\n<meta name=\"description\" content=\"Big Brother Albania 2 - Arjoni dhe Anjeza nuk kan\u00c3\u00ab fjetur bashk\u00c3\u00ab si zakonisht. Pasi ngrihet, Arjoni shkon af\u00c3\u00abr Anjez\u00c3\u00abs. Ata q\u00c3\u00abndrojn\u00c3\u00ab bashk\u00c3\u00ab n\u00c3\u00ab krevat duke p\u00c3\u00abrk\u00c3\u00abdhelur njeri-tjetrin gjat\u00c3\u00ab gjith\u00c3\u00ab koh\u00c3\u00abs.\" \/>\n<meta name=\"robots\" content=\"index, follow, max-snippet:-1, max-image-preview:large, max-video-preview:-1\" \/>\n<link rel=\"canonical\" href=\"https:\/\/www.visit-ulcinj.com\/blog\/2009\/04\/11\/arjoni-dhe-anjeza-puthen-ne-buz\/\" \/>\n<meta property=\"og:locale\" content=\"en_US\" \/>\n<meta property=\"og:type\" content=\"article\" \/>\n<meta property=\"og:title\" content=\"Arjoni dhe Anjeza puthen n\u00c3\u00ab buz | Big Brother Albania 2\" \/>\n<meta property=\"og:description\" content=\"Big Brother Albania 2 - Arjoni dhe Anjeza nuk kan\u00c3\u00ab fjetur bashk\u00c3\u00ab si zakonisht. Pasi ngrihet, Arjoni shkon af\u00c3\u00abr Anjez\u00c3\u00abs. Ata q\u00c3\u00abndrojn\u00c3\u00ab bashk\u00c3\u00ab n\u00c3\u00ab krevat duke p\u00c3\u00abrk\u00c3\u00abdhelur njeri-tjetrin gjat\u00c3\u00ab gjith\u00c3\u00ab koh\u00c3\u00abs.\" \/>\n<meta property=\"og:url\" content=\"https:\/\/www.visit-ulcinj.com\/blog\/2009\/04\/11\/arjoni-dhe-anjeza-puthen-ne-buz\/\" \/>\n<meta property=\"og:site_name\" content=\"Lajme nga Ulqini\" \/>\n<meta property=\"article:published_time\" content=\"2009-04-11T14:29:36+00:00\" \/>\n<meta property=\"og:image\" content=\"http:\/\/www.visit-ulcinj.com\/blog\/wp-content\/uploads\/2009\/04\/arjoni-anjeza-puthen-ne-buz.jpg\" \/>\n<meta name=\"twitter:label1\" content=\"Written by\" \/>\n\t<meta name=\"twitter:data1\" content=\"ulqini\" \/>\n<script type=\"application\/ld+json\" class=\"yoast-schema-graph\">{\"@context\":\"https:\/\/schema.org\",\"@graph\":[{\"@type\":\"WebSite\",\"@id\":\"https:\/\/www.visit-ulcinj.com\/blog\/#website\",\"url\":\"https:\/\/www.visit-ulcinj.com\/blog\/\",\"name\":\"Lajme nga Ulqini\",\"description\":\"Lajme,Vijesti,Ulqini,Ulqin,Crna Gora,Mali i Zi\",\"potentialAction\":[{\"@type\":\"SearchAction\",\"target\":{\"@type\":\"EntryPoint\",\"urlTemplate\":\"https:\/\/www.visit-ulcinj.com\/blog\/?s={search_term_string}\"},\"query-input\":\"required name=search_term_string\"}],\"inLanguage\":\"en-US\"},{\"@type\":\"ImageObject\",\"inLanguage\":\"en-US\",\"@id\":\"https:\/\/www.visit-ulcinj.com\/blog\/2009\/04\/11\/arjoni-dhe-anjeza-puthen-ne-buz\/#primaryimage\",\"url\":\"http:\/\/www.visit-ulcinj.com\/blog\/wp-content\/uploads\/2009\/04\/arjoni-anjeza-puthen-ne-buz.jpg\",\"contentUrl\":\"http:\/\/www.visit-ulcinj.com\/blog\/wp-content\/uploads\/2009\/04\/arjoni-anjeza-puthen-ne-buz.jpg\"},{\"@type\":\"WebPage\",\"@id\":\"https:\/\/www.visit-ulcinj.com\/blog\/2009\/04\/11\/arjoni-dhe-anjeza-puthen-ne-buz\/#webpage\",\"url\":\"https:\/\/www.visit-ulcinj.com\/blog\/2009\/04\/11\/arjoni-dhe-anjeza-puthen-ne-buz\/\",\"name\":\"Arjoni dhe Anjeza puthen n\u00c3\u00ab buz | Big Brother Albania 2\",\"isPartOf\":{\"@id\":\"https:\/\/www.visit-ulcinj.com\/blog\/#website\"},\"primaryImageOfPage\":{\"@id\":\"https:\/\/www.visit-ulcinj.com\/blog\/2009\/04\/11\/arjoni-dhe-anjeza-puthen-ne-buz\/#primaryimage\"},\"datePublished\":\"2009-04-11T14:29:36+00:00\",\"dateModified\":\"2009-04-11T14:29:36+00:00\",\"author\":{\"@id\":\"https:\/\/www.visit-ulcinj.com\/blog\/#\/schema\/person\/dcab619c614d3038751c63bc2aadc06d\"},\"description\":\"Big Brother Albania 2 - Arjoni dhe Anjeza nuk kan\u00c3\u00ab fjetur bashk\u00c3\u00ab si zakonisht. Pasi ngrihet, Arjoni shkon af\u00c3\u00abr Anjez\u00c3\u00abs. Ata q\u00c3\u00abndrojn\u00c3\u00ab bashk\u00c3\u00ab n\u00c3\u00ab krevat duke p\u00c3\u00abrk\u00c3\u00abdhelur njeri-tjetrin gjat\u00c3\u00ab gjith\u00c3\u00ab koh\u00c3\u00abs.\",\"breadcrumb\":{\"@id\":\"https:\/\/www.visit-ulcinj.com\/blog\/2009\/04\/11\/arjoni-dhe-anjeza-puthen-ne-buz\/#breadcrumb\"},\"inLanguage\":\"en-US\",\"potentialAction\":[{\"@type\":\"ReadAction\",\"target\":[\"https:\/\/www.visit-ulcinj.com\/blog\/2009\/04\/11\/arjoni-dhe-anjeza-puthen-ne-buz\/\"]}]},{\"@type\":\"BreadcrumbList\",\"@id\":\"https:\/\/www.visit-ulcinj.com\/blog\/2009\/04\/11\/arjoni-dhe-anjeza-puthen-ne-buz\/#breadcrumb\",\"itemListElement\":[{\"@type\":\"ListItem\",\"position\":1,\"name\":\"Arjoni dhe Anjeza puthen n\u00eb buz\"}]},{\"@type\":\"Person\",\"@id\":\"https:\/\/www.visit-ulcinj.com\/blog\/#\/schema\/person\/dcab619c614d3038751c63bc2aadc06d\",\"name\":\"ulqini\",\"sameAs\":[\"http:\/\/www.visit-ulcinj.com\"],\"url\":\"https:\/\/www.visit-ulcinj.com\/blog\/author\/admin\/\"}]}<\/script>\n<!-- \/ Yoast SEO plugin. -->","yoast_head_json":{"title":"Arjoni dhe Anjeza puthen n\u00c3\u00ab buz | Big Brother Albania 2","description":"Big Brother Albania 2 - Arjoni dhe Anjeza nuk kan\u00c3\u00ab fjetur bashk\u00c3\u00ab si zakonisht. Pasi ngrihet, Arjoni shkon af\u00c3\u00abr Anjez\u00c3\u00abs. Ata q\u00c3\u00abndrojn\u00c3\u00ab bashk\u00c3\u00ab n\u00c3\u00ab krevat duke p\u00c3\u00abrk\u00c3\u00abdhelur njeri-tjetrin gjat\u00c3\u00ab gjith\u00c3\u00ab koh\u00c3\u00abs.","robots":{"index":"index","follow":"follow","max-snippet":"max-snippet:-1","max-image-preview":"max-image-preview:large","max-video-preview":"max-video-preview:-1"},"canonical":"https:\/\/www.visit-ulcinj.com\/blog\/2009\/04\/11\/arjoni-dhe-anjeza-puthen-ne-buz\/","og_locale":"en_US","og_type":"article","og_title":"Arjoni dhe Anjeza puthen n\u00c3\u00ab buz | Big Brother Albania 2","og_description":"Big Brother Albania 2 - Arjoni dhe Anjeza nuk kan\u00c3\u00ab fjetur bashk\u00c3\u00ab si zakonisht. Pasi ngrihet, Arjoni shkon af\u00c3\u00abr Anjez\u00c3\u00abs. Ata q\u00c3\u00abndrojn\u00c3\u00ab bashk\u00c3\u00ab n\u00c3\u00ab krevat duke p\u00c3\u00abrk\u00c3\u00abdhelur njeri-tjetrin gjat\u00c3\u00ab gjith\u00c3\u00ab koh\u00c3\u00abs.","og_url":"https:\/\/www.visit-ulcinj.com\/blog\/2009\/04\/11\/arjoni-dhe-anjeza-puthen-ne-buz\/","og_site_name":"Lajme nga Ulqini","article_published_time":"2009-04-11T14:29:36+00:00","og_image":[{"url":"http:\/\/www.visit-ulcinj.com\/blog\/wp-content\/uploads\/2009\/04\/arjoni-anjeza-puthen-ne-buz.jpg"}],"twitter_misc":{"Written by":"ulqini"},"schema":{"@context":"https:\/\/schema.org","@graph":[{"@type":"WebSite","@id":"https:\/\/www.visit-ulcinj.com\/blog\/#website","url":"https:\/\/www.visit-ulcinj.com\/blog\/","name":"Lajme nga Ulqini","description":"Lajme,Vijesti,Ulqini,Ulqin,Crna Gora,Mali i Zi","potentialAction":[{"@type":"SearchAction","target":{"@type":"EntryPoint","urlTemplate":"https:\/\/www.visit-ulcinj.com\/blog\/?s={search_term_string}"},"query-input":"required name=search_term_string"}],"inLanguage":"en-US"},{"@type":"ImageObject","inLanguage":"en-US","@id":"https:\/\/www.visit-ulcinj.com\/blog\/2009\/04\/11\/arjoni-dhe-anjeza-puthen-ne-buz\/#primaryimage","url":"http:\/\/www.visit-ulcinj.com\/blog\/wp-content\/uploads\/2009\/04\/arjoni-anjeza-puthen-ne-buz.jpg","contentUrl":"http:\/\/www.visit-ulcinj.com\/blog\/wp-content\/uploads\/2009\/04\/arjoni-anjeza-puthen-ne-buz.jpg"},{"@type":"WebPage","@id":"https:\/\/www.visit-ulcinj.com\/blog\/2009\/04\/11\/arjoni-dhe-anjeza-puthen-ne-buz\/#webpage","url":"https:\/\/www.visit-ulcinj.com\/blog\/2009\/04\/11\/arjoni-dhe-anjeza-puthen-ne-buz\/","name":"Arjoni dhe Anjeza puthen n\u00c3\u00ab buz | Big Brother Albania 2","isPartOf":{"@id":"https:\/\/www.visit-ulcinj.com\/blog\/#website"},"primaryImageOfPage":{"@id":"https:\/\/www.visit-ulcinj.com\/blog\/2009\/04\/11\/arjoni-dhe-anjeza-puthen-ne-buz\/#primaryimage"},"datePublished":"2009-04-11T14:29:36+00:00","dateModified":"2009-04-11T14:29:36+00:00","author":{"@id":"https:\/\/www.visit-ulcinj.com\/blog\/#\/schema\/person\/dcab619c614d3038751c63bc2aadc06d"},"description":"Big Brother Albania 2 - Arjoni dhe Anjeza nuk kan\u00c3\u00ab fjetur bashk\u00c3\u00ab si zakonisht. Pasi ngrihet, Arjoni shkon af\u00c3\u00abr Anjez\u00c3\u00abs. Ata q\u00c3\u00abndrojn\u00c3\u00ab bashk\u00c3\u00ab n\u00c3\u00ab krevat duke p\u00c3\u00abrk\u00c3\u00abdhelur njeri-tjetrin gjat\u00c3\u00ab gjith\u00c3\u00ab koh\u00c3\u00abs.","breadcrumb":{"@id":"https:\/\/www.visit-ulcinj.com\/blog\/2009\/04\/11\/arjoni-dhe-anjeza-puthen-ne-buz\/#breadcrumb"},"inLanguage":"en-US","potentialAction":[{"@type":"ReadAction","target":["https:\/\/www.visit-ulcinj.com\/blog\/2009\/04\/11\/arjoni-dhe-anjeza-puthen-ne-buz\/"]}]},{"@type":"BreadcrumbList","@id":"https:\/\/www.visit-ulcinj.com\/blog\/2009\/04\/11\/arjoni-dhe-anjeza-puthen-ne-buz\/#breadcrumb","itemListElement":[{"@type":"ListItem","position":1,"name":"Arjoni dhe Anjeza puthen n\u00eb buz"}]},{"@type":"Person","@id":"https:\/\/www.visit-ulcinj.com\/blog\/#\/schema\/person\/dcab619c614d3038751c63bc2aadc06d","name":"ulqini","sameAs":["http:\/\/www.visit-ulcinj.com"],"url":"https:\/\/www.visit-ulcinj.com\/blog\/author\/admin\/"}]}},"jetpack_featured_media_url":"","jetpack_sharing_enabled":true,"jetpack_shortlink":"https:\/\/wp.me\/pe6lTn-4wy","_links":{"self":[{"href":"https:\/\/www.visit-ulcinj.com\/blog\/wp-json\/wp\/v2\/posts\/17394"}],"collection":[{"href":"https:\/\/www.visit-ulcinj.com\/blog\/wp-json\/wp\/v2\/posts"}],"about":[{"href":"https:\/\/www.visit-ulcinj.com\/blog\/wp-json\/wp\/v2\/types\/post"}],"author":[{"embeddable":true,"href":"https:\/\/www.visit-ulcinj.com\/blog\/wp-json\/wp\/v2\/users\/1"}],"replies":[{"embeddable":true,"href":"https:\/\/www.visit-ulcinj.com\/blog\/wp-json\/wp\/v2\/comments?post=17394"}],"version-history":[{"count":0,"href":"https:\/\/www.visit-ulcinj.com\/blog\/wp-json\/wp\/v2\/posts\/17394\/revisions"}],"wp:attachment":[{"href":"https:\/\/www.visit-ulcinj.com\/blog\/wp-json\/wp\/v2\/media?parent=17394"}],"wp:term":[{"taxonomy":"category","embeddable":true,"href":"https:\/\/www.visit-ulcinj.com\/blog\/wp-json\/wp\/v2\/categories?post=17394"},{"taxonomy":"post_tag","embeddable":true,"href":"https:\/\/www.visit-ulcinj.com\/blog\/wp-json\/wp\/v2\/tags?post=17394"}],"curies":[{"name":"wp","href":"https:\/\/api.w.org\/{rel}","templated":true}]}}