{"id":17399,"date":"2009-04-11T16:38:24","date_gmt":"2009-04-11T14:38:24","guid":{"rendered":"http:\/\/www.visit-ulcinj.com\/blog\/?p=17399"},"modified":"2009-04-11T16:40:12","modified_gmt":"2009-04-11T14:40:12","slug":"portret-i-sutki-malohoxhes","status":"publish","type":"post","link":"https:\/\/www.visit-ulcinj.com\/blog\/2009\/04\/11\/portret-i-sutki-malohoxhes\/","title":{"rendered":"Portret i Sutki Malohoxh\u00ebs"},"content":{"rendered":"<p><strong><a href=\"http:\/\/www.visit-ulcinj.com\/blog\/wp-content\/uploads\/2009\/04\/sutki-malohodzic_sutki-malohoxha.gif\"><img loading=\"lazy\" class=\"alignleft size-full wp-image-17400\" title=\"sutki-malohodzic_sutki-malohoxha\" src=\"http:\/\/www.visit-ulcinj.com\/blog\/wp-content\/uploads\/2009\/04\/sutki-malohodzic_sutki-malohoxha.gif\" alt=\"sutki-malohodzic_sutki-malohoxha\" width=\"387\" height=\"275\" \/><\/a>Rrym\u00eb e let\u00ebrsis\u00eb q\u00eb mbetet gjithmon\u00eb aktuale<\/strong><br \/>\nSi t\u00eb fillosh t\u00eb shkruash p\u00ebr nj\u00eb personalitet me t\u00eb cilin shoq\u00ebrohesh vite me radh\u00eb? Si ta p\u00ebrshkruash personalitetin e tij e t\u00eb mos gabosh, t\u00eb mos jesh subjektiv? Sutkiu, \u00ebsht\u00eb nj\u00eb njeri i \u201cbut\u00eb\u201d si\u00e7 thot\u00eb populli yn\u00eb, nj\u00eb njeri i cili nuk di ta ngris\u00eb z\u00ebrin kurr\u00eb&#8230; nuk di me \u201cvirr\u00eb\u201d apo me reagua, ashtu si\u00e7 reagojm\u00eb t\u00eb gjith\u00eb ne, n\u00eb situata t\u00eb ndryshme&#8230; Gjithmon\u00eb mllefin e ka mbajtur n\u00eb vehte&#8230; Ne, shok\u00ebt me t\u00eb cil\u00ebt Sutkiu \u00ebsht\u00eb shoq\u00ebruar, dhe ende shoq\u00ebrohet, e dim\u00eb k\u00ebt\u00eb veti, sepse e njohim mir\u00eb, dhe padyshim gjihtmon\u00eb ka qen\u00eb m\u00eb i \u201cbut\u00eb\u201d se ne. Natyrisht, i ka pasur edhe ai t\u00eb \u201cvetat\u201d dhe ende as sot pas shum\u00eb vitesh nuk ka ndryshuar asgj\u00eb. Ne disa nga shok\u00ebt t\u00eb cil\u00ebt padyshim ende edhe sot kemi respekt t\u00eb posa\u00e7\u00ebm ndaj nj\u00ebri tjetrit, shpesh rrim\u00eb s\u00eb bashku, p\u00ebrve\u00e7 shok\u00ebve t\u00eb cil\u00ebt na kan\u00eb harruar, por at\u00eb ua l\u00ebm\u00eb atyre dhe nd\u00ebrgjegjes s\u00eb tyre&#8230; Ndoshta edhe jeta dhe rrethanat e ndryshme na kan\u00eb larguar&#8230;<br \/>\nPor, t\u2019i kthehemi personazhit p\u00ebr t\u00eb cilin d\u00ebshiroj sot t\u2019i shkruaj disa rreshta, sepse jam i mendimit se e meriton t\u00eb gjendet n\u00eb plejad\u00ebn e atyre t\u00eb cil\u00ebt kan\u00eb dh\u00ebn\u00eb kontribut t\u00eb madh n\u00eb edukimin e shum\u00eb brezave n\u00eb qytetin ton\u00eb dhe m\u00eb gjer\u00eb. Si m\u00ebsimdh\u00ebn\u00ebs i ri, Sutkiu ka filluar t\u00eb punoj\u00eb n\u00eb gjimnazin e Ulqinit, dhe mbi 24 vite ka l\u00ebn\u00eb gjurm\u00eb t\u00eb pashlyera. Ka qen\u00eb \u201cpak\u201d i ashp\u00ebr por gjithmon\u00eb i drejt\u00eb. Si m\u00ebsimdh\u00ebn\u00ebs i gjuh\u00ebs ruse, t\u00eb cil\u00ebn e ka studiuar n\u00eb Shkup, \u00ebsh\u00ebt munduar t\u2019u ofroj\u00eb f\u00ebmij\u00ebve nj\u00eb gjuh\u00eb dhe nj\u00eb kultur\u00eb t\u00eb jasht\u00ebzakonshme t\u00eb nj\u00eb populli t\u00eb madh, me nj\u00eb let\u00ebrsi t\u00eb pasur me fam\u00eb bot\u00ebrore. Pavar\u00ebsisht se gjuha ruse nuk ka qen\u00eb shum\u00eb aktuale dhe nuk ka qen\u00eb n\u00eb trend n\u00eb ato koh\u00ebra, Sutkiu gjithmon\u00eb \u00ebsht\u00eb munduar t\u00eb jap\u00eb maksimumin e tij dhe padyshim pun\u00ebn e ka kryer deri n\u00eb perfeksioniz\u00ebm. Sot qeshim ngandonj\u00ebher\u00eb, duke i par\u00eb marr\u00ebdh\u00ebniet politiko-shoq\u00ebrore, duke par\u00eb se \u201cpo na vin\u00eb Rus\u00ebt\u201d, t\u00eb cil\u00ebt sot kan\u00eb shum\u00eb nevoj\u00eb p\u00ebr Sutkiun, posa\u00e7\u00ebrisht n\u00eb p\u00ebrkthime apo n\u00eb procese gjyq\u00ebsore. Tash ne kujtohemi se si po i z\u00ebvend\u00ebson Sutkiu ato or\u00ebt \u201cdeficitare\u201d t\u00eb asaj kohe. Dikur pra munges\u00ebn e or\u00ebve nga gjuha ruse, Sutkiu e ka plot\u00ebsuar n\u00eb bibliotek\u00ebn e shkoll\u00ebs, apo si sekretar, mbi tre vite. Duke mos qen\u00eb jurist, un\u00eb mendoj, por jo vet\u00ebm un\u00eb, se shkolla kurr\u00eb nuk ka pasur sekretar dhe administrator m\u00eb t\u00eb mir\u00eb se Sutkiun, sepse pun\u00ebn e sekretarit dhe administrat\u00ebn shkollore Sutkiu e ka b\u00ebr\u00eb dhe e ka punuar deri n\u00eb perfeksioniz\u00ebm. Gjithmon\u00eb ka qen\u00eb pedant dhe i sakt\u00eb&#8230; Edhe tash si z\u00ebvend\u00ebsdrejtor n\u00eb Shkoll\u00ebn Fillore \u201cBoshko Strugar\u201d&#8230; m\u00eb tep\u00ebr e kalon koh\u00ebn n\u00eb korridore, se n\u00eb zyr\u00ebn e tij, apo n\u00eb sall\u00ebn e arsimtar\u00ebve, duke ndjekur me kujdes t\u00eb posa\u00e7\u00ebm procesin m\u00ebsimor&#8230; I till\u00eb \u00ebsht\u00eb Sutkiu dhe ai nuk mund t\u00eb nd\u00ebrroj\u00eb. K\u00ebto veti duhen t\u00eb p\u00ebrmenden kur flitet p\u00ebr t\u00eb, dhe padyshim ai ka l\u00ebn\u00eb gjurm\u00eb t\u00eb pashlyeshme n\u00eb arsimin dhe edukimin e shum\u00eb gjeneratave.<br \/>\nGjithashtu d\u00ebshiroj q\u00eb me respekt t\u00eb madh t\u2019i shkruaj edhe disa rreshta p\u00ebr veprimtarin\u00eb letrare n\u00eb fusha t\u00eb ndryshme, me t\u00eb cilat \u00ebsht\u00eb marr\u00eb dhe ende edhe sot merret Sutkiu. Kjo veprimtari viteve t\u00eb fundit \u00ebsht\u00eb n\u00eb fokusin e interesimit tim, por edhe t\u00eb publikut t\u00eb gjer\u00eb dhe p\u00ebr t\u00eb dhe p\u00ebr k\u00ebt\u00eb arsye d\u00ebshiroj t\u2019i kushtoj nj\u00eb v\u00ebmendje t\u00eb posa\u00e7me. Dua t\u2019i kthehem p\u00ebrs\u00ebri nj\u00eb rryme letrare apo nj\u00eb humori i cili m\u00eb tep\u00ebr ka qen\u00eb gojor se\u00e7 \u00ebsht\u00eb shkruar, bejtes dhe bejtexhinjve. Kjo rrym\u00eb e let\u00ebrsis\u00eb ka qen\u00eb gjithmon\u00eb aktuale n\u00eb Ulqin dhe n\u00eb Shkod\u00ebr. P\u00ebr bejte dhe bejtexhinj\u00eb un\u00eb kam pasur edhe nj\u00eb tekst n\u00eb \u201cKoh\u00ebn Javore\u201d. Sot dua pak ta p\u00ebrmend, pasi q\u00eb Sutkiut dhe Silver Kodr\u00ebs ua kam kushtuar tekstin e lartp\u00ebrmendur. Dua t\u00eb p\u00ebrmend p\u00ebrs\u00ebri Sutkiun i cili ende vazhdon duke sh\u00ebnuar dhe duke shkruar bejte. \u00cbsht\u00eb m\u00eb se e nevojshme t\u00eb p\u00ebrmenden dy librat e tij kushtuar bejtes, si rrym\u00eb apo drejtim n\u00eb let\u00ebrsin\u00eb ton\u00eb. N\u00eb nj\u00ebrin, Sutkiu shkruan p\u00ebr bejtexhinjt\u00eb e famsh\u00ebm t\u00eb Ulqinit, kurse n\u00eb librin tjet\u00ebr shkruan dhe boton bejtet t\u00eb cilat i ka shkruar vet\u00eb, duke u frym\u00ebzuar nga rrethi yn\u00eb, nga qyteti, pazari dhe Kalaja. \u201cNalt e posht\u00eb pazarit\u201d \u00ebsht\u00eb reflektimi i jet\u00ebs son\u00eb me plot humor i cili p\u00ebr \u00e7do dit\u00eb mund t\u00eb d\u00ebgjohet tek ne. Titull i q\u00eblluar, padyshim. Me respekt t\u00eb posa\u00e7\u00ebm d\u00ebshiroj t\u00eb p\u00ebrmend dhe t\u2019ia rikujtoj publikut t\u00eb gjer\u00eb promovimin e k\u00ebtyre dy librave, plot me nj\u00eb humor t\u00eb jasht\u00ebzakonsh\u00ebm n\u00eb Kalan\u00eb ton\u00eb. N\u00eb k\u00ebto promovime kan\u00eb marr\u00eb pjes\u00eb si mysafir\u00eb edhe bejtexhinjt\u00eb nga Shkodra dhe Ulqini, por edhe shum\u00eb nga mjesht\u00ebr t\u00eb pend\u00ebs dhe t\u00eb gjuh\u00ebs shqipe, duke e shfaqur me pjes\u00ebmarrjen e vet respektin e merituar ndaj Sutkiut. \u00cbsht\u00eb m\u00eb se e nevojshme k\u00ebto promovime, sepse n\u00eb t\u00eb gjith\u00eb opinionin kan\u00eb l\u00ebn\u00eb p\u00ebrshtypje t\u00eb paharruara. Sutkiu p\u00ebrve\u00e7 botimeve t\u00eb lart\u00ebp\u00ebrmendura ka edhe shum\u00eb bejte t\u00eb cilat presin t\u00eb botohen, por edhe shum\u00eb nga ato q\u00eb i ruan n\u00eb notesin e vet dhe neve shok\u00ebve na i lexon ngandonj\u00ebher\u00eb. Ai thot\u00eb se ato kan\u00eb p\u00ebr ta par\u00eb drit\u00ebn, ndoshta m\u00eb von\u00eb kur si\u00e7 thot ai, t\u00eb shkoj\u00eb p\u00ebrgjithmon\u00eb n\u00eb Pinjesh. Jam i mendimit tim modest se ato bejte, n\u00eb t\u00eb cilat edhe disa nga ne kemi marr\u00eb pjes\u00eb me idet\u00eb tona, duke e frym\u00ebzuar Sutkiun, se ato jan\u00eb bejtet m\u00eb t\u00eb mira t\u00eb veprimtaris\u00eb n\u00eb rrym\u00ebn e bejtes t\u00eb Sutkiut. Ato flasin dhe prekin ngjarjet dhe personazhet bashk\u00ebkohore t\u00eb qytetit ton\u00eb Ulqinit. Sutkiu mendon se ato ndoshta edhe do t\u00eb kishin prekur ata t\u00eb cil\u00ebt aty do ta gjenin veten dhe mu p\u00ebr k\u00ebt\u00eb arsye nuk i boton. Un\u00eb edhe ata t\u00eb cil\u00ebt i kan\u00eb lexuar k\u00ebto bejte, nuk mendojm\u00eb ashtu. P\u00ebrkundrazi, bejtja \u00ebsht\u00eb nj\u00eb humor i shondosh\u00eb dhe nuk lejon t\u00eb prek\u00eb ask\u00ebnd, sepse humori \u00ebsht\u00eb pjes\u00eb e jet\u00ebs, aq m\u00eb tep\u00ebr tani kur kemi nevoj\u00eb m\u00eb tep\u00ebr p\u00ebr t\u00eb, n\u00eb k\u00ebto koh\u00ebra t\u00eb v\u00ebshtira t\u00eb kriz\u00ebs globale, pavar\u00ebsisht se bejtja e ka \u201cthumbin\u201d e vet.<br \/>\nM\u00eb n\u00eb fund duhet t\u00eb thuhet se vetin\u00eb e k\u00ebtij humori Sutkiu e ka trash\u00ebguar nga gjyshja e tij Hanko Lufja, e cila edhe pas nj\u00eb kohe kaq t\u00eb gjat\u00eb ende edhe sot p\u00ebrmendet si nj\u00eb zonj\u00eb e cila p\u00ebr \u00e7dok\u00ebnd \u201ce ka pas xhevapin n\u00eb xhep\u201d dhe e cila thon\u00eb se ka qen\u00eb moderatorja e par\u00eb n\u00eb qytetin ton\u00eb.<br \/>\nN\u00eb fokusin e interesimin e Sutkiut \u00ebsht\u00eb edhe studimi i let\u00ebrsis\u00eb s\u00eb famshme ruse, ku ai merret me p\u00ebrkthime nga gjuha ruse n\u00eb at\u00eb shqipe apo malazeze. D\u00ebshiroj t\u2019i p\u00ebrmend disa p\u00ebrkthime dhe studime t\u00eb Pushikinit, Lermontovit dhe Dostojevskit. Sutkiu ka marr\u00eb dhe ende merr pjes\u00eb n\u00eb shum\u00eb seminare dhe simpoziume dhe flitet p\u00ebr gjuh\u00ebn ruse dhe let\u00ebrsin\u00eb e saj. Edhe un\u00eb kam patur rastin t\u00eb marr\u00eb pjes\u00eb n\u00eb nj\u00eb simpozium n\u00eb Tiran\u00eb ku Sutkiu ka mbajtur kumtes\u00ebn mbi Jeseninin dhe p\u00ebshtypjet e paharruara i kam botuar n\u00eb nj\u00eb tekst n\u00eb librin tim \u201cKalaja, legjend\u00eb dhe art\u201d. \u00c7ka t\u00eb thuash m\u00eb tep\u00ebr p\u00ebr k\u00ebt\u00eb njeri, i cili mbi tri dekada mundohet t\u00eb jap\u00eb kontributin e vet n\u00eb edukimin e t\u00eb rinj\u00ebve dhe n\u00eb studime t\u00eb tjera t\u00eb cilat me siguri do ta gjejn\u00eb vendin e merituar n\u00eb historin\u00eb ton\u00eb. Pava\u00ebrsisht se jeta ka sakrifica, probleme mbijetese, probleme me \u201ct\u00eb huaj\u201d, si do t\u00eb jet\u00eb sezoni turistik n\u00eb k\u00ebt\u00eb vit t\u00eb kriz\u00ebs globale. P\u00ebr Sutkiun edhe aq m\u00eb tep\u00ebr, jo vet\u00ebm a do t\u00eb ket\u00eb \u201ct\u00eb huaj\u201d, por edhe a do t\u00eb ket\u00eb kontrata dhe p\u00ebrkthime. Un\u00eb i d\u00ebshiroj Sutkiut t\u00eb vazhdoj\u00eb me veprimtarin\u00eb e tij sepse ne t\u00eb gjith\u00eb kemi nevoj\u00eb p\u00ebr fjal\u00ebn e shkruar dhe populli yn\u00eb gjithmon\u00eb di dhe do ta vler\u00ebsoj\u00eb pun\u00ebn e palodhshme t\u00eb tij.<br \/>\n<strong>Ismet Karamanaga<br \/>\nKoha Javore<\/strong><\/p>\n","protected":false},"excerpt":{"rendered":"<p>Rrym\u00eb e let\u00ebrsis\u00eb q\u00eb mbetet gjithmon\u00eb aktuale Si t\u00eb fillosh t\u00eb shkruash p\u00ebr nj\u00eb personalitet me t\u00eb cilin shoq\u00ebrohesh vite me radh\u00eb? Si ta p\u00ebrshkruash personalitetin e tij e t\u00eb mos gabosh, t\u00eb mos jesh subjektiv? Sutkiu, \u00ebsht\u00eb nj\u00eb njeri i \u201cbut\u00eb\u201d si\u00e7 thot\u00eb populli yn\u00eb, nj\u00eb njeri i cili nuk di ta ngris\u00eb z\u00ebrin [&hellip;]<\/p>\n","protected":false},"author":1,"featured_media":0,"comment_status":"open","ping_status":"closed","sticky":false,"template":"","format":"standard","meta":{"spay_email":"","jetpack_publicize_message":"","jetpack_is_tweetstorm":false,"jetpack_publicize_feature_enabled":true},"categories":[4],"tags":[306,8973,8970,8972,8971],"jetpack_publicize_connections":[],"yoast_head":"<!-- This site is optimized with the Yoast SEO plugin v19.1 - https:\/\/yoast.com\/wordpress\/plugins\/seo\/ -->\n<title>Portret i Sutki Malohoxh\u00ebs - Lajme nga Ulqini<\/title>\n<meta name=\"description\" content=\"Rrym\u00eb e let\u00ebrsis\u00eb q\u00eb mbetet gjithmon\u00eb aktuale Si t\u00eb fillosh t\u00eb shkruash p\u00ebr nj\u00eb personalitet me t\u00eb cilin shoq\u00ebrohesh vite me radh\u00eb? Si ta p\u00ebrshkruash\" \/>\n<meta name=\"robots\" content=\"index, follow, max-snippet:-1, max-image-preview:large, max-video-preview:-1\" \/>\n<link rel=\"canonical\" href=\"https:\/\/www.visit-ulcinj.com\/blog\/2009\/04\/11\/portret-i-sutki-malohoxhes\/\" \/>\n<meta property=\"og:locale\" content=\"en_US\" \/>\n<meta property=\"og:type\" content=\"article\" \/>\n<meta property=\"og:title\" content=\"Portret i Sutki Malohoxh\u00ebs - Lajme nga Ulqini\" \/>\n<meta property=\"og:description\" content=\"Rrym\u00eb e let\u00ebrsis\u00eb q\u00eb mbetet gjithmon\u00eb aktuale Si t\u00eb fillosh t\u00eb shkruash p\u00ebr nj\u00eb personalitet me t\u00eb cilin shoq\u00ebrohesh vite me radh\u00eb? Si ta p\u00ebrshkruash\" \/>\n<meta property=\"og:url\" content=\"https:\/\/www.visit-ulcinj.com\/blog\/2009\/04\/11\/portret-i-sutki-malohoxhes\/\" \/>\n<meta property=\"og:site_name\" content=\"Lajme nga Ulqini\" \/>\n<meta property=\"article:published_time\" content=\"2009-04-11T14:38:24+00:00\" \/>\n<meta property=\"article:modified_time\" content=\"2009-04-11T14:40:12+00:00\" \/>\n<meta property=\"og:image\" content=\"http:\/\/www.visit-ulcinj.com\/blog\/wp-content\/uploads\/2009\/04\/sutki-malohodzic_sutki-malohoxha.gif\" \/>\n<meta name=\"twitter:label1\" content=\"Written by\" \/>\n\t<meta name=\"twitter:data1\" content=\"ulqini\" \/>\n\t<meta name=\"twitter:label2\" content=\"Est. reading time\" \/>\n\t<meta name=\"twitter:data2\" content=\"7 minutes\" \/>\n<script type=\"application\/ld+json\" class=\"yoast-schema-graph\">{\"@context\":\"https:\/\/schema.org\",\"@graph\":[{\"@type\":\"WebSite\",\"@id\":\"https:\/\/www.visit-ulcinj.com\/blog\/#website\",\"url\":\"https:\/\/www.visit-ulcinj.com\/blog\/\",\"name\":\"Lajme nga Ulqini\",\"description\":\"Lajme,Vijesti,Ulqini,Ulqin,Crna Gora,Mali i Zi\",\"potentialAction\":[{\"@type\":\"SearchAction\",\"target\":{\"@type\":\"EntryPoint\",\"urlTemplate\":\"https:\/\/www.visit-ulcinj.com\/blog\/?s={search_term_string}\"},\"query-input\":\"required name=search_term_string\"}],\"inLanguage\":\"en-US\"},{\"@type\":\"ImageObject\",\"inLanguage\":\"en-US\",\"@id\":\"https:\/\/www.visit-ulcinj.com\/blog\/2009\/04\/11\/portret-i-sutki-malohoxhes\/#primaryimage\",\"url\":\"https:\/\/www.visit-ulcinj.com\/blog\/wp-content\/uploads\/2009\/04\/sutki-malohodzic_sutki-malohoxha.gif\",\"contentUrl\":\"https:\/\/www.visit-ulcinj.com\/blog\/wp-content\/uploads\/2009\/04\/sutki-malohodzic_sutki-malohoxha.gif\",\"width\":\"206\",\"height\":\"146\"},{\"@type\":\"WebPage\",\"@id\":\"https:\/\/www.visit-ulcinj.com\/blog\/2009\/04\/11\/portret-i-sutki-malohoxhes\/#webpage\",\"url\":\"https:\/\/www.visit-ulcinj.com\/blog\/2009\/04\/11\/portret-i-sutki-malohoxhes\/\",\"name\":\"Portret i Sutki Malohoxh\u00ebs - Lajme nga Ulqini\",\"isPartOf\":{\"@id\":\"https:\/\/www.visit-ulcinj.com\/blog\/#website\"},\"primaryImageOfPage\":{\"@id\":\"https:\/\/www.visit-ulcinj.com\/blog\/2009\/04\/11\/portret-i-sutki-malohoxhes\/#primaryimage\"},\"datePublished\":\"2009-04-11T14:38:24+00:00\",\"dateModified\":\"2009-04-11T14:40:12+00:00\",\"author\":{\"@id\":\"https:\/\/www.visit-ulcinj.com\/blog\/#\/schema\/person\/dcab619c614d3038751c63bc2aadc06d\"},\"description\":\"Rrym\u00eb e let\u00ebrsis\u00eb q\u00eb mbetet gjithmon\u00eb aktuale Si t\u00eb fillosh t\u00eb shkruash p\u00ebr nj\u00eb personalitet me t\u00eb cilin shoq\u00ebrohesh vite me radh\u00eb? Si ta p\u00ebrshkruash\",\"breadcrumb\":{\"@id\":\"https:\/\/www.visit-ulcinj.com\/blog\/2009\/04\/11\/portret-i-sutki-malohoxhes\/#breadcrumb\"},\"inLanguage\":\"en-US\",\"potentialAction\":[{\"@type\":\"ReadAction\",\"target\":[\"https:\/\/www.visit-ulcinj.com\/blog\/2009\/04\/11\/portret-i-sutki-malohoxhes\/\"]}]},{\"@type\":\"BreadcrumbList\",\"@id\":\"https:\/\/www.visit-ulcinj.com\/blog\/2009\/04\/11\/portret-i-sutki-malohoxhes\/#breadcrumb\",\"itemListElement\":[{\"@type\":\"ListItem\",\"position\":1,\"name\":\"Portret i Sutki Malohoxh\u00ebs\"}]},{\"@type\":\"Person\",\"@id\":\"https:\/\/www.visit-ulcinj.com\/blog\/#\/schema\/person\/dcab619c614d3038751c63bc2aadc06d\",\"name\":\"ulqini\",\"sameAs\":[\"http:\/\/www.visit-ulcinj.com\"],\"url\":\"https:\/\/www.visit-ulcinj.com\/blog\/author\/admin\/\"}]}<\/script>\n<!-- \/ Yoast SEO plugin. -->","yoast_head_json":{"title":"Portret i Sutki Malohoxh\u00ebs - Lajme nga Ulqini","description":"Rrym\u00eb e let\u00ebrsis\u00eb q\u00eb mbetet gjithmon\u00eb aktuale Si t\u00eb fillosh t\u00eb shkruash p\u00ebr nj\u00eb personalitet me t\u00eb cilin shoq\u00ebrohesh vite me radh\u00eb? Si ta p\u00ebrshkruash","robots":{"index":"index","follow":"follow","max-snippet":"max-snippet:-1","max-image-preview":"max-image-preview:large","max-video-preview":"max-video-preview:-1"},"canonical":"https:\/\/www.visit-ulcinj.com\/blog\/2009\/04\/11\/portret-i-sutki-malohoxhes\/","og_locale":"en_US","og_type":"article","og_title":"Portret i Sutki Malohoxh\u00ebs - Lajme nga Ulqini","og_description":"Rrym\u00eb e let\u00ebrsis\u00eb q\u00eb mbetet gjithmon\u00eb aktuale Si t\u00eb fillosh t\u00eb shkruash p\u00ebr nj\u00eb personalitet me t\u00eb cilin shoq\u00ebrohesh vite me radh\u00eb? Si ta p\u00ebrshkruash","og_url":"https:\/\/www.visit-ulcinj.com\/blog\/2009\/04\/11\/portret-i-sutki-malohoxhes\/","og_site_name":"Lajme nga Ulqini","article_published_time":"2009-04-11T14:38:24+00:00","article_modified_time":"2009-04-11T14:40:12+00:00","og_image":[{"url":"http:\/\/www.visit-ulcinj.com\/blog\/wp-content\/uploads\/2009\/04\/sutki-malohodzic_sutki-malohoxha.gif"}],"twitter_misc":{"Written by":"ulqini","Est. reading time":"7 minutes"},"schema":{"@context":"https:\/\/schema.org","@graph":[{"@type":"WebSite","@id":"https:\/\/www.visit-ulcinj.com\/blog\/#website","url":"https:\/\/www.visit-ulcinj.com\/blog\/","name":"Lajme nga Ulqini","description":"Lajme,Vijesti,Ulqini,Ulqin,Crna Gora,Mali i Zi","potentialAction":[{"@type":"SearchAction","target":{"@type":"EntryPoint","urlTemplate":"https:\/\/www.visit-ulcinj.com\/blog\/?s={search_term_string}"},"query-input":"required name=search_term_string"}],"inLanguage":"en-US"},{"@type":"ImageObject","inLanguage":"en-US","@id":"https:\/\/www.visit-ulcinj.com\/blog\/2009\/04\/11\/portret-i-sutki-malohoxhes\/#primaryimage","url":"https:\/\/www.visit-ulcinj.com\/blog\/wp-content\/uploads\/2009\/04\/sutki-malohodzic_sutki-malohoxha.gif","contentUrl":"https:\/\/www.visit-ulcinj.com\/blog\/wp-content\/uploads\/2009\/04\/sutki-malohodzic_sutki-malohoxha.gif","width":"206","height":"146"},{"@type":"WebPage","@id":"https:\/\/www.visit-ulcinj.com\/blog\/2009\/04\/11\/portret-i-sutki-malohoxhes\/#webpage","url":"https:\/\/www.visit-ulcinj.com\/blog\/2009\/04\/11\/portret-i-sutki-malohoxhes\/","name":"Portret i Sutki Malohoxh\u00ebs - Lajme nga Ulqini","isPartOf":{"@id":"https:\/\/www.visit-ulcinj.com\/blog\/#website"},"primaryImageOfPage":{"@id":"https:\/\/www.visit-ulcinj.com\/blog\/2009\/04\/11\/portret-i-sutki-malohoxhes\/#primaryimage"},"datePublished":"2009-04-11T14:38:24+00:00","dateModified":"2009-04-11T14:40:12+00:00","author":{"@id":"https:\/\/www.visit-ulcinj.com\/blog\/#\/schema\/person\/dcab619c614d3038751c63bc2aadc06d"},"description":"Rrym\u00eb e let\u00ebrsis\u00eb q\u00eb mbetet gjithmon\u00eb aktuale Si t\u00eb fillosh t\u00eb shkruash p\u00ebr nj\u00eb personalitet me t\u00eb cilin shoq\u00ebrohesh vite me radh\u00eb? Si ta p\u00ebrshkruash","breadcrumb":{"@id":"https:\/\/www.visit-ulcinj.com\/blog\/2009\/04\/11\/portret-i-sutki-malohoxhes\/#breadcrumb"},"inLanguage":"en-US","potentialAction":[{"@type":"ReadAction","target":["https:\/\/www.visit-ulcinj.com\/blog\/2009\/04\/11\/portret-i-sutki-malohoxhes\/"]}]},{"@type":"BreadcrumbList","@id":"https:\/\/www.visit-ulcinj.com\/blog\/2009\/04\/11\/portret-i-sutki-malohoxhes\/#breadcrumb","itemListElement":[{"@type":"ListItem","position":1,"name":"Portret i Sutki Malohoxh\u00ebs"}]},{"@type":"Person","@id":"https:\/\/www.visit-ulcinj.com\/blog\/#\/schema\/person\/dcab619c614d3038751c63bc2aadc06d","name":"ulqini","sameAs":["http:\/\/www.visit-ulcinj.com"],"url":"https:\/\/www.visit-ulcinj.com\/blog\/author\/admin\/"}]}},"jetpack_featured_media_url":"","jetpack_sharing_enabled":true,"jetpack_shortlink":"https:\/\/wp.me\/pe6lTn-4wD","_links":{"self":[{"href":"https:\/\/www.visit-ulcinj.com\/blog\/wp-json\/wp\/v2\/posts\/17399"}],"collection":[{"href":"https:\/\/www.visit-ulcinj.com\/blog\/wp-json\/wp\/v2\/posts"}],"about":[{"href":"https:\/\/www.visit-ulcinj.com\/blog\/wp-json\/wp\/v2\/types\/post"}],"author":[{"embeddable":true,"href":"https:\/\/www.visit-ulcinj.com\/blog\/wp-json\/wp\/v2\/users\/1"}],"replies":[{"embeddable":true,"href":"https:\/\/www.visit-ulcinj.com\/blog\/wp-json\/wp\/v2\/comments?post=17399"}],"version-history":[{"count":0,"href":"https:\/\/www.visit-ulcinj.com\/blog\/wp-json\/wp\/v2\/posts\/17399\/revisions"}],"wp:attachment":[{"href":"https:\/\/www.visit-ulcinj.com\/blog\/wp-json\/wp\/v2\/media?parent=17399"}],"wp:term":[{"taxonomy":"category","embeddable":true,"href":"https:\/\/www.visit-ulcinj.com\/blog\/wp-json\/wp\/v2\/categories?post=17399"},{"taxonomy":"post_tag","embeddable":true,"href":"https:\/\/www.visit-ulcinj.com\/blog\/wp-json\/wp\/v2\/tags?post=17399"}],"curies":[{"name":"wp","href":"https:\/\/api.w.org\/{rel}","templated":true}]}}