{"id":1740,"date":"2008-05-24T09:32:26","date_gmt":"2008-05-24T14:32:26","guid":{"rendered":"http:\/\/www.visit-ulcinj.com\/blog\/?p=1740"},"modified":"2008-05-26T12:34:13","modified_gmt":"2008-05-26T17:34:13","slug":"gintas-zeli-vise-projekata-u-crnoj-gori","status":"publish","type":"post","link":"https:\/\/www.visit-ulcinj.com\/blog\/2008\/05\/24\/gintas-zeli-vise-projekata-u-crnoj-gori\/","title":{"rendered":"Ginta\u0161 \u017eeli vi\u0161e projekata u Crnoj Gori"},"content":{"rendered":"<p><img loading=\"lazy\" class=\"alignleft\" style=\"float: left;\" src=\"http:\/\/www.gintas.com.tr\/images\/gintas_end_logo.gif\" alt=\"GINTAS INDUSTRIAL \" width=\"200\" height=\"115\" \/>PODGORICA &#8211; Rije? je o poslovima u turizmu, gra?evinarstvu, infrastrukturi i energetici, saop\u0161tio je predsjednik Borda direktora kompanije Ginta\u0161mont, Ned\u017eip Dogru<br \/>\nTurska kompanija Ginta\u0161 zainteresovana je za realizaciju vi\u0161e razvojnih projekata u Crnoj Gori, i to iz oblasti turizma, gra?evinarstva, infrastrukture i energetike, saop\u0161tio je predsjednik Borda direktora kompanije Ginta\u0161mont, Ned\u017eip Dogru. On ka\u017ee da je Ada Bojana trenutno najaktuelnija, zbog ?ega je Ginta\u0161 i dostavio Vladi pismo interesovanja za ulaganje u taj dio primorja.<br \/>\nDogru nije \u017eelio da, prije nego \u0161to ponude budu otvorene, saop\u0161tava kako Ginta\u0161 vidi Adu Bojanu.<br \/>\n&#8220;Dovoljno je re?i da smo zainteresovani, a vjerujem da je konkurencija jaka i ne bih iznosio detalje idejnog rje\u0161enja koje smo predali&#8221;, rekao je Dogru Vijestima.<br \/>\nOn smatra da je Crna Gora pogodna za djelatnosti kojima se bavi Ginta\u0161, ali da stranim investitorima nije lako zbog brojnih barijera koje ih do?ekuju i koje im u velikoj mjeri usporavaju radove. Ginta\u0161 je trenutno anga\u017eovan u Podgorici na izgradnji tr\u017enog centra Mol of Montenegro na lokaciji Velike pijace, a grade i ju\u017eni krak vodovoda ?urmani-?afe u Baru. Pored Crne Gore i mati?ne Turske, Ginta\u0161 trenutno ima predstavni\u0161tva u Albaniji, Makedoniji i u Bugarskoj.<img loading=\"lazy\" class=\"alignright\" style=\"float: right;\" src=\"http:\/\/www.vijesti.cg.yu\/_slike\/1211581717.jpg\" alt=\"direktor kompanije Ginta\u0161mont, Ned\u017eip Dogru\" width=\"290\" height=\"190\" \/><br \/>\n&#8220;Do\u0161li smo u Crnu Goru prije ?etiri godine i uspjeli smo da rije\u0161imo mnoge probleme sa kojima se srije?u svi stranci koji ovdje do?u. Pro\u0161i smo kroz mnogo te\u0161ko?a, ali smo shvatili odakle ti problemi dolaze &#8211; crnogorska birokratija je izuzetno komplikovana i te\u0161ka&#8221;, rekao je Dogru.<br \/>\nCrna Gora je, kako je dodao, ubjedljivo najte\u017ea zemlja kada je birokratija u pitanju.<br \/>\n\u201cGinta\u0161 nikog ne krivi, niti tra\u017ei krivca za probleme kroz koje je prolazio, ve? da samo poku\u0161ava da bude realan i da gleda na pozitivnu stranu rada\u201d, kazao je Dogru.<br \/>\nPrema njegovim rije?imau Crnoj Gori stranci tro\u0161e mnogo vi\u0161e vremena da bi zavr\u0161ili posao od doma?ih investitora. Ono sa ?ime je zadovoljan je gostoprimstvo i sigurnost koju pru\u017ea Crna Gora.<br \/>\n<strong>Izvor \/ Mina-Business<\/strong><\/p>\n<!--YouTube Error: bad URL entered-->\n","protected":false},"excerpt":{"rendered":"<p><img loading=\"lazy\" class=\"alignleft\" style=\"float: left;\" src=\"http:\/\/www.gintas.com.tr\/images\/gintas_end_logo.gif\" alt=\"GINTAS INDUSTRIAL \" width=\"140\" height=\"140\" \/><\/p>\n","protected":false},"author":1,"featured_media":0,"comment_status":"open","ping_status":"closed","sticky":false,"template":"","format":"standard","meta":{"spay_email":"","jetpack_publicize_message":"","jetpack_is_tweetstorm":false,"jetpack_publicize_feature_enabled":true},"categories":[10,12],"tags":[138,3419,3418,3417,3420,3421,3416],"jetpack_publicize_connections":[],"yoast_head":"<!-- This site is optimized with the Yoast SEO plugin v19.1 - https:\/\/yoast.com\/wordpress\/plugins\/seo\/ -->\n<title>Ginta\u0161 \u017eeli vi\u0161e projekata u Crnoj Gori - Lajme nga Ulqini<\/title>\n<meta name=\"robots\" content=\"index, follow, max-snippet:-1, max-image-preview:large, max-video-preview:-1\" \/>\n<link rel=\"canonical\" href=\"https:\/\/www.visit-ulcinj.com\/blog\/2008\/05\/24\/gintas-zeli-vise-projekata-u-crnoj-gori\/\" \/>\n<meta property=\"og:locale\" content=\"en_US\" \/>\n<meta property=\"og:type\" content=\"article\" \/>\n<meta property=\"og:title\" content=\"Ginta\u0161 \u017eeli vi\u0161e projekata u Crnoj Gori - Lajme nga Ulqini\" \/>\n<meta property=\"og:url\" content=\"https:\/\/www.visit-ulcinj.com\/blog\/2008\/05\/24\/gintas-zeli-vise-projekata-u-crnoj-gori\/\" \/>\n<meta property=\"og:site_name\" content=\"Lajme nga Ulqini\" \/>\n<meta property=\"article:published_time\" content=\"2008-05-24T14:32:26+00:00\" \/>\n<meta property=\"article:modified_time\" content=\"2008-05-26T17:34:13+00:00\" \/>\n<meta property=\"og:image\" content=\"http:\/\/www.gintas.com.tr\/images\/gintas_end_logo.gif\" \/>\n<meta name=\"twitter:label1\" content=\"Written by\" \/>\n\t<meta name=\"twitter:data1\" content=\"ulqini\" \/>\n\t<meta name=\"twitter:label2\" content=\"Est. reading time\" \/>\n\t<meta name=\"twitter:data2\" content=\"2 minutes\" \/>\n<script type=\"application\/ld+json\" class=\"yoast-schema-graph\">{\"@context\":\"https:\/\/schema.org\",\"@graph\":[{\"@type\":\"WebSite\",\"@id\":\"https:\/\/www.visit-ulcinj.com\/blog\/#website\",\"url\":\"https:\/\/www.visit-ulcinj.com\/blog\/\",\"name\":\"Lajme nga Ulqini\",\"description\":\"Lajme,Vijesti,Ulqini,Ulqin,Crna Gora,Mali i Zi\",\"potentialAction\":[{\"@type\":\"SearchAction\",\"target\":{\"@type\":\"EntryPoint\",\"urlTemplate\":\"https:\/\/www.visit-ulcinj.com\/blog\/?s={search_term_string}\"},\"query-input\":\"required name=search_term_string\"}],\"inLanguage\":\"en-US\"},{\"@type\":\"ImageObject\",\"inLanguage\":\"en-US\",\"@id\":\"https:\/\/www.visit-ulcinj.com\/blog\/2008\/05\/24\/gintas-zeli-vise-projekata-u-crnoj-gori\/#primaryimage\",\"url\":\"http:\/\/www.gintas.com.tr\/images\/gintas_end_logo.gif\",\"contentUrl\":\"http:\/\/www.gintas.com.tr\/images\/gintas_end_logo.gif\"},{\"@type\":\"WebPage\",\"@id\":\"https:\/\/www.visit-ulcinj.com\/blog\/2008\/05\/24\/gintas-zeli-vise-projekata-u-crnoj-gori\/#webpage\",\"url\":\"https:\/\/www.visit-ulcinj.com\/blog\/2008\/05\/24\/gintas-zeli-vise-projekata-u-crnoj-gori\/\",\"name\":\"Ginta\u0161 \u017eeli vi\u0161e projekata u Crnoj Gori - Lajme nga Ulqini\",\"isPartOf\":{\"@id\":\"https:\/\/www.visit-ulcinj.com\/blog\/#website\"},\"primaryImageOfPage\":{\"@id\":\"https:\/\/www.visit-ulcinj.com\/blog\/2008\/05\/24\/gintas-zeli-vise-projekata-u-crnoj-gori\/#primaryimage\"},\"datePublished\":\"2008-05-24T14:32:26+00:00\",\"dateModified\":\"2008-05-26T17:34:13+00:00\",\"author\":{\"@id\":\"https:\/\/www.visit-ulcinj.com\/blog\/#\/schema\/person\/dcab619c614d3038751c63bc2aadc06d\"},\"breadcrumb\":{\"@id\":\"https:\/\/www.visit-ulcinj.com\/blog\/2008\/05\/24\/gintas-zeli-vise-projekata-u-crnoj-gori\/#breadcrumb\"},\"inLanguage\":\"en-US\",\"potentialAction\":[{\"@type\":\"ReadAction\",\"target\":[\"https:\/\/www.visit-ulcinj.com\/blog\/2008\/05\/24\/gintas-zeli-vise-projekata-u-crnoj-gori\/\"]}]},{\"@type\":\"BreadcrumbList\",\"@id\":\"https:\/\/www.visit-ulcinj.com\/blog\/2008\/05\/24\/gintas-zeli-vise-projekata-u-crnoj-gori\/#breadcrumb\",\"itemListElement\":[{\"@type\":\"ListItem\",\"position\":1,\"name\":\"Ginta\u0161 \u017eeli vi\u0161e projekata u Crnoj Gori\"}]},{\"@type\":\"Person\",\"@id\":\"https:\/\/www.visit-ulcinj.com\/blog\/#\/schema\/person\/dcab619c614d3038751c63bc2aadc06d\",\"name\":\"ulqini\",\"sameAs\":[\"http:\/\/www.visit-ulcinj.com\"],\"url\":\"https:\/\/www.visit-ulcinj.com\/blog\/author\/admin\/\"}]}<\/script>\n<!-- \/ Yoast SEO plugin. -->","yoast_head_json":{"title":"Ginta\u0161 \u017eeli vi\u0161e projekata u Crnoj Gori - Lajme nga Ulqini","robots":{"index":"index","follow":"follow","max-snippet":"max-snippet:-1","max-image-preview":"max-image-preview:large","max-video-preview":"max-video-preview:-1"},"canonical":"https:\/\/www.visit-ulcinj.com\/blog\/2008\/05\/24\/gintas-zeli-vise-projekata-u-crnoj-gori\/","og_locale":"en_US","og_type":"article","og_title":"Ginta\u0161 \u017eeli vi\u0161e projekata u Crnoj Gori - Lajme nga Ulqini","og_url":"https:\/\/www.visit-ulcinj.com\/blog\/2008\/05\/24\/gintas-zeli-vise-projekata-u-crnoj-gori\/","og_site_name":"Lajme nga Ulqini","article_published_time":"2008-05-24T14:32:26+00:00","article_modified_time":"2008-05-26T17:34:13+00:00","og_image":[{"url":"http:\/\/www.gintas.com.tr\/images\/gintas_end_logo.gif"}],"twitter_misc":{"Written by":"ulqini","Est. reading time":"2 minutes"},"schema":{"@context":"https:\/\/schema.org","@graph":[{"@type":"WebSite","@id":"https:\/\/www.visit-ulcinj.com\/blog\/#website","url":"https:\/\/www.visit-ulcinj.com\/blog\/","name":"Lajme nga Ulqini","description":"Lajme,Vijesti,Ulqini,Ulqin,Crna Gora,Mali i Zi","potentialAction":[{"@type":"SearchAction","target":{"@type":"EntryPoint","urlTemplate":"https:\/\/www.visit-ulcinj.com\/blog\/?s={search_term_string}"},"query-input":"required name=search_term_string"}],"inLanguage":"en-US"},{"@type":"ImageObject","inLanguage":"en-US","@id":"https:\/\/www.visit-ulcinj.com\/blog\/2008\/05\/24\/gintas-zeli-vise-projekata-u-crnoj-gori\/#primaryimage","url":"http:\/\/www.gintas.com.tr\/images\/gintas_end_logo.gif","contentUrl":"http:\/\/www.gintas.com.tr\/images\/gintas_end_logo.gif"},{"@type":"WebPage","@id":"https:\/\/www.visit-ulcinj.com\/blog\/2008\/05\/24\/gintas-zeli-vise-projekata-u-crnoj-gori\/#webpage","url":"https:\/\/www.visit-ulcinj.com\/blog\/2008\/05\/24\/gintas-zeli-vise-projekata-u-crnoj-gori\/","name":"Ginta\u0161 \u017eeli vi\u0161e projekata u Crnoj Gori - Lajme nga Ulqini","isPartOf":{"@id":"https:\/\/www.visit-ulcinj.com\/blog\/#website"},"primaryImageOfPage":{"@id":"https:\/\/www.visit-ulcinj.com\/blog\/2008\/05\/24\/gintas-zeli-vise-projekata-u-crnoj-gori\/#primaryimage"},"datePublished":"2008-05-24T14:32:26+00:00","dateModified":"2008-05-26T17:34:13+00:00","author":{"@id":"https:\/\/www.visit-ulcinj.com\/blog\/#\/schema\/person\/dcab619c614d3038751c63bc2aadc06d"},"breadcrumb":{"@id":"https:\/\/www.visit-ulcinj.com\/blog\/2008\/05\/24\/gintas-zeli-vise-projekata-u-crnoj-gori\/#breadcrumb"},"inLanguage":"en-US","potentialAction":[{"@type":"ReadAction","target":["https:\/\/www.visit-ulcinj.com\/blog\/2008\/05\/24\/gintas-zeli-vise-projekata-u-crnoj-gori\/"]}]},{"@type":"BreadcrumbList","@id":"https:\/\/www.visit-ulcinj.com\/blog\/2008\/05\/24\/gintas-zeli-vise-projekata-u-crnoj-gori\/#breadcrumb","itemListElement":[{"@type":"ListItem","position":1,"name":"Ginta\u0161 \u017eeli vi\u0161e projekata u Crnoj Gori"}]},{"@type":"Person","@id":"https:\/\/www.visit-ulcinj.com\/blog\/#\/schema\/person\/dcab619c614d3038751c63bc2aadc06d","name":"ulqini","sameAs":["http:\/\/www.visit-ulcinj.com"],"url":"https:\/\/www.visit-ulcinj.com\/blog\/author\/admin\/"}]}},"jetpack_featured_media_url":"","jetpack_sharing_enabled":true,"jetpack_shortlink":"https:\/\/wp.me\/pe6lTn-s4","_links":{"self":[{"href":"https:\/\/www.visit-ulcinj.com\/blog\/wp-json\/wp\/v2\/posts\/1740"}],"collection":[{"href":"https:\/\/www.visit-ulcinj.com\/blog\/wp-json\/wp\/v2\/posts"}],"about":[{"href":"https:\/\/www.visit-ulcinj.com\/blog\/wp-json\/wp\/v2\/types\/post"}],"author":[{"embeddable":true,"href":"https:\/\/www.visit-ulcinj.com\/blog\/wp-json\/wp\/v2\/users\/1"}],"replies":[{"embeddable":true,"href":"https:\/\/www.visit-ulcinj.com\/blog\/wp-json\/wp\/v2\/comments?post=1740"}],"version-history":[{"count":0,"href":"https:\/\/www.visit-ulcinj.com\/blog\/wp-json\/wp\/v2\/posts\/1740\/revisions"}],"wp:attachment":[{"href":"https:\/\/www.visit-ulcinj.com\/blog\/wp-json\/wp\/v2\/media?parent=1740"}],"wp:term":[{"taxonomy":"category","embeddable":true,"href":"https:\/\/www.visit-ulcinj.com\/blog\/wp-json\/wp\/v2\/categories?post=1740"},{"taxonomy":"post_tag","embeddable":true,"href":"https:\/\/www.visit-ulcinj.com\/blog\/wp-json\/wp\/v2\/tags?post=1740"}],"curies":[{"name":"wp","href":"https:\/\/api.w.org\/{rel}","templated":true}]}}