{"id":17408,"date":"2009-04-11T18:02:38","date_gmt":"2009-04-11T16:02:38","guid":{"rendered":"http:\/\/www.visit-ulcinj.com\/blog\/?p=17408"},"modified":"2009-04-11T18:04:54","modified_gmt":"2009-04-11T16:04:54","slug":"ju-tregoj-te-verteten-e-ndarjes-dhe-si-e-shoh-lidhjen-adela-bjordi","status":"publish","type":"post","link":"https:\/\/www.visit-ulcinj.com\/blog\/2009\/04\/11\/ju-tregoj-te-verteten-e-ndarjes-dhe-si-e-shoh-lidhjen-adela-bjordi\/","title":{"rendered":"Ju tregoj t\u00eb v\u00ebrtet\u00ebn e ndarjes dhe si e shoh lidhjen Adela-Bjordi"},"content":{"rendered":"<p>\u00a0<\/p>\n<p class=\"MsoNormal\"><strong><a href=\"http:\/\/www.visit-ulcinj.com\/blog\/wp-content\/uploads\/2009\/04\/goni-dhe-adela.jpg\"><img loading=\"lazy\" class=\"alignleft size-full wp-image-17413\" title=\"goni-dhe-adela-big-brother-albania-2\" src=\"http:\/\/www.visit-ulcinj.com\/blog\/wp-content\/uploads\/2009\/04\/goni-dhe-adela.jpg\" alt=\"goni-dhe-adela-big-brother-albania-2\" width=\"151\" height=\"300\" \/><\/a>NJOHJA<\/strong><\/p>\n<p class=\"MsoNormal\"><em>E kam njohur kur ishte n\u00eb gjimnazin e Kavaj\u00ebs, pasi ishte kthyer nga nj\u00eb kolegj fetar, q\u00eb vazhdonte bashk\u00eb me t\u00eb motr\u00ebn n\u00eb Shkod\u00ebr. Adela ishte ajo q\u00eb\u00a0k\u00ebrkonte t\u00eb fejohej, ne s\u2019na fejoi askush me zor.Kaluam 10 muaj t\u00eb dashuruar dhe kat\u00ebr vite e tre muaj t\u00eb fejuar. Por para se t\u00eb fejoheshim, un\u00eb e pyeta\u00a0se cilat ishin pretendimet e saj p\u00ebr jet\u00ebn, se mos ndoshta \u201cdonte t\u00eb shkonte n\u00eb H\u00ebn\u00eb\u201d. Dhe mbaj mend q\u00eb m\u00eb tha \u201cDua vet\u00ebm t\u00eb jem me ty, dhe n\u00eb shkoll\u00eb t\u00eb lart\u00eb ose m\u00eb lejo t\u00eb shkoj ose jo, nuk ka shum\u00eb r\u00ebnd\u00ebsi p\u00ebr mua\u2026\u201d<\/em><\/p>\n<p class=\"MsoNormal\"><strong>NDARJA<\/strong><\/p>\n<p class=\"MsoNormal\"><em>Ishte 22 janar, dhe Adela ishte n\u00eb sht\u00ebpin\u00eb time.N\u00eb dark\u00eb von\u00eb e mora n\u00eb makin\u00eb p\u00ebr ta \u00e7uar n\u00eb sht\u00ebpin\u00eb e saj. Ajo m\u00eb tha se donte t\u00eb bisedonte di\u00e7ka\u00a0me mua duke m\u00eb th\u00ebn\u00eb paraprakisht \u201cMos u nxeh!\u201d.Un\u00eb n\u00eb fillim e mora si shaka, pasi nuk e kishte shprehur ndonj\u00ebher\u00eb d\u00ebshir\u00ebn p\u00ebr t\u00eb hyr\u00eb n\u00eb \u201cBig Brother\u201d.I thash\u00eb q\u00eb n\u00ebse ke b\u00ebr\u00eb k\u00ebt\u00eb s\u2019ke pun\u00eb me mua.Por u p\u00ebrpoq t\u00eb m\u00eb bindte, se asgj\u00eb nuk do t\u00eb ndodhte dhe po hynte aty p\u00ebr nj\u00eb eksperienc\u00eb t\u00eb re. Por p\u00ebr k\u00ebt\u00eb gj\u00eb nuk mund t\u00eb b\u00ebja kompromis me t\u00eb. Dit\u00ebn tjet\u00ebr i k\u00ebrkova takim babait t\u00eb saj, por ai tha se nuk kishte \u00e7\u2019t\u00eb b\u00ebnte dhe se Adela e kishte marr\u00eb tashm\u00eb vendimin e saj. Q\u00eb at\u00eb nat\u00eb nuk u takuam m\u00eb\u2026<\/em><\/p>\n<p class=\"MsoNormal\">\u00a0<em>Ka ndryshuar status, por nuk pranon se i ka ndryshuar jeta. Papritur u b\u00eb personazh gazetash, pa e njohur askush m\u00eb par\u00eb. Vet\u00ebm p\u00ebr shkak t\u00eb nj\u00eb vendimi q\u00eb mori ish-e fejuara e tij p\u00ebr t\u00eb hyr\u00eb n\u00eb nj\u00eb \u201creality show\u201d si \u201cBig Brother\u201d. Sa m\u00eb shum\u00eb i shmangej interesit t\u00eb mediave, aq m\u00eb enigmatik dhe interesant b\u00ebhej. Quhet Agron Lushka dhe \u00ebsht\u00eb vet\u00ebm 26 vje\u00e7. Ish i fejuari i Adelajd\u00ebs, nj\u00ebr\u00ebs prej banoreve n\u00eb \u201cBB\u201d 2 vendos t\u00eb shfaqet pik\u00ebrisht tani n\u00eb nj\u00eb moment, q\u00eb askujt s\u2019do t\u2019ia kishte pritur mendja. Thot\u00eb se nuk ndjek asnj\u00eb sekond transmetim nga spektakli n\u00eb Top Channel, pasi nuk i p\u00eblqejn\u00eb fare k\u00ebto formate televizive. Pas dy muaj heshtjeje vendos t\u00eb vij\u00eb n\u00eb Tiran\u00eb nga Kavaja e t\u00eb flas\u00eb ekskluzivisht p\u00ebr \u201cPanorama Plus\u201d, duke shuar kuriozitetin e t\u00eb gjith\u00ebve p\u00ebr t\u00eb v\u00ebrtet\u00ebn e ndarjes nga Adela. Edhe pse nj\u00eb djal\u00eb simpatik, ezmer, i veshur bukur, ai nuk donte t\u00eb identifikohej.<\/em><\/p>\n<p class=\"MsoNormal\"><em>Ndaj ne i p\u00ebrgatit\u00ebm nj\u00eb kurth t\u00eb vog\u00ebl n\u00eb momentin, kur po dilnim nga nj\u00eb lokal i Tiran\u00ebs. E kemi fotografuar nd\u00ebrsa ai po largohej p\u00ebr t\u00eb marr\u00eb makin\u00ebn e tij.<\/em><\/p>\n<p class=\"MsoNormal\"><strong>Si ndihesh kur t\u00eb p\u00ebrmendin n\u00eb \u201cBig Brother\u201d, dhe si e konsideron vendimin e Adel\u00ebs p\u00ebr t\u00eb hyr\u00eb aty?<\/strong><\/p>\n<p class=\"MsoNormal\">E shoh pa lidhje t\u00eb p\u00ebrmendet emri im n\u00eb at\u00eb spektak\u00ebl, pasi un\u00eb nuk kam m\u00eb lidhje me Adel\u00ebn. <span lang=\"EN-US\">Dhe e quaj gabim hyrjen e saj n\u00eb \u201cBig Brother\u201d.<\/span><\/p>\n<p class=\"MsoNormal\"><strong><span lang=\"EN-US\">Shum\u00eb thashetheme pati p\u00ebr p\u00ebrjetimet e tua, dhe se madje ke qen\u00eb s\u00ebmur\u00eb?<\/span><\/strong><\/p>\n<p class=\"MsoNormal\"><span lang=\"EN-US\">Jam shum\u00eb mir\u00eb. M\u00eb mir\u00eb s\u2019ka ku shkon.<\/span><\/p>\n<p class=\"MsoNormal\"><strong><span lang=\"EN-US\">Ka pasur informacione se ti madje braktise pun\u00ebn?<\/span><\/strong><\/p>\n<p class=\"MsoNormal\"><span lang=\"EN-US\">Nuk e kam l\u00ebn\u00eb pun\u00ebn p\u00ebrfundimisht, vazhdoj t\u00eb punoj, p\u00ebrve\u00e7 disa dit\u00ebve q\u00eb mora raport, pasi kalova nj\u00eb grip.<\/span><\/p>\n<p class=\"MsoNormal\"><strong><span lang=\"EN-US\">Ke ndjer\u00eb m\u00ebrzi nga gjith\u00eb kjo histori?<\/span><\/strong><\/p>\n<p class=\"MsoNormal\"><span lang=\"EN-US\">E pata pak t\u00eb r\u00ebnd\u00eb n\u00eb fillim, por kam q\u00ebndruar gjith\u00eb koh\u00ebn me shok\u00ebt, t\u00eb cil\u00ebt m\u00eb kan\u00eb dh\u00ebn\u00eb kurajo t\u00eb mos m\u00ebrzitem.<\/span><\/p>\n<p class=\"MsoNormal\"><strong><span lang=\"EN-US\">Ndryshove status nga i fejuar n\u00eb beqar, po si kalon nj\u00eb dit\u00eb normale tani q\u00eb je vet\u00ebm?<\/span><\/strong><\/p>\n<p class=\"MsoNormal\"><span lang=\"EN-US\">\u00cbsht\u00eb nj\u00eb dit\u00eb e zakonshme, puna si shofer n\u00eb zjarrfik\u00ebsen e Kavaj\u00ebs 24 or\u00eb, shkolla par-time, n\u00eb vitin e par\u00eb p\u00ebr Inxhinieri Mekanike n\u00eb Universitetin Politeknik t\u00eb Tiran\u00ebs, dal me shok\u00ebt, ndjek sport n\u00eb tv, dhe gjat\u00eb fundjavave jam n\u00eb Tiran\u00eb t\u00eb arg\u00ebtohem n\u00eb ndonj\u00eb lokal nate.<\/span><\/p>\n<p class=\"MsoNormal\"><strong><span lang=\"EN-US\">Dometh\u00ebn\u00eb ti nuk e ndjek aspak spektaklin \u201cBig Brother\u201d?<\/span><\/strong><\/p>\n<p class=\"MsoNormal\"><span lang=\"EN-US\">Jo, absolutisht. Kam ndjekur vet\u00ebm dy p\u00ebrmbledhjet e para dhe asgj\u00eb tjet\u00ebr. Digitalbin ua fala kush\u00ebrinjve t\u00eb mi, p\u00ebr t\u00eb mos pasur fare mund\u00ebsi t\u00eb shoh at\u00eb spektak\u00ebl.<\/span><\/p>\n<p class=\"MsoNormal\"><strong><span lang=\"EN-US\">E \u00e7far\u00eb ndjeve kur e pe Adel\u00ebn aty, dy jav\u00ebt e para?<\/span><\/strong><\/p>\n<p class=\"MsoNormal\"><span lang=\"EN-US\">T\u00eb them t\u00eb drejt\u00ebn nuk ndjeva asgj\u00eb, pasi e kisha ndar\u00eb mendjen q\u00eb dy jav\u00eb para se ajo t\u00eb hynte n\u00eb \u201cBig Brother\u201d, q\u00eb un\u00eb dhe ajo s\u2019do kishim m\u00eb pun\u00eb bashk\u00eb.<\/span><\/p>\n<p class=\"MsoNormal\"><strong><span lang=\"EN-US\">Dometh\u00ebn\u00eb je ti q\u00eb e le Adel\u00ebn, apo ajo hyri n\u00eb BB pasi ishte m\u00ebrzitur nga ty?<\/span><\/strong><\/p>\n<p class=\"MsoNormal\"><span lang=\"EN-US\">M\u00eb sakt\u00eb po t\u00eb them q\u00eb jemi ndar\u00eb. <\/span>Vendimin e mora un\u00eb, dhe ajo po e kuptonte mir\u00eb pse po e b\u00ebja.<\/p>\n<p class=\"MsoNormal\"><strong><a href=\"http:\/\/www.visit-ulcinj.com\/blog\/wp-content\/uploads\/2009\/04\/bjordi-dhe-adela-puth.jpg\"><img loading=\"lazy\" class=\"alignleft size-full wp-image-17414\" title=\"bjordi-dhe-adela-puth-big-brother-albania-2\" src=\"http:\/\/www.visit-ulcinj.com\/blog\/wp-content\/uploads\/2009\/04\/bjordi-dhe-adela-puth.jpg\" alt=\"bjordi-dhe-adela-puth-big-brother-albania-2\" width=\"298\" height=\"300\" \/><\/a>Pse po e b\u00ebje?<\/strong><\/p>\n<p class=\"MsoNormal\">Sepse isha dhe jam kund\u00ebr ides\u00eb, q\u00eb personi q\u00eb kam zgjedhur n\u00eb krah, ta ndaj\u00eb jet\u00ebn e saj me publikun.<\/p>\n<p class=\"MsoNormal\">M\u00eb p\u00eblqen jeta q\u00eb b\u00ebj, nuk m\u00eb mungon asgj\u00eb. Jam tipi q\u00eb dua t\u00eb kaloj jet\u00eb t\u00eb thjesht\u00eb, normale pa shum\u00eb komplikime. T\u00eb them t\u00eb drejt\u00ebn nuk ndihem rehat t\u00eb kem n\u00eb krah nj\u00eb person publik.<\/p>\n<p class=\"MsoNormal\"><strong>Kur ta tha Adela q\u00eb do t\u00eb hynte n\u00eb k\u00ebt\u00eb \u201creality show\u201d?<\/strong><\/p>\n<p class=\"MsoNormal\">Ekzakt\u00ebsisht m\u00eb 22 janar, pasi kishte marr\u00eb konfirmimin nga \u201cTop Channel\u201d, q\u00eb ishte pranuar si konkurrente.<\/p>\n<p class=\"MsoNormal\"><strong><span lang=\"EN-US\">Ky ishte komunikimi i fundit q\u00eb pat\u00ebt?<\/span><\/strong><\/p>\n<p class=\"MsoNormal\"><span lang=\"EN-US\">Jo.N\u00eb dit\u00ebt n\u00eb vazhdim m\u00eb lutej n\u00eb telefon, q\u00eb t\u00eb mos merrja at\u00eb vendim, dhe t\u00eb isha pjes\u00eb e klipit q\u00eb \u201cTop Channel\u201d po p\u00ebrgatiste me t\u00eb. Por nuk pranova. Nuk mund t\u00eb bija dakord me veprimin e saj, aq m\u00eb tep\u00ebr q\u00eb e kishte b\u00ebr\u00eb pa dijenin\u00eb time.<\/span><\/p>\n<p class=\"MsoNormal\"><strong><span lang=\"EN-US\">Nat\u00ebn e 14 shkurtit ti e k\u00ebshillove n\u00ebp\u00ebrmjet telefonit: \u201cJi vetvetja\u201d! \u00c7far\u00eb kishe parasysh?<\/span><\/strong><\/p>\n<p class=\"MsoNormal\"><span lang=\"EN-US\">Kisha parasysh t\u00eb sillej si ajo vajza e mir\u00eb, ashtu si un\u00eb e kam njohur n\u00eb fillim, e urt\u00eb dhe e qet\u00eb. T\u00eb nj\u00ebjtat fjal\u00eb ia thash\u00eb edhe para se t\u00eb hynte n\u00eb at\u00eb sht\u00ebpi. Edhe pse u ndam\u00eb e k\u00ebshillova t\u00eb mos tjet\u00ebrsohej, shtirej, apo t\u00eb krijonte afrimitet me djemt\u00eb aty brenda.<\/span><\/p>\n<p class=\"MsoNormal\"><strong><span lang=\"EN-US\">Tani \u00e7\u2019mund t\u00eb thuash?<\/span><\/strong><\/p>\n<p class=\"MsoNormal\"><span lang=\"EN-US\">Nuk flas dot keq p\u00ebr Adel\u00ebn, se e kam t\u00eb r\u00ebnd\u00eb. Mendoj se kam qen\u00eb i lidhur pes\u00eb vite me t\u00eb, dhe do t\u00eb ishte shum\u00eb e ul\u00ebt tani t\u2019i hedh posht\u00eb edhe pse pun\u00ebt erdh\u00ebn k\u00ebshtu. Por ajo indirekt t\u00eb ka il\u00ebsuar si pijanec dhe bixhozxhi, dhe se i urren ata q\u00eb kan\u00eb k\u00ebto vese.<\/span><\/p>\n<p class=\"MsoNormal\"><strong><span lang=\"EN-US\">Ke ndonj\u00eb koment?<\/span><\/strong><\/p>\n<p class=\"MsoNormal\"><span lang=\"EN-US\">Adelajda mund t\u00eb thot\u00eb \u00e7\u2019t\u00eb doj\u00eb, por gjithsesi b\u00ebn gabim. Un\u00eb nuk e di n\u00ebse mund t\u00eb quhet pijanec nj\u00eb mashkull q\u00eb konsumon nj\u00eb apo dy birra p\u00ebr qejf. P\u00ebrsa i p\u00ebrket bixhozit, mund t\u00eb them se e vetmja gj\u00eb q\u00eb b\u00ebj, \u00ebsht\u00eb se hedh skedina kur ka ndeshje, maksimumi 2 mij\u00eb lek\u00ebshe. Asgj\u00eb m\u00eb shum\u00eb. Supozojm\u00eb se Adela do t\u00eb ta kishte th\u00ebn\u00eb k\u00ebt\u00eb gj\u00eb para se t\u00eb merrte pjes\u00eb n\u00eb audicion.<\/span><\/p>\n<p class=\"MsoNormal\"><strong>A mund t\u00eb kishte ndodhur ndryshe?<\/strong><\/p>\n<p class=\"MsoNormal\">Jo aspak. Edhe sikur t\u00eb ma kishte th\u00ebn\u00eb m\u00eb par\u00eb, un\u00eb prap\u00eb s\u2019kisha p\u00ebr ta pranuar, pasi jan\u00eb kund\u00ebr k\u00ebtyre spektakleve.<\/p>\n<p class=\"MsoNormal\"><strong>N\u00ebse ajo do t\u00eb k\u00ebrkonte t\u00eb takonte pas daljes nga sht\u00ebpia, ti si do veproje?<\/strong><\/p>\n<p class=\"MsoNormal\">Un\u00eb i uroj t\u00eb fitoj\u00eb BB2, por gjithsesi s\u2019ka m\u00eb pun\u00eb me mua.<\/p>\n<p class=\"MsoNormal\"><strong>Thua se e ke dashur. A mund t\u00eb ndodh\u00eb t\u00eb ik\u00eb dashuria kaq shpejt?<\/strong><\/p>\n<p class=\"MsoNormal\">Po patjet\u00ebr q\u00eb mund t\u00eb ndodh\u00eb. Tashm\u00eb nuk ndjej asgj\u00eb p\u00ebr Adel\u00ebn. Veprimi q\u00eb b\u00ebri pa dijenin\u00eb time ishte shum\u00eb i r\u00ebnd\u00eb, sepse e b\u00ebri me pabesi. M\u00eb erdhi papritur, dhe natyrisht u ndjeva keq. E dashuria mund t\u00eb marr\u00eb fund, kur nuk tregohesh e sinqert\u00eb me partnerin. \u00cbsht\u00eb shum\u00eb e r\u00ebnd\u00ebsishme.<\/p>\n<p class=\"MsoNormal\"><strong>Me kaq sa ke ndjekur \u201cBig Brother\u201d p\u00ebr \u00e7far\u00eb t\u00eb vjen keq m\u00eb shum\u00eb?<\/strong><\/p>\n<p class=\"MsoNormal\">M\u00eb ka ardhur keq p\u00ebr fjal\u00ebt q\u00eb ka th\u00ebn\u00eb aty brenda se nuk ka b\u00ebr\u00eb \u00e7ka dashur n\u00eb jet\u00eb. Un\u00eb i plot\u00ebsoja gjith\u00e7ka Adel\u00ebs, e lejoja t\u00eb b\u00ebnte jet\u00ebn e saj si t\u00eb donte, dilnim bashk\u00eb, pinte kafe me shoqet, nuk isha xheloz, madje dhe pun\u00ebn si m\u00ebsuese un\u00eb ia rregullova pasi m\u00eb thoshte se m\u00ebrzitej n\u00eb sht\u00ebpi. B\u00ebm\u00eb t\u00eb<br \/>\npamundur\u00ebn p\u00ebr ta futur n\u00eb shkoll\u00eb n\u00eb Elbasan\u2026 Pra mendoj se ia kam plot\u00ebsuar t\u00eb gjitha, me aq sa kam pasur mund\u00ebsi.<\/p>\n<p class=\"MsoNormal\"><strong>Sa e lidhur ishte ajo me familjen t\u00ebnde?<\/strong><\/p>\n<p class=\"MsoNormal\">Motra q\u00eb jeton n\u00eb Itali me dy vajzat e saj, babai por ve\u00e7an\u00ebrisht mamaja e donin shum\u00eb Adel\u00ebn. Ne jemi nj\u00eb familje as e mbyllur, e as e shthurur dhe b\u00ebjm\u00eb nj\u00eb jet\u00eb t\u00eb mir\u00eb n\u00eb Kavaj\u00eb. Mami e ka dashur fort, madje m\u00eb shum\u00eb se vajz\u00ebn e saj. Dhe n\u00ebse do ndodhte q\u00eb un\u00eb t\u00eb ngrija z\u00ebrin me t\u00eb, mamin do ta kisha gjithnj\u00eb kund\u00ebr.<\/p>\n<p class=\"MsoNormal\"><strong>E p\u00ebrse t\u00eb ndodhte ta ngrije z\u00ebrin?<\/strong><\/p>\n<p class=\"MsoNormal\">P\u00ebr shkak t\u00eb mosmarr\u00ebveshjeve t\u00eb ndryshme, apo grindjeve t\u00eb momentit.<\/p>\n<p class=\"MsoNormal\"><strong><span lang=\"EN-US\">Pas daljes nga \u201cBig Brother\u201d, mendon se Adela do vazhdoj\u00eb jet\u00ebn n\u00eb Kavaj\u00eb?<\/span><\/strong><\/p>\n<p class=\"MsoNormal\">Jo. Kam p\u00ebrshtypjen se ajo nuk do vazhdoj\u00eb t\u00eb jetoj\u00eb m\u00eb n\u00eb at\u00eb qytet.<\/p>\n<p class=\"MsoNormal\"><strong>Dhe n\u00ebse do b\u00ebje nj\u00eb reflektim p\u00ebr at\u00eb fejes\u00eb, \u00e7far\u00eb mund t\u00eb thoshe?<\/strong><\/p>\n<p class=\"MsoNormal\">Mund t\u00eb them q\u00eb s\u2019e paskam njohur fare n\u00eb k\u00ebto pes\u00eb vite, dhe m\u00eb vjen shum\u00eb keq p\u00ebr k\u00ebt\u00eb.<\/p>\n<p class=\"MsoNormal\"><strong><span lang=\"EN-US\">Ruan kujtime t\u00eb saj?<\/span><\/strong><\/p>\n<p class=\"MsoNormal\"><span lang=\"EN-US\">Jo, asgj\u00eb. I kam zhdukur t\u00eb gjitha fotografit\u00eb e kujtimet.Po m\u00eb ka mbetur n\u00eb sht\u00ebpi vet\u00ebm unaza e fejes\u00ebs.Po ashtu mesa di dhe Adela hyri n\u00eb sht\u00ebpi pa unaz\u00ebn e fejes\u00ebs. N\u00eb 14 shkurt, dit\u00ebn kur fol\u00ebm n\u00eb telefon ka hequr dhe nj\u00eb unaz\u00eb, q\u00eb un\u00eb ia kisha b\u00ebr\u00eb dhurat\u00eb p\u00ebr Sh\u00ebn Valentinin.<\/span><\/p>\n<p class=\"MsoNormal\"><strong><span lang=\"EN-US\">Pse e hapa telefonin n\u00eb \u201cBig Brother\u201d ?<\/span><\/strong><span lang=\"EN-US\"><\/span><\/p>\n<p class=\"MsoNormal\"><span lang=\"EN-US\">Thekson se s\u2019i shkon mendja fare m\u00eb p\u00ebr Adel\u00ebn, dhe se p\u00ebr t\u00eb tani jeta do marr\u00eb nj\u00eb drejtim tjet\u00ebr. <\/span><\/p>\n<p class=\"MsoNormal\"><strong><span lang=\"EN-US\">Por pse pranoi at\u00ebher\u00eb t\u00eb fliste gjat\u00eb spektaklit t\u00eb 14 shkurtit?!<\/span><\/strong><\/p>\n<p class=\"MsoNormal\"><span lang=\"EN-US\">Tregon se, \u201cishim n\u00eb nj\u00eb lokal me shok\u00ebt nd\u00ebrsa po ndiqnim nat\u00ebn e spektaklit \u201cBig Brother\u201d. <\/span>Un\u00eb vendosa t\u00eb fik telefonin, sepse m\u00eb kishin k\u00ebrkuar t\u00eb flisja me Adel\u00ebn. Shok\u00ebt m\u2019u lut\u00ebn ta hapja dhe t\u00eb thosha dy fjal\u00eb. Hezitoja t\u00eb flisja pasi p\u00ebr mua gjith\u00e7ka kishte marr\u00eb fund. Edhe pse i thash\u00eb dy fjal\u00eb shum\u00eb seriozisht Adel\u00ebs, ne n\u00eb lokal ishim duke b\u00ebr\u00eb gallat\u00eb.<span lang=\"EN-US\"><\/span><\/p>\n<p class=\"MsoNormal\"><strong><span lang=\"EN-US\">Por a ju duk e ftoht\u00eb Adela n\u00eb komunikim?<\/span><\/strong><\/p>\n<p class=\"MsoNormal\"><span lang=\"EN-US\">\u201cJo\u201d, thot\u00eb, \u201cAdela ashtu sillet gjithmon\u00eb\u201d.<\/span><\/p>\n<p class=\"MsoNormal\"><strong><span lang=\"EN-US\">Lidhjen e Adel\u00ebs me Bjordin, si e shoh? <\/span>Afrimiteti i krijuar mes saj dhe Bjordit si t\u00eb duket?<\/strong><\/p>\n<p class=\"MsoNormal\"><span lang=\"EN-US\">T\u00eb them t\u00eb drejt\u00ebn nuk e kam par\u00eb fare. Ajo ka jet\u00ebn e saj tashm\u00eb, mua nuk m\u00eb intereson m\u00eb.<\/span><\/p>\n<p class=\"MsoNormal\"><strong><span lang=\"EN-US\">Po t\u00eb pyes ngaq\u00eb ti e ke k\u00ebshilluar para se t\u00eb hynte n\u00eb BB t\u00eb b\u00ebnte kujdes?<\/span><\/strong><\/p>\n<p class=\"MsoNormal\"><span lang=\"EN-US\">Po e v\u00ebrtet\u00eb, e k\u00ebshillova p\u00ebr hir t\u00eb pes\u00eb viteve q\u00eb kishim kaluar bashk\u00eb, q\u00eb t\u00eb mos krijonte afrimitet me djemt\u00eb Brenda t\u00eb sillej ajo q\u00eb \u00ebsht\u00eb, dhe m\u00eb tha se \u201cs\u2019b\u00ebhet fjal\u00eb fare\u201d\u2026 por ja q\u00eb po e b\u00ebn.<\/span><\/p>\n<p class=\"MsoNormal\"><strong><span lang=\"EN-US\">Mendon se po sillet keq me Bjordin?<\/span><\/strong><\/p>\n<p class=\"MsoNormal\"><span lang=\"EN-US\">Ajo ashtu ka tipin, s\u2019ke \u00e7\u2019t\u2019i b\u00ebsh.<\/span><\/p>\n<p class=\"MsoNormal\"><strong><span lang=\"EN-US\">Si e shpreh dashurin\u00eb ajo?<\/span><\/strong><\/p>\n<p class=\"MsoNormal\"><span lang=\"EN-US\">Adela nuk shpreh asnj\u00ebher\u00eb dashuri. Mendoj se s\u2019e shpreh taman, pasi e ka si p\u00ebr ofendim t\u00eb tregoj\u00eb e t\u00eb do.<\/span><\/p>\n<p class=\"MsoNormal\"><strong><span lang=\"EN-US\">Po thua q\u00eb Adela e ka v\u00ebshtir\u00eb t\u00eb doj\u00eb dik\u00eb?<\/span><\/strong><\/p>\n<p class=\"MsoNormal\"><span lang=\"EN-US\">Po, mendoj q\u00eb do vet\u00ebm veten.<\/span><\/p>\n<p class=\"MsoNormal\"><strong><span lang=\"EN-US\">Shprehja q\u00eb nuk duron dot tek ajo?<\/span><\/strong><\/p>\n<p class=\"MsoNormal\"><span lang=\"EN-US\">\u201cKjo jam un\u00eb!\u201d dhe \u201dK\u00ebshtu di t\u00eb flas un\u00eb\u2026\u201d.<\/span><\/p>\n","protected":false},"excerpt":{"rendered":"<p>\u00a0 NJOHJA E kam njohur kur ishte n\u00eb gjimnazin e Kavaj\u00ebs, pasi ishte kthyer nga nj\u00eb kolegj fetar, q\u00eb vazhdonte bashk\u00eb me t\u00eb motr\u00ebn n\u00eb Shkod\u00ebr. Adela ishte ajo q\u00eb\u00a0k\u00ebrkonte t\u00eb fejohej, ne s\u2019na fejoi askush me zor.Kaluam 10 muaj t\u00eb dashuruar dhe kat\u00ebr vite e tre muaj t\u00eb fejuar. Por para se t\u00eb fejoheshim, [&hellip;]<\/p>\n","protected":false},"author":1,"featured_media":0,"comment_status":"open","ping_status":"closed","sticky":false,"template":"","format":"standard","meta":{"spay_email":"","jetpack_publicize_message":"","jetpack_is_tweetstorm":false,"jetpack_publicize_feature_enabled":true},"categories":[6502],"tags":[6529,5057,6506,6516,6712,7129,8693,6522,8974,6544,8977,8976,8306,6891,6693,6887,8975],"jetpack_publicize_connections":[],"yoast_head":"<!-- This site is optimized with the Yoast SEO plugin v19.1 - https:\/\/yoast.com\/wordpress\/plugins\/seo\/ -->\n<title>Ju tregoj t\u00c3\u00ab v\u00c3\u00abrtet\u00c3\u00abn e ndarjes dhe si e shoh lidhjen Adela-Bjordi | Big Brother Albania 2<\/title>\n<meta name=\"description\" content=\"Big Brother Albania 2 - E kam njohur kur ishte n\u00c3\u00ab gjimnazin e Kavaj\u00c3\u00abs, pasi ishte kthyer nga nj\u00c3\u00ab kolegj fetar, q\u00c3\u00ab vazhdonte bashk\u00c3\u00ab me t\u00c3\u00ab motr\u00c3\u00abn n\u00c3\u00ab Shkod\u00c3\u00abr. Adela ishte ajo q\u00c3\u00ab k\u00c3\u00abrkonte t\u00c3\u00ab fejohej, ne s\u00e2\u20ac\u2122na fejoi askush me zor.\" \/>\n<meta name=\"robots\" content=\"index, follow, max-snippet:-1, max-image-preview:large, max-video-preview:-1\" \/>\n<link rel=\"canonical\" href=\"https:\/\/www.visit-ulcinj.com\/blog\/2009\/04\/11\/ju-tregoj-te-verteten-e-ndarjes-dhe-si-e-shoh-lidhjen-adela-bjordi\/\" \/>\n<meta property=\"og:locale\" content=\"en_US\" \/>\n<meta property=\"og:type\" content=\"article\" \/>\n<meta property=\"og:title\" content=\"Ju tregoj t\u00c3\u00ab v\u00c3\u00abrtet\u00c3\u00abn e ndarjes dhe si e shoh lidhjen Adela-Bjordi | Big Brother Albania 2\" \/>\n<meta property=\"og:description\" content=\"Big Brother Albania 2 - E kam njohur kur ishte n\u00c3\u00ab gjimnazin e Kavaj\u00c3\u00abs, pasi ishte kthyer nga nj\u00c3\u00ab kolegj fetar, q\u00c3\u00ab vazhdonte bashk\u00c3\u00ab me t\u00c3\u00ab motr\u00c3\u00abn n\u00c3\u00ab Shkod\u00c3\u00abr. Adela ishte ajo q\u00c3\u00ab k\u00c3\u00abrkonte t\u00c3\u00ab fejohej, ne s\u00e2\u20ac\u2122na fejoi askush me zor.\" \/>\n<meta property=\"og:url\" content=\"https:\/\/www.visit-ulcinj.com\/blog\/2009\/04\/11\/ju-tregoj-te-verteten-e-ndarjes-dhe-si-e-shoh-lidhjen-adela-bjordi\/\" \/>\n<meta property=\"og:site_name\" content=\"Lajme nga Ulqini\" \/>\n<meta property=\"article:published_time\" content=\"2009-04-11T16:02:38+00:00\" \/>\n<meta property=\"article:modified_time\" content=\"2009-04-11T16:04:54+00:00\" \/>\n<meta property=\"og:image\" content=\"http:\/\/www.visit-ulcinj.com\/blog\/wp-content\/uploads\/2009\/04\/goni-dhe-adela.jpg\" \/>\n<meta name=\"twitter:label1\" content=\"Written by\" \/>\n\t<meta name=\"twitter:data1\" content=\"ulqini\" \/>\n\t<meta name=\"twitter:label2\" content=\"Est. reading time\" \/>\n\t<meta name=\"twitter:data2\" content=\"10 minutes\" \/>\n<script type=\"application\/ld+json\" class=\"yoast-schema-graph\">{\"@context\":\"https:\/\/schema.org\",\"@graph\":[{\"@type\":\"WebSite\",\"@id\":\"https:\/\/www.visit-ulcinj.com\/blog\/#website\",\"url\":\"https:\/\/www.visit-ulcinj.com\/blog\/\",\"name\":\"Lajme nga Ulqini\",\"description\":\"Lajme,Vijesti,Ulqini,Ulqin,Crna Gora,Mali i Zi\",\"potentialAction\":[{\"@type\":\"SearchAction\",\"target\":{\"@type\":\"EntryPoint\",\"urlTemplate\":\"https:\/\/www.visit-ulcinj.com\/blog\/?s={search_term_string}\"},\"query-input\":\"required name=search_term_string\"}],\"inLanguage\":\"en-US\"},{\"@type\":\"ImageObject\",\"inLanguage\":\"en-US\",\"@id\":\"https:\/\/www.visit-ulcinj.com\/blog\/2009\/04\/11\/ju-tregoj-te-verteten-e-ndarjes-dhe-si-e-shoh-lidhjen-adela-bjordi\/#primaryimage\",\"url\":\"http:\/\/www.visit-ulcinj.com\/blog\/wp-content\/uploads\/2009\/04\/goni-dhe-adela.jpg\",\"contentUrl\":\"http:\/\/www.visit-ulcinj.com\/blog\/wp-content\/uploads\/2009\/04\/goni-dhe-adela.jpg\"},{\"@type\":\"WebPage\",\"@id\":\"https:\/\/www.visit-ulcinj.com\/blog\/2009\/04\/11\/ju-tregoj-te-verteten-e-ndarjes-dhe-si-e-shoh-lidhjen-adela-bjordi\/#webpage\",\"url\":\"https:\/\/www.visit-ulcinj.com\/blog\/2009\/04\/11\/ju-tregoj-te-verteten-e-ndarjes-dhe-si-e-shoh-lidhjen-adela-bjordi\/\",\"name\":\"Ju tregoj t\u00c3\u00ab v\u00c3\u00abrtet\u00c3\u00abn e ndarjes dhe si e shoh lidhjen Adela-Bjordi | Big Brother Albania 2\",\"isPartOf\":{\"@id\":\"https:\/\/www.visit-ulcinj.com\/blog\/#website\"},\"primaryImageOfPage\":{\"@id\":\"https:\/\/www.visit-ulcinj.com\/blog\/2009\/04\/11\/ju-tregoj-te-verteten-e-ndarjes-dhe-si-e-shoh-lidhjen-adela-bjordi\/#primaryimage\"},\"datePublished\":\"2009-04-11T16:02:38+00:00\",\"dateModified\":\"2009-04-11T16:04:54+00:00\",\"author\":{\"@id\":\"https:\/\/www.visit-ulcinj.com\/blog\/#\/schema\/person\/dcab619c614d3038751c63bc2aadc06d\"},\"description\":\"Big Brother Albania 2 - E kam njohur kur ishte n\u00c3\u00ab gjimnazin e Kavaj\u00c3\u00abs, pasi ishte kthyer nga nj\u00c3\u00ab kolegj fetar, q\u00c3\u00ab vazhdonte bashk\u00c3\u00ab me t\u00c3\u00ab motr\u00c3\u00abn n\u00c3\u00ab Shkod\u00c3\u00abr. Adela ishte ajo q\u00c3\u00ab k\u00c3\u00abrkonte t\u00c3\u00ab fejohej, ne s\u00e2\u20ac\u2122na fejoi askush me zor.\",\"breadcrumb\":{\"@id\":\"https:\/\/www.visit-ulcinj.com\/blog\/2009\/04\/11\/ju-tregoj-te-verteten-e-ndarjes-dhe-si-e-shoh-lidhjen-adela-bjordi\/#breadcrumb\"},\"inLanguage\":\"en-US\",\"potentialAction\":[{\"@type\":\"ReadAction\",\"target\":[\"https:\/\/www.visit-ulcinj.com\/blog\/2009\/04\/11\/ju-tregoj-te-verteten-e-ndarjes-dhe-si-e-shoh-lidhjen-adela-bjordi\/\"]}]},{\"@type\":\"BreadcrumbList\",\"@id\":\"https:\/\/www.visit-ulcinj.com\/blog\/2009\/04\/11\/ju-tregoj-te-verteten-e-ndarjes-dhe-si-e-shoh-lidhjen-adela-bjordi\/#breadcrumb\",\"itemListElement\":[{\"@type\":\"ListItem\",\"position\":1,\"name\":\"Ju tregoj t\u00eb v\u00ebrtet\u00ebn e ndarjes dhe si e shoh lidhjen Adela-Bjordi\"}]},{\"@type\":\"Person\",\"@id\":\"https:\/\/www.visit-ulcinj.com\/blog\/#\/schema\/person\/dcab619c614d3038751c63bc2aadc06d\",\"name\":\"ulqini\",\"sameAs\":[\"http:\/\/www.visit-ulcinj.com\"],\"url\":\"https:\/\/www.visit-ulcinj.com\/blog\/author\/admin\/\"}]}<\/script>\n<!-- \/ Yoast SEO plugin. -->","yoast_head_json":{"title":"Ju tregoj t\u00c3\u00ab v\u00c3\u00abrtet\u00c3\u00abn e ndarjes dhe si e shoh lidhjen Adela-Bjordi | Big Brother Albania 2","description":"Big Brother Albania 2 - E kam njohur kur ishte n\u00c3\u00ab gjimnazin e Kavaj\u00c3\u00abs, pasi ishte kthyer nga nj\u00c3\u00ab kolegj fetar, q\u00c3\u00ab vazhdonte bashk\u00c3\u00ab me t\u00c3\u00ab motr\u00c3\u00abn n\u00c3\u00ab Shkod\u00c3\u00abr. Adela ishte ajo q\u00c3\u00ab k\u00c3\u00abrkonte t\u00c3\u00ab fejohej, ne s\u00e2\u20ac\u2122na fejoi askush me zor.","robots":{"index":"index","follow":"follow","max-snippet":"max-snippet:-1","max-image-preview":"max-image-preview:large","max-video-preview":"max-video-preview:-1"},"canonical":"https:\/\/www.visit-ulcinj.com\/blog\/2009\/04\/11\/ju-tregoj-te-verteten-e-ndarjes-dhe-si-e-shoh-lidhjen-adela-bjordi\/","og_locale":"en_US","og_type":"article","og_title":"Ju tregoj t\u00c3\u00ab v\u00c3\u00abrtet\u00c3\u00abn e ndarjes dhe si e shoh lidhjen Adela-Bjordi | Big Brother Albania 2","og_description":"Big Brother Albania 2 - E kam njohur kur ishte n\u00c3\u00ab gjimnazin e Kavaj\u00c3\u00abs, pasi ishte kthyer nga nj\u00c3\u00ab kolegj fetar, q\u00c3\u00ab vazhdonte bashk\u00c3\u00ab me t\u00c3\u00ab motr\u00c3\u00abn n\u00c3\u00ab Shkod\u00c3\u00abr. Adela ishte ajo q\u00c3\u00ab k\u00c3\u00abrkonte t\u00c3\u00ab fejohej, ne s\u00e2\u20ac\u2122na fejoi askush me zor.","og_url":"https:\/\/www.visit-ulcinj.com\/blog\/2009\/04\/11\/ju-tregoj-te-verteten-e-ndarjes-dhe-si-e-shoh-lidhjen-adela-bjordi\/","og_site_name":"Lajme nga Ulqini","article_published_time":"2009-04-11T16:02:38+00:00","article_modified_time":"2009-04-11T16:04:54+00:00","og_image":[{"url":"http:\/\/www.visit-ulcinj.com\/blog\/wp-content\/uploads\/2009\/04\/goni-dhe-adela.jpg"}],"twitter_misc":{"Written by":"ulqini","Est. reading time":"10 minutes"},"schema":{"@context":"https:\/\/schema.org","@graph":[{"@type":"WebSite","@id":"https:\/\/www.visit-ulcinj.com\/blog\/#website","url":"https:\/\/www.visit-ulcinj.com\/blog\/","name":"Lajme nga Ulqini","description":"Lajme,Vijesti,Ulqini,Ulqin,Crna Gora,Mali i Zi","potentialAction":[{"@type":"SearchAction","target":{"@type":"EntryPoint","urlTemplate":"https:\/\/www.visit-ulcinj.com\/blog\/?s={search_term_string}"},"query-input":"required name=search_term_string"}],"inLanguage":"en-US"},{"@type":"ImageObject","inLanguage":"en-US","@id":"https:\/\/www.visit-ulcinj.com\/blog\/2009\/04\/11\/ju-tregoj-te-verteten-e-ndarjes-dhe-si-e-shoh-lidhjen-adela-bjordi\/#primaryimage","url":"http:\/\/www.visit-ulcinj.com\/blog\/wp-content\/uploads\/2009\/04\/goni-dhe-adela.jpg","contentUrl":"http:\/\/www.visit-ulcinj.com\/blog\/wp-content\/uploads\/2009\/04\/goni-dhe-adela.jpg"},{"@type":"WebPage","@id":"https:\/\/www.visit-ulcinj.com\/blog\/2009\/04\/11\/ju-tregoj-te-verteten-e-ndarjes-dhe-si-e-shoh-lidhjen-adela-bjordi\/#webpage","url":"https:\/\/www.visit-ulcinj.com\/blog\/2009\/04\/11\/ju-tregoj-te-verteten-e-ndarjes-dhe-si-e-shoh-lidhjen-adela-bjordi\/","name":"Ju tregoj t\u00c3\u00ab v\u00c3\u00abrtet\u00c3\u00abn e ndarjes dhe si e shoh lidhjen Adela-Bjordi | Big Brother Albania 2","isPartOf":{"@id":"https:\/\/www.visit-ulcinj.com\/blog\/#website"},"primaryImageOfPage":{"@id":"https:\/\/www.visit-ulcinj.com\/blog\/2009\/04\/11\/ju-tregoj-te-verteten-e-ndarjes-dhe-si-e-shoh-lidhjen-adela-bjordi\/#primaryimage"},"datePublished":"2009-04-11T16:02:38+00:00","dateModified":"2009-04-11T16:04:54+00:00","author":{"@id":"https:\/\/www.visit-ulcinj.com\/blog\/#\/schema\/person\/dcab619c614d3038751c63bc2aadc06d"},"description":"Big Brother Albania 2 - E kam njohur kur ishte n\u00c3\u00ab gjimnazin e Kavaj\u00c3\u00abs, pasi ishte kthyer nga nj\u00c3\u00ab kolegj fetar, q\u00c3\u00ab vazhdonte bashk\u00c3\u00ab me t\u00c3\u00ab motr\u00c3\u00abn n\u00c3\u00ab Shkod\u00c3\u00abr. Adela ishte ajo q\u00c3\u00ab k\u00c3\u00abrkonte t\u00c3\u00ab fejohej, ne s\u00e2\u20ac\u2122na fejoi askush me zor.","breadcrumb":{"@id":"https:\/\/www.visit-ulcinj.com\/blog\/2009\/04\/11\/ju-tregoj-te-verteten-e-ndarjes-dhe-si-e-shoh-lidhjen-adela-bjordi\/#breadcrumb"},"inLanguage":"en-US","potentialAction":[{"@type":"ReadAction","target":["https:\/\/www.visit-ulcinj.com\/blog\/2009\/04\/11\/ju-tregoj-te-verteten-e-ndarjes-dhe-si-e-shoh-lidhjen-adela-bjordi\/"]}]},{"@type":"BreadcrumbList","@id":"https:\/\/www.visit-ulcinj.com\/blog\/2009\/04\/11\/ju-tregoj-te-verteten-e-ndarjes-dhe-si-e-shoh-lidhjen-adela-bjordi\/#breadcrumb","itemListElement":[{"@type":"ListItem","position":1,"name":"Ju tregoj t\u00eb v\u00ebrtet\u00ebn e ndarjes dhe si e shoh lidhjen Adela-Bjordi"}]},{"@type":"Person","@id":"https:\/\/www.visit-ulcinj.com\/blog\/#\/schema\/person\/dcab619c614d3038751c63bc2aadc06d","name":"ulqini","sameAs":["http:\/\/www.visit-ulcinj.com"],"url":"https:\/\/www.visit-ulcinj.com\/blog\/author\/admin\/"}]}},"jetpack_featured_media_url":"","jetpack_sharing_enabled":true,"jetpack_shortlink":"https:\/\/wp.me\/pe6lTn-4wM","_links":{"self":[{"href":"https:\/\/www.visit-ulcinj.com\/blog\/wp-json\/wp\/v2\/posts\/17408"}],"collection":[{"href":"https:\/\/www.visit-ulcinj.com\/blog\/wp-json\/wp\/v2\/posts"}],"about":[{"href":"https:\/\/www.visit-ulcinj.com\/blog\/wp-json\/wp\/v2\/types\/post"}],"author":[{"embeddable":true,"href":"https:\/\/www.visit-ulcinj.com\/blog\/wp-json\/wp\/v2\/users\/1"}],"replies":[{"embeddable":true,"href":"https:\/\/www.visit-ulcinj.com\/blog\/wp-json\/wp\/v2\/comments?post=17408"}],"version-history":[{"count":0,"href":"https:\/\/www.visit-ulcinj.com\/blog\/wp-json\/wp\/v2\/posts\/17408\/revisions"}],"wp:attachment":[{"href":"https:\/\/www.visit-ulcinj.com\/blog\/wp-json\/wp\/v2\/media?parent=17408"}],"wp:term":[{"taxonomy":"category","embeddable":true,"href":"https:\/\/www.visit-ulcinj.com\/blog\/wp-json\/wp\/v2\/categories?post=17408"},{"taxonomy":"post_tag","embeddable":true,"href":"https:\/\/www.visit-ulcinj.com\/blog\/wp-json\/wp\/v2\/tags?post=17408"}],"curies":[{"name":"wp","href":"https:\/\/api.w.org\/{rel}","templated":true}]}}