{"id":17417,"date":"2009-04-11T18:11:50","date_gmt":"2009-04-11T16:11:50","guid":{"rendered":"http:\/\/www.visit-ulcinj.com\/blog\/?p=17417"},"modified":"2009-04-11T18:11:50","modified_gmt":"2009-04-11T16:11:50","slug":"%e2%80%9eulqini%e2%80%9c-me-i-miri-ne-kampionatin-regjional-jugor","status":"publish","type":"post","link":"https:\/\/www.visit-ulcinj.com\/blog\/2009\/04\/11\/%e2%80%9eulqini%e2%80%9c-me-i-miri-ne-kampionatin-regjional-jugor\/","title":{"rendered":"\u201eUlqini\u201c m\u00eb i miri n\u00eb Kampionatin regjional jugor"},"content":{"rendered":"<p><a href=\"http:\/\/www.visit-ulcinj.com\/blog\/wp-content\/uploads\/2009\/04\/klubi-i-karatese-ulqini.jpg\"><img loading=\"lazy\" class=\"alignleft size-full wp-image-17419\" title=\"klubi-i-karatese-ulqini\" src=\"http:\/\/www.visit-ulcinj.com\/blog\/wp-content\/uploads\/2009\/04\/klubi-i-karatese-ulqini.jpg\" alt=\"klubi-i-karatese-ulqini\" width=\"337\" height=\"387\" srcset=\"https:\/\/www.visit-ulcinj.com\/blog\/wp-content\/uploads\/2009\/04\/klubi-i-karatese-ulqini.jpg 300w, https:\/\/www.visit-ulcinj.com\/blog\/wp-content\/uploads\/2009\/04\/klubi-i-karatese-ulqini-261x300.jpg 261w\" sizes=\"(max-width: 337px) 100vw, 337px\" \/><\/a>Klubi i karates\u00eb \u201eUlqini\u201c fundjav\u00ebn e kaluar mori pjes\u00eb n\u00eb kampionatin rajonal jugor dhe n\u00eb turneun \u201eilixha 2009\u201c n\u00eb Sarajev\u00eb<br \/>\nT\u00eb shtun\u00ebn n\u00eb Ulqin u mbajt Kampionati i Rajonit Jugor n\u00eb karate, n\u00eb t\u00eb cilin mor\u00ebn pjes\u00eb dhjet\u00eb klube bregdetare me 193 karateist\u00eb. Klubi i Karates\u00eb \u201eUlqini\u201c u kuror\u00ebzua n\u00eb k\u00ebt\u00eb kampionat me 59 medalje: 31 t\u00eb arta, 11 t\u00eb argjendta dhe 17 t\u00eb bronzta.<br \/>\nK\u00ebshtu medalje t\u00eb arta n\u00eb kata individuale fituan .<br \/>\nN\u00eb luftra individuale kampion\u00eb u shpall\u00ebn Bledar Kabashi, Rexhep Shaba, Edon Ceka, Katarina Marnikoviq, Marko Daboviq, Shp\u00ebtim Gjeka, Izabella Ivanoviq, Andrea Llukiq, Teufik Shurdha, Jehona Musliq, Lulzim Sumoviq, Ramazan Gjekoviq dhe Antigona Rama.<br \/>\nNd\u00ebrkaq, me medalje t\u00eb argjendta dhe t\u00eb bronzta u shp\u00ebrblyen Doriana Taipi, Ronald Jacoviq, Nermin Suma, Gabriella Junkoviq, Diell\u00ebza Rama, Arbenita \u00c7obi, Ilir Muja, Albion Duraku, Genta Kuqi, Pavle Pecoviq, Ibrahim Zogaj, Angjella Marnikoviq, Seida Suma dhe Jeton Luka.<br \/>\n\u201eN\u00eb fund t\u00eb gar\u00ebs p\u00ebrs\u00ebri u pa superioriteti dhe profesionalizmi i KK \u201cUlqini\u201c. Jemi shum\u00eb t\u00eb k\u00ebnaqur me rezultatin e arritur, sepse n\u00eb k\u00ebt\u00eb gar\u00eb kemi fituar mbi 50% t\u00eb medaljeve t\u00eb arta, nd\u00ebrsa p\u00ebrqindja tjet\u00ebr i takon n\u00ebnt\u00eb klubeve t\u00eb tjer\u00eb s\u00eb bashku\u201c, shprehen trajner\u00ebt e KK \u201eUlqini\u201c.<br \/>\nN\u00eb Turneun Internacional t\u00eb Karates\u00eb \u201eIlixha 2009\u201c, i cili u mbajt me rastin e Dit\u00ebs s\u00eb Sarajev\u00ebs, mor\u00ebn pjes\u00eb mbi 800 garues nga disa shtete. KK \u201eUlqini\u201c u p\u00ebrfaq\u00ebsua n\u00eb k\u00ebt\u00eb gar\u00eb nga shtat\u00eb garues t\u00eb grupmosh\u00ebs s\u00eb junior\u00ebve dhe senior\u00ebve, t\u00eb cil\u00ebt u kuror\u00ebzuan me gjasht\u00eb medalje: dy t\u00eb argjendta dhe kat\u00ebr t\u00eb bronzta. Ekipi i katave i KK \u201eUlqini\u201c-t u rendit n\u00eb vendin e tret\u00eb.<br \/>\nN\u00eb k\u00ebt\u00eb Turne me medalje t\u00eb argjendta u kuror\u00ebzuan Blerim Sukaliqi dhe Petar Barlloviqi, Viktor Curoviqi u kuror\u00ebzua me dy medalje t\u00eb bronzta, nd\u00ebrsa Liridon Elezi dhe Dardan Ceka me nga nj\u00eb medalje t\u00eb bronzt\u00eb.<br \/>\n\u201eP\u00ebrs\u00ebri doli n\u00eb pah puna e palodhur e trajner\u00ebve t\u00eb Klubit ton\u00eb dhe talenti e disiplina e karateist\u00ebve tan\u00eb. Dita dit\u00ebs po d\u00ebshmojm\u00eb moton ton\u00eb, q\u00eb kemi qen\u00eb, jemi dhe do t\u00eb mbetemi nd\u00ebr m\u00eb t\u00eb mir\u00ebt. T\u00eb rinjt\u00eb tan\u00eb do t\u00eb vazhdojn\u00eb t\u00eb jen\u00eb t\u00eb rinj t\u00eb art\u00eb. P\u00ebrpara kemi edhe sfida m\u00eb t\u00eb m\u00ebdha, prej t\u00eb cilave p\u00ebrs\u00ebri do t\u00eb dalim fitues\u201c, shprehen udh\u00ebheq\u00ebsit e KK \u201eUlqini\u201c.<br \/>\nAta fal\u00ebnderojn\u00eb p\u00ebr ndihm\u00ebn e dh\u00ebn\u00eb p\u00ebr pjes\u00ebmarrje n\u00eb k\u00ebto gara burektoren \u201cPelivan\u201d, G\u00ebzim Xhuherin, prind\u00ebrit e garuesve, si dhe kryesin\u00eb e k\u00ebtij klubi<strong><br \/>\n(Kohapress)<\/strong><\/p>\n","protected":false},"excerpt":{"rendered":"<p>Klubi i karates\u00eb \u201eUlqini\u201c fundjav\u00ebn e kaluar mori pjes\u00eb n\u00eb kampionatin rajonal jugor dhe n\u00eb turneun \u201eilixha 2009\u201c n\u00eb Sarajev\u00eb T\u00eb shtun\u00ebn n\u00eb Ulqin u mbajt Kampionati i Rajonit Jugor n\u00eb karate, n\u00eb t\u00eb cilin mor\u00ebn pjes\u00eb dhjet\u00eb klube bregdetare me 193 karateist\u00eb. Klubi i Karates\u00eb \u201eUlqini\u201c u kuror\u00ebzua n\u00eb k\u00ebt\u00eb kampionat me 59 medalje: [&hellip;]<\/p>\n","protected":false},"author":1,"featured_media":0,"comment_status":"open","ping_status":"closed","sticky":false,"template":"","format":"standard","meta":{"spay_email":"","jetpack_publicize_message":"","jetpack_is_tweetstorm":false,"jetpack_publicize_feature_enabled":true},"categories":[3],"tags":[2906,5844,5829,7330,5831,8979,2907,2931,2927,5827,2917,8980,8984,8985,7328,5840,2921,8982,2067,5841,8978,7329,8981,2915,7320,2933,5822,8986,8983],"jetpack_publicize_connections":[],"yoast_head":"<!-- This site is optimized with the Yoast SEO plugin v19.1 - https:\/\/yoast.com\/wordpress\/plugins\/seo\/ -->\n<title>\u201eUlqini\u201c m\u00eb i miri n\u00eb Kampionatin regjional jugor - Lajme nga Ulqini<\/title>\n<meta name=\"description\" content=\"Klubi i karates\u00eb \u201eUlqini\u201c fundjav\u00ebn e kaluar mori pjes\u00eb n\u00eb kampionatin rajonal jugor dhe n\u00eb turneun \u201eilixha 2009\u201c n\u00eb Sarajev\u00eb T\u00eb shtun\u00ebn n\u00eb Ulqin u mbajt\" \/>\n<meta name=\"robots\" content=\"index, follow, max-snippet:-1, max-image-preview:large, max-video-preview:-1\" \/>\n<link rel=\"canonical\" href=\"https:\/\/www.visit-ulcinj.com\/blog\/2009\/04\/11\/\u201eulqini\u201c-me-i-miri-ne-kampionatin-regjional-jugor\/\" \/>\n<meta property=\"og:locale\" content=\"en_US\" \/>\n<meta property=\"og:type\" content=\"article\" \/>\n<meta property=\"og:title\" content=\"\u201eUlqini\u201c m\u00eb i miri n\u00eb Kampionatin regjional jugor - Lajme nga Ulqini\" \/>\n<meta property=\"og:description\" content=\"Klubi i karates\u00eb \u201eUlqini\u201c fundjav\u00ebn e kaluar mori pjes\u00eb n\u00eb kampionatin rajonal jugor dhe n\u00eb turneun \u201eilixha 2009\u201c n\u00eb Sarajev\u00eb T\u00eb shtun\u00ebn n\u00eb Ulqin u mbajt\" \/>\n<meta property=\"og:url\" content=\"https:\/\/www.visit-ulcinj.com\/blog\/2009\/04\/11\/\u201eulqini\u201c-me-i-miri-ne-kampionatin-regjional-jugor\/\" \/>\n<meta property=\"og:site_name\" content=\"Lajme nga Ulqini\" \/>\n<meta property=\"article:published_time\" content=\"2009-04-11T16:11:50+00:00\" \/>\n<meta property=\"og:image\" content=\"http:\/\/www.visit-ulcinj.com\/blog\/wp-content\/uploads\/2009\/04\/klubi-i-karatese-ulqini.jpg\" \/>\n<meta name=\"twitter:label1\" content=\"Written by\" \/>\n\t<meta name=\"twitter:data1\" content=\"ulqini\" \/>\n\t<meta name=\"twitter:label2\" content=\"Est. reading time\" \/>\n\t<meta name=\"twitter:data2\" content=\"2 minutes\" \/>\n<script type=\"application\/ld+json\" class=\"yoast-schema-graph\">{\"@context\":\"https:\/\/schema.org\",\"@graph\":[{\"@type\":\"WebSite\",\"@id\":\"https:\/\/www.visit-ulcinj.com\/blog\/#website\",\"url\":\"https:\/\/www.visit-ulcinj.com\/blog\/\",\"name\":\"Lajme nga Ulqini\",\"description\":\"Lajme,Vijesti,Ulqini,Ulqin,Crna Gora,Mali i Zi\",\"potentialAction\":[{\"@type\":\"SearchAction\",\"target\":{\"@type\":\"EntryPoint\",\"urlTemplate\":\"https:\/\/www.visit-ulcinj.com\/blog\/?s={search_term_string}\"},\"query-input\":\"required name=search_term_string\"}],\"inLanguage\":\"en-US\"},{\"@type\":\"ImageObject\",\"inLanguage\":\"en-US\",\"@id\":\"https:\/\/www.visit-ulcinj.com\/blog\/2009\/04\/11\/%e2%80%9eulqini%e2%80%9c-me-i-miri-ne-kampionatin-regjional-jugor\/#primaryimage\",\"url\":\"https:\/\/www.visit-ulcinj.com\/blog\/wp-content\/uploads\/2009\/04\/klubi-i-karatese-ulqini.jpg\",\"contentUrl\":\"https:\/\/www.visit-ulcinj.com\/blog\/wp-content\/uploads\/2009\/04\/klubi-i-karatese-ulqini.jpg\",\"width\":\"300\",\"height\":\"344\"},{\"@type\":\"WebPage\",\"@id\":\"https:\/\/www.visit-ulcinj.com\/blog\/2009\/04\/11\/%e2%80%9eulqini%e2%80%9c-me-i-miri-ne-kampionatin-regjional-jugor\/#webpage\",\"url\":\"https:\/\/www.visit-ulcinj.com\/blog\/2009\/04\/11\/%e2%80%9eulqini%e2%80%9c-me-i-miri-ne-kampionatin-regjional-jugor\/\",\"name\":\"\u201eUlqini\u201c m\u00eb i miri n\u00eb Kampionatin regjional jugor - Lajme nga Ulqini\",\"isPartOf\":{\"@id\":\"https:\/\/www.visit-ulcinj.com\/blog\/#website\"},\"primaryImageOfPage\":{\"@id\":\"https:\/\/www.visit-ulcinj.com\/blog\/2009\/04\/11\/%e2%80%9eulqini%e2%80%9c-me-i-miri-ne-kampionatin-regjional-jugor\/#primaryimage\"},\"datePublished\":\"2009-04-11T16:11:50+00:00\",\"dateModified\":\"2009-04-11T16:11:50+00:00\",\"author\":{\"@id\":\"https:\/\/www.visit-ulcinj.com\/blog\/#\/schema\/person\/dcab619c614d3038751c63bc2aadc06d\"},\"description\":\"Klubi i karates\u00eb \u201eUlqini\u201c fundjav\u00ebn e kaluar mori pjes\u00eb n\u00eb kampionatin rajonal jugor dhe n\u00eb turneun \u201eilixha 2009\u201c n\u00eb Sarajev\u00eb T\u00eb shtun\u00ebn n\u00eb Ulqin u mbajt\",\"breadcrumb\":{\"@id\":\"https:\/\/www.visit-ulcinj.com\/blog\/2009\/04\/11\/%e2%80%9eulqini%e2%80%9c-me-i-miri-ne-kampionatin-regjional-jugor\/#breadcrumb\"},\"inLanguage\":\"en-US\",\"potentialAction\":[{\"@type\":\"ReadAction\",\"target\":[\"https:\/\/www.visit-ulcinj.com\/blog\/2009\/04\/11\/%e2%80%9eulqini%e2%80%9c-me-i-miri-ne-kampionatin-regjional-jugor\/\"]}]},{\"@type\":\"BreadcrumbList\",\"@id\":\"https:\/\/www.visit-ulcinj.com\/blog\/2009\/04\/11\/%e2%80%9eulqini%e2%80%9c-me-i-miri-ne-kampionatin-regjional-jugor\/#breadcrumb\",\"itemListElement\":[{\"@type\":\"ListItem\",\"position\":1,\"name\":\"\u201eUlqini\u201c m\u00eb i miri n\u00eb Kampionatin regjional jugor\"}]},{\"@type\":\"Person\",\"@id\":\"https:\/\/www.visit-ulcinj.com\/blog\/#\/schema\/person\/dcab619c614d3038751c63bc2aadc06d\",\"name\":\"ulqini\",\"sameAs\":[\"http:\/\/www.visit-ulcinj.com\"],\"url\":\"https:\/\/www.visit-ulcinj.com\/blog\/author\/admin\/\"}]}<\/script>\n<!-- \/ Yoast SEO plugin. -->","yoast_head_json":{"title":"\u201eUlqini\u201c m\u00eb i miri n\u00eb Kampionatin regjional jugor - Lajme nga Ulqini","description":"Klubi i karates\u00eb \u201eUlqini\u201c fundjav\u00ebn e kaluar mori pjes\u00eb n\u00eb kampionatin rajonal jugor dhe n\u00eb turneun \u201eilixha 2009\u201c n\u00eb Sarajev\u00eb T\u00eb shtun\u00ebn n\u00eb Ulqin u mbajt","robots":{"index":"index","follow":"follow","max-snippet":"max-snippet:-1","max-image-preview":"max-image-preview:large","max-video-preview":"max-video-preview:-1"},"canonical":"https:\/\/www.visit-ulcinj.com\/blog\/2009\/04\/11\/\u201eulqini\u201c-me-i-miri-ne-kampionatin-regjional-jugor\/","og_locale":"en_US","og_type":"article","og_title":"\u201eUlqini\u201c m\u00eb i miri n\u00eb Kampionatin regjional jugor - Lajme nga Ulqini","og_description":"Klubi i karates\u00eb \u201eUlqini\u201c fundjav\u00ebn e kaluar mori pjes\u00eb n\u00eb kampionatin rajonal jugor dhe n\u00eb turneun \u201eilixha 2009\u201c n\u00eb Sarajev\u00eb T\u00eb shtun\u00ebn n\u00eb Ulqin u mbajt","og_url":"https:\/\/www.visit-ulcinj.com\/blog\/2009\/04\/11\/\u201eulqini\u201c-me-i-miri-ne-kampionatin-regjional-jugor\/","og_site_name":"Lajme nga Ulqini","article_published_time":"2009-04-11T16:11:50+00:00","og_image":[{"url":"http:\/\/www.visit-ulcinj.com\/blog\/wp-content\/uploads\/2009\/04\/klubi-i-karatese-ulqini.jpg"}],"twitter_misc":{"Written by":"ulqini","Est. reading time":"2 minutes"},"schema":{"@context":"https:\/\/schema.org","@graph":[{"@type":"WebSite","@id":"https:\/\/www.visit-ulcinj.com\/blog\/#website","url":"https:\/\/www.visit-ulcinj.com\/blog\/","name":"Lajme nga Ulqini","description":"Lajme,Vijesti,Ulqini,Ulqin,Crna Gora,Mali i Zi","potentialAction":[{"@type":"SearchAction","target":{"@type":"EntryPoint","urlTemplate":"https:\/\/www.visit-ulcinj.com\/blog\/?s={search_term_string}"},"query-input":"required name=search_term_string"}],"inLanguage":"en-US"},{"@type":"ImageObject","inLanguage":"en-US","@id":"https:\/\/www.visit-ulcinj.com\/blog\/2009\/04\/11\/%e2%80%9eulqini%e2%80%9c-me-i-miri-ne-kampionatin-regjional-jugor\/#primaryimage","url":"https:\/\/www.visit-ulcinj.com\/blog\/wp-content\/uploads\/2009\/04\/klubi-i-karatese-ulqini.jpg","contentUrl":"https:\/\/www.visit-ulcinj.com\/blog\/wp-content\/uploads\/2009\/04\/klubi-i-karatese-ulqini.jpg","width":"300","height":"344"},{"@type":"WebPage","@id":"https:\/\/www.visit-ulcinj.com\/blog\/2009\/04\/11\/%e2%80%9eulqini%e2%80%9c-me-i-miri-ne-kampionatin-regjional-jugor\/#webpage","url":"https:\/\/www.visit-ulcinj.com\/blog\/2009\/04\/11\/%e2%80%9eulqini%e2%80%9c-me-i-miri-ne-kampionatin-regjional-jugor\/","name":"\u201eUlqini\u201c m\u00eb i miri n\u00eb Kampionatin regjional jugor - Lajme nga Ulqini","isPartOf":{"@id":"https:\/\/www.visit-ulcinj.com\/blog\/#website"},"primaryImageOfPage":{"@id":"https:\/\/www.visit-ulcinj.com\/blog\/2009\/04\/11\/%e2%80%9eulqini%e2%80%9c-me-i-miri-ne-kampionatin-regjional-jugor\/#primaryimage"},"datePublished":"2009-04-11T16:11:50+00:00","dateModified":"2009-04-11T16:11:50+00:00","author":{"@id":"https:\/\/www.visit-ulcinj.com\/blog\/#\/schema\/person\/dcab619c614d3038751c63bc2aadc06d"},"description":"Klubi i karates\u00eb \u201eUlqini\u201c fundjav\u00ebn e kaluar mori pjes\u00eb n\u00eb kampionatin rajonal jugor dhe n\u00eb turneun \u201eilixha 2009\u201c n\u00eb Sarajev\u00eb T\u00eb shtun\u00ebn n\u00eb Ulqin u mbajt","breadcrumb":{"@id":"https:\/\/www.visit-ulcinj.com\/blog\/2009\/04\/11\/%e2%80%9eulqini%e2%80%9c-me-i-miri-ne-kampionatin-regjional-jugor\/#breadcrumb"},"inLanguage":"en-US","potentialAction":[{"@type":"ReadAction","target":["https:\/\/www.visit-ulcinj.com\/blog\/2009\/04\/11\/%e2%80%9eulqini%e2%80%9c-me-i-miri-ne-kampionatin-regjional-jugor\/"]}]},{"@type":"BreadcrumbList","@id":"https:\/\/www.visit-ulcinj.com\/blog\/2009\/04\/11\/%e2%80%9eulqini%e2%80%9c-me-i-miri-ne-kampionatin-regjional-jugor\/#breadcrumb","itemListElement":[{"@type":"ListItem","position":1,"name":"\u201eUlqini\u201c m\u00eb i miri n\u00eb Kampionatin regjional jugor"}]},{"@type":"Person","@id":"https:\/\/www.visit-ulcinj.com\/blog\/#\/schema\/person\/dcab619c614d3038751c63bc2aadc06d","name":"ulqini","sameAs":["http:\/\/www.visit-ulcinj.com"],"url":"https:\/\/www.visit-ulcinj.com\/blog\/author\/admin\/"}]}},"jetpack_featured_media_url":"","jetpack_sharing_enabled":true,"jetpack_shortlink":"https:\/\/wp.me\/pe6lTn-4wV","_links":{"self":[{"href":"https:\/\/www.visit-ulcinj.com\/blog\/wp-json\/wp\/v2\/posts\/17417"}],"collection":[{"href":"https:\/\/www.visit-ulcinj.com\/blog\/wp-json\/wp\/v2\/posts"}],"about":[{"href":"https:\/\/www.visit-ulcinj.com\/blog\/wp-json\/wp\/v2\/types\/post"}],"author":[{"embeddable":true,"href":"https:\/\/www.visit-ulcinj.com\/blog\/wp-json\/wp\/v2\/users\/1"}],"replies":[{"embeddable":true,"href":"https:\/\/www.visit-ulcinj.com\/blog\/wp-json\/wp\/v2\/comments?post=17417"}],"version-history":[{"count":0,"href":"https:\/\/www.visit-ulcinj.com\/blog\/wp-json\/wp\/v2\/posts\/17417\/revisions"}],"wp:attachment":[{"href":"https:\/\/www.visit-ulcinj.com\/blog\/wp-json\/wp\/v2\/media?parent=17417"}],"wp:term":[{"taxonomy":"category","embeddable":true,"href":"https:\/\/www.visit-ulcinj.com\/blog\/wp-json\/wp\/v2\/categories?post=17417"},{"taxonomy":"post_tag","embeddable":true,"href":"https:\/\/www.visit-ulcinj.com\/blog\/wp-json\/wp\/v2\/tags?post=17417"}],"curies":[{"name":"wp","href":"https:\/\/api.w.org\/{rel}","templated":true}]}}