{"id":1742,"date":"2008-05-25T10:03:08","date_gmt":"2008-05-25T15:03:08","guid":{"rendered":"http:\/\/www.visit-ulcinj.com\/blog\/?p=1742"},"modified":"2008-05-25T11:33:43","modified_gmt":"2008-05-25T16:33:43","slug":"le-montenegro-mise-sur-le-tourisme-de-luxe","status":"publish","type":"post","link":"https:\/\/www.visit-ulcinj.com\/blog\/2008\/05\/25\/le-montenegro-mise-sur-le-tourisme-de-luxe\/","title":{"rendered":"Le Mont\u00e9n\u00e9gro mise sur le tourisme de luxe"},"content":{"rendered":"<p><a title=\"Ulcinj-ulqini-ulqin,montenegro\" href=\"http:\/\/www.visit-ulcinj.com\/blog\/wp-content\/uploads\/2008\/05\/montenegro.jpg\" target=\"_blank\"><img loading=\"lazy\" class=\"alignleft\" style=\"float: left;\" src=\"http:\/\/www.visit-ulcinj.com\/blog\/wp-content\/uploads\/2008\/05\/montenegro.thumbnail.jpg\" alt=\"ULCINJ,ULQINI,ULQIN,\" width=\"163\" height=\"200\" \/><\/a><strong><a title=\"Ulcinj-ulqini-ulqin,montenegro\" href=\"http:\/\/www.velikaplaza.info\/?a=videos\" target=\"_blank\">Le Mont\u00e9n\u00e9gro<\/a><\/strong> a d\u00e9cid\u00e9 de transformer ses plages en stations baln\u00e9aires de luxe pour donner un nouvel \u00e9lan \u00e0 l&#8217;activit\u00e9 touristique, principal moteur de son d\u00e9veloppement \u00e9conomique depuis qu&#8217;il s&#8217;est s\u00e9par\u00e9 il y a deux ans de la Serbie. Au moins six emplacements le long de la c\u00f4te mont\u00e9n\u00e9grine seront prochainement ouverts aux investisseurs \u00e9trangers, la plupart dans le sud, n\u00e9glig\u00e9 pendant des ann\u00e9es et qui reste le moins d\u00e9velopp\u00e9.<br \/>\nLe minist\u00e8re de l&#8217;Economie et du d\u00e9veloppement a appel\u00e9 ainsi les \u00abinvestisseurs internationaux exp\u00e9riment\u00e9s\u00bb \u00e0 mettre en valeur <strong><a title=\"Ulcinj-ulqini-ulqin,montenegro\" href=\"http:\/\/www.visit-ulcinj.com\/\" target=\"_blank\">Velika Plaza,<\/a><\/strong> une plage de sable de 13 km bord\u00e9e par une ceinture de verdure pr\u00e8s de la ville d&#8217;Ulcinj. \u00abLe d\u00e9veloppement de <a title=\"Ulcinj-ulqini-ulqin,montenegro\" href=\"http:\/\/www.vimeo.com\/videos\/search:flowW07\" target=\"_blank\"><strong>Velika Plaza<\/strong><\/a> et des autres emplacements sur la c\u00f4te mont\u00e9n\u00e9grine aura un r\u00f4le primordial pour le d\u00e9veloppement \u00e9conomique durable du Mont\u00e9n\u00e9gro et pourrait modifier l&#8217;avenir \u00e9conomique de notre pays\u00bb, a indiqu\u00e9 le minist\u00e8re \u00e0 l&#8217;AFP.<a href=\"http:\/\/www.visit-ulcinj.com\/blog\/wp-content\/uploads\/2008\/02\/copakabana.jpg\"><img loading=\"lazy\" class=\"alignright attachment wp-att-670\" style=\"float: right;\" src=\"http:\/\/www.visit-ulcinj.com\/blog\/wp-content\/uploads\/2008\/02\/copakabana.thumbnail.jpg\" alt=\"copakabana beach_ulcinj\" width=\"200\" height=\"150\" \/><\/a>Selon le minist\u00e8re, la valeur de ce projet pourrait d\u00e9passer plusieurs milliards d&#8217;euros. \u00abDes investissements de cette envergure pourraient d\u00e9clencher le \u00abboom\u00bb \u00e9conomique que nous esp\u00e9rons\u00bb, a pr\u00e9cis\u00e9 le minist\u00e8re. Le minist\u00e8re esp\u00e8re que ce projet renforcera \u00e9galement les infrastructures mont\u00e9n\u00e9grines, soit les  routes, l\u2019\u00e9lectricit\u00e9 et l\u2019approvisionnement en eau, qui restent insuffisantes et ne r\u00e9pondent pas aux attentes des touristes. Ce petit pays adriatique de 650 000 habitants s&#8217;est s\u00e9par\u00e9 de la Serbie en juin 2006, suite \u00e0 un r\u00e9f\u00e9rendum historique au cours duquel la majorit\u00e9 des <a title=\"Ulcinj-ulqini-ulqin,montenegro\" href=\"http:\/\/www.velikaplaza.info\/?a=videos\" target=\"_blank\"><strong>Mont\u00e9n\u00e9grins<\/strong><\/a> a vot\u00e9 pour l&#8217;ind\u00e9pendance.L&#8217;\u00e9conomie du <a title=\"Ulcinj-ulqini-ulqin,montenegro\" href=\"http:\/\/www.velikaplaza.info\/?a=videos\" target=\"_blank\"><strong>Mont\u00e9n\u00e9gro <\/strong><\/a>a connu depuis une croissance de 7 % par rapport \u00e0 l&#8217;ann\u00e9e <img loading=\"lazy\" class=\"alignleft\" style=\"float: left;\" src=\"http:\/\/www.logimonde.com\/images\/2008\/Montenegro2008.jpg\" alt=\"sveti stefan\" width=\"225\" height=\"185\" \/>derni\u00e8re et ce, gr\u00e2ce au tourisme et \u00e0 l&#8217;immobilier qui ont repr\u00e9sent\u00e9 plus d&#8217;un milliard d&#8217;euros d&#8217;investissements directs. Selon le minist\u00e8re, plus de 1,13 million de touristes ont visit\u00e9 le <a title=\"Ulcinj-ulqini-ulqin,montenegro\" href=\"http:\/\/www.velikaplaza.info\/?a=videos\" target=\"_blank\"><strong>Mont\u00e9n\u00e9gro <\/strong><\/a>en 2007 soit une hausse de 19% par rapport \u00e0 2006.<br \/>\n\u00abL&#8217;\u00e9conomie a connu une hausse consid\u00e9rable apr\u00e8s l&#8217;ind\u00e9pendance, les effets sont incroyables\u00bb, a indiqu\u00e9 \u00e0 l&#8217;AFP Vaso Radovic, repr\u00e9sentant de la municipalit\u00e9 <strong><a title=\"Ulcinj-ulqini-ulqin,montenegro\" href=\"http:\/\/www.visit-ulcinj.com\/tourism\/index.php?obj=home\" target=\"_blank\">d&#8217;Ulcinj <\/a><\/strong>o\u00f9 les Albanais repr\u00e9sentent 80% de la population. M\u00eame s&#8217;ils consid\u00e8rent que leur ville ne pourra que b\u00e9n\u00e9ficier de la construction d&#8217;h\u00f4tels de luxe \u00e0 <a title=\"Ulcinj-ulqini-ulqin,montenegro\" href=\"http:\/\/www.visit-ulcinj.com\/gallery\/main.php\" target=\"_blank\"><strong>Velika Plaza<\/strong><\/a>, les habitants <strong><a title=\"Ulcinj-ulqini-ulqin,montenegro\" href=\"http:\/\/www.visit-ulcinj.com\/\" target=\"_blank\">d&#8217;Ulcinj <\/a><\/strong>redoutent que certains investisseurs ne respectent pas les plans d&#8217;am\u00e9nagement alors que selon une organisation non-gouvernementale, des constructions \u00absauvages\u00bb risquent de mettre l&#8217;environnement en p\u00e9ril.<a href=\"http:\/\/www.visit-ulcinj.com\/blog\/wp-content\/uploads\/2008\/05\/hodzic.jpg\"><img loading=\"lazy\" class=\"alignright attachment wp-att-1743\" style=\"float: right;\" src=\"http:\/\/www.visit-ulcinj.com\/blog\/wp-content\/uploads\/2008\/05\/hodzic.thumbnail.jpg\" alt=\"Dzelal Hodzic\" width=\"170\" height=\"128\" \/><\/a><br \/>\nSur cet espace nous avons des esp\u00e8ces animales et botaniques rares, mais elles sont menac\u00e9es de disparition en raison des constructions ill\u00e9gales\u00bb, selon Dzelal Hodzic de l&#8217;ONG \u00abZeleni korak\u00bb (Le pas vert). Le gouvernement \u00abdevrait jouer un r\u00f4le de m\u00e9diateur entre les investisseurs et l&#8217;administration locale pour que cette partie de la c\u00f4te ne soit pas \u00e9touff\u00e9e par la construction non planifi\u00e9e\u00bb, estime de son c\u00f4t\u00e9 Vaso Radovic.<br \/>\n\u00abNous avons fait une \u00e9tude des effets sur l&#8217;environnement (&#8230;) conform\u00e9ment aux<a href=\"http:\/\/www.visit-ulcinj.com\/blog\/wp-content\/uploads\/2008\/03\/ada-bojana_7.jpg\"><img loading=\"lazy\" class=\"alignleft attachment wp-att-793\" style=\"float: left;\" src=\"http:\/\/www.visit-ulcinj.com\/blog\/wp-content\/uploads\/2008\/03\/ada-bojana_7.thumbnail.jpg\" alt=\"Ada  Bojana Ulcinj\" width=\"200\" height=\"133\" \/><\/a> standards europ\u00e9ens et avons d\u00e9fini de nombreuses zones vertes qui seront prot\u00e9g\u00e9es\u00bb, a tenu \u00e0 rassurer le ministre mont\u00e9n\u00e9grin de Tourisme Predrag Nenezic. \u00abNous allons insister (&#8230;) sur la protection de l&#8217;environnement\u00bb, a-t-il ajout\u00e9.<\/p>\n<p>Hormis <a title=\"Ulcinj-ulqini-ulqin,montenegro\" href=\"http:\/\/www.vimeo.com\/videos\/search:flowW07\" target=\"_blank\"><strong>Velika Plaza<\/strong><\/a>, un appel d&#8217;offres a \u00e9t\u00e9 lanc\u00e9 pour le d\u00e9veloppement de la p\u00e9ninsule <a title=\"Ulcinj-ulqini-ulqin,montenegro\" href=\"http:\/\/www.vimeo.com\/videos\/search:flowW07\" target=\"_blank\"><strong>Ada Bojana<\/strong><\/a> \u00e0 proximit\u00e9 <a title=\"Ulcinj-ulqini-ulqin,montenegro\" href=\"http:\/\/www.visit-ulcinj.com\/tourism\/index.php?obj=home\" target=\"_blank\"><strong>d&#8217;Ulcinj<\/strong><\/a>, et la mise en valeur d&#8217;autres plages, telles que deux anciennes bases militaires <strong><a title=\"Ulcinj-ulqini-ulqin,montenegro\" href=\"http:\/\/www.visit-ulcinj.com\/\" target=\"_blank\">Valdanos<\/a><\/strong> et Kumbor, Bigovo, Ostrvo Cveca (Ile de fleurs) et l&#8217;\u00eele Mamula, devrait suivre.(AFP)<br \/>\n<strong> Source: AGENCE FRANCE-PRESSE<\/strong><a title=\"FRANCE\" href=\"http:\/\/voyagesgauthier.typepad.com\/\" target=\"_blank\"><br \/>\n<\/a><\/p>\n<!-- vimeo error: not a vimeo video -->\n","protected":false},"excerpt":{"rendered":"<p><img loading=\"lazy\" class=\"alignleft\" style=\"float: left;\" src=\"http:\/\/www.visit-ulcinj.com\/blog\/wp-content\/uploads\/2008\/05\/montenegro.thumbnail.jpg\" alt=\"ULCINJ,ULQINI,ULQIN,\" width=\"140\" height=\"140\" \/><\/p>\n","protected":false},"author":1,"featured_media":0,"comment_status":"open","ping_status":"closed","sticky":false,"template":"","format":"standard","meta":{"spay_email":"","jetpack_publicize_message":"","jetpack_is_tweetstorm":false,"jetpack_publicize_feature_enabled":true},"categories":[12,15],"tags":[138,3433,2137,3432,3436,2142,3437,3431,3435,19,3430,543,265,3434,2184],"jetpack_publicize_connections":[],"yoast_head":"<!-- This site is optimized with the Yoast SEO plugin v19.1 - https:\/\/yoast.com\/wordpress\/plugins\/seo\/ -->\n<title>Le Mont\u00e9n\u00e9gro mise sur le tourisme de luxe - Lajme nga Ulqini<\/title>\n<meta name=\"robots\" content=\"index, follow, max-snippet:-1, max-image-preview:large, max-video-preview:-1\" \/>\n<link rel=\"canonical\" href=\"https:\/\/www.visit-ulcinj.com\/blog\/2008\/05\/25\/le-montenegro-mise-sur-le-tourisme-de-luxe\/\" \/>\n<meta property=\"og:locale\" content=\"en_US\" \/>\n<meta property=\"og:type\" content=\"article\" \/>\n<meta property=\"og:title\" content=\"Le Mont\u00e9n\u00e9gro mise sur le tourisme de luxe - Lajme nga Ulqini\" \/>\n<meta property=\"og:url\" content=\"https:\/\/www.visit-ulcinj.com\/blog\/2008\/05\/25\/le-montenegro-mise-sur-le-tourisme-de-luxe\/\" \/>\n<meta property=\"og:site_name\" content=\"Lajme nga Ulqini\" \/>\n<meta property=\"article:published_time\" content=\"2008-05-25T15:03:08+00:00\" \/>\n<meta property=\"article:modified_time\" content=\"2008-05-25T16:33:43+00:00\" \/>\n<meta property=\"og:image\" content=\"http:\/\/www.visit-ulcinj.com\/blog\/wp-content\/uploads\/2008\/05\/montenegro.thumbnail.jpg\" \/>\n<meta name=\"twitter:label1\" content=\"Written by\" \/>\n\t<meta name=\"twitter:data1\" content=\"ulqini\" \/>\n\t<meta name=\"twitter:label2\" content=\"Est. reading time\" \/>\n\t<meta name=\"twitter:data2\" content=\"3 minutes\" \/>\n<script type=\"application\/ld+json\" class=\"yoast-schema-graph\">{\"@context\":\"https:\/\/schema.org\",\"@graph\":[{\"@type\":\"WebSite\",\"@id\":\"https:\/\/www.visit-ulcinj.com\/blog\/#website\",\"url\":\"https:\/\/www.visit-ulcinj.com\/blog\/\",\"name\":\"Lajme nga Ulqini\",\"description\":\"Lajme,Vijesti,Ulqini,Ulqin,Crna Gora,Mali i Zi\",\"potentialAction\":[{\"@type\":\"SearchAction\",\"target\":{\"@type\":\"EntryPoint\",\"urlTemplate\":\"https:\/\/www.visit-ulcinj.com\/blog\/?s={search_term_string}\"},\"query-input\":\"required name=search_term_string\"}],\"inLanguage\":\"en-US\"},{\"@type\":\"ImageObject\",\"inLanguage\":\"en-US\",\"@id\":\"https:\/\/www.visit-ulcinj.com\/blog\/2008\/05\/25\/le-montenegro-mise-sur-le-tourisme-de-luxe\/#primaryimage\",\"url\":\"http:\/\/www.visit-ulcinj.com\/blog\/wp-content\/uploads\/2008\/05\/montenegro.thumbnail.jpg\",\"contentUrl\":\"http:\/\/www.visit-ulcinj.com\/blog\/wp-content\/uploads\/2008\/05\/montenegro.thumbnail.jpg\"},{\"@type\":\"WebPage\",\"@id\":\"https:\/\/www.visit-ulcinj.com\/blog\/2008\/05\/25\/le-montenegro-mise-sur-le-tourisme-de-luxe\/#webpage\",\"url\":\"https:\/\/www.visit-ulcinj.com\/blog\/2008\/05\/25\/le-montenegro-mise-sur-le-tourisme-de-luxe\/\",\"name\":\"Le Mont\u00e9n\u00e9gro mise sur le tourisme de luxe - Lajme nga Ulqini\",\"isPartOf\":{\"@id\":\"https:\/\/www.visit-ulcinj.com\/blog\/#website\"},\"primaryImageOfPage\":{\"@id\":\"https:\/\/www.visit-ulcinj.com\/blog\/2008\/05\/25\/le-montenegro-mise-sur-le-tourisme-de-luxe\/#primaryimage\"},\"datePublished\":\"2008-05-25T15:03:08+00:00\",\"dateModified\":\"2008-05-25T16:33:43+00:00\",\"author\":{\"@id\":\"https:\/\/www.visit-ulcinj.com\/blog\/#\/schema\/person\/dcab619c614d3038751c63bc2aadc06d\"},\"breadcrumb\":{\"@id\":\"https:\/\/www.visit-ulcinj.com\/blog\/2008\/05\/25\/le-montenegro-mise-sur-le-tourisme-de-luxe\/#breadcrumb\"},\"inLanguage\":\"en-US\",\"potentialAction\":[{\"@type\":\"ReadAction\",\"target\":[\"https:\/\/www.visit-ulcinj.com\/blog\/2008\/05\/25\/le-montenegro-mise-sur-le-tourisme-de-luxe\/\"]}]},{\"@type\":\"BreadcrumbList\",\"@id\":\"https:\/\/www.visit-ulcinj.com\/blog\/2008\/05\/25\/le-montenegro-mise-sur-le-tourisme-de-luxe\/#breadcrumb\",\"itemListElement\":[{\"@type\":\"ListItem\",\"position\":1,\"name\":\"Le Mont\u00e9n\u00e9gro mise sur le tourisme de luxe\"}]},{\"@type\":\"Person\",\"@id\":\"https:\/\/www.visit-ulcinj.com\/blog\/#\/schema\/person\/dcab619c614d3038751c63bc2aadc06d\",\"name\":\"ulqini\",\"sameAs\":[\"http:\/\/www.visit-ulcinj.com\"],\"url\":\"https:\/\/www.visit-ulcinj.com\/blog\/author\/admin\/\"}]}<\/script>\n<!-- \/ Yoast SEO plugin. -->","yoast_head_json":{"title":"Le Mont\u00e9n\u00e9gro mise sur le tourisme de luxe - Lajme nga Ulqini","robots":{"index":"index","follow":"follow","max-snippet":"max-snippet:-1","max-image-preview":"max-image-preview:large","max-video-preview":"max-video-preview:-1"},"canonical":"https:\/\/www.visit-ulcinj.com\/blog\/2008\/05\/25\/le-montenegro-mise-sur-le-tourisme-de-luxe\/","og_locale":"en_US","og_type":"article","og_title":"Le Mont\u00e9n\u00e9gro mise sur le tourisme de luxe - Lajme nga Ulqini","og_url":"https:\/\/www.visit-ulcinj.com\/blog\/2008\/05\/25\/le-montenegro-mise-sur-le-tourisme-de-luxe\/","og_site_name":"Lajme nga Ulqini","article_published_time":"2008-05-25T15:03:08+00:00","article_modified_time":"2008-05-25T16:33:43+00:00","og_image":[{"url":"http:\/\/www.visit-ulcinj.com\/blog\/wp-content\/uploads\/2008\/05\/montenegro.thumbnail.jpg"}],"twitter_misc":{"Written by":"ulqini","Est. reading time":"3 minutes"},"schema":{"@context":"https:\/\/schema.org","@graph":[{"@type":"WebSite","@id":"https:\/\/www.visit-ulcinj.com\/blog\/#website","url":"https:\/\/www.visit-ulcinj.com\/blog\/","name":"Lajme nga Ulqini","description":"Lajme,Vijesti,Ulqini,Ulqin,Crna Gora,Mali i Zi","potentialAction":[{"@type":"SearchAction","target":{"@type":"EntryPoint","urlTemplate":"https:\/\/www.visit-ulcinj.com\/blog\/?s={search_term_string}"},"query-input":"required name=search_term_string"}],"inLanguage":"en-US"},{"@type":"ImageObject","inLanguage":"en-US","@id":"https:\/\/www.visit-ulcinj.com\/blog\/2008\/05\/25\/le-montenegro-mise-sur-le-tourisme-de-luxe\/#primaryimage","url":"http:\/\/www.visit-ulcinj.com\/blog\/wp-content\/uploads\/2008\/05\/montenegro.thumbnail.jpg","contentUrl":"http:\/\/www.visit-ulcinj.com\/blog\/wp-content\/uploads\/2008\/05\/montenegro.thumbnail.jpg"},{"@type":"WebPage","@id":"https:\/\/www.visit-ulcinj.com\/blog\/2008\/05\/25\/le-montenegro-mise-sur-le-tourisme-de-luxe\/#webpage","url":"https:\/\/www.visit-ulcinj.com\/blog\/2008\/05\/25\/le-montenegro-mise-sur-le-tourisme-de-luxe\/","name":"Le Mont\u00e9n\u00e9gro mise sur le tourisme de luxe - Lajme nga Ulqini","isPartOf":{"@id":"https:\/\/www.visit-ulcinj.com\/blog\/#website"},"primaryImageOfPage":{"@id":"https:\/\/www.visit-ulcinj.com\/blog\/2008\/05\/25\/le-montenegro-mise-sur-le-tourisme-de-luxe\/#primaryimage"},"datePublished":"2008-05-25T15:03:08+00:00","dateModified":"2008-05-25T16:33:43+00:00","author":{"@id":"https:\/\/www.visit-ulcinj.com\/blog\/#\/schema\/person\/dcab619c614d3038751c63bc2aadc06d"},"breadcrumb":{"@id":"https:\/\/www.visit-ulcinj.com\/blog\/2008\/05\/25\/le-montenegro-mise-sur-le-tourisme-de-luxe\/#breadcrumb"},"inLanguage":"en-US","potentialAction":[{"@type":"ReadAction","target":["https:\/\/www.visit-ulcinj.com\/blog\/2008\/05\/25\/le-montenegro-mise-sur-le-tourisme-de-luxe\/"]}]},{"@type":"BreadcrumbList","@id":"https:\/\/www.visit-ulcinj.com\/blog\/2008\/05\/25\/le-montenegro-mise-sur-le-tourisme-de-luxe\/#breadcrumb","itemListElement":[{"@type":"ListItem","position":1,"name":"Le Mont\u00e9n\u00e9gro mise sur le tourisme de luxe"}]},{"@type":"Person","@id":"https:\/\/www.visit-ulcinj.com\/blog\/#\/schema\/person\/dcab619c614d3038751c63bc2aadc06d","name":"ulqini","sameAs":["http:\/\/www.visit-ulcinj.com"],"url":"https:\/\/www.visit-ulcinj.com\/blog\/author\/admin\/"}]}},"jetpack_featured_media_url":"","jetpack_sharing_enabled":true,"jetpack_shortlink":"https:\/\/wp.me\/pe6lTn-s6","_links":{"self":[{"href":"https:\/\/www.visit-ulcinj.com\/blog\/wp-json\/wp\/v2\/posts\/1742"}],"collection":[{"href":"https:\/\/www.visit-ulcinj.com\/blog\/wp-json\/wp\/v2\/posts"}],"about":[{"href":"https:\/\/www.visit-ulcinj.com\/blog\/wp-json\/wp\/v2\/types\/post"}],"author":[{"embeddable":true,"href":"https:\/\/www.visit-ulcinj.com\/blog\/wp-json\/wp\/v2\/users\/1"}],"replies":[{"embeddable":true,"href":"https:\/\/www.visit-ulcinj.com\/blog\/wp-json\/wp\/v2\/comments?post=1742"}],"version-history":[{"count":0,"href":"https:\/\/www.visit-ulcinj.com\/blog\/wp-json\/wp\/v2\/posts\/1742\/revisions"}],"wp:attachment":[{"href":"https:\/\/www.visit-ulcinj.com\/blog\/wp-json\/wp\/v2\/media?parent=1742"}],"wp:term":[{"taxonomy":"category","embeddable":true,"href":"https:\/\/www.visit-ulcinj.com\/blog\/wp-json\/wp\/v2\/categories?post=1742"},{"taxonomy":"post_tag","embeddable":true,"href":"https:\/\/www.visit-ulcinj.com\/blog\/wp-json\/wp\/v2\/tags?post=1742"}],"curies":[{"name":"wp","href":"https:\/\/api.w.org\/{rel}","templated":true}]}}