{"id":17421,"date":"2009-04-11T18:24:41","date_gmt":"2009-04-11T16:24:41","guid":{"rendered":"http:\/\/www.visit-ulcinj.com\/blog\/?p=17421"},"modified":"2009-04-11T18:24:41","modified_gmt":"2009-04-11T16:24:41","slug":"kk-%e2%80%9cchampion%e2%80%9d-fitoi-36-medalje","status":"publish","type":"post","link":"https:\/\/www.visit-ulcinj.com\/blog\/2009\/04\/11\/kk-%e2%80%9cchampion%e2%80%9d-fitoi-36-medalje\/","title":{"rendered":"KK \u201cChampion\u201d fitoi 36 medalje"},"content":{"rendered":"<p><a href=\"http:\/\/www.visit-ulcinj.com\/blog\/wp-content\/uploads\/2009\/04\/kk_champion_ulqin.jpg\"><img loading=\"lazy\" class=\"alignleft size-full wp-image-17422\" title=\"kk_champion_ulqin\" src=\"http:\/\/www.visit-ulcinj.com\/blog\/wp-content\/uploads\/2009\/04\/kk_champion_ulqin.jpg\" alt=\"kk_champion_ulqin\" width=\"391\" height=\"293\" srcset=\"https:\/\/www.visit-ulcinj.com\/blog\/wp-content\/uploads\/2009\/04\/kk_champion_ulqin.jpg 391w, https:\/\/www.visit-ulcinj.com\/blog\/wp-content\/uploads\/2009\/04\/kk_champion_ulqin-300x224.jpg 300w\" sizes=\"(max-width: 391px) 100vw, 391px\" \/><\/a>KK \u201cChampion\u201d mori pjes\u00eb n\u00eb k\u00ebt\u00eb gar\u00eb me 21 garues t\u00eb cil\u00ebt u kuror\u00ebzuan me 36 medalje, prej t\u00eb cilave 12 t\u00eb arta, tet\u00eb t\u00eb argjendta dhe 16 t\u00eb bronzta.<br \/>\nT\u00eb shtun\u00ebn n\u00eb Ulqin u mbajt Kampionati p\u00ebr kualifikimin shtet\u00ebror t\u00eb Rajonit Jugor p\u00ebr fatosa, pionier\u00eb dhe shpresa. Kampionati u organizua nga Federata e Karates\u00eb s\u00eb Malit t\u00eb Zi, nd\u00ebrsa organizator teknik ishte Klubi i Karates\u00eb \u201cChampion\u201d. N\u00eb t\u00eb mor\u00ebn pjes\u00eb 193 garues nga dhjet\u00eb klube nga rajoni jugor.<br \/>\nKK \u201cChampion\u201d mori pjes\u00eb n\u00eb k\u00ebt\u00eb gar\u00eb me 21 garues t\u00eb cil\u00ebt u kuror\u00ebzuan me 36 medalje, prej t\u00eb cilave 12 t\u00eb arta, tet\u00eb t\u00eb argjendta dhe 16 t\u00eb bronzta.<br \/>\nNga dy medalje t\u00eb arta p\u00ebr KK \u201cChampion\u201d fituan Milica Bundalo dhe Goran Kilibarda. Genc Murati fitoi nj\u00eb medalje t\u00eb art\u00eb, nj\u00eb t\u00eb argjendt\u00eb dhe nj\u00eb t\u00eb bronzt\u00eb, Eliza Markiq dhe Admir Sella nga nj\u00eb medalje t\u00eb art\u00eb dhe nj\u00eb t\u00eb argjendt\u00eb, nd\u00ebrsa Aksa Hajdinaga, Fjolla Dervishi dhe Elvir Deljanin nga nj\u00eb medalje t\u00eb art\u00eb dhe nj\u00eb t\u00eb bronzt\u00eb. Medalje t\u00eb arta fituan edhe Ivana Rangjelloviq dhe Lejla Sulejmani.<br \/>\nDy medalje t\u00eb argjendta fitoi Ajla Murati, Edmond Mehmedi u kuror\u00ebzua me nj\u00eb medalje t\u00eb argjendt\u00eb dhe dy t\u00eb bronzta, Elvis Lika me nj\u00eb medalje t\u00eb argjendt\u00eb dhe nj\u00eb t\u00eb bronzt\u00eb, kurse Martina Peciq me nj\u00eb medalje t\u00eb argjendt\u00eb.<br \/>\nGaruesi Ardit Murati fitoi tri medalje t\u00eb bronzta, Elvir Lika dhe Adonis Markashi nga dy medalje t\u00eb bronzta, kurse Ermir Kurtoviq dhe Ervin Deljanin fituan nga nj\u00eb medalje t\u00eb bronzt\u00eb.<br \/>\nTrajner\u00ebt e KK \u201cChampion\u201d Lek\u00eb Markiqi dhe Nail Kurtoviqi shprehen t\u00eb k\u00ebnaqur me suksesin e arritur n\u00eb k\u00ebt\u00eb gar\u00eb.<br \/>\nAta sqarojn\u00eb se p\u00ebr shkak se KK \u201cChampion\u201d ishte organizator teknik i kampionatit n\u00eb fjal\u00eb, nuk mund t\u00eb merrnin pjes\u00eb n\u00eb Turneun \u201cIlixha 2009\u201d n\u00eb Sarajev\u00eb q\u00eb u mbajt po t\u00eb nj\u00ebjt\u00ebn dit\u00eb. Vitin e kaluar n\u00eb k\u00ebt\u00eb turne KK \u201cChampion\u201d fitoi kat\u00ebr medalje, nj\u00eb medalje t\u00eb argjendt\u00eb dhe tri medalje t\u00eb bronzta.<br \/>\n(Kohapress)<\/p>\n","protected":false},"excerpt":{"rendered":"<p>KK \u201cChampion\u201d mori pjes\u00eb n\u00eb k\u00ebt\u00eb gar\u00eb me 21 garues t\u00eb cil\u00ebt u kuror\u00ebzuan me 36 medalje, prej t\u00eb cilave 12 t\u00eb arta, tet\u00eb t\u00eb argjendta dhe 16 t\u00eb bronzta. T\u00eb shtun\u00ebn n\u00eb Ulqin u mbajt Kampionati p\u00ebr kualifikimin shtet\u00ebror t\u00eb Rajonit Jugor p\u00ebr fatosa, pionier\u00eb dhe shpresa. Kampionati u organizua nga Federata e Karates\u00eb [&hellip;]<\/p>\n","protected":false},"author":1,"featured_media":0,"comment_status":"open","ping_status":"closed","sticky":false,"template":"","format":"standard","meta":{"spay_email":"","jetpack_publicize_message":"","jetpack_is_tweetstorm":false,"jetpack_publicize_feature_enabled":true},"categories":[3],"tags":[8993,8990,1822,8989,8994,8991,8992,8988,8987,8996,8995,8997],"jetpack_publicize_connections":[],"yoast_head":"<!-- This site is optimized with the Yoast SEO plugin v19.1 - https:\/\/yoast.com\/wordpress\/plugins\/seo\/ -->\n<title>KK \u201cChampion\u201d fitoi 36 medalje - Lajme nga Ulqini<\/title>\n<meta name=\"description\" content=\"KK \u201cChampion\u201d mori pjes\u00eb n\u00eb k\u00ebt\u00eb gar\u00eb me 21 garues t\u00eb cil\u00ebt u kuror\u00ebzuan me 36 medalje, prej t\u00eb cilave 12 t\u00eb arta, tet\u00eb t\u00eb argjendta dhe 16 t\u00eb bronzta. T\u00eb\" \/>\n<meta name=\"robots\" content=\"index, follow, max-snippet:-1, max-image-preview:large, max-video-preview:-1\" \/>\n<link rel=\"canonical\" href=\"https:\/\/www.visit-ulcinj.com\/blog\/2009\/04\/11\/kk-\u201cchampion\u201d-fitoi-36-medalje\/\" \/>\n<meta property=\"og:locale\" content=\"en_US\" \/>\n<meta property=\"og:type\" content=\"article\" \/>\n<meta property=\"og:title\" content=\"KK \u201cChampion\u201d fitoi 36 medalje - Lajme nga Ulqini\" \/>\n<meta property=\"og:description\" content=\"KK \u201cChampion\u201d mori pjes\u00eb n\u00eb k\u00ebt\u00eb gar\u00eb me 21 garues t\u00eb cil\u00ebt u kuror\u00ebzuan me 36 medalje, prej t\u00eb cilave 12 t\u00eb arta, tet\u00eb t\u00eb argjendta dhe 16 t\u00eb bronzta. T\u00eb\" \/>\n<meta property=\"og:url\" content=\"https:\/\/www.visit-ulcinj.com\/blog\/2009\/04\/11\/kk-\u201cchampion\u201d-fitoi-36-medalje\/\" \/>\n<meta property=\"og:site_name\" content=\"Lajme nga Ulqini\" \/>\n<meta property=\"article:published_time\" content=\"2009-04-11T16:24:41+00:00\" \/>\n<meta property=\"og:image\" content=\"http:\/\/www.visit-ulcinj.com\/blog\/wp-content\/uploads\/2009\/04\/kk_champion_ulqin.jpg\" \/>\n<meta name=\"twitter:label1\" content=\"Written by\" \/>\n\t<meta name=\"twitter:data1\" content=\"ulqini\" \/>\n\t<meta name=\"twitter:label2\" content=\"Est. reading time\" \/>\n\t<meta name=\"twitter:data2\" content=\"2 minutes\" \/>\n<script type=\"application\/ld+json\" class=\"yoast-schema-graph\">{\"@context\":\"https:\/\/schema.org\",\"@graph\":[{\"@type\":\"WebSite\",\"@id\":\"https:\/\/www.visit-ulcinj.com\/blog\/#website\",\"url\":\"https:\/\/www.visit-ulcinj.com\/blog\/\",\"name\":\"Lajme nga Ulqini\",\"description\":\"Lajme,Vijesti,Ulqini,Ulqin,Crna Gora,Mali i Zi\",\"potentialAction\":[{\"@type\":\"SearchAction\",\"target\":{\"@type\":\"EntryPoint\",\"urlTemplate\":\"https:\/\/www.visit-ulcinj.com\/blog\/?s={search_term_string}\"},\"query-input\":\"required name=search_term_string\"}],\"inLanguage\":\"en-US\"},{\"@type\":\"ImageObject\",\"inLanguage\":\"en-US\",\"@id\":\"https:\/\/www.visit-ulcinj.com\/blog\/2009\/04\/11\/kk-%e2%80%9cchampion%e2%80%9d-fitoi-36-medalje\/#primaryimage\",\"url\":\"https:\/\/www.visit-ulcinj.com\/blog\/wp-content\/uploads\/2009\/04\/kk_champion_ulqin.jpg\",\"contentUrl\":\"https:\/\/www.visit-ulcinj.com\/blog\/wp-content\/uploads\/2009\/04\/kk_champion_ulqin.jpg\",\"width\":\"391\",\"height\":\"293\"},{\"@type\":\"WebPage\",\"@id\":\"https:\/\/www.visit-ulcinj.com\/blog\/2009\/04\/11\/kk-%e2%80%9cchampion%e2%80%9d-fitoi-36-medalje\/#webpage\",\"url\":\"https:\/\/www.visit-ulcinj.com\/blog\/2009\/04\/11\/kk-%e2%80%9cchampion%e2%80%9d-fitoi-36-medalje\/\",\"name\":\"KK \u201cChampion\u201d fitoi 36 medalje - Lajme nga Ulqini\",\"isPartOf\":{\"@id\":\"https:\/\/www.visit-ulcinj.com\/blog\/#website\"},\"primaryImageOfPage\":{\"@id\":\"https:\/\/www.visit-ulcinj.com\/blog\/2009\/04\/11\/kk-%e2%80%9cchampion%e2%80%9d-fitoi-36-medalje\/#primaryimage\"},\"datePublished\":\"2009-04-11T16:24:41+00:00\",\"dateModified\":\"2009-04-11T16:24:41+00:00\",\"author\":{\"@id\":\"https:\/\/www.visit-ulcinj.com\/blog\/#\/schema\/person\/dcab619c614d3038751c63bc2aadc06d\"},\"description\":\"KK \u201cChampion\u201d mori pjes\u00eb n\u00eb k\u00ebt\u00eb gar\u00eb me 21 garues t\u00eb cil\u00ebt u kuror\u00ebzuan me 36 medalje, prej t\u00eb cilave 12 t\u00eb arta, tet\u00eb t\u00eb argjendta dhe 16 t\u00eb bronzta. T\u00eb\",\"breadcrumb\":{\"@id\":\"https:\/\/www.visit-ulcinj.com\/blog\/2009\/04\/11\/kk-%e2%80%9cchampion%e2%80%9d-fitoi-36-medalje\/#breadcrumb\"},\"inLanguage\":\"en-US\",\"potentialAction\":[{\"@type\":\"ReadAction\",\"target\":[\"https:\/\/www.visit-ulcinj.com\/blog\/2009\/04\/11\/kk-%e2%80%9cchampion%e2%80%9d-fitoi-36-medalje\/\"]}]},{\"@type\":\"BreadcrumbList\",\"@id\":\"https:\/\/www.visit-ulcinj.com\/blog\/2009\/04\/11\/kk-%e2%80%9cchampion%e2%80%9d-fitoi-36-medalje\/#breadcrumb\",\"itemListElement\":[{\"@type\":\"ListItem\",\"position\":1,\"name\":\"KK \u201cChampion\u201d fitoi 36 medalje\"}]},{\"@type\":\"Person\",\"@id\":\"https:\/\/www.visit-ulcinj.com\/blog\/#\/schema\/person\/dcab619c614d3038751c63bc2aadc06d\",\"name\":\"ulqini\",\"sameAs\":[\"http:\/\/www.visit-ulcinj.com\"],\"url\":\"https:\/\/www.visit-ulcinj.com\/blog\/author\/admin\/\"}]}<\/script>\n<!-- \/ Yoast SEO plugin. -->","yoast_head_json":{"title":"KK \u201cChampion\u201d fitoi 36 medalje - Lajme nga Ulqini","description":"KK \u201cChampion\u201d mori pjes\u00eb n\u00eb k\u00ebt\u00eb gar\u00eb me 21 garues t\u00eb cil\u00ebt u kuror\u00ebzuan me 36 medalje, prej t\u00eb cilave 12 t\u00eb arta, tet\u00eb t\u00eb argjendta dhe 16 t\u00eb bronzta. T\u00eb","robots":{"index":"index","follow":"follow","max-snippet":"max-snippet:-1","max-image-preview":"max-image-preview:large","max-video-preview":"max-video-preview:-1"},"canonical":"https:\/\/www.visit-ulcinj.com\/blog\/2009\/04\/11\/kk-\u201cchampion\u201d-fitoi-36-medalje\/","og_locale":"en_US","og_type":"article","og_title":"KK \u201cChampion\u201d fitoi 36 medalje - Lajme nga Ulqini","og_description":"KK \u201cChampion\u201d mori pjes\u00eb n\u00eb k\u00ebt\u00eb gar\u00eb me 21 garues t\u00eb cil\u00ebt u kuror\u00ebzuan me 36 medalje, prej t\u00eb cilave 12 t\u00eb arta, tet\u00eb t\u00eb argjendta dhe 16 t\u00eb bronzta. T\u00eb","og_url":"https:\/\/www.visit-ulcinj.com\/blog\/2009\/04\/11\/kk-\u201cchampion\u201d-fitoi-36-medalje\/","og_site_name":"Lajme nga Ulqini","article_published_time":"2009-04-11T16:24:41+00:00","og_image":[{"url":"http:\/\/www.visit-ulcinj.com\/blog\/wp-content\/uploads\/2009\/04\/kk_champion_ulqin.jpg"}],"twitter_misc":{"Written by":"ulqini","Est. reading time":"2 minutes"},"schema":{"@context":"https:\/\/schema.org","@graph":[{"@type":"WebSite","@id":"https:\/\/www.visit-ulcinj.com\/blog\/#website","url":"https:\/\/www.visit-ulcinj.com\/blog\/","name":"Lajme nga Ulqini","description":"Lajme,Vijesti,Ulqini,Ulqin,Crna Gora,Mali i Zi","potentialAction":[{"@type":"SearchAction","target":{"@type":"EntryPoint","urlTemplate":"https:\/\/www.visit-ulcinj.com\/blog\/?s={search_term_string}"},"query-input":"required name=search_term_string"}],"inLanguage":"en-US"},{"@type":"ImageObject","inLanguage":"en-US","@id":"https:\/\/www.visit-ulcinj.com\/blog\/2009\/04\/11\/kk-%e2%80%9cchampion%e2%80%9d-fitoi-36-medalje\/#primaryimage","url":"https:\/\/www.visit-ulcinj.com\/blog\/wp-content\/uploads\/2009\/04\/kk_champion_ulqin.jpg","contentUrl":"https:\/\/www.visit-ulcinj.com\/blog\/wp-content\/uploads\/2009\/04\/kk_champion_ulqin.jpg","width":"391","height":"293"},{"@type":"WebPage","@id":"https:\/\/www.visit-ulcinj.com\/blog\/2009\/04\/11\/kk-%e2%80%9cchampion%e2%80%9d-fitoi-36-medalje\/#webpage","url":"https:\/\/www.visit-ulcinj.com\/blog\/2009\/04\/11\/kk-%e2%80%9cchampion%e2%80%9d-fitoi-36-medalje\/","name":"KK \u201cChampion\u201d fitoi 36 medalje - Lajme nga Ulqini","isPartOf":{"@id":"https:\/\/www.visit-ulcinj.com\/blog\/#website"},"primaryImageOfPage":{"@id":"https:\/\/www.visit-ulcinj.com\/blog\/2009\/04\/11\/kk-%e2%80%9cchampion%e2%80%9d-fitoi-36-medalje\/#primaryimage"},"datePublished":"2009-04-11T16:24:41+00:00","dateModified":"2009-04-11T16:24:41+00:00","author":{"@id":"https:\/\/www.visit-ulcinj.com\/blog\/#\/schema\/person\/dcab619c614d3038751c63bc2aadc06d"},"description":"KK \u201cChampion\u201d mori pjes\u00eb n\u00eb k\u00ebt\u00eb gar\u00eb me 21 garues t\u00eb cil\u00ebt u kuror\u00ebzuan me 36 medalje, prej t\u00eb cilave 12 t\u00eb arta, tet\u00eb t\u00eb argjendta dhe 16 t\u00eb bronzta. T\u00eb","breadcrumb":{"@id":"https:\/\/www.visit-ulcinj.com\/blog\/2009\/04\/11\/kk-%e2%80%9cchampion%e2%80%9d-fitoi-36-medalje\/#breadcrumb"},"inLanguage":"en-US","potentialAction":[{"@type":"ReadAction","target":["https:\/\/www.visit-ulcinj.com\/blog\/2009\/04\/11\/kk-%e2%80%9cchampion%e2%80%9d-fitoi-36-medalje\/"]}]},{"@type":"BreadcrumbList","@id":"https:\/\/www.visit-ulcinj.com\/blog\/2009\/04\/11\/kk-%e2%80%9cchampion%e2%80%9d-fitoi-36-medalje\/#breadcrumb","itemListElement":[{"@type":"ListItem","position":1,"name":"KK \u201cChampion\u201d fitoi 36 medalje"}]},{"@type":"Person","@id":"https:\/\/www.visit-ulcinj.com\/blog\/#\/schema\/person\/dcab619c614d3038751c63bc2aadc06d","name":"ulqini","sameAs":["http:\/\/www.visit-ulcinj.com"],"url":"https:\/\/www.visit-ulcinj.com\/blog\/author\/admin\/"}]}},"jetpack_featured_media_url":"","jetpack_sharing_enabled":true,"jetpack_shortlink":"https:\/\/wp.me\/pe6lTn-4wZ","_links":{"self":[{"href":"https:\/\/www.visit-ulcinj.com\/blog\/wp-json\/wp\/v2\/posts\/17421"}],"collection":[{"href":"https:\/\/www.visit-ulcinj.com\/blog\/wp-json\/wp\/v2\/posts"}],"about":[{"href":"https:\/\/www.visit-ulcinj.com\/blog\/wp-json\/wp\/v2\/types\/post"}],"author":[{"embeddable":true,"href":"https:\/\/www.visit-ulcinj.com\/blog\/wp-json\/wp\/v2\/users\/1"}],"replies":[{"embeddable":true,"href":"https:\/\/www.visit-ulcinj.com\/blog\/wp-json\/wp\/v2\/comments?post=17421"}],"version-history":[{"count":0,"href":"https:\/\/www.visit-ulcinj.com\/blog\/wp-json\/wp\/v2\/posts\/17421\/revisions"}],"wp:attachment":[{"href":"https:\/\/www.visit-ulcinj.com\/blog\/wp-json\/wp\/v2\/media?parent=17421"}],"wp:term":[{"taxonomy":"category","embeddable":true,"href":"https:\/\/www.visit-ulcinj.com\/blog\/wp-json\/wp\/v2\/categories?post=17421"},{"taxonomy":"post_tag","embeddable":true,"href":"https:\/\/www.visit-ulcinj.com\/blog\/wp-json\/wp\/v2\/tags?post=17421"}],"curies":[{"name":"wp","href":"https:\/\/api.w.org\/{rel}","templated":true}]}}