{"id":17435,"date":"2009-04-11T19:31:05","date_gmt":"2009-04-11T17:31:05","guid":{"rendered":"http:\/\/www.visit-ulcinj.com\/blog\/?p=17435"},"modified":"2009-04-13T18:39:57","modified_gmt":"2009-04-13T16:39:57","slug":"blero-perjashton-dafina-zeqirin-nga-klipi-la-vida-loca","status":"publish","type":"post","link":"https:\/\/www.visit-ulcinj.com\/blog\/2009\/04\/11\/blero-perjashton-dafina-zeqirin-nga-klipi-la-vida-loca\/","title":{"rendered":"Blero p\u00ebrjashton Dafina Zeqirin nga klipi La vida loca"},"content":{"rendered":"<p><a href=\"http:\/\/www.visit-ulcinj.com\/blog\/wp-content\/uploads\/2009\/04\/blero-perjashton-dafina-zeqirin-nga-klipi-la-vida-loca.jpg\"><img loading=\"lazy\" class=\"alignleft size-full wp-image-17436\" title=\"blero-perjashton-dafina-zeqirin-nga-klipi-la-vida-loca\" src=\"http:\/\/www.visit-ulcinj.com\/blog\/wp-content\/uploads\/2009\/04\/blero-perjashton-dafina-zeqirin-nga-klipi-la-vida-loca.jpg\" alt=\"blero-perjashton-dafina-zeqirin-nga-klipi-la-vida-loca\" width=\"570\" height=\"347\" \/><\/a>K\u00ebnga m\u00eb e p\u00eblqyer e Bleros \u201cLa vida loca\u201d tani edhe n\u00eb versionin remix. K\u00ebt\u00eb gj\u00eb ka paralajm\u00ebruar edhe kompania e prodhimit t\u00eb videove \u201cPixels\u201d. Punimet rreth videos kan\u00eb filluar, nd\u00ebrsa s\u00eb shpejti pritet q\u00eb t\u00eb mbaroj\u00eb dhe klipi t\u00eb jet\u00eb gati p\u00ebr shfaqje n\u00ebp\u00ebr televizione. \u201cLa vida loca\u201d ishte k\u00ebng\u00eb shum\u00eb e p\u00eblqyer dhe \u00ebsht\u00eb klikuar m\u00eb shum\u00eb se 700.000 her\u00eb, gj\u00eb q\u00eb e b\u00ebn si videon m\u00eb t\u00eb p\u00eblqyer shqiptare p\u00ebr momentin. K\u00ebt\u00eb radh\u00eb pjes\u00eb e grupit q\u00eb do interpretojn\u00eb do t\u00eb jen\u00eb: Blero, Skillz, Kaos, MC Kresha, Lyrical dhe Son F-Kay.<\/p>\n<p>Nd\u00ebrkoh\u00eb pas nj\u00eb mosmarr\u00ebveshje mes Bleros dhe n\u00ebn\u00ebs s\u00eb Dafina Zeqirit, kjo e fundit nuk do jet\u00eb pjes\u00eb e klipit. E irrituar nga skenat \u201cgjysm\u00eb nudo\u201d n\u00eb klip, e \u00ebma e Dafin\u00ebs kishte th\u00ebn\u00eb q\u00eb nuk \u00ebsht\u00eb dashur ta lejoj\u00eb vajz\u00ebn q\u00eb t\u00eb k\u00ebndoj\u00eb s\u00eb bashku me ata. I shpejt\u00eb ka qen\u00eb edhe reagimi i Bleros, duke th\u00ebn\u00eb q\u00eb vajzat gjysm\u00eb nudo n\u00eb klip jan\u00eb nga Maqedonia dhe se nuk \u00ebsht\u00eb Dafina, por ka qen\u00eb i kot\u00eb arsyetimi. E \u00ebma e Dafin\u00ebs, e cila d\u00ebshiroi q\u00eb vajz\u00ebn e saj ta b\u00ebj\u00eb t\u00eb famshme brenda nat\u00ebs si duket ka hasur n\u00eb v\u00ebshtir\u00ebsi tek disa njer\u00ebz.<\/p>\n<p>Duke u munduar t\u00eb luaj\u00eb rolin e nj\u00eb n\u00ebne t\u00eb hekurt q\u00eb nuk lejon njer\u00ebzit t\u2019i afrohen vajz\u00ebs s\u00eb saj, si\u00e7 vepronin nj\u00eb koh\u00eb menaxheret e disa k\u00ebng\u00ebtareve t\u00eb tjera, do t\u00eb ket\u00eb pasoja negative tek publiku. I gjendur n\u00eb emisionin \u201cP\u00ebrrall\u00eb me tupan\u201d, k\u00ebng\u00ebtari Blero u mundua t\u00eb arsyetoj\u00eb veprimet e n\u00ebn\u00ebs s\u00eb Dafin\u00ebs, por n\u00eb an\u00ebn tjet\u00ebr edhe vet\u00eb drejtuesi i emisionit p\u00ebrs\u00ebriti q\u00eb edhe nj\u00eb koh\u00eb nuk do jet\u00eb mysafire Dafina p\u00ebr shkak t\u00eb keqp\u00ebrdorimit q\u00eb i b\u00ebhet webfaqes s\u00eb emisionit nga disa familjar\u00eb t\u00eb Dafin\u00ebs, duke shkruar komente q\u00eb t\u00eb ftohet n\u00eb cil\u00ebsin\u00eb e mysafires edhe vet\u00eb Dafina. Gjith\u00eb k\u00ebsaj i thuhet t\u00eb b\u00ebhesh e famshme me zor.<\/p>\n<p><strong>PanoramaPlus<\/strong><\/p>\n<!--YouTube Error: bad URL entered-->\n","protected":false},"excerpt":{"rendered":"<p>K\u00ebnga m\u00eb e p\u00eblqyer e Bleros \u201cLa vida loca\u201d tani edhe n\u00eb versionin remix. K\u00ebt\u00eb gj\u00eb ka paralajm\u00ebruar edhe kompania e prodhimit t\u00eb videove \u201cPixels\u201d. Punimet rreth videos kan\u00eb filluar, nd\u00ebrsa s\u00eb shpejti pritet q\u00eb t\u00eb mbaroj\u00eb dhe klipi t\u00eb jet\u00eb gati p\u00ebr shfaqje n\u00ebp\u00ebr televizione. \u201cLa vida loca\u201d ishte k\u00ebng\u00eb shum\u00eb e p\u00eblqyer dhe [&hellip;]<\/p>\n","protected":false},"author":1,"featured_media":0,"comment_status":"open","ping_status":"closed","sticky":false,"template":"","format":"standard","meta":{"spay_email":"","jetpack_publicize_message":"","jetpack_is_tweetstorm":false,"jetpack_publicize_feature_enabled":true},"categories":[1],"tags":[3978,8999,9091,4926],"jetpack_publicize_connections":[],"yoast_head":"<!-- This site is optimized with the Yoast SEO plugin v19.1 - https:\/\/yoast.com\/wordpress\/plugins\/seo\/ -->\n<title>Blero p\u00c3\u00abrjashton Dafina Zeqirin nga klipi La vida loca<\/title>\n<meta name=\"description\" content=\"Blero p\u00c3\u00abrjashton Dafina Zeqirin nga klipi La vida loca\" \/>\n<meta name=\"robots\" content=\"index, follow, max-snippet:-1, max-image-preview:large, max-video-preview:-1\" \/>\n<link rel=\"canonical\" href=\"https:\/\/www.visit-ulcinj.com\/blog\/2009\/04\/11\/blero-perjashton-dafina-zeqirin-nga-klipi-la-vida-loca\/\" \/>\n<meta property=\"og:locale\" content=\"en_US\" \/>\n<meta property=\"og:type\" content=\"article\" \/>\n<meta property=\"og:title\" content=\"Blero p\u00c3\u00abrjashton Dafina Zeqirin nga klipi La vida loca\" \/>\n<meta property=\"og:description\" content=\"Blero p\u00c3\u00abrjashton Dafina Zeqirin nga klipi La vida loca\" \/>\n<meta property=\"og:url\" content=\"https:\/\/www.visit-ulcinj.com\/blog\/2009\/04\/11\/blero-perjashton-dafina-zeqirin-nga-klipi-la-vida-loca\/\" \/>\n<meta property=\"og:site_name\" content=\"Lajme nga Ulqini\" \/>\n<meta property=\"article:published_time\" content=\"2009-04-11T17:31:05+00:00\" \/>\n<meta property=\"article:modified_time\" content=\"2009-04-13T16:39:57+00:00\" \/>\n<meta property=\"og:image\" content=\"http:\/\/www.visit-ulcinj.com\/blog\/wp-content\/uploads\/2009\/04\/blero-perjashton-dafina-zeqirin-nga-klipi-la-vida-loca.jpg\" \/>\n<meta name=\"twitter:label1\" content=\"Written by\" \/>\n\t<meta name=\"twitter:data1\" content=\"ulqini\" \/>\n\t<meta name=\"twitter:label2\" content=\"Est. reading time\" \/>\n\t<meta name=\"twitter:data2\" content=\"2 minutes\" \/>\n<script type=\"application\/ld+json\" class=\"yoast-schema-graph\">{\"@context\":\"https:\/\/schema.org\",\"@graph\":[{\"@type\":\"WebSite\",\"@id\":\"https:\/\/www.visit-ulcinj.com\/blog\/#website\",\"url\":\"https:\/\/www.visit-ulcinj.com\/blog\/\",\"name\":\"Lajme nga Ulqini\",\"description\":\"Lajme,Vijesti,Ulqini,Ulqin,Crna Gora,Mali i Zi\",\"potentialAction\":[{\"@type\":\"SearchAction\",\"target\":{\"@type\":\"EntryPoint\",\"urlTemplate\":\"https:\/\/www.visit-ulcinj.com\/blog\/?s={search_term_string}\"},\"query-input\":\"required name=search_term_string\"}],\"inLanguage\":\"en-US\"},{\"@type\":\"ImageObject\",\"inLanguage\":\"en-US\",\"@id\":\"https:\/\/www.visit-ulcinj.com\/blog\/2009\/04\/11\/blero-perjashton-dafina-zeqirin-nga-klipi-la-vida-loca\/#primaryimage\",\"url\":\"http:\/\/www.visit-ulcinj.com\/blog\/wp-content\/uploads\/2009\/04\/blero-perjashton-dafina-zeqirin-nga-klipi-la-vida-loca.jpg\",\"contentUrl\":\"http:\/\/www.visit-ulcinj.com\/blog\/wp-content\/uploads\/2009\/04\/blero-perjashton-dafina-zeqirin-nga-klipi-la-vida-loca.jpg\"},{\"@type\":\"WebPage\",\"@id\":\"https:\/\/www.visit-ulcinj.com\/blog\/2009\/04\/11\/blero-perjashton-dafina-zeqirin-nga-klipi-la-vida-loca\/#webpage\",\"url\":\"https:\/\/www.visit-ulcinj.com\/blog\/2009\/04\/11\/blero-perjashton-dafina-zeqirin-nga-klipi-la-vida-loca\/\",\"name\":\"Blero p\u00c3\u00abrjashton Dafina Zeqirin nga klipi La vida loca\",\"isPartOf\":{\"@id\":\"https:\/\/www.visit-ulcinj.com\/blog\/#website\"},\"primaryImageOfPage\":{\"@id\":\"https:\/\/www.visit-ulcinj.com\/blog\/2009\/04\/11\/blero-perjashton-dafina-zeqirin-nga-klipi-la-vida-loca\/#primaryimage\"},\"datePublished\":\"2009-04-11T17:31:05+00:00\",\"dateModified\":\"2009-04-13T16:39:57+00:00\",\"author\":{\"@id\":\"https:\/\/www.visit-ulcinj.com\/blog\/#\/schema\/person\/dcab619c614d3038751c63bc2aadc06d\"},\"description\":\"Blero p\u00c3\u00abrjashton Dafina Zeqirin nga klipi La vida loca\",\"breadcrumb\":{\"@id\":\"https:\/\/www.visit-ulcinj.com\/blog\/2009\/04\/11\/blero-perjashton-dafina-zeqirin-nga-klipi-la-vida-loca\/#breadcrumb\"},\"inLanguage\":\"en-US\",\"potentialAction\":[{\"@type\":\"ReadAction\",\"target\":[\"https:\/\/www.visit-ulcinj.com\/blog\/2009\/04\/11\/blero-perjashton-dafina-zeqirin-nga-klipi-la-vida-loca\/\"]}]},{\"@type\":\"BreadcrumbList\",\"@id\":\"https:\/\/www.visit-ulcinj.com\/blog\/2009\/04\/11\/blero-perjashton-dafina-zeqirin-nga-klipi-la-vida-loca\/#breadcrumb\",\"itemListElement\":[{\"@type\":\"ListItem\",\"position\":1,\"name\":\"Blero p\u00ebrjashton Dafina Zeqirin nga klipi La vida loca\"}]},{\"@type\":\"Person\",\"@id\":\"https:\/\/www.visit-ulcinj.com\/blog\/#\/schema\/person\/dcab619c614d3038751c63bc2aadc06d\",\"name\":\"ulqini\",\"sameAs\":[\"http:\/\/www.visit-ulcinj.com\"],\"url\":\"https:\/\/www.visit-ulcinj.com\/blog\/author\/admin\/\"}]}<\/script>\n<!-- \/ Yoast SEO plugin. -->","yoast_head_json":{"title":"Blero p\u00c3\u00abrjashton Dafina Zeqirin nga klipi La vida loca","description":"Blero p\u00c3\u00abrjashton Dafina Zeqirin nga klipi La vida loca","robots":{"index":"index","follow":"follow","max-snippet":"max-snippet:-1","max-image-preview":"max-image-preview:large","max-video-preview":"max-video-preview:-1"},"canonical":"https:\/\/www.visit-ulcinj.com\/blog\/2009\/04\/11\/blero-perjashton-dafina-zeqirin-nga-klipi-la-vida-loca\/","og_locale":"en_US","og_type":"article","og_title":"Blero p\u00c3\u00abrjashton Dafina Zeqirin nga klipi La vida loca","og_description":"Blero p\u00c3\u00abrjashton Dafina Zeqirin nga klipi La vida loca","og_url":"https:\/\/www.visit-ulcinj.com\/blog\/2009\/04\/11\/blero-perjashton-dafina-zeqirin-nga-klipi-la-vida-loca\/","og_site_name":"Lajme nga Ulqini","article_published_time":"2009-04-11T17:31:05+00:00","article_modified_time":"2009-04-13T16:39:57+00:00","og_image":[{"url":"http:\/\/www.visit-ulcinj.com\/blog\/wp-content\/uploads\/2009\/04\/blero-perjashton-dafina-zeqirin-nga-klipi-la-vida-loca.jpg"}],"twitter_misc":{"Written by":"ulqini","Est. reading time":"2 minutes"},"schema":{"@context":"https:\/\/schema.org","@graph":[{"@type":"WebSite","@id":"https:\/\/www.visit-ulcinj.com\/blog\/#website","url":"https:\/\/www.visit-ulcinj.com\/blog\/","name":"Lajme nga Ulqini","description":"Lajme,Vijesti,Ulqini,Ulqin,Crna Gora,Mali i Zi","potentialAction":[{"@type":"SearchAction","target":{"@type":"EntryPoint","urlTemplate":"https:\/\/www.visit-ulcinj.com\/blog\/?s={search_term_string}"},"query-input":"required name=search_term_string"}],"inLanguage":"en-US"},{"@type":"ImageObject","inLanguage":"en-US","@id":"https:\/\/www.visit-ulcinj.com\/blog\/2009\/04\/11\/blero-perjashton-dafina-zeqirin-nga-klipi-la-vida-loca\/#primaryimage","url":"http:\/\/www.visit-ulcinj.com\/blog\/wp-content\/uploads\/2009\/04\/blero-perjashton-dafina-zeqirin-nga-klipi-la-vida-loca.jpg","contentUrl":"http:\/\/www.visit-ulcinj.com\/blog\/wp-content\/uploads\/2009\/04\/blero-perjashton-dafina-zeqirin-nga-klipi-la-vida-loca.jpg"},{"@type":"WebPage","@id":"https:\/\/www.visit-ulcinj.com\/blog\/2009\/04\/11\/blero-perjashton-dafina-zeqirin-nga-klipi-la-vida-loca\/#webpage","url":"https:\/\/www.visit-ulcinj.com\/blog\/2009\/04\/11\/blero-perjashton-dafina-zeqirin-nga-klipi-la-vida-loca\/","name":"Blero p\u00c3\u00abrjashton Dafina Zeqirin nga klipi La vida loca","isPartOf":{"@id":"https:\/\/www.visit-ulcinj.com\/blog\/#website"},"primaryImageOfPage":{"@id":"https:\/\/www.visit-ulcinj.com\/blog\/2009\/04\/11\/blero-perjashton-dafina-zeqirin-nga-klipi-la-vida-loca\/#primaryimage"},"datePublished":"2009-04-11T17:31:05+00:00","dateModified":"2009-04-13T16:39:57+00:00","author":{"@id":"https:\/\/www.visit-ulcinj.com\/blog\/#\/schema\/person\/dcab619c614d3038751c63bc2aadc06d"},"description":"Blero p\u00c3\u00abrjashton Dafina Zeqirin nga klipi La vida loca","breadcrumb":{"@id":"https:\/\/www.visit-ulcinj.com\/blog\/2009\/04\/11\/blero-perjashton-dafina-zeqirin-nga-klipi-la-vida-loca\/#breadcrumb"},"inLanguage":"en-US","potentialAction":[{"@type":"ReadAction","target":["https:\/\/www.visit-ulcinj.com\/blog\/2009\/04\/11\/blero-perjashton-dafina-zeqirin-nga-klipi-la-vida-loca\/"]}]},{"@type":"BreadcrumbList","@id":"https:\/\/www.visit-ulcinj.com\/blog\/2009\/04\/11\/blero-perjashton-dafina-zeqirin-nga-klipi-la-vida-loca\/#breadcrumb","itemListElement":[{"@type":"ListItem","position":1,"name":"Blero p\u00ebrjashton Dafina Zeqirin nga klipi La vida loca"}]},{"@type":"Person","@id":"https:\/\/www.visit-ulcinj.com\/blog\/#\/schema\/person\/dcab619c614d3038751c63bc2aadc06d","name":"ulqini","sameAs":["http:\/\/www.visit-ulcinj.com"],"url":"https:\/\/www.visit-ulcinj.com\/blog\/author\/admin\/"}]}},"jetpack_featured_media_url":"","jetpack_sharing_enabled":true,"jetpack_shortlink":"https:\/\/wp.me\/pe6lTn-4xd","_links":{"self":[{"href":"https:\/\/www.visit-ulcinj.com\/blog\/wp-json\/wp\/v2\/posts\/17435"}],"collection":[{"href":"https:\/\/www.visit-ulcinj.com\/blog\/wp-json\/wp\/v2\/posts"}],"about":[{"href":"https:\/\/www.visit-ulcinj.com\/blog\/wp-json\/wp\/v2\/types\/post"}],"author":[{"embeddable":true,"href":"https:\/\/www.visit-ulcinj.com\/blog\/wp-json\/wp\/v2\/users\/1"}],"replies":[{"embeddable":true,"href":"https:\/\/www.visit-ulcinj.com\/blog\/wp-json\/wp\/v2\/comments?post=17435"}],"version-history":[{"count":0,"href":"https:\/\/www.visit-ulcinj.com\/blog\/wp-json\/wp\/v2\/posts\/17435\/revisions"}],"wp:attachment":[{"href":"https:\/\/www.visit-ulcinj.com\/blog\/wp-json\/wp\/v2\/media?parent=17435"}],"wp:term":[{"taxonomy":"category","embeddable":true,"href":"https:\/\/www.visit-ulcinj.com\/blog\/wp-json\/wp\/v2\/categories?post=17435"},{"taxonomy":"post_tag","embeddable":true,"href":"https:\/\/www.visit-ulcinj.com\/blog\/wp-json\/wp\/v2\/tags?post=17435"}],"curies":[{"name":"wp","href":"https:\/\/api.w.org\/{rel}","templated":true}]}}