{"id":17438,"date":"2009-04-11T19:45:39","date_gmt":"2009-04-11T17:45:39","guid":{"rendered":"http:\/\/www.visit-ulcinj.com\/blog\/?p=17438"},"modified":"2009-04-13T18:36:52","modified_gmt":"2009-04-13T16:36:52","slug":"njomza-rozhaja-perhere-me-bukuri-te-njome","status":"publish","type":"post","link":"https:\/\/www.visit-ulcinj.com\/blog\/2009\/04\/11\/njomza-rozhaja-perhere-me-bukuri-te-njome\/","title":{"rendered":"Njomza Rozhaja: p\u00ebrher\u00eb me bukuri t\u00eb njom\u00eb!"},"content":{"rendered":"<p><em><strong>NJOMZA, p\u00ebrher\u00eb me bukuri t\u00eb njom\u00eb!<\/strong><\/em><\/p>\n<p><strong>Njomza Rozhaja, nj\u00ebra nga miset e Kosov\u00ebs mund t\u00eb shquhet p\u00ebr aristokracin\u00eb e saj, bukurin\u00eb e p\u00ebrtej mase, shquhet edhe p\u00ebr inteligjenc\u00ebn dhe modestin\u00eb.<\/strong><\/p>\n<p><strong><em>Intervistoi: Gazmend Kajtazi<br \/>\n<a href=\"http:\/\/www.visit-ulcinj.com\/blog\/wp-content\/uploads\/2009\/04\/njomza-rozhaja.jpg\"><img loading=\"lazy\" class=\"alignleft size-full wp-image-17439\" title=\"njomza-rozhaja\" src=\"http:\/\/www.visit-ulcinj.com\/blog\/wp-content\/uploads\/2009\/04\/njomza-rozhaja.jpg\" alt=\"njomza-rozhaja\" width=\"350\" height=\"480\" \/><\/a><\/em><\/strong><\/p>\n<p>Tokr\u00ebnda e bukuris\u00eb nuk \u00ebsht\u00eb e panjohur p\u00ebr bot\u00ebn, sikund\u00ebr nuk \u00ebsht\u00eb e panjohur as p\u00ebr bot\u00ebn shqiptare. Riti i saj vjen q\u00eb nga lasht\u00ebsia, q\u00eb nga muzgjet e para t\u00eb njer\u00ebzimit e deri tek agu i mileniumit t\u00eb ri. Bukuris\u00eb, k\u00ebsaj mbret\u00ebreshe estetike, i faleshin e i falen gjith\u00eb brezat e gjith\u00eb gjenit njer\u00ebzor.<br \/>\nEdhe n\u00eb mitologji, edhe n\u00eb lasht\u00ebsi edhe n\u00eb mistik\u00eb bukuria kishte fronin e saj, si\u00e7 kishte dhe zotat q\u00eb administronin k\u00ebt\u00eb resor t\u00eb privilegjuar n\u00eb hierarkin\u00eb hyjnore. Bibla p\u00ebrmban perl\u00ebn poetike p\u00ebr syzez\u00ebn &#8211; k\u00ebng\u00ebn e k\u00ebng\u00ebve, rapsodi popullor shqiptar k\u00ebndon bukurin\u00eb e Tanush\u00ebs, nj\u00eb madone pa kundshemb\u00ebllim, liriku qiellor Lasgush Poradeci n\u00eb nj\u00eb ekstaz\u00eb delirante k\u00ebng\u00ebvaji a gjem\u00ebk\u00ebnge bubullon. Bukuri tmerr\u00ebsisht e dashur. E bukura e dheut q\u00eb hypi n\u00eb fronin e bukuris\u00eb kosovare ishte edhe Njomza Rozhaja.<\/p>\n<p><strong>Njomza, edhe pse kan\u00eb kaluar disa vjet, ende mbani fronin (moral) dhe simbolik te bukuris\u00eb shqiptare. Cili \u00ebsht\u00eb recepti? <\/strong><\/p>\n<p><strong><em>Njomza:<\/em><\/strong> Hahahaha&#8230;.faleminderit p\u00ebr k\u00ebt\u00eb vler\u00ebsim q\u00eb ma keni b\u00ebr\u00eb, mund t\u00eb them q\u00eb jam munduar ta mbaj\u00eb epitetin e femr\u00ebs shqiptare.<\/p>\n<p><strong>\u00c7ka \u00ebsht\u00eb bukuria p\u00ebr ju?<br \/>\n<a href=\"http:\/\/www.visit-ulcinj.com\/blog\/wp-content\/uploads\/2009\/04\/njomza-rozhaja1.jpg\"><img loading=\"lazy\" class=\"alignleft size-full wp-image-17440\" title=\"njomza-rozhaja1\" src=\"http:\/\/www.visit-ulcinj.com\/blog\/wp-content\/uploads\/2009\/04\/njomza-rozhaja1.jpg\" alt=\"njomza-rozhaja1\" width=\"350\" height=\"493\" \/><\/a><\/strong><\/p>\n<p><strong><em>Njomza:<\/em><\/strong> Bukuria e jashtme n\u00eb nj\u00ebfar\u00eb m\u00ebnyre e p\u00ebrfaq\u00ebson njeriun edhe p\u00ebrbrenda se \u00e7far\u00eb mund t\u00eb jet\u00eb.<\/p>\n<p><strong>A do t\u00eb konkurronit s\u00ebrish, po t\u00eb hapej nj\u00eb konkurs bukurie n\u00eb Kosov\u00eb?<\/strong><\/p>\n<p><strong><em>Njomza:<\/em><\/strong> Po t\u00eb isha n\u00eb mosh\u00ebn q\u00eb kam qen\u00eb kur kam konkurruar p\u00ebr her\u00eb t\u00eb par\u00eb do t\u00eb konkurroja prap\u00eb.<\/p>\n<p><strong>A ia keni par\u00eb hairin bukuris\u00eb?<\/strong><\/p>\n<p><strong><em>Njomza:<\/em><\/strong> Un\u00eb mendoj q\u00eb bukuris\u00eb njeriu, \u00e7do her\u00eb, nuk do t\u00eb thot\u00eb t\u2019ia shoh\u00eb hairin, ndonj\u00ebher\u00eb bukuria mund t\u00eb jet\u00eb edhe penges\u00eb, sepse te ne \u00ebsht\u00eb krijuar nj\u00eb p\u00ebrshtypje se n\u00ebse ndonj\u00eb fem\u00ebr \u00ebsht\u00eb e bukur, ajo nuk \u00ebsht\u00eb e men\u00e7ur, e pastaj si n\u00eb fakultet ashtu edhe n\u00eb pun\u00eb, t\u00eb duhet t\u00eb punosh shum\u00eb p\u00ebr me e thyer at\u00eb tabu.<\/p>\n<p><strong>A keni provuar t\u00eb merreni edhe me k\u00ebng\u00eb, film, apo ndonj\u00eb pasion tjet\u00ebr?<br \/>\n<a href=\"http:\/\/www.visit-ulcinj.com\/blog\/wp-content\/uploads\/2009\/04\/njomza-rozhaja2.jpg\"><img loading=\"lazy\" class=\"alignleft size-full wp-image-17441\" title=\"njomza-rozhaja2\" src=\"http:\/\/www.visit-ulcinj.com\/blog\/wp-content\/uploads\/2009\/04\/njomza-rozhaja2.jpg\" alt=\"njomza-rozhaja2\" width=\"350\" height=\"504\" \/><\/a><\/strong><\/p>\n<p><strong><em>Njomza:<\/em><\/strong> Me k\u00ebng\u00eb dhe film nuk kam provuar t\u00eb merrem, edhe pse kam pasur oferta nga produksione t\u00eb ndryshme q\u00eb t\u00eb merrem me muzik\u00eb, por un\u00eb nuk kam patur d\u00ebshir\u00eb (m\u00eb ka fal\u00eb Zoti bukurin\u00eb, por jo edhe z\u00ebrin). Nuk do te thot\u00eb t\u00eb jesh vet\u00ebm e bukur, p\u00ebr t\u2019u marr\u00eb me muzik\u00eb apo film.<\/p>\n<p><strong>Sot, femrat e shikojn\u00eb mashkullin m\u00eb shum\u00eb n\u00eb kok\u00eb, apo n\u00eb k\u00ebmb\u00eb?<\/strong><\/p>\n<p><strong><em>Njomza:<\/em><\/strong> Un\u00eb nuk kisha pas d\u00ebshir\u00eb as t\u00eb mendoj q\u00eb vajzat e shikojn\u00eb mashkullin p\u00ebr \u00e7far\u00ebdo arsye tjet\u00ebr, e jo kok\u00ebn.<\/p>\n<p><strong>\u00c7ka iu kishte shtyr\u00eb t\u00eb konkurronit p\u00ebr Miss Kosova?<\/strong><\/p>\n<p><strong><em>Njomza:<\/em><\/strong> Arsyeja q\u00eb un\u00eb vendosa t\u00eb konkurroja p\u00ebr miss, ishte se organizimi i missit b\u00ebhej p\u00ebr her\u00eb t\u00eb par\u00eb n\u00eb mbik\u00ebqyrje t\u00eb Ministris\u00eb s\u00eb Kultur\u00ebs, Rinis\u00eb dhe Sporteve.<\/p>\n<p><strong>Keni patur pengesa apo cytje nga familja?<\/strong><\/p>\n<p><strong><em>Njomza:<\/em><\/strong> V\u00ebllai im ishte kund\u00ebr k\u00ebtyre organizimeve, por Organizata t\u00eb cil\u00ebs iu dha e drejta p\u00ebr organizimin e \u201cMiss Peja\u201d bisedoi me v\u00ebllain tim dhe arrit\u00ebn ta bind\u00ebn p\u00ebr nj\u00eb organizim t\u00eb mir\u00ebfillt\u00eb, pastaj mora p\u00eblqimin prej tij.<\/p>\n<p><strong>Shum\u00eb njer\u00ebz iu njohin vet\u00ebm si miss, kurse cila \u00ebsht\u00eb karriera juaj prapa sken\u00ebs? <\/strong><\/p>\n<p><strong><em>Njomza:<\/em><\/strong> Pasi q\u00eb kam fituar kuror\u00ebn e m\u00eb t\u00eb bukur\u00ebs s\u00eb Kosov\u00ebs, kam filluar t\u00eb merrem me modelim, kam pranuar ftes\u00ebn nga Fadili dhe kam shkuar n\u00eb Amerik\u00eb p\u00ebr fotografime. Kam b\u00ebr\u00eb fotografi p\u00ebr katalog\u00eb t\u00eb ndrysh\u00ebm; i fundit ka qene p\u00ebr kompanin\u00eb e mir\u00ebnjohur JOVANI .<\/p>\n<p><strong>Keni d\u00ebshire te merreni me politike. N\u00ebse po, pse, n\u00ebse jo, pse?<\/strong><\/p>\n<p><strong><em>Njomza:<\/em><\/strong> Jo, nuk kam d\u00ebshire t\u00eb merrem me politik\u00eb, sepse gjithmon\u00eb, edhe si e vog\u00ebl, nuk e kam dashur politik\u00ebn dhe ende vazhdoj ta kem at\u00eb mendim.<\/p>\n<p><strong>Cili \u00ebsht\u00eb roli i femr\u00ebs sot n\u00eb Kosov\u00eb?<br \/>\n<a href=\"http:\/\/www.visit-ulcinj.com\/blog\/wp-content\/uploads\/2009\/04\/njomza-rozhaja3.jpg\"><img loading=\"lazy\" class=\"alignleft size-full wp-image-17443\" title=\"njomza-rozhaja3\" src=\"http:\/\/www.visit-ulcinj.com\/blog\/wp-content\/uploads\/2009\/04\/njomza-rozhaja3.jpg\" alt=\"njomza-rozhaja3\" width=\"350\" height=\"526\" \/><\/a><\/strong><\/p>\n<p><strong><em>Njomza:<\/em><\/strong> Mendoj q\u00eb roli i femr\u00ebs, sot n\u00eb Kosov\u00eb, ka filluar me qen\u00eb i barabart\u00eb me meshkujt, mir\u00ebpo kjo varet edhe nga rrethi ku jeton dhe sa ai rreth sa e vler\u00ebson dhe respekton femr\u00ebn.<\/p>\n<p><strong>Thuhet se bukuria mund t\u00eb gjitha sfidat, mund \u00e7do v\u00ebshtir\u00ebsi?<\/strong><\/p>\n<p><strong><em>Njomza:<\/em><\/strong> \u00cbsht\u00eb e v\u00ebrtet\u00eb, mir\u00ebpo n\u00ebse bukuris\u00eb i bashk\u00ebngjitet edhe men\u00e7uria, se p\u00ebrndryshe jo.<\/p>\n<p><strong><em>Ndiheni me fat q\u00eb jeni e bukur?<\/em><\/strong><\/p>\n<p><strong><em>Njomza:<\/em><\/strong> Sigurisht se po, edhe pse un\u00eb s\u00eb pari i fal\u00ebnderohem Zotit, e p\u00ebr t\u00eb tjerat q\u00eb m\u2019i ka dhuruar, nuk jan\u00eb rezultat i bukuris\u00eb.<\/p>\n<p><strong><em>Keni qen\u00eb ndonj\u00ebher\u00eb n\u00eb siklet?<\/em><\/strong><\/p>\n<p><strong><em>Njomza:<\/em><\/strong> Po, m\u00eb ka ndodh\u00eb shum\u00eb her\u00eb, sidomos n\u00eb pun\u00eb. Puna n\u00eb bank\u00eb k\u00ebrkon p\u00ebrgjith\u00ebsi t\u00eb madhe.<\/p>\n<p><strong>Cili \u00ebsht\u00eb \u00e7asti me i lumtur dhe \u00e7asti m\u00eb i hidhur n\u00eb jet\u00eb?<br \/>\n<a href=\"http:\/\/www.visit-ulcinj.com\/blog\/wp-content\/uploads\/2009\/04\/njomza-rozhaja4.jpg\"><img loading=\"lazy\" class=\"alignleft size-full wp-image-17442\" title=\"njomza-rozhaja4\" src=\"http:\/\/www.visit-ulcinj.com\/blog\/wp-content\/uploads\/2009\/04\/njomza-rozhaja4.jpg\" alt=\"njomza-rozhaja4\" width=\"350\" height=\"560\" \/><\/a><\/strong><\/p>\n<p><strong><em>Njomza:<\/em><\/strong> \u00c7asti m\u00eb i lumtur i jet\u00ebs time \u00ebsht\u00eb padyshim kur e kam lindur djalin tim Deonin. Kurse, \u00e7aste t\u00eb hidhura ka, po jo ndonj\u00eb p\u00ebr ta ve\u00e7uar.<\/p>\n<p><strong>A t\u00eb ofron Prishtina k\u00ebnaq\u00ebsi dhe ngroht\u00ebsi shpirt\u00ebrore?<\/strong><\/p>\n<p><strong><em>Njomza:<\/em><\/strong> Po, m\u00eb ofron shum\u00eb k\u00ebnaq\u00ebsi, sepse e kam burrin dhe djalin, por pa e anashkaluar asnj\u00ebher\u00eb Pej\u00ebn, sepse n\u00eb Pej\u00eb e kam kaluar nj\u00eb pjese t\u00eb jet\u00ebs time dhe atje kam prind\u00ebrit q\u00eb m\u00eb b\u00ebjn\u00eb t\u00eb ndihem shum\u00eb e pasur n\u00eb shpirt.<\/p>\n<p><strong>Punoni ne ProCredit Bank, nd\u00ebrkoh\u00eb q\u00eb bashk\u00ebshorti juaj n\u00eb Interpress Compani. Pse nuk punoni n\u00eb firm\u00ebn e bashk\u00ebshortit tuaj?<br \/>\n<\/strong><\/p>\n<p><strong><em>Njomza:<\/em><\/strong> E thash\u00eb edhe m\u00eb lart, un\u00eb jam p\u00ebrcaktuar t\u00eb punoj\u00eb ne profesionin tim, si bankiere dhe e dua pun\u00ebn q\u00eb e b\u00ebj\u00eb.<\/p>\n<p><strong>A ka Kosova shum\u00eb bukuroshe?<br \/>\n<a href=\"http:\/\/www.visit-ulcinj.com\/blog\/wp-content\/uploads\/2009\/04\/njomza-rozhaja5.jpg\"><img loading=\"lazy\" class=\"alignleft size-full wp-image-17444\" title=\"njomza-rozhaja5\" src=\"http:\/\/www.visit-ulcinj.com\/blog\/wp-content\/uploads\/2009\/04\/njomza-rozhaja5.jpg\" alt=\"njomza-rozhaja5\" width=\"247\" height=\"280\" \/><\/a><\/strong><\/p>\n<p><strong><em>Njomza:<\/em><\/strong> Mendoj q\u00eb ne shqiptaret jemi rac\u00eb e bukur dhe n\u00eb Kosov\u00eb ka shum\u00eb femra t\u00eb bukura.<\/p>\n<p><strong>Telegrafi<\/strong><\/p>\n","protected":false},"excerpt":{"rendered":"<p>NJOMZA, p\u00ebrher\u00eb me bukuri t\u00eb njom\u00eb! Njomza Rozhaja, nj\u00ebra nga miset e Kosov\u00ebs mund t\u00eb shquhet p\u00ebr aristokracin\u00eb e saj, bukurin\u00eb e p\u00ebrtej mase, shquhet edhe p\u00ebr inteligjenc\u00ebn dhe modestin\u00eb. Intervistoi: Gazmend Kajtazi Tokr\u00ebnda e bukuris\u00eb nuk \u00ebsht\u00eb e panjohur p\u00ebr bot\u00ebn, sikund\u00ebr nuk \u00ebsht\u00eb e panjohur as p\u00ebr bot\u00ebn shqiptare. Riti i saj vjen [&hellip;]<\/p>\n","protected":false},"author":1,"featured_media":0,"comment_status":"open","ping_status":"closed","sticky":false,"template":"","format":"standard","meta":{"spay_email":"","jetpack_publicize_message":"","jetpack_is_tweetstorm":false,"jetpack_publicize_feature_enabled":true},"categories":[1],"tags":[8966,9089,9000,8463,9090,4896],"jetpack_publicize_connections":[],"yoast_head":"<!-- This site is optimized with the Yoast SEO plugin v19.1 - https:\/\/yoast.com\/wordpress\/plugins\/seo\/ -->\n<title>Njomza Rozhaja: p\u00c3\u00abrher\u00c3\u00ab me bukuri t\u00c3\u00ab njom\u00c3\u00ab!<\/title>\n<meta name=\"description\" content=\"Njomza Rozhaja, nj\u00c3\u00abra nga miset e Kosov\u00c3\u00abs mund t\u00c3\u00ab shquhet p\u00c3\u00abr aristokracin\u00c3\u00ab e saj, bukurin\u00c3\u00ab e p\u00c3\u00abrtej mase, shquhet edhe p\u00c3\u00abr inteligjenc\u00c3\u00abn dhe modestin\u00c3\u00ab.\" \/>\n<meta name=\"robots\" content=\"index, follow, max-snippet:-1, max-image-preview:large, max-video-preview:-1\" \/>\n<link rel=\"canonical\" href=\"https:\/\/www.visit-ulcinj.com\/blog\/2009\/04\/11\/njomza-rozhaja-perhere-me-bukuri-te-njome\/\" \/>\n<meta property=\"og:locale\" content=\"en_US\" \/>\n<meta property=\"og:type\" content=\"article\" \/>\n<meta property=\"og:title\" content=\"Njomza Rozhaja: p\u00c3\u00abrher\u00c3\u00ab me bukuri t\u00c3\u00ab njom\u00c3\u00ab!\" \/>\n<meta property=\"og:description\" content=\"Njomza Rozhaja, nj\u00c3\u00abra nga miset e Kosov\u00c3\u00abs mund t\u00c3\u00ab shquhet p\u00c3\u00abr aristokracin\u00c3\u00ab e saj, bukurin\u00c3\u00ab e p\u00c3\u00abrtej mase, shquhet edhe p\u00c3\u00abr inteligjenc\u00c3\u00abn dhe modestin\u00c3\u00ab.\" \/>\n<meta property=\"og:url\" content=\"https:\/\/www.visit-ulcinj.com\/blog\/2009\/04\/11\/njomza-rozhaja-perhere-me-bukuri-te-njome\/\" \/>\n<meta property=\"og:site_name\" content=\"Lajme nga Ulqini\" \/>\n<meta property=\"article:published_time\" content=\"2009-04-11T17:45:39+00:00\" \/>\n<meta property=\"article:modified_time\" content=\"2009-04-13T16:36:52+00:00\" \/>\n<meta property=\"og:image\" content=\"http:\/\/www.visit-ulcinj.com\/blog\/wp-content\/uploads\/2009\/04\/njomza-rozhaja.jpg\" \/>\n<meta name=\"twitter:label1\" content=\"Written by\" \/>\n\t<meta name=\"twitter:data1\" content=\"ulqini\" \/>\n\t<meta name=\"twitter:label2\" content=\"Est. reading time\" \/>\n\t<meta name=\"twitter:data2\" content=\"5 minutes\" \/>\n<script type=\"application\/ld+json\" class=\"yoast-schema-graph\">{\"@context\":\"https:\/\/schema.org\",\"@graph\":[{\"@type\":\"WebSite\",\"@id\":\"https:\/\/www.visit-ulcinj.com\/blog\/#website\",\"url\":\"https:\/\/www.visit-ulcinj.com\/blog\/\",\"name\":\"Lajme nga Ulqini\",\"description\":\"Lajme,Vijesti,Ulqini,Ulqin,Crna Gora,Mali i Zi\",\"potentialAction\":[{\"@type\":\"SearchAction\",\"target\":{\"@type\":\"EntryPoint\",\"urlTemplate\":\"https:\/\/www.visit-ulcinj.com\/blog\/?s={search_term_string}\"},\"query-input\":\"required name=search_term_string\"}],\"inLanguage\":\"en-US\"},{\"@type\":\"ImageObject\",\"inLanguage\":\"en-US\",\"@id\":\"https:\/\/www.visit-ulcinj.com\/blog\/2009\/04\/11\/njomza-rozhaja-perhere-me-bukuri-te-njome\/#primaryimage\",\"url\":\"http:\/\/www.visit-ulcinj.com\/blog\/wp-content\/uploads\/2009\/04\/njomza-rozhaja.jpg\",\"contentUrl\":\"http:\/\/www.visit-ulcinj.com\/blog\/wp-content\/uploads\/2009\/04\/njomza-rozhaja.jpg\"},{\"@type\":\"WebPage\",\"@id\":\"https:\/\/www.visit-ulcinj.com\/blog\/2009\/04\/11\/njomza-rozhaja-perhere-me-bukuri-te-njome\/#webpage\",\"url\":\"https:\/\/www.visit-ulcinj.com\/blog\/2009\/04\/11\/njomza-rozhaja-perhere-me-bukuri-te-njome\/\",\"name\":\"Njomza Rozhaja: p\u00c3\u00abrher\u00c3\u00ab me bukuri t\u00c3\u00ab njom\u00c3\u00ab!\",\"isPartOf\":{\"@id\":\"https:\/\/www.visit-ulcinj.com\/blog\/#website\"},\"primaryImageOfPage\":{\"@id\":\"https:\/\/www.visit-ulcinj.com\/blog\/2009\/04\/11\/njomza-rozhaja-perhere-me-bukuri-te-njome\/#primaryimage\"},\"datePublished\":\"2009-04-11T17:45:39+00:00\",\"dateModified\":\"2009-04-13T16:36:52+00:00\",\"author\":{\"@id\":\"https:\/\/www.visit-ulcinj.com\/blog\/#\/schema\/person\/dcab619c614d3038751c63bc2aadc06d\"},\"description\":\"Njomza Rozhaja, nj\u00c3\u00abra nga miset e Kosov\u00c3\u00abs mund t\u00c3\u00ab shquhet p\u00c3\u00abr aristokracin\u00c3\u00ab e saj, bukurin\u00c3\u00ab e p\u00c3\u00abrtej mase, shquhet edhe p\u00c3\u00abr inteligjenc\u00c3\u00abn dhe modestin\u00c3\u00ab.\",\"breadcrumb\":{\"@id\":\"https:\/\/www.visit-ulcinj.com\/blog\/2009\/04\/11\/njomza-rozhaja-perhere-me-bukuri-te-njome\/#breadcrumb\"},\"inLanguage\":\"en-US\",\"potentialAction\":[{\"@type\":\"ReadAction\",\"target\":[\"https:\/\/www.visit-ulcinj.com\/blog\/2009\/04\/11\/njomza-rozhaja-perhere-me-bukuri-te-njome\/\"]}]},{\"@type\":\"BreadcrumbList\",\"@id\":\"https:\/\/www.visit-ulcinj.com\/blog\/2009\/04\/11\/njomza-rozhaja-perhere-me-bukuri-te-njome\/#breadcrumb\",\"itemListElement\":[{\"@type\":\"ListItem\",\"position\":1,\"name\":\"Njomza Rozhaja: p\u00ebrher\u00eb me bukuri t\u00eb njom\u00eb!\"}]},{\"@type\":\"Person\",\"@id\":\"https:\/\/www.visit-ulcinj.com\/blog\/#\/schema\/person\/dcab619c614d3038751c63bc2aadc06d\",\"name\":\"ulqini\",\"sameAs\":[\"http:\/\/www.visit-ulcinj.com\"],\"url\":\"https:\/\/www.visit-ulcinj.com\/blog\/author\/admin\/\"}]}<\/script>\n<!-- \/ Yoast SEO plugin. -->","yoast_head_json":{"title":"Njomza Rozhaja: p\u00c3\u00abrher\u00c3\u00ab me bukuri t\u00c3\u00ab njom\u00c3\u00ab!","description":"Njomza Rozhaja, nj\u00c3\u00abra nga miset e Kosov\u00c3\u00abs mund t\u00c3\u00ab shquhet p\u00c3\u00abr aristokracin\u00c3\u00ab e saj, bukurin\u00c3\u00ab e p\u00c3\u00abrtej mase, shquhet edhe p\u00c3\u00abr inteligjenc\u00c3\u00abn dhe modestin\u00c3\u00ab.","robots":{"index":"index","follow":"follow","max-snippet":"max-snippet:-1","max-image-preview":"max-image-preview:large","max-video-preview":"max-video-preview:-1"},"canonical":"https:\/\/www.visit-ulcinj.com\/blog\/2009\/04\/11\/njomza-rozhaja-perhere-me-bukuri-te-njome\/","og_locale":"en_US","og_type":"article","og_title":"Njomza Rozhaja: p\u00c3\u00abrher\u00c3\u00ab me bukuri t\u00c3\u00ab njom\u00c3\u00ab!","og_description":"Njomza Rozhaja, nj\u00c3\u00abra nga miset e Kosov\u00c3\u00abs mund t\u00c3\u00ab shquhet p\u00c3\u00abr aristokracin\u00c3\u00ab e saj, bukurin\u00c3\u00ab e p\u00c3\u00abrtej mase, shquhet edhe p\u00c3\u00abr inteligjenc\u00c3\u00abn dhe modestin\u00c3\u00ab.","og_url":"https:\/\/www.visit-ulcinj.com\/blog\/2009\/04\/11\/njomza-rozhaja-perhere-me-bukuri-te-njome\/","og_site_name":"Lajme nga Ulqini","article_published_time":"2009-04-11T17:45:39+00:00","article_modified_time":"2009-04-13T16:36:52+00:00","og_image":[{"url":"http:\/\/www.visit-ulcinj.com\/blog\/wp-content\/uploads\/2009\/04\/njomza-rozhaja.jpg"}],"twitter_misc":{"Written by":"ulqini","Est. reading time":"5 minutes"},"schema":{"@context":"https:\/\/schema.org","@graph":[{"@type":"WebSite","@id":"https:\/\/www.visit-ulcinj.com\/blog\/#website","url":"https:\/\/www.visit-ulcinj.com\/blog\/","name":"Lajme nga Ulqini","description":"Lajme,Vijesti,Ulqini,Ulqin,Crna Gora,Mali i Zi","potentialAction":[{"@type":"SearchAction","target":{"@type":"EntryPoint","urlTemplate":"https:\/\/www.visit-ulcinj.com\/blog\/?s={search_term_string}"},"query-input":"required name=search_term_string"}],"inLanguage":"en-US"},{"@type":"ImageObject","inLanguage":"en-US","@id":"https:\/\/www.visit-ulcinj.com\/blog\/2009\/04\/11\/njomza-rozhaja-perhere-me-bukuri-te-njome\/#primaryimage","url":"http:\/\/www.visit-ulcinj.com\/blog\/wp-content\/uploads\/2009\/04\/njomza-rozhaja.jpg","contentUrl":"http:\/\/www.visit-ulcinj.com\/blog\/wp-content\/uploads\/2009\/04\/njomza-rozhaja.jpg"},{"@type":"WebPage","@id":"https:\/\/www.visit-ulcinj.com\/blog\/2009\/04\/11\/njomza-rozhaja-perhere-me-bukuri-te-njome\/#webpage","url":"https:\/\/www.visit-ulcinj.com\/blog\/2009\/04\/11\/njomza-rozhaja-perhere-me-bukuri-te-njome\/","name":"Njomza Rozhaja: p\u00c3\u00abrher\u00c3\u00ab me bukuri t\u00c3\u00ab njom\u00c3\u00ab!","isPartOf":{"@id":"https:\/\/www.visit-ulcinj.com\/blog\/#website"},"primaryImageOfPage":{"@id":"https:\/\/www.visit-ulcinj.com\/blog\/2009\/04\/11\/njomza-rozhaja-perhere-me-bukuri-te-njome\/#primaryimage"},"datePublished":"2009-04-11T17:45:39+00:00","dateModified":"2009-04-13T16:36:52+00:00","author":{"@id":"https:\/\/www.visit-ulcinj.com\/blog\/#\/schema\/person\/dcab619c614d3038751c63bc2aadc06d"},"description":"Njomza Rozhaja, nj\u00c3\u00abra nga miset e Kosov\u00c3\u00abs mund t\u00c3\u00ab shquhet p\u00c3\u00abr aristokracin\u00c3\u00ab e saj, bukurin\u00c3\u00ab e p\u00c3\u00abrtej mase, shquhet edhe p\u00c3\u00abr inteligjenc\u00c3\u00abn dhe modestin\u00c3\u00ab.","breadcrumb":{"@id":"https:\/\/www.visit-ulcinj.com\/blog\/2009\/04\/11\/njomza-rozhaja-perhere-me-bukuri-te-njome\/#breadcrumb"},"inLanguage":"en-US","potentialAction":[{"@type":"ReadAction","target":["https:\/\/www.visit-ulcinj.com\/blog\/2009\/04\/11\/njomza-rozhaja-perhere-me-bukuri-te-njome\/"]}]},{"@type":"BreadcrumbList","@id":"https:\/\/www.visit-ulcinj.com\/blog\/2009\/04\/11\/njomza-rozhaja-perhere-me-bukuri-te-njome\/#breadcrumb","itemListElement":[{"@type":"ListItem","position":1,"name":"Njomza Rozhaja: p\u00ebrher\u00eb me bukuri t\u00eb njom\u00eb!"}]},{"@type":"Person","@id":"https:\/\/www.visit-ulcinj.com\/blog\/#\/schema\/person\/dcab619c614d3038751c63bc2aadc06d","name":"ulqini","sameAs":["http:\/\/www.visit-ulcinj.com"],"url":"https:\/\/www.visit-ulcinj.com\/blog\/author\/admin\/"}]}},"jetpack_featured_media_url":"","jetpack_sharing_enabled":true,"jetpack_shortlink":"https:\/\/wp.me\/pe6lTn-4xg","_links":{"self":[{"href":"https:\/\/www.visit-ulcinj.com\/blog\/wp-json\/wp\/v2\/posts\/17438"}],"collection":[{"href":"https:\/\/www.visit-ulcinj.com\/blog\/wp-json\/wp\/v2\/posts"}],"about":[{"href":"https:\/\/www.visit-ulcinj.com\/blog\/wp-json\/wp\/v2\/types\/post"}],"author":[{"embeddable":true,"href":"https:\/\/www.visit-ulcinj.com\/blog\/wp-json\/wp\/v2\/users\/1"}],"replies":[{"embeddable":true,"href":"https:\/\/www.visit-ulcinj.com\/blog\/wp-json\/wp\/v2\/comments?post=17438"}],"version-history":[{"count":0,"href":"https:\/\/www.visit-ulcinj.com\/blog\/wp-json\/wp\/v2\/posts\/17438\/revisions"}],"wp:attachment":[{"href":"https:\/\/www.visit-ulcinj.com\/blog\/wp-json\/wp\/v2\/media?parent=17438"}],"wp:term":[{"taxonomy":"category","embeddable":true,"href":"https:\/\/www.visit-ulcinj.com\/blog\/wp-json\/wp\/v2\/categories?post=17438"},{"taxonomy":"post_tag","embeddable":true,"href":"https:\/\/www.visit-ulcinj.com\/blog\/wp-json\/wp\/v2\/tags?post=17438"}],"curies":[{"name":"wp","href":"https:\/\/api.w.org\/{rel}","templated":true}]}}