{"id":17493,"date":"2009-04-11T22:33:56","date_gmt":"2009-04-11T20:33:56","guid":{"rendered":"http:\/\/www.visit-ulcinj.com\/blog\/?p=17493"},"modified":"2009-04-11T22:33:56","modified_gmt":"2009-04-11T20:33:56","slug":"albanci-traze-odbor-za-ljudska-prava","status":"publish","type":"post","link":"https:\/\/www.visit-ulcinj.com\/blog\/2009\/04\/11\/albanci-traze-odbor-za-ljudska-prava\/","title":{"rendered":"Albanci tra\u017ee Odbor za ljudska prava"},"content":{"rendered":"<p><strong><a href=\"http:\/\/www.visit-ulcinj.com\/blog\/wp-content\/uploads\/2009\/04\/nik-gjeloshaj.jpg\"><img loading=\"lazy\" class=\"alignleft size-full wp-image-17497\" title=\"nik-gjeloshaj\" src=\"http:\/\/www.visit-ulcinj.com\/blog\/wp-content\/uploads\/2009\/04\/nik-gjeloshaj.jpg\" alt=\"nik-gjeloshaj\" width=\"318\" height=\"304\" srcset=\"https:\/\/www.visit-ulcinj.com\/blog\/wp-content\/uploads\/2009\/04\/nik-gjeloshaj.jpg 318w, https:\/\/www.visit-ulcinj.com\/blog\/wp-content\/uploads\/2009\/04\/nik-gjeloshaj-300x286.jpg 300w\" sizes=\"(max-width: 318px) 100vw, 318px\" \/><\/a>DOK SE ?EKA ISHOD PREGOVORA O FORMIRANjU POSLANI?KOG KLUBA, ALBANSKA LISTA IZLO\u017dILA PRIORITETE<\/strong><br \/>\nNik ?eljo\u0161aj kao prioritete Albanske liste naveo i odbore za finansije i bezbjednost, Komisiju za kontrolu privatizacije i NSEI<br \/>\nFunkcioner Albanske liste Nik ?eljo\u0161aj tvrdi da bi za Albance u Crnoj Gori bilo najbolje da njihovi poslanici u narednom sazivu budu zastupljeni u Odboru za ljudska prava, Komisiji za kontrolu privatizacije, odborima za finansije i bezbjednost i Savjetu za evropske integracije.<br \/>\n?eljo\u0161aj je za &#8220;Dan&#8221; rekao da je neophodno da se formira poseban albanski poslani?ki klub i da ?e zato na poslanicima biti velika odgovornost ako ne uspiju da se dogovore.<br \/>\n&#8211; Naravno, da bi se klub uspostavio potrebna su trojica poslanika. Vidje?emo, treba da se sjedne i razgovora i sa ?etvrtim, to jest sa predstavnikom DUA. Ina?e, jo\u0161 prilikom konstituisanja ranijeg saziva li?no sam zagovarao da Albanci imaju svoj klub &#8211; izjavio je ?eljo\u0161aj.<br \/>\nKako je naglasio, prerano je i sada sasvim nepotrebno da se javno licitira sa imenom \u0161efa albanskog poslani?kog kluba, ocjenjuju?i da treba da se sjedne i &#8220;otvoreno razgovara&#8221;.<br \/>\n&#8211; Dakle, ne treba do?i u situaciju da se to pitanje nametne kao neka ta?ka spoticanja, da se pojavi razdor u trenutku kada nam je tako ne\u0161to najmanje potrebno &#8211; poru?uje ?eljo\u0161aj.<br \/>\nBudu?i poslanik Albanske liste i lider Demokratskog saveza Mehmet Bardhi ju?e je zamjerio &#8220;pojedinim partijama koje ve? sada izjavljuju da za sebe \u017eele mjesto predsjednika kluba&#8221;.<br \/>\nSa tom aspiracijom oglasio se prvi ?ovjek stranke FORCA Nazif Cungu, koji je pro\u0161le nedjelje procijenio da &#8220;kao najja?oj politi?koj organizaciji, njima apsolutno pripada ?elno mjesto u tom novom klubu&#8221;.<br \/>\n?eljo\u0161aj zato predla\u017ee da se vode?i ljudi albanskih stranaka o tom pitanju ozbiljno konsultuju i na?u najbolje rje\u0161enje, navode?i da u narednom sazivu poslanici moraju da se potuno posvete goru?im problemima albanske zajednice u Crnoj Gori.<br \/>\n&#8211; Odbor za ljudska prava bi bio ne\u0161to \u0161to je za nas prioritet, uklju?uju?i i dobijanje rukovode?eg mjesta, s obzirom na to da je stanje u tom dijelu za Albance u Crnoj Gori sada nezavidno. Naravno, nije ni\u0161ta alarmantno, ali bi svakako moglo da bude bolje. Bilo bi dobro imati poslanika i u Odboru za bud\u017eet, i tu imamo kompetentnih ljudi. Uzimaju?i u obzir sumnje u privatizacije, i Komisija za njihovu kontrolu je nama strate\u0161ki va\u017ena &#8211; ka\u017ee ?eljo\u0161aj.<br \/>\nOn je naveo da ?e albanski poslanici biti kredibilan partner svakome ko \u017eeli da ubrza evropske integracije Crne Gore, \u0161to zna?i da je ?lanstvo u NSEI tako?e potrebno.<br \/>\n<strong>M.V.<\/p>\n<p>Ekonomija najva\u017enija tema<\/strong><br \/>\nNazif Cungu je ocijenio da je ekonomska problematika za Albance u Crnoj Gori od su\u0161tinske va\u017enosti, zbog ?ega bi se rad u parlamentu morao tome i posvetiti.<br \/>\nOn je &#8220;Danu&#8221; rekao da se na primjeru op\u0161tine Ulcinj mo\u017ee vidjeti kako se ekonomski nazaduje, a ona ima velike turisti?ke potencijale.<br \/>\n&#8211; Zato bi rad u parlamentarnim radnim tijelima koja se bave ekonomijom za nas bio najva\u017eniji. Vo?eni tim, ?lanstvo u odborima koji se bave bud\u017eetom i ekonomijom je za nas prioritet &#8211; pojasnio je Cungu.<\/p>\n<p><strong>DAN<\/strong><\/p>\n","protected":false},"excerpt":{"rendered":"<p>DOK SE ?EKA ISHOD PREGOVORA O FORMIRANjU POSLANI?KOG KLUBA, ALBANSKA LISTA IZLO\u017dILA PRIORITETE Nik ?eljo\u0161aj kao prioritete Albanske liste naveo i odbore za finansije i bezbjednost, Komisiju za kontrolu privatizacije i NSEI Funkcioner Albanske liste Nik ?eljo\u0161aj tvrdi da bi za Albance u Crnoj Gori bilo najbolje da njihovi poslanici u narednom sazivu budu zastupljeni [&hellip;]<\/p>\n","protected":false},"author":1,"featured_media":0,"comment_status":"open","ping_status":"closed","sticky":false,"template":"","format":"standard","meta":{"spay_email":"","jetpack_publicize_message":"","jetpack_is_tweetstorm":false,"jetpack_publicize_feature_enabled":true},"categories":[8337],"tags":[9007,5966],"jetpack_publicize_connections":[],"yoast_head":"<!-- This site is optimized with the Yoast SEO plugin v19.1 - https:\/\/yoast.com\/wordpress\/plugins\/seo\/ -->\n<title>Albanci tra\u017ee Odbor za ljudska prava - Lajme nga Ulqini<\/title>\n<meta name=\"description\" content=\"DOK SE ?EKA ISHOD PREGOVORA O FORMIRANjU POSLANI?KOG KLUBA, ALBANSKA LISTA IZLO\u017dILA PRIORITETE Nik ?eljo\u0161aj kao prioritete Albanske liste naveo i odbore\" \/>\n<meta name=\"robots\" content=\"index, follow, max-snippet:-1, max-image-preview:large, max-video-preview:-1\" \/>\n<link rel=\"canonical\" href=\"https:\/\/www.visit-ulcinj.com\/blog\/2009\/04\/11\/albanci-traze-odbor-za-ljudska-prava\/\" \/>\n<meta property=\"og:locale\" content=\"en_US\" \/>\n<meta property=\"og:type\" content=\"article\" \/>\n<meta property=\"og:title\" content=\"Albanci tra\u017ee Odbor za ljudska prava - Lajme nga Ulqini\" \/>\n<meta property=\"og:description\" content=\"DOK SE ?EKA ISHOD PREGOVORA O FORMIRANjU POSLANI?KOG KLUBA, ALBANSKA LISTA IZLO\u017dILA PRIORITETE Nik ?eljo\u0161aj kao prioritete Albanske liste naveo i odbore\" \/>\n<meta property=\"og:url\" content=\"https:\/\/www.visit-ulcinj.com\/blog\/2009\/04\/11\/albanci-traze-odbor-za-ljudska-prava\/\" \/>\n<meta property=\"og:site_name\" content=\"Lajme nga Ulqini\" \/>\n<meta property=\"article:published_time\" content=\"2009-04-11T20:33:56+00:00\" \/>\n<meta property=\"og:image\" content=\"http:\/\/www.visit-ulcinj.com\/blog\/wp-content\/uploads\/2009\/04\/nik-gjeloshaj.jpg\" \/>\n<meta name=\"twitter:label1\" content=\"Written by\" \/>\n\t<meta name=\"twitter:data1\" content=\"ulqini\" \/>\n\t<meta name=\"twitter:label2\" content=\"Est. reading time\" \/>\n\t<meta name=\"twitter:data2\" content=\"3 minutes\" \/>\n<script type=\"application\/ld+json\" class=\"yoast-schema-graph\">{\"@context\":\"https:\/\/schema.org\",\"@graph\":[{\"@type\":\"WebSite\",\"@id\":\"https:\/\/www.visit-ulcinj.com\/blog\/#website\",\"url\":\"https:\/\/www.visit-ulcinj.com\/blog\/\",\"name\":\"Lajme nga Ulqini\",\"description\":\"Lajme,Vijesti,Ulqini,Ulqin,Crna Gora,Mali i Zi\",\"potentialAction\":[{\"@type\":\"SearchAction\",\"target\":{\"@type\":\"EntryPoint\",\"urlTemplate\":\"https:\/\/www.visit-ulcinj.com\/blog\/?s={search_term_string}\"},\"query-input\":\"required name=search_term_string\"}],\"inLanguage\":\"en-US\"},{\"@type\":\"ImageObject\",\"inLanguage\":\"en-US\",\"@id\":\"https:\/\/www.visit-ulcinj.com\/blog\/2009\/04\/11\/albanci-traze-odbor-za-ljudska-prava\/#primaryimage\",\"url\":\"https:\/\/www.visit-ulcinj.com\/blog\/wp-content\/uploads\/2009\/04\/nik-gjeloshaj.jpg\",\"contentUrl\":\"https:\/\/www.visit-ulcinj.com\/blog\/wp-content\/uploads\/2009\/04\/nik-gjeloshaj.jpg\",\"width\":\"318\",\"height\":\"304\"},{\"@type\":\"WebPage\",\"@id\":\"https:\/\/www.visit-ulcinj.com\/blog\/2009\/04\/11\/albanci-traze-odbor-za-ljudska-prava\/#webpage\",\"url\":\"https:\/\/www.visit-ulcinj.com\/blog\/2009\/04\/11\/albanci-traze-odbor-za-ljudska-prava\/\",\"name\":\"Albanci tra\u017ee Odbor za ljudska prava - Lajme nga Ulqini\",\"isPartOf\":{\"@id\":\"https:\/\/www.visit-ulcinj.com\/blog\/#website\"},\"primaryImageOfPage\":{\"@id\":\"https:\/\/www.visit-ulcinj.com\/blog\/2009\/04\/11\/albanci-traze-odbor-za-ljudska-prava\/#primaryimage\"},\"datePublished\":\"2009-04-11T20:33:56+00:00\",\"dateModified\":\"2009-04-11T20:33:56+00:00\",\"author\":{\"@id\":\"https:\/\/www.visit-ulcinj.com\/blog\/#\/schema\/person\/dcab619c614d3038751c63bc2aadc06d\"},\"description\":\"DOK SE ?EKA ISHOD PREGOVORA O FORMIRANjU POSLANI?KOG KLUBA, ALBANSKA LISTA IZLO\u017dILA PRIORITETE Nik ?eljo\u0161aj kao prioritete Albanske liste naveo i odbore\",\"breadcrumb\":{\"@id\":\"https:\/\/www.visit-ulcinj.com\/blog\/2009\/04\/11\/albanci-traze-odbor-za-ljudska-prava\/#breadcrumb\"},\"inLanguage\":\"en-US\",\"potentialAction\":[{\"@type\":\"ReadAction\",\"target\":[\"https:\/\/www.visit-ulcinj.com\/blog\/2009\/04\/11\/albanci-traze-odbor-za-ljudska-prava\/\"]}]},{\"@type\":\"BreadcrumbList\",\"@id\":\"https:\/\/www.visit-ulcinj.com\/blog\/2009\/04\/11\/albanci-traze-odbor-za-ljudska-prava\/#breadcrumb\",\"itemListElement\":[{\"@type\":\"ListItem\",\"position\":1,\"name\":\"Albanci tra\u017ee Odbor za ljudska prava\"}]},{\"@type\":\"Person\",\"@id\":\"https:\/\/www.visit-ulcinj.com\/blog\/#\/schema\/person\/dcab619c614d3038751c63bc2aadc06d\",\"name\":\"ulqini\",\"sameAs\":[\"http:\/\/www.visit-ulcinj.com\"],\"url\":\"https:\/\/www.visit-ulcinj.com\/blog\/author\/admin\/\"}]}<\/script>\n<!-- \/ Yoast SEO plugin. -->","yoast_head_json":{"title":"Albanci tra\u017ee Odbor za ljudska prava - Lajme nga Ulqini","description":"DOK SE ?EKA ISHOD PREGOVORA O FORMIRANjU POSLANI?KOG KLUBA, ALBANSKA LISTA IZLO\u017dILA PRIORITETE Nik ?eljo\u0161aj kao prioritete Albanske liste naveo i odbore","robots":{"index":"index","follow":"follow","max-snippet":"max-snippet:-1","max-image-preview":"max-image-preview:large","max-video-preview":"max-video-preview:-1"},"canonical":"https:\/\/www.visit-ulcinj.com\/blog\/2009\/04\/11\/albanci-traze-odbor-za-ljudska-prava\/","og_locale":"en_US","og_type":"article","og_title":"Albanci tra\u017ee Odbor za ljudska prava - Lajme nga Ulqini","og_description":"DOK SE ?EKA ISHOD PREGOVORA O FORMIRANjU POSLANI?KOG KLUBA, ALBANSKA LISTA IZLO\u017dILA PRIORITETE Nik ?eljo\u0161aj kao prioritete Albanske liste naveo i odbore","og_url":"https:\/\/www.visit-ulcinj.com\/blog\/2009\/04\/11\/albanci-traze-odbor-za-ljudska-prava\/","og_site_name":"Lajme nga Ulqini","article_published_time":"2009-04-11T20:33:56+00:00","og_image":[{"url":"http:\/\/www.visit-ulcinj.com\/blog\/wp-content\/uploads\/2009\/04\/nik-gjeloshaj.jpg"}],"twitter_misc":{"Written by":"ulqini","Est. reading time":"3 minutes"},"schema":{"@context":"https:\/\/schema.org","@graph":[{"@type":"WebSite","@id":"https:\/\/www.visit-ulcinj.com\/blog\/#website","url":"https:\/\/www.visit-ulcinj.com\/blog\/","name":"Lajme nga Ulqini","description":"Lajme,Vijesti,Ulqini,Ulqin,Crna Gora,Mali i Zi","potentialAction":[{"@type":"SearchAction","target":{"@type":"EntryPoint","urlTemplate":"https:\/\/www.visit-ulcinj.com\/blog\/?s={search_term_string}"},"query-input":"required name=search_term_string"}],"inLanguage":"en-US"},{"@type":"ImageObject","inLanguage":"en-US","@id":"https:\/\/www.visit-ulcinj.com\/blog\/2009\/04\/11\/albanci-traze-odbor-za-ljudska-prava\/#primaryimage","url":"https:\/\/www.visit-ulcinj.com\/blog\/wp-content\/uploads\/2009\/04\/nik-gjeloshaj.jpg","contentUrl":"https:\/\/www.visit-ulcinj.com\/blog\/wp-content\/uploads\/2009\/04\/nik-gjeloshaj.jpg","width":"318","height":"304"},{"@type":"WebPage","@id":"https:\/\/www.visit-ulcinj.com\/blog\/2009\/04\/11\/albanci-traze-odbor-za-ljudska-prava\/#webpage","url":"https:\/\/www.visit-ulcinj.com\/blog\/2009\/04\/11\/albanci-traze-odbor-za-ljudska-prava\/","name":"Albanci tra\u017ee Odbor za ljudska prava - Lajme nga Ulqini","isPartOf":{"@id":"https:\/\/www.visit-ulcinj.com\/blog\/#website"},"primaryImageOfPage":{"@id":"https:\/\/www.visit-ulcinj.com\/blog\/2009\/04\/11\/albanci-traze-odbor-za-ljudska-prava\/#primaryimage"},"datePublished":"2009-04-11T20:33:56+00:00","dateModified":"2009-04-11T20:33:56+00:00","author":{"@id":"https:\/\/www.visit-ulcinj.com\/blog\/#\/schema\/person\/dcab619c614d3038751c63bc2aadc06d"},"description":"DOK SE ?EKA ISHOD PREGOVORA O FORMIRANjU POSLANI?KOG KLUBA, ALBANSKA LISTA IZLO\u017dILA PRIORITETE Nik ?eljo\u0161aj kao prioritete Albanske liste naveo i odbore","breadcrumb":{"@id":"https:\/\/www.visit-ulcinj.com\/blog\/2009\/04\/11\/albanci-traze-odbor-za-ljudska-prava\/#breadcrumb"},"inLanguage":"en-US","potentialAction":[{"@type":"ReadAction","target":["https:\/\/www.visit-ulcinj.com\/blog\/2009\/04\/11\/albanci-traze-odbor-za-ljudska-prava\/"]}]},{"@type":"BreadcrumbList","@id":"https:\/\/www.visit-ulcinj.com\/blog\/2009\/04\/11\/albanci-traze-odbor-za-ljudska-prava\/#breadcrumb","itemListElement":[{"@type":"ListItem","position":1,"name":"Albanci tra\u017ee Odbor za ljudska prava"}]},{"@type":"Person","@id":"https:\/\/www.visit-ulcinj.com\/blog\/#\/schema\/person\/dcab619c614d3038751c63bc2aadc06d","name":"ulqini","sameAs":["http:\/\/www.visit-ulcinj.com"],"url":"https:\/\/www.visit-ulcinj.com\/blog\/author\/admin\/"}]}},"jetpack_featured_media_url":"","jetpack_sharing_enabled":true,"jetpack_shortlink":"https:\/\/wp.me\/pe6lTn-4y9","_links":{"self":[{"href":"https:\/\/www.visit-ulcinj.com\/blog\/wp-json\/wp\/v2\/posts\/17493"}],"collection":[{"href":"https:\/\/www.visit-ulcinj.com\/blog\/wp-json\/wp\/v2\/posts"}],"about":[{"href":"https:\/\/www.visit-ulcinj.com\/blog\/wp-json\/wp\/v2\/types\/post"}],"author":[{"embeddable":true,"href":"https:\/\/www.visit-ulcinj.com\/blog\/wp-json\/wp\/v2\/users\/1"}],"replies":[{"embeddable":true,"href":"https:\/\/www.visit-ulcinj.com\/blog\/wp-json\/wp\/v2\/comments?post=17493"}],"version-history":[{"count":0,"href":"https:\/\/www.visit-ulcinj.com\/blog\/wp-json\/wp\/v2\/posts\/17493\/revisions"}],"wp:attachment":[{"href":"https:\/\/www.visit-ulcinj.com\/blog\/wp-json\/wp\/v2\/media?parent=17493"}],"wp:term":[{"taxonomy":"category","embeddable":true,"href":"https:\/\/www.visit-ulcinj.com\/blog\/wp-json\/wp\/v2\/categories?post=17493"},{"taxonomy":"post_tag","embeddable":true,"href":"https:\/\/www.visit-ulcinj.com\/blog\/wp-json\/wp\/v2\/tags?post=17493"}],"curies":[{"name":"wp","href":"https:\/\/api.w.org\/{rel}","templated":true}]}}