{"id":1750,"date":"2008-05-26T12:46:48","date_gmt":"2008-05-26T17:46:48","guid":{"rendered":"http:\/\/www.visit-ulcinj.com\/blog\/?p=1750"},"modified":"2008-05-26T12:46:48","modified_gmt":"2008-05-26T17:46:48","slug":"alternativa-shqiptare-kerkon-mandate-te-garantuara-per-pakica-ne-parlamentin-e-malit-te-zi","status":"publish","type":"post","link":"https:\/\/www.visit-ulcinj.com\/blog\/2008\/05\/26\/alternativa-shqiptare-kerkon-mandate-te-garantuara-per-pakica-ne-parlamentin-e-malit-te-zi\/","title":{"rendered":"Alternativa shqiptare k\u00ebrkon mandate t\u00eb garantuara p\u00ebr pakica n\u00eb parlamentin e Malit t\u00eb Zi"},"content":{"rendered":"<p><img loading=\"lazy\" class=\"alignleft\" style=\"float: left;\" src=\"http:\/\/www.kohajavore.cg.yu\/slike\/1158869390.jpg\" alt=\"Vasel Sinishtaj_tuz\" width=\"240\" height=\"300\" \/><strong>T\u00eb ruhen t\u00eb drejtat e arritura<\/strong><br \/>\nPodgoric\u00eb &#8211; Alternativa Shqiptare (ASH) k\u00ebrkon q\u00eb p\u00ebrfaq\u00ebsimi i pakicave n\u00eb Parlamentin e Malit t\u00eb Zi t\u00eb zgjidhet p\u00ebrmes garantimit t\u00eb nj\u00eb numri t\u00eb caktuar t\u00eb mandateve.<br \/>\nSipas saj, p\u00ebr k\u00ebto mandate mund t\u00eb konkurrojn\u00eb edhe partit\u00eb qytetare.<br \/>\n&#8220;Edhe partit\u00eb qytetare mund t\u00eb konkurrojn\u00eb p\u00ebr k\u00ebto mandate, por me kusht q\u00eb n\u00eb listat e tyre t\u00eb jen\u00eb p\u00ebrfaq\u00ebsues nga radh\u00ebt e pakicave.\u201d N\u00ebse ata fitojn\u00eb numrin m\u00eb t\u00eb madh t\u00eb votave, at\u00ebher\u00eb ata mund t\u00eb thon\u00eb se jan\u00eb p\u00ebrfaq\u00ebsues t\u00eb pakicave&#8221;, ka th\u00ebn\u00eb deputeti i ASH-s\u00eb, Vasel Sinishtaj.<br \/>\nAi ka th\u00ebn\u00eb se p\u00ebrmes marr\u00ebveshjes mund t\u00eb zgjidhet se sa p\u00ebrfaq\u00ebsues do t\u00eb fitonte secila pakic\u00eb, nd\u00ebrsa shqiptar\u00ebt duhet t\u00eb ruajn\u00eb pes\u00eb mandate sa kan\u00eb aktualisht.<br \/>\n&#8220;Shqiptar\u00ebt kan\u00eb p\u00ebrvoj\u00eb n\u00eb k\u00ebt\u00eb drejtim sepse q\u00eb nga fillimi kan\u00eb nj\u00ebsin\u00eb e vet zgjedhore. P\u00ebr pakicat e tjera numri i mandateve mund t\u00eb jet\u00eb \u00e7\u00ebshtje e diskutimit&#8221;, ka th\u00ebn\u00eb Sinishtaj.<br \/>\nAi ka theksuar se nuk \u00ebsht\u00eb ithtar i t\u00eb ashtuquajtur\u00ebs vot\u00eb e dyfisht\u00eb, sipas s\u00eb cil\u00ebs pakicave do tzu garantohej nj\u00eb mandat, kurse tjetri do t\u00eb fitohej n\u00eb &#8220;loj\u00ebn zgjedhore&#8221;.<br \/>\n&#8220;Q\u00ebndrimi im dhe i Alternativ\u00ebs Shqiptare \u00ebsht\u00eb se nuk do t\u00eb pranojm\u00eb asnj\u00eb zgjidhje n\u00ebn nivelin e asaj q\u00eb quhet e drejt\u00eb e arritur, gj\u00eb q\u00eb do t\u00eb duhej t\u00eb ishte e garantuar edhe me Kushtetut\u00eb, kurse nga ana tjet\u00ebr kjo e drejt\u00eb p\u00ebrcaktohet edhe me standardet nd\u00ebrkomb\u00ebtare&#8221;, ka n\u00ebnvizuar Sinishtaj.<br \/>\n<strong>(Kohapress)<\/strong><\/p>\n","protected":false},"excerpt":{"rendered":"<p><img loading=\"lazy\" class=\"alignleft\" style=\"float: left;\" src=\"http:\/\/www.kohajavore.cg.yu\/slike\/1158869390.jpg\" alt=\"Vasel Sinishtaj_tuz\" width=\"140\" height=\"140\" \/><\/p>\n","protected":false},"author":1,"featured_media":0,"comment_status":"open","ping_status":"closed","sticky":false,"template":"","format":"standard","meta":{"spay_email":"","jetpack_publicize_message":"","jetpack_is_tweetstorm":false,"jetpack_publicize_feature_enabled":true},"categories":[6,12],"tags":[3461,2475,3460,195,348],"jetpack_publicize_connections":[],"yoast_head":"<!-- This site is optimized with the Yoast SEO plugin v19.1 - https:\/\/yoast.com\/wordpress\/plugins\/seo\/ -->\n<title>Alternativa shqiptare k\u00ebrkon mandate t\u00eb garantuara p\u00ebr pakica n\u00eb parlamentin e Malit t\u00eb Zi - Lajme nga Ulqini<\/title>\n<meta name=\"robots\" content=\"index, follow, max-snippet:-1, max-image-preview:large, max-video-preview:-1\" \/>\n<link rel=\"canonical\" href=\"https:\/\/www.visit-ulcinj.com\/blog\/2008\/05\/26\/alternativa-shqiptare-kerkon-mandate-te-garantuara-per-pakica-ne-parlamentin-e-malit-te-zi\/\" \/>\n<meta property=\"og:locale\" content=\"en_US\" \/>\n<meta property=\"og:type\" content=\"article\" \/>\n<meta property=\"og:title\" content=\"Alternativa shqiptare k\u00ebrkon mandate t\u00eb garantuara p\u00ebr pakica n\u00eb parlamentin e Malit t\u00eb Zi - Lajme nga Ulqini\" \/>\n<meta property=\"og:url\" content=\"https:\/\/www.visit-ulcinj.com\/blog\/2008\/05\/26\/alternativa-shqiptare-kerkon-mandate-te-garantuara-per-pakica-ne-parlamentin-e-malit-te-zi\/\" \/>\n<meta property=\"og:site_name\" content=\"Lajme nga Ulqini\" \/>\n<meta property=\"article:published_time\" content=\"2008-05-26T17:46:48+00:00\" \/>\n<meta property=\"og:image\" content=\"http:\/\/www.kohajavore.cg.yu\/slike\/1158869390.jpg\" \/>\n<meta name=\"twitter:label1\" content=\"Written by\" \/>\n\t<meta name=\"twitter:data1\" content=\"ulqini\" \/>\n\t<meta name=\"twitter:label2\" content=\"Est. reading time\" \/>\n\t<meta name=\"twitter:data2\" content=\"1 minute\" \/>\n<script type=\"application\/ld+json\" class=\"yoast-schema-graph\">{\"@context\":\"https:\/\/schema.org\",\"@graph\":[{\"@type\":\"WebSite\",\"@id\":\"https:\/\/www.visit-ulcinj.com\/blog\/#website\",\"url\":\"https:\/\/www.visit-ulcinj.com\/blog\/\",\"name\":\"Lajme nga Ulqini\",\"description\":\"Lajme,Vijesti,Ulqini,Ulqin,Crna Gora,Mali i Zi\",\"potentialAction\":[{\"@type\":\"SearchAction\",\"target\":{\"@type\":\"EntryPoint\",\"urlTemplate\":\"https:\/\/www.visit-ulcinj.com\/blog\/?s={search_term_string}\"},\"query-input\":\"required name=search_term_string\"}],\"inLanguage\":\"en-US\"},{\"@type\":\"ImageObject\",\"inLanguage\":\"en-US\",\"@id\":\"https:\/\/www.visit-ulcinj.com\/blog\/2008\/05\/26\/alternativa-shqiptare-kerkon-mandate-te-garantuara-per-pakica-ne-parlamentin-e-malit-te-zi\/#primaryimage\",\"url\":\"http:\/\/www.kohajavore.cg.yu\/slike\/1158869390.jpg\",\"contentUrl\":\"http:\/\/www.kohajavore.cg.yu\/slike\/1158869390.jpg\"},{\"@type\":\"WebPage\",\"@id\":\"https:\/\/www.visit-ulcinj.com\/blog\/2008\/05\/26\/alternativa-shqiptare-kerkon-mandate-te-garantuara-per-pakica-ne-parlamentin-e-malit-te-zi\/#webpage\",\"url\":\"https:\/\/www.visit-ulcinj.com\/blog\/2008\/05\/26\/alternativa-shqiptare-kerkon-mandate-te-garantuara-per-pakica-ne-parlamentin-e-malit-te-zi\/\",\"name\":\"Alternativa shqiptare k\u00ebrkon mandate t\u00eb garantuara p\u00ebr pakica n\u00eb parlamentin e Malit t\u00eb Zi - Lajme nga Ulqini\",\"isPartOf\":{\"@id\":\"https:\/\/www.visit-ulcinj.com\/blog\/#website\"},\"primaryImageOfPage\":{\"@id\":\"https:\/\/www.visit-ulcinj.com\/blog\/2008\/05\/26\/alternativa-shqiptare-kerkon-mandate-te-garantuara-per-pakica-ne-parlamentin-e-malit-te-zi\/#primaryimage\"},\"datePublished\":\"2008-05-26T17:46:48+00:00\",\"dateModified\":\"2008-05-26T17:46:48+00:00\",\"author\":{\"@id\":\"https:\/\/www.visit-ulcinj.com\/blog\/#\/schema\/person\/dcab619c614d3038751c63bc2aadc06d\"},\"breadcrumb\":{\"@id\":\"https:\/\/www.visit-ulcinj.com\/blog\/2008\/05\/26\/alternativa-shqiptare-kerkon-mandate-te-garantuara-per-pakica-ne-parlamentin-e-malit-te-zi\/#breadcrumb\"},\"inLanguage\":\"en-US\",\"potentialAction\":[{\"@type\":\"ReadAction\",\"target\":[\"https:\/\/www.visit-ulcinj.com\/blog\/2008\/05\/26\/alternativa-shqiptare-kerkon-mandate-te-garantuara-per-pakica-ne-parlamentin-e-malit-te-zi\/\"]}]},{\"@type\":\"BreadcrumbList\",\"@id\":\"https:\/\/www.visit-ulcinj.com\/blog\/2008\/05\/26\/alternativa-shqiptare-kerkon-mandate-te-garantuara-per-pakica-ne-parlamentin-e-malit-te-zi\/#breadcrumb\",\"itemListElement\":[{\"@type\":\"ListItem\",\"position\":1,\"name\":\"Alternativa shqiptare k\u00ebrkon mandate t\u00eb garantuara p\u00ebr pakica n\u00eb parlamentin e Malit t\u00eb Zi\"}]},{\"@type\":\"Person\",\"@id\":\"https:\/\/www.visit-ulcinj.com\/blog\/#\/schema\/person\/dcab619c614d3038751c63bc2aadc06d\",\"name\":\"ulqini\",\"sameAs\":[\"http:\/\/www.visit-ulcinj.com\"],\"url\":\"https:\/\/www.visit-ulcinj.com\/blog\/author\/admin\/\"}]}<\/script>\n<!-- \/ Yoast SEO plugin. -->","yoast_head_json":{"title":"Alternativa shqiptare k\u00ebrkon mandate t\u00eb garantuara p\u00ebr pakica n\u00eb parlamentin e Malit t\u00eb Zi - Lajme nga Ulqini","robots":{"index":"index","follow":"follow","max-snippet":"max-snippet:-1","max-image-preview":"max-image-preview:large","max-video-preview":"max-video-preview:-1"},"canonical":"https:\/\/www.visit-ulcinj.com\/blog\/2008\/05\/26\/alternativa-shqiptare-kerkon-mandate-te-garantuara-per-pakica-ne-parlamentin-e-malit-te-zi\/","og_locale":"en_US","og_type":"article","og_title":"Alternativa shqiptare k\u00ebrkon mandate t\u00eb garantuara p\u00ebr pakica n\u00eb parlamentin e Malit t\u00eb Zi - Lajme nga Ulqini","og_url":"https:\/\/www.visit-ulcinj.com\/blog\/2008\/05\/26\/alternativa-shqiptare-kerkon-mandate-te-garantuara-per-pakica-ne-parlamentin-e-malit-te-zi\/","og_site_name":"Lajme nga Ulqini","article_published_time":"2008-05-26T17:46:48+00:00","og_image":[{"url":"http:\/\/www.kohajavore.cg.yu\/slike\/1158869390.jpg"}],"twitter_misc":{"Written by":"ulqini","Est. reading time":"1 minute"},"schema":{"@context":"https:\/\/schema.org","@graph":[{"@type":"WebSite","@id":"https:\/\/www.visit-ulcinj.com\/blog\/#website","url":"https:\/\/www.visit-ulcinj.com\/blog\/","name":"Lajme nga Ulqini","description":"Lajme,Vijesti,Ulqini,Ulqin,Crna Gora,Mali i Zi","potentialAction":[{"@type":"SearchAction","target":{"@type":"EntryPoint","urlTemplate":"https:\/\/www.visit-ulcinj.com\/blog\/?s={search_term_string}"},"query-input":"required name=search_term_string"}],"inLanguage":"en-US"},{"@type":"ImageObject","inLanguage":"en-US","@id":"https:\/\/www.visit-ulcinj.com\/blog\/2008\/05\/26\/alternativa-shqiptare-kerkon-mandate-te-garantuara-per-pakica-ne-parlamentin-e-malit-te-zi\/#primaryimage","url":"http:\/\/www.kohajavore.cg.yu\/slike\/1158869390.jpg","contentUrl":"http:\/\/www.kohajavore.cg.yu\/slike\/1158869390.jpg"},{"@type":"WebPage","@id":"https:\/\/www.visit-ulcinj.com\/blog\/2008\/05\/26\/alternativa-shqiptare-kerkon-mandate-te-garantuara-per-pakica-ne-parlamentin-e-malit-te-zi\/#webpage","url":"https:\/\/www.visit-ulcinj.com\/blog\/2008\/05\/26\/alternativa-shqiptare-kerkon-mandate-te-garantuara-per-pakica-ne-parlamentin-e-malit-te-zi\/","name":"Alternativa shqiptare k\u00ebrkon mandate t\u00eb garantuara p\u00ebr pakica n\u00eb parlamentin e Malit t\u00eb Zi - Lajme nga Ulqini","isPartOf":{"@id":"https:\/\/www.visit-ulcinj.com\/blog\/#website"},"primaryImageOfPage":{"@id":"https:\/\/www.visit-ulcinj.com\/blog\/2008\/05\/26\/alternativa-shqiptare-kerkon-mandate-te-garantuara-per-pakica-ne-parlamentin-e-malit-te-zi\/#primaryimage"},"datePublished":"2008-05-26T17:46:48+00:00","dateModified":"2008-05-26T17:46:48+00:00","author":{"@id":"https:\/\/www.visit-ulcinj.com\/blog\/#\/schema\/person\/dcab619c614d3038751c63bc2aadc06d"},"breadcrumb":{"@id":"https:\/\/www.visit-ulcinj.com\/blog\/2008\/05\/26\/alternativa-shqiptare-kerkon-mandate-te-garantuara-per-pakica-ne-parlamentin-e-malit-te-zi\/#breadcrumb"},"inLanguage":"en-US","potentialAction":[{"@type":"ReadAction","target":["https:\/\/www.visit-ulcinj.com\/blog\/2008\/05\/26\/alternativa-shqiptare-kerkon-mandate-te-garantuara-per-pakica-ne-parlamentin-e-malit-te-zi\/"]}]},{"@type":"BreadcrumbList","@id":"https:\/\/www.visit-ulcinj.com\/blog\/2008\/05\/26\/alternativa-shqiptare-kerkon-mandate-te-garantuara-per-pakica-ne-parlamentin-e-malit-te-zi\/#breadcrumb","itemListElement":[{"@type":"ListItem","position":1,"name":"Alternativa shqiptare k\u00ebrkon mandate t\u00eb garantuara p\u00ebr pakica n\u00eb parlamentin e Malit t\u00eb Zi"}]},{"@type":"Person","@id":"https:\/\/www.visit-ulcinj.com\/blog\/#\/schema\/person\/dcab619c614d3038751c63bc2aadc06d","name":"ulqini","sameAs":["http:\/\/www.visit-ulcinj.com"],"url":"https:\/\/www.visit-ulcinj.com\/blog\/author\/admin\/"}]}},"jetpack_featured_media_url":"","jetpack_sharing_enabled":true,"jetpack_shortlink":"https:\/\/wp.me\/pe6lTn-se","_links":{"self":[{"href":"https:\/\/www.visit-ulcinj.com\/blog\/wp-json\/wp\/v2\/posts\/1750"}],"collection":[{"href":"https:\/\/www.visit-ulcinj.com\/blog\/wp-json\/wp\/v2\/posts"}],"about":[{"href":"https:\/\/www.visit-ulcinj.com\/blog\/wp-json\/wp\/v2\/types\/post"}],"author":[{"embeddable":true,"href":"https:\/\/www.visit-ulcinj.com\/blog\/wp-json\/wp\/v2\/users\/1"}],"replies":[{"embeddable":true,"href":"https:\/\/www.visit-ulcinj.com\/blog\/wp-json\/wp\/v2\/comments?post=1750"}],"version-history":[{"count":0,"href":"https:\/\/www.visit-ulcinj.com\/blog\/wp-json\/wp\/v2\/posts\/1750\/revisions"}],"wp:attachment":[{"href":"https:\/\/www.visit-ulcinj.com\/blog\/wp-json\/wp\/v2\/media?parent=1750"}],"wp:term":[{"taxonomy":"category","embeddable":true,"href":"https:\/\/www.visit-ulcinj.com\/blog\/wp-json\/wp\/v2\/categories?post=1750"},{"taxonomy":"post_tag","embeddable":true,"href":"https:\/\/www.visit-ulcinj.com\/blog\/wp-json\/wp\/v2\/tags?post=1750"}],"curies":[{"name":"wp","href":"https:\/\/api.w.org\/{rel}","templated":true}]}}