{"id":17529,"date":"2009-04-11T23:23:20","date_gmt":"2009-04-11T21:23:20","guid":{"rendered":"http:\/\/www.visit-ulcinj.com\/blog\/?p=17529"},"modified":"2009-04-11T23:23:20","modified_gmt":"2009-04-11T21:23:20","slug":"crna-gora-i-hrvatska-u-borbi-za-srpske-turiste","status":"publish","type":"post","link":"https:\/\/www.visit-ulcinj.com\/blog\/2009\/04\/11\/crna-gora-i-hrvatska-u-borbi-za-srpske-turiste\/","title":{"rendered":"Crna Gora i Hrvatska u borbi za srpske turiste"},"content":{"rendered":"<p><a href=\"http:\/\/www.visit-ulcinj.com\/blog\/wp-content\/uploads\/2009\/04\/turisti.jpg\"><img loading=\"lazy\" class=\"alignleft size-full wp-image-17530\" title=\"turisti\" src=\"http:\/\/www.visit-ulcinj.com\/blog\/wp-content\/uploads\/2009\/04\/turisti.jpg\" alt=\"turisti\" width=\"570\" height=\"300\" \/><\/a>PODGORICA &#8211; Op\u0161tinska Turisti?ka organizacija od ju?e ponudu Budvanske rivijere samostalno predstavlja na 10. Me?unardonom sajmu turizma, ekologije i sporta u Ni\u0161u.<br \/>\nDirektor TO Budve Jelena Ra?enovi? smatra da bi shodno globalnoj ekonomskoj krizi koja je djelimi?no zahvatila i na\u0161e podru?je trebalo staviti akcenat na poja?anu prezentaciju u regionu.<br \/>\n&#8211; Iz tog razloga smo \u017eeljeli da se pojavimo i na sajmu turizma u Ni\u0161u, kako bi potencijalne turiste \u0161to bolje upoznali sa turisti?kom ponudom Budvanske rivijere za predstoje?u turisti?ku sezonu i kako bi ih animirali da do?u u \u0161to ve?em broju. Na sajmu u Ni\u0161u ?e se predstaviti zna?ajan broj izlaga?a iz zemlje i inostranstva koji ?e prezentovati svoju turisti?ku ponudu, predstavnici hotela, turisti?kih agencija, turisti?kih organizacija, banjskih i klimatskih mjesta, sportske organizacije, proizvo?a?i sportske opreme kao i ekolo\u0161ke organizacije. Turisti?ka organizacija Budve ?e upoznati potencijalne turiste sa ponudom na\u0161eg grada putem kvalitetnog propagandnog materijala i davanjem svih potrebnih informacija &#8211; najavila je Ra?enovi?eva.<br \/>\nTO Budve je konstantno prisutna i vr\u0161i promociju na podru?ju Srbije kako kroz prezentaciju turisti?ke ponude tako i kroz reklamiranje svih manifestacija koje organizuje, putem marketing promocije, uklju?uju?i reklamiranje na bilbordima, radio i TV stanicama kao i obavje\u0161tenja medijima o aktivnostima TO Budve tokom cijele godine. O?igledan znak da je finansijska kriza zahvatila i jadransku obalu jeste to \u0161to su Hrvati po?eli otvoreno da zovu turiste iz Srbije, pisao je nedavno New York Times.\u00a0 List dodaje da je finansijska i privredna kriza prisilila Hrvate da prvi put poslije rata, nakon raspada Jugoslavije, za pomo? u spasavanju turizma mole Srbe.<br \/>\nNYT pi\u0161e da su Istra i Dalmacija pro\u0161log mjeseca poslale svoje predstavnike na sajam turizma u Srbiji, a da su se pri tome ?ula podbadanja da su Hrvati zbog krize zaboravili da su im Srbi neprijatelji. Goran \u0160trok, vlasnik hotelskog lanca Jadranski luksuzni hoteli za NYT je rekao da je &#8220;do\u0161lo vrijeme da se kona?no istorijske zamjerke stave na stranu&#8221;, dodav\u0161i da je nedopustivo i da se ne smije zaboraviti ono \u0161ta su uradili Slobodan Milo\u0161evi? i drugi srpski politi?ari, ali i da je rat zavr\u0161en i da &#8220;ne mo\u017eemo promijeniti to ko je na\u0161 susjed&#8221;.<br \/>\n\u0160trok je rekao i da su Srbi dobri ljudi i da \u017eeli da vidi srpske turiste u Dubrovniku. Udru\u017eenje putni?kih agencija upozorilo je da ?e biti nu\u017eno da se smanje cijene svega \u0161to Hrvatska nudi turistima, prije svega preskupe hotelske usluge.<br \/>\n<strong>DAN<\/strong><\/p>\n<div><object width=\"570\" height=\"375\" data=\"http:\/\/videooglasi.net\/embed-player-280\" type=\"application\/x-shockwave-flash\"><param name=\"src\" value=\"http:\/\/videooglasi.net\/embed-player-280\" \/><\/object><\/div>\n","protected":false},"excerpt":{"rendered":"<p>PODGORICA &#8211; Op\u0161tinska Turisti?ka organizacija od ju?e ponudu Budvanske rivijere samostalno predstavlja na 10. Me?unardonom sajmu turizma, ekologije i sporta u Ni\u0161u. Direktor TO Budve Jelena Ra?enovi? smatra da bi shodno globalnoj ekonomskoj krizi koja je djelimi?no zahvatila i na\u0161e podru?je trebalo staviti akcenat na poja?anu prezentaciju u regionu. &#8211; Iz tog razloga smo \u017eeljeli [&hellip;]<\/p>\n","protected":false},"author":1,"featured_media":0,"comment_status":"open","ping_status":"closed","sticky":false,"template":"","format":"standard","meta":{"spay_email":"","jetpack_publicize_message":"","jetpack_is_tweetstorm":false,"jetpack_publicize_feature_enabled":true},"categories":[8337],"tags":[9017],"jetpack_publicize_connections":[],"yoast_head":"<!-- This site is optimized with the Yoast SEO plugin v19.1 - https:\/\/yoast.com\/wordpress\/plugins\/seo\/ -->\n<title>Crna Gora i Hrvatska u borbi za srpske turiste - Lajme nga Ulqini<\/title>\n<meta name=\"description\" content=\"PODGORICA - Op\u0161tinska Turisti?ka organizacija od ju?e ponudu Budvanske rivijere samostalno predstavlja na 10. Me?unardonom sajmu turizma, ekologije i\" \/>\n<meta name=\"robots\" content=\"index, follow, max-snippet:-1, max-image-preview:large, max-video-preview:-1\" \/>\n<link rel=\"canonical\" href=\"https:\/\/www.visit-ulcinj.com\/blog\/2009\/04\/11\/crna-gora-i-hrvatska-u-borbi-za-srpske-turiste\/\" \/>\n<meta property=\"og:locale\" content=\"en_US\" \/>\n<meta property=\"og:type\" content=\"article\" \/>\n<meta property=\"og:title\" content=\"Crna Gora i Hrvatska u borbi za srpske turiste - Lajme nga Ulqini\" \/>\n<meta property=\"og:description\" content=\"PODGORICA - Op\u0161tinska Turisti?ka organizacija od ju?e ponudu Budvanske rivijere samostalno predstavlja na 10. Me?unardonom sajmu turizma, ekologije i\" \/>\n<meta property=\"og:url\" content=\"https:\/\/www.visit-ulcinj.com\/blog\/2009\/04\/11\/crna-gora-i-hrvatska-u-borbi-za-srpske-turiste\/\" \/>\n<meta property=\"og:site_name\" content=\"Lajme nga Ulqini\" \/>\n<meta property=\"article:published_time\" content=\"2009-04-11T21:23:20+00:00\" \/>\n<meta property=\"og:image\" content=\"http:\/\/www.visit-ulcinj.com\/blog\/wp-content\/uploads\/2009\/04\/turisti.jpg\" \/>\n<meta name=\"twitter:label1\" content=\"Written by\" \/>\n\t<meta name=\"twitter:data1\" content=\"ulqini\" \/>\n\t<meta name=\"twitter:label2\" content=\"Est. reading time\" \/>\n\t<meta name=\"twitter:data2\" content=\"2 minutes\" \/>\n<script type=\"application\/ld+json\" class=\"yoast-schema-graph\">{\"@context\":\"https:\/\/schema.org\",\"@graph\":[{\"@type\":\"WebSite\",\"@id\":\"https:\/\/www.visit-ulcinj.com\/blog\/#website\",\"url\":\"https:\/\/www.visit-ulcinj.com\/blog\/\",\"name\":\"Lajme nga Ulqini\",\"description\":\"Lajme,Vijesti,Ulqini,Ulqin,Crna Gora,Mali i Zi\",\"potentialAction\":[{\"@type\":\"SearchAction\",\"target\":{\"@type\":\"EntryPoint\",\"urlTemplate\":\"https:\/\/www.visit-ulcinj.com\/blog\/?s={search_term_string}\"},\"query-input\":\"required name=search_term_string\"}],\"inLanguage\":\"en-US\"},{\"@type\":\"ImageObject\",\"inLanguage\":\"en-US\",\"@id\":\"https:\/\/www.visit-ulcinj.com\/blog\/2009\/04\/11\/crna-gora-i-hrvatska-u-borbi-za-srpske-turiste\/#primaryimage\",\"url\":\"https:\/\/www.visit-ulcinj.com\/blog\/wp-content\/uploads\/2009\/04\/turisti.jpg\",\"contentUrl\":\"https:\/\/www.visit-ulcinj.com\/blog\/wp-content\/uploads\/2009\/04\/turisti.jpg\",\"width\":\"488\",\"height\":\"250\"},{\"@type\":\"WebPage\",\"@id\":\"https:\/\/www.visit-ulcinj.com\/blog\/2009\/04\/11\/crna-gora-i-hrvatska-u-borbi-za-srpske-turiste\/#webpage\",\"url\":\"https:\/\/www.visit-ulcinj.com\/blog\/2009\/04\/11\/crna-gora-i-hrvatska-u-borbi-za-srpske-turiste\/\",\"name\":\"Crna Gora i Hrvatska u borbi za srpske turiste - Lajme nga Ulqini\",\"isPartOf\":{\"@id\":\"https:\/\/www.visit-ulcinj.com\/blog\/#website\"},\"primaryImageOfPage\":{\"@id\":\"https:\/\/www.visit-ulcinj.com\/blog\/2009\/04\/11\/crna-gora-i-hrvatska-u-borbi-za-srpske-turiste\/#primaryimage\"},\"datePublished\":\"2009-04-11T21:23:20+00:00\",\"dateModified\":\"2009-04-11T21:23:20+00:00\",\"author\":{\"@id\":\"https:\/\/www.visit-ulcinj.com\/blog\/#\/schema\/person\/dcab619c614d3038751c63bc2aadc06d\"},\"description\":\"PODGORICA - Op\u0161tinska Turisti?ka organizacija od ju?e ponudu Budvanske rivijere samostalno predstavlja na 10. Me?unardonom sajmu turizma, ekologije i\",\"breadcrumb\":{\"@id\":\"https:\/\/www.visit-ulcinj.com\/blog\/2009\/04\/11\/crna-gora-i-hrvatska-u-borbi-za-srpske-turiste\/#breadcrumb\"},\"inLanguage\":\"en-US\",\"potentialAction\":[{\"@type\":\"ReadAction\",\"target\":[\"https:\/\/www.visit-ulcinj.com\/blog\/2009\/04\/11\/crna-gora-i-hrvatska-u-borbi-za-srpske-turiste\/\"]}]},{\"@type\":\"BreadcrumbList\",\"@id\":\"https:\/\/www.visit-ulcinj.com\/blog\/2009\/04\/11\/crna-gora-i-hrvatska-u-borbi-za-srpske-turiste\/#breadcrumb\",\"itemListElement\":[{\"@type\":\"ListItem\",\"position\":1,\"name\":\"Crna Gora i Hrvatska u borbi za srpske turiste\"}]},{\"@type\":\"Person\",\"@id\":\"https:\/\/www.visit-ulcinj.com\/blog\/#\/schema\/person\/dcab619c614d3038751c63bc2aadc06d\",\"name\":\"ulqini\",\"sameAs\":[\"http:\/\/www.visit-ulcinj.com\"],\"url\":\"https:\/\/www.visit-ulcinj.com\/blog\/author\/admin\/\"}]}<\/script>\n<!-- \/ Yoast SEO plugin. -->","yoast_head_json":{"title":"Crna Gora i Hrvatska u borbi za srpske turiste - Lajme nga Ulqini","description":"PODGORICA - Op\u0161tinska Turisti?ka organizacija od ju?e ponudu Budvanske rivijere samostalno predstavlja na 10. Me?unardonom sajmu turizma, ekologije i","robots":{"index":"index","follow":"follow","max-snippet":"max-snippet:-1","max-image-preview":"max-image-preview:large","max-video-preview":"max-video-preview:-1"},"canonical":"https:\/\/www.visit-ulcinj.com\/blog\/2009\/04\/11\/crna-gora-i-hrvatska-u-borbi-za-srpske-turiste\/","og_locale":"en_US","og_type":"article","og_title":"Crna Gora i Hrvatska u borbi za srpske turiste - Lajme nga Ulqini","og_description":"PODGORICA - Op\u0161tinska Turisti?ka organizacija od ju?e ponudu Budvanske rivijere samostalno predstavlja na 10. Me?unardonom sajmu turizma, ekologije i","og_url":"https:\/\/www.visit-ulcinj.com\/blog\/2009\/04\/11\/crna-gora-i-hrvatska-u-borbi-za-srpske-turiste\/","og_site_name":"Lajme nga Ulqini","article_published_time":"2009-04-11T21:23:20+00:00","og_image":[{"url":"http:\/\/www.visit-ulcinj.com\/blog\/wp-content\/uploads\/2009\/04\/turisti.jpg"}],"twitter_misc":{"Written by":"ulqini","Est. reading time":"2 minutes"},"schema":{"@context":"https:\/\/schema.org","@graph":[{"@type":"WebSite","@id":"https:\/\/www.visit-ulcinj.com\/blog\/#website","url":"https:\/\/www.visit-ulcinj.com\/blog\/","name":"Lajme nga Ulqini","description":"Lajme,Vijesti,Ulqini,Ulqin,Crna Gora,Mali i Zi","potentialAction":[{"@type":"SearchAction","target":{"@type":"EntryPoint","urlTemplate":"https:\/\/www.visit-ulcinj.com\/blog\/?s={search_term_string}"},"query-input":"required name=search_term_string"}],"inLanguage":"en-US"},{"@type":"ImageObject","inLanguage":"en-US","@id":"https:\/\/www.visit-ulcinj.com\/blog\/2009\/04\/11\/crna-gora-i-hrvatska-u-borbi-za-srpske-turiste\/#primaryimage","url":"https:\/\/www.visit-ulcinj.com\/blog\/wp-content\/uploads\/2009\/04\/turisti.jpg","contentUrl":"https:\/\/www.visit-ulcinj.com\/blog\/wp-content\/uploads\/2009\/04\/turisti.jpg","width":"488","height":"250"},{"@type":"WebPage","@id":"https:\/\/www.visit-ulcinj.com\/blog\/2009\/04\/11\/crna-gora-i-hrvatska-u-borbi-za-srpske-turiste\/#webpage","url":"https:\/\/www.visit-ulcinj.com\/blog\/2009\/04\/11\/crna-gora-i-hrvatska-u-borbi-za-srpske-turiste\/","name":"Crna Gora i Hrvatska u borbi za srpske turiste - Lajme nga Ulqini","isPartOf":{"@id":"https:\/\/www.visit-ulcinj.com\/blog\/#website"},"primaryImageOfPage":{"@id":"https:\/\/www.visit-ulcinj.com\/blog\/2009\/04\/11\/crna-gora-i-hrvatska-u-borbi-za-srpske-turiste\/#primaryimage"},"datePublished":"2009-04-11T21:23:20+00:00","dateModified":"2009-04-11T21:23:20+00:00","author":{"@id":"https:\/\/www.visit-ulcinj.com\/blog\/#\/schema\/person\/dcab619c614d3038751c63bc2aadc06d"},"description":"PODGORICA - Op\u0161tinska Turisti?ka organizacija od ju?e ponudu Budvanske rivijere samostalno predstavlja na 10. Me?unardonom sajmu turizma, ekologije i","breadcrumb":{"@id":"https:\/\/www.visit-ulcinj.com\/blog\/2009\/04\/11\/crna-gora-i-hrvatska-u-borbi-za-srpske-turiste\/#breadcrumb"},"inLanguage":"en-US","potentialAction":[{"@type":"ReadAction","target":["https:\/\/www.visit-ulcinj.com\/blog\/2009\/04\/11\/crna-gora-i-hrvatska-u-borbi-za-srpske-turiste\/"]}]},{"@type":"BreadcrumbList","@id":"https:\/\/www.visit-ulcinj.com\/blog\/2009\/04\/11\/crna-gora-i-hrvatska-u-borbi-za-srpske-turiste\/#breadcrumb","itemListElement":[{"@type":"ListItem","position":1,"name":"Crna Gora i Hrvatska u borbi za srpske turiste"}]},{"@type":"Person","@id":"https:\/\/www.visit-ulcinj.com\/blog\/#\/schema\/person\/dcab619c614d3038751c63bc2aadc06d","name":"ulqini","sameAs":["http:\/\/www.visit-ulcinj.com"],"url":"https:\/\/www.visit-ulcinj.com\/blog\/author\/admin\/"}]}},"jetpack_featured_media_url":"","jetpack_sharing_enabled":true,"jetpack_shortlink":"https:\/\/wp.me\/pe6lTn-4yJ","_links":{"self":[{"href":"https:\/\/www.visit-ulcinj.com\/blog\/wp-json\/wp\/v2\/posts\/17529"}],"collection":[{"href":"https:\/\/www.visit-ulcinj.com\/blog\/wp-json\/wp\/v2\/posts"}],"about":[{"href":"https:\/\/www.visit-ulcinj.com\/blog\/wp-json\/wp\/v2\/types\/post"}],"author":[{"embeddable":true,"href":"https:\/\/www.visit-ulcinj.com\/blog\/wp-json\/wp\/v2\/users\/1"}],"replies":[{"embeddable":true,"href":"https:\/\/www.visit-ulcinj.com\/blog\/wp-json\/wp\/v2\/comments?post=17529"}],"version-history":[{"count":0,"href":"https:\/\/www.visit-ulcinj.com\/blog\/wp-json\/wp\/v2\/posts\/17529\/revisions"}],"wp:attachment":[{"href":"https:\/\/www.visit-ulcinj.com\/blog\/wp-json\/wp\/v2\/media?parent=17529"}],"wp:term":[{"taxonomy":"category","embeddable":true,"href":"https:\/\/www.visit-ulcinj.com\/blog\/wp-json\/wp\/v2\/categories?post=17529"},{"taxonomy":"post_tag","embeddable":true,"href":"https:\/\/www.visit-ulcinj.com\/blog\/wp-json\/wp\/v2\/tags?post=17529"}],"curies":[{"name":"wp","href":"https:\/\/api.w.org\/{rel}","templated":true}]}}