{"id":17536,"date":"2009-04-11T23:29:58","date_gmt":"2009-04-11T21:29:58","guid":{"rendered":"http:\/\/www.visit-ulcinj.com\/blog\/?p=17536"},"modified":"2009-04-11T23:29:58","modified_gmt":"2009-04-11T21:29:58","slug":"upcg-trazi-ukidanje-eko-takse","status":"publish","type":"post","link":"https:\/\/www.visit-ulcinj.com\/blog\/2009\/04\/11\/upcg-trazi-ukidanje-eko-takse\/","title":{"rendered":"UPCG tra\u017ei ukidanje eko takse"},"content":{"rendered":"<p><img loading=\"lazy\" class=\"alignleft\" title=\"EKO TAKSA\" src=\"http:\/\/www.visit-ulcinj.com\/blog\/wp-content\/uploads\/2008\/06\/eko-taksa-crne-gore.jpg\" alt=\"\" width=\"363\" height=\"238\" \/>PODGORICA &#8211; Predstavnici turisti?kog sektora crnogorske Unije poslodavaca (UPCG) zatra\u017eili su danas od Ministarstva turizma i za\u0161tite \u017eivotne sredine ukidanje ili smanjenje eko takse, koja im je, kako navode, glavna biznis barijera.<br \/>\nPredsjednik UPCG, Predrag Mitrovi?, ocijenio je da je eko taksa na granici stvorila psiholo\u0161ku barijeru i da treba na?i modalitet privremenog karaktera da se ona smanji ili ukine.<br \/>\n&#8220;Najbolje bi bilo da se eko taksa ukine i da se taj novac prelije u bud\u017eet na drugi na?in&#8221;, rekao je Mitrovi? nakon sastanka predstavnika UPCG i Ministarstva turizma.<br \/>\nDr\u017eava od eko takse godi\u0161nje ubira oko 15 miliona EUR.<br \/>\n\u00bbNemamo ni\u0161ta protiv ubiranja poreza na ra?un \u017eivotne sredine, ali treba na?i druge na?ine\u00ab, naveo je Mitrovi?.<br \/>\nOn je dodao da se postavlja pitanje kori\u0161?enja novca skupljenog od eko naknade ukoliko se \u00bbna svakom 50-om koraku\u00ab vide mjesta puna sme?a.<br \/>\n\u00bbDa smo ure?ena dr\u017eava i da se novac koristi na pravi na?in mogao bi se na?i kompromis, ali se u ovom slu?aju ne?emo slo\u017eiti sa obavezama koje se daju na teret poslodavaca\u00ab, objasnio je Mitrovi?.<br \/>\nRezultat tog tereta, upozorio je on, mo\u017ee biti otpu\u0161tanje radnika koje bi zaista napravilo probleme. Poslodavci su kao prepreke prepoznali i nedostatak novca za pripremu sezone, sivu ekonomiju u turizmu i lokalne samouprave, koje ubiraju oko 70 odsto prikupljenih poreza.<br \/>\nMitrovi? je saop\u0161tio da Vlada razmatra i uvo?enje poreza od 0,1 odsto na razvoj kinematografije, \u0161to bi mogao biti novi namet za odr\u017eavanje biznisa.<br \/>\nMinistar turizma i za\u0161tite \u017eivotne sredine, Predrag Nenezi?, ocijenio je da u predstoje?oj sezoni na svim nivoima treba stvarati povoljan ambijent za poslovanje, kao i da cjenovna politika treba da bude primjerena impulsima sa emitivnih tr\u017ei\u0161ta.<br \/>\n\u00bbSvoj doprinos moraju dati lokalne samouprave, hotelijeri i dr\u017eava, ali i najmanji ponu?a?i u lancu\u00ab, saop\u0161tio je Nenezi?.<br \/>\nPrema njegovim rije?ima, ukoliko tr\u017ei\u0161te reaguje tek u julu bi?e kasno, jer bi tada Crna Gora ve? mogla imati imid\u017e skupe destinacije.<br \/>\nNenezi? je ocijenio da je odgovor turisti?ke privrede na krizu za sada dovoljan, ali da jo\u0161 ima prostora za prilago?avanje.<br \/>\nOn je podsjetio da su za mnoge hotelijere da\u017ebine ve?e prema op\u0161tinama nego prema dr\u017eavi, \u0161to treba rje\u0161avati.<br \/>\n\u00bbTreba napraviti dodatnu analizu uvo?enja eko naknade i Zakona o bezbjednosti hrane, ali u kontekstu ustavnih rje\u0161enja i ?uvanja \u017eivotne sredine\u00ab, smatra Nenezi?.<br \/>\nOn je kazao da dr\u017eava ne razmi\u0161lja o ukidanju eko takse, ali da ?e analizirati na?in njenog sprovo?enja u novonastalim uslovima i u skladu sa evropskim standardima, dok je o smanjenju njene cijene, kako je dodao, rano govoriti.<br \/>\nKomentari\u0161u?i \u017ealbe radnika petrova?kog hotela Monte Kaza \/casa\/ da ih je vlasnik napustio, Nenezi? je rekao da je nerealno da neko ko je ulo\u017eio oko deset miliona EUR u hotel ne vodi ra?una o svom objektu.<br \/>\nOn je dodao da i u nekim drugim hotelima na primorju radnici ne primaju plate ve? nekoliko mjeseci.<\/p>\n<p><strong>Izvor \/ Mina-business <\/strong><\/p>\n","protected":false},"excerpt":{"rendered":"<p>PODGORICA &#8211; Predstavnici turisti?kog sektora crnogorske Unije poslodavaca (UPCG) zatra\u017eili su danas od Ministarstva turizma i za\u0161tite \u017eivotne sredine ukidanje ili smanjenje eko takse, koja im je, kako navode, glavna biznis barijera. Predsjednik UPCG, Predrag Mitrovi?, ocijenio je da je eko taksa na granici stvorila psiholo\u0161ku barijeru i da treba na?i modalitet privremenog karaktera da [&hellip;]<\/p>\n","protected":false},"author":1,"featured_media":0,"comment_status":"open","ping_status":"closed","sticky":false,"template":"","format":"standard","meta":{"spay_email":"","jetpack_publicize_message":"","jetpack_is_tweetstorm":false,"jetpack_publicize_feature_enabled":true},"categories":[8337],"tags":[9018],"jetpack_publicize_connections":[],"yoast_head":"<!-- This site is optimized with the Yoast SEO plugin v19.1 - https:\/\/yoast.com\/wordpress\/plugins\/seo\/ -->\n<title>UPCG tra\u017ei ukidanje eko takse - Lajme nga Ulqini<\/title>\n<meta name=\"description\" content=\"PODGORICA - Predstavnici turisti?kog sektora crnogorske Unije poslodavaca (UPCG) zatra\u017eili su danas od Ministarstva turizma i za\u0161tite \u017eivotne sredine\" \/>\n<meta name=\"robots\" content=\"index, follow, max-snippet:-1, max-image-preview:large, max-video-preview:-1\" \/>\n<link rel=\"canonical\" href=\"https:\/\/www.visit-ulcinj.com\/blog\/2009\/04\/11\/upcg-trazi-ukidanje-eko-takse\/\" \/>\n<meta property=\"og:locale\" content=\"en_US\" \/>\n<meta property=\"og:type\" content=\"article\" \/>\n<meta property=\"og:title\" content=\"UPCG tra\u017ei ukidanje eko takse - Lajme nga Ulqini\" \/>\n<meta property=\"og:description\" content=\"PODGORICA - Predstavnici turisti?kog sektora crnogorske Unije poslodavaca (UPCG) zatra\u017eili su danas od Ministarstva turizma i za\u0161tite \u017eivotne sredine\" \/>\n<meta property=\"og:url\" content=\"https:\/\/www.visit-ulcinj.com\/blog\/2009\/04\/11\/upcg-trazi-ukidanje-eko-takse\/\" \/>\n<meta property=\"og:site_name\" content=\"Lajme nga Ulqini\" \/>\n<meta property=\"article:published_time\" content=\"2009-04-11T21:29:58+00:00\" \/>\n<meta property=\"og:image\" content=\"http:\/\/www.visit-ulcinj.com\/blog\/wp-content\/uploads\/2008\/06\/eko-taksa-crne-gore.jpg\" \/>\n<meta name=\"twitter:label1\" content=\"Written by\" \/>\n\t<meta name=\"twitter:data1\" content=\"ulqini\" \/>\n\t<meta name=\"twitter:label2\" content=\"Est. reading time\" \/>\n\t<meta name=\"twitter:data2\" content=\"3 minutes\" \/>\n<script type=\"application\/ld+json\" class=\"yoast-schema-graph\">{\"@context\":\"https:\/\/schema.org\",\"@graph\":[{\"@type\":\"WebSite\",\"@id\":\"https:\/\/www.visit-ulcinj.com\/blog\/#website\",\"url\":\"https:\/\/www.visit-ulcinj.com\/blog\/\",\"name\":\"Lajme nga Ulqini\",\"description\":\"Lajme,Vijesti,Ulqini,Ulqin,Crna Gora,Mali i Zi\",\"potentialAction\":[{\"@type\":\"SearchAction\",\"target\":{\"@type\":\"EntryPoint\",\"urlTemplate\":\"https:\/\/www.visit-ulcinj.com\/blog\/?s={search_term_string}\"},\"query-input\":\"required name=search_term_string\"}],\"inLanguage\":\"en-US\"},{\"@type\":\"ImageObject\",\"inLanguage\":\"en-US\",\"@id\":\"https:\/\/www.visit-ulcinj.com\/blog\/2009\/04\/11\/upcg-trazi-ukidanje-eko-takse\/#primaryimage\",\"url\":\"http:\/\/www.visit-ulcinj.com\/blog\/wp-content\/uploads\/2008\/06\/eko-taksa-crne-gore.jpg\",\"contentUrl\":\"http:\/\/www.visit-ulcinj.com\/blog\/wp-content\/uploads\/2008\/06\/eko-taksa-crne-gore.jpg\"},{\"@type\":\"WebPage\",\"@id\":\"https:\/\/www.visit-ulcinj.com\/blog\/2009\/04\/11\/upcg-trazi-ukidanje-eko-takse\/#webpage\",\"url\":\"https:\/\/www.visit-ulcinj.com\/blog\/2009\/04\/11\/upcg-trazi-ukidanje-eko-takse\/\",\"name\":\"UPCG tra\u017ei ukidanje eko takse - Lajme nga Ulqini\",\"isPartOf\":{\"@id\":\"https:\/\/www.visit-ulcinj.com\/blog\/#website\"},\"primaryImageOfPage\":{\"@id\":\"https:\/\/www.visit-ulcinj.com\/blog\/2009\/04\/11\/upcg-trazi-ukidanje-eko-takse\/#primaryimage\"},\"datePublished\":\"2009-04-11T21:29:58+00:00\",\"dateModified\":\"2009-04-11T21:29:58+00:00\",\"author\":{\"@id\":\"https:\/\/www.visit-ulcinj.com\/blog\/#\/schema\/person\/dcab619c614d3038751c63bc2aadc06d\"},\"description\":\"PODGORICA - Predstavnici turisti?kog sektora crnogorske Unije poslodavaca (UPCG) zatra\u017eili su danas od Ministarstva turizma i za\u0161tite \u017eivotne sredine\",\"breadcrumb\":{\"@id\":\"https:\/\/www.visit-ulcinj.com\/blog\/2009\/04\/11\/upcg-trazi-ukidanje-eko-takse\/#breadcrumb\"},\"inLanguage\":\"en-US\",\"potentialAction\":[{\"@type\":\"ReadAction\",\"target\":[\"https:\/\/www.visit-ulcinj.com\/blog\/2009\/04\/11\/upcg-trazi-ukidanje-eko-takse\/\"]}]},{\"@type\":\"BreadcrumbList\",\"@id\":\"https:\/\/www.visit-ulcinj.com\/blog\/2009\/04\/11\/upcg-trazi-ukidanje-eko-takse\/#breadcrumb\",\"itemListElement\":[{\"@type\":\"ListItem\",\"position\":1,\"name\":\"UPCG tra\u017ei ukidanje eko takse\"}]},{\"@type\":\"Person\",\"@id\":\"https:\/\/www.visit-ulcinj.com\/blog\/#\/schema\/person\/dcab619c614d3038751c63bc2aadc06d\",\"name\":\"ulqini\",\"sameAs\":[\"http:\/\/www.visit-ulcinj.com\"],\"url\":\"https:\/\/www.visit-ulcinj.com\/blog\/author\/admin\/\"}]}<\/script>\n<!-- \/ Yoast SEO plugin. -->","yoast_head_json":{"title":"UPCG tra\u017ei ukidanje eko takse - Lajme nga Ulqini","description":"PODGORICA - Predstavnici turisti?kog sektora crnogorske Unije poslodavaca (UPCG) zatra\u017eili su danas od Ministarstva turizma i za\u0161tite \u017eivotne sredine","robots":{"index":"index","follow":"follow","max-snippet":"max-snippet:-1","max-image-preview":"max-image-preview:large","max-video-preview":"max-video-preview:-1"},"canonical":"https:\/\/www.visit-ulcinj.com\/blog\/2009\/04\/11\/upcg-trazi-ukidanje-eko-takse\/","og_locale":"en_US","og_type":"article","og_title":"UPCG tra\u017ei ukidanje eko takse - Lajme nga Ulqini","og_description":"PODGORICA - Predstavnici turisti?kog sektora crnogorske Unije poslodavaca (UPCG) zatra\u017eili su danas od Ministarstva turizma i za\u0161tite \u017eivotne sredine","og_url":"https:\/\/www.visit-ulcinj.com\/blog\/2009\/04\/11\/upcg-trazi-ukidanje-eko-takse\/","og_site_name":"Lajme nga Ulqini","article_published_time":"2009-04-11T21:29:58+00:00","og_image":[{"url":"http:\/\/www.visit-ulcinj.com\/blog\/wp-content\/uploads\/2008\/06\/eko-taksa-crne-gore.jpg"}],"twitter_misc":{"Written by":"ulqini","Est. reading time":"3 minutes"},"schema":{"@context":"https:\/\/schema.org","@graph":[{"@type":"WebSite","@id":"https:\/\/www.visit-ulcinj.com\/blog\/#website","url":"https:\/\/www.visit-ulcinj.com\/blog\/","name":"Lajme nga Ulqini","description":"Lajme,Vijesti,Ulqini,Ulqin,Crna Gora,Mali i Zi","potentialAction":[{"@type":"SearchAction","target":{"@type":"EntryPoint","urlTemplate":"https:\/\/www.visit-ulcinj.com\/blog\/?s={search_term_string}"},"query-input":"required name=search_term_string"}],"inLanguage":"en-US"},{"@type":"ImageObject","inLanguage":"en-US","@id":"https:\/\/www.visit-ulcinj.com\/blog\/2009\/04\/11\/upcg-trazi-ukidanje-eko-takse\/#primaryimage","url":"http:\/\/www.visit-ulcinj.com\/blog\/wp-content\/uploads\/2008\/06\/eko-taksa-crne-gore.jpg","contentUrl":"http:\/\/www.visit-ulcinj.com\/blog\/wp-content\/uploads\/2008\/06\/eko-taksa-crne-gore.jpg"},{"@type":"WebPage","@id":"https:\/\/www.visit-ulcinj.com\/blog\/2009\/04\/11\/upcg-trazi-ukidanje-eko-takse\/#webpage","url":"https:\/\/www.visit-ulcinj.com\/blog\/2009\/04\/11\/upcg-trazi-ukidanje-eko-takse\/","name":"UPCG tra\u017ei ukidanje eko takse - Lajme nga Ulqini","isPartOf":{"@id":"https:\/\/www.visit-ulcinj.com\/blog\/#website"},"primaryImageOfPage":{"@id":"https:\/\/www.visit-ulcinj.com\/blog\/2009\/04\/11\/upcg-trazi-ukidanje-eko-takse\/#primaryimage"},"datePublished":"2009-04-11T21:29:58+00:00","dateModified":"2009-04-11T21:29:58+00:00","author":{"@id":"https:\/\/www.visit-ulcinj.com\/blog\/#\/schema\/person\/dcab619c614d3038751c63bc2aadc06d"},"description":"PODGORICA - Predstavnici turisti?kog sektora crnogorske Unije poslodavaca (UPCG) zatra\u017eili su danas od Ministarstva turizma i za\u0161tite \u017eivotne sredine","breadcrumb":{"@id":"https:\/\/www.visit-ulcinj.com\/blog\/2009\/04\/11\/upcg-trazi-ukidanje-eko-takse\/#breadcrumb"},"inLanguage":"en-US","potentialAction":[{"@type":"ReadAction","target":["https:\/\/www.visit-ulcinj.com\/blog\/2009\/04\/11\/upcg-trazi-ukidanje-eko-takse\/"]}]},{"@type":"BreadcrumbList","@id":"https:\/\/www.visit-ulcinj.com\/blog\/2009\/04\/11\/upcg-trazi-ukidanje-eko-takse\/#breadcrumb","itemListElement":[{"@type":"ListItem","position":1,"name":"UPCG tra\u017ei ukidanje eko takse"}]},{"@type":"Person","@id":"https:\/\/www.visit-ulcinj.com\/blog\/#\/schema\/person\/dcab619c614d3038751c63bc2aadc06d","name":"ulqini","sameAs":["http:\/\/www.visit-ulcinj.com"],"url":"https:\/\/www.visit-ulcinj.com\/blog\/author\/admin\/"}]}},"jetpack_featured_media_url":"","jetpack_sharing_enabled":true,"jetpack_shortlink":"https:\/\/wp.me\/pe6lTn-4yQ","_links":{"self":[{"href":"https:\/\/www.visit-ulcinj.com\/blog\/wp-json\/wp\/v2\/posts\/17536"}],"collection":[{"href":"https:\/\/www.visit-ulcinj.com\/blog\/wp-json\/wp\/v2\/posts"}],"about":[{"href":"https:\/\/www.visit-ulcinj.com\/blog\/wp-json\/wp\/v2\/types\/post"}],"author":[{"embeddable":true,"href":"https:\/\/www.visit-ulcinj.com\/blog\/wp-json\/wp\/v2\/users\/1"}],"replies":[{"embeddable":true,"href":"https:\/\/www.visit-ulcinj.com\/blog\/wp-json\/wp\/v2\/comments?post=17536"}],"version-history":[{"count":0,"href":"https:\/\/www.visit-ulcinj.com\/blog\/wp-json\/wp\/v2\/posts\/17536\/revisions"}],"wp:attachment":[{"href":"https:\/\/www.visit-ulcinj.com\/blog\/wp-json\/wp\/v2\/media?parent=17536"}],"wp:term":[{"taxonomy":"category","embeddable":true,"href":"https:\/\/www.visit-ulcinj.com\/blog\/wp-json\/wp\/v2\/categories?post=17536"},{"taxonomy":"post_tag","embeddable":true,"href":"https:\/\/www.visit-ulcinj.com\/blog\/wp-json\/wp\/v2\/tags?post=17536"}],"curies":[{"name":"wp","href":"https:\/\/api.w.org\/{rel}","templated":true}]}}