{"id":17542,"date":"2009-04-11T23:41:16","date_gmt":"2009-04-11T21:41:16","guid":{"rendered":"http:\/\/www.visit-ulcinj.com\/blog\/?p=17542"},"modified":"2009-04-11T23:41:16","modified_gmt":"2009-04-11T21:41:16","slug":"grad-ulcinj-velikih-razvojnih-sansi","status":"publish","type":"post","link":"https:\/\/www.visit-ulcinj.com\/blog\/2009\/04\/11\/grad-ulcinj-velikih-razvojnih-sansi\/","title":{"rendered":"Grad Ulcinj velikih razvojnih \u0161ansi"},"content":{"rendered":"<p><a href=\"http:\/\/www.visit-ulcinj.com\/blog\/wp-content\/uploads\/2009\/04\/velika-plaza_ulcinj_montenegro1.jpg\"><img loading=\"lazy\" class=\"alignleft size-full wp-image-17543\" title=\"velika-plaza_ulcinj_montenegro1\" src=\"http:\/\/www.visit-ulcinj.com\/blog\/wp-content\/uploads\/2009\/04\/velika-plaza_ulcinj_montenegro1.jpg\" alt=\"velika-plaza_ulcinj_montenegro1\" width=\"570\" height=\"400\" \/><\/a>Ada Bojana, Velika pla\u017ea i Valdanos, brojna ulaganja u infrastrukturu i razvoj Ulcinja, i usvajanje novog urbansti?kog plana, dokazuju da ovaj grad ?eka evropska budu?nost, rekao je predsjednik Op\u0161tine Ulcinj Gzim Hajdinaga, na sve?anosti povodom 4. aprila, Dana ove crnogorske op\u0161tine.<br \/>\nSve?anosti u Domu kulture prisustvovali su crnogorski predsjednik Filip Vujanovi?, potpredsjednik Vlade Vujica Lazovi?, ambasador Velike Britanije Kevin Lajn, Austrije Florijan Rauning, kao i brojni predstavnici diplomatskog kora, politi?kog i javnog \u017eivota Crne Gore.<br \/>\nHajdinaga je naglasio da je u Ulcinju zapo?eto i dovr\u0161eno puno projekata, bez obzira na finansijsku krizu koja se osje?a i u ovoj crnogorskoj op\u0161tini.<br \/>\n\u201cProjekcija bud\u017eeta za ovu godinu je 17 milona eura, i za \u0161est puta je ve?e od bud\u017eeta za 2006. godinu, kada smo do\u0161li na vlast. Ulcinj vi\u0161e ne nosi naziv &#8220;grad bez plana&#8221;, jer je usvojen novi urbanisti?ki plan. Asfaltiraju se brojne gradske ulice, ula\u017ee u uli?nu rasvjetu, i do sada je asflatirano 15 kilometara puteva, u \u0161ta je ulo\u017eeno 1,3 miliona eura\u201d, kazao je Hajdinaga.<br \/>\nOn je naglasio da je saradnja izme?u Op\u0161tine, privrednika i turisti?kih poslenika na visokom nivou.<br \/>\n\u201cPosebno bih istakao i veoma dobru saradnju sa Vladom Crne Gore, \u0161to dokazuju i kapitalni zajedni?ki projekti. Zapo?ete su izrade projekata sportske hale i srednje \u0161kole, a dovr\u0161ava se projekat za Porto Milenu\u201d, poru?io je Hajdinaga, nagla\u0161avaju?i da je Ulcinj bio i ostao mozaik harmoni?nog su\u017eivota i multietni?kog sklada.<br \/>\nCrnogorski predsjednik Filip Vujanovi? je naglasio da je zadovoljan onim \u0161to je ura?eno u Ulcinju i da ?e se vrlo realno postavljeni ciljevi u ovoj godini, bez obzira na globalnu finansijsku krizu, realizovati.<br \/>\n\u201cPosebno me raduje da su ovdje veliki projekti Crne Gore u turizmu vrlo aktuelni i u fazi realizacije. Mislim na Veliku pla\u017eu, Adu i Valdanos, i uvjeren sam da ?e doprinijeti dolasku velikih partnera i da ?e promovisati resurse Ulcinja i Crne Gore na najbolji na?in\u201d, poru?io je Vujanovi?.<br \/>\nOn je objasnio da se u Ulcinju radi sve \u0161to je mogu?e da se globalna kriza \u0161to manje osjeti.<br \/>\n<strong>Pobjeda<\/strong><\/p>\n<!-- vimeo error: not a vimeo video -->\n","protected":false},"excerpt":{"rendered":"<p>Ada Bojana, Velika pla\u017ea i Valdanos, brojna ulaganja u infrastrukturu i razvoj Ulcinja, i usvajanje novog urbansti?kog plana, dokazuju da ovaj grad ?eka evropska budu?nost, rekao je predsjednik Op\u0161tine Ulcinj Gzim Hajdinaga, na sve?anosti povodom 4. aprila, Dana ove crnogorske op\u0161tine. Sve?anosti u Domu kulture prisustvovali su crnogorski predsjednik Filip Vujanovi?, potpredsjednik Vlade Vujica Lazovi?, [&hellip;]<\/p>\n","protected":false},"author":1,"featured_media":0,"comment_status":"open","ping_status":"closed","sticky":false,"template":"","format":"standard","meta":{"spay_email":"","jetpack_publicize_message":"","jetpack_is_tweetstorm":false,"jetpack_publicize_feature_enabled":true},"categories":[8337],"tags":[9020],"jetpack_publicize_connections":[],"yoast_head":"<!-- This site is optimized with the Yoast SEO plugin v19.1 - https:\/\/yoast.com\/wordpress\/plugins\/seo\/ -->\n<title>Grad Ulcinj velikih razvojnih \u0161ansi - Lajme nga Ulqini<\/title>\n<meta name=\"description\" content=\"Ada Bojana, Velika pla\u017ea i Valdanos, brojna ulaganja u infrastrukturu i razvoj Ulcinja, i usvajanje novog urbansti?kog plana, dokazuju da ovaj grad ?eka\" \/>\n<meta name=\"robots\" content=\"index, follow, max-snippet:-1, max-image-preview:large, max-video-preview:-1\" \/>\n<link rel=\"canonical\" href=\"https:\/\/www.visit-ulcinj.com\/blog\/2009\/04\/11\/grad-ulcinj-velikih-razvojnih-sansi\/\" \/>\n<meta property=\"og:locale\" content=\"en_US\" \/>\n<meta property=\"og:type\" content=\"article\" \/>\n<meta property=\"og:title\" content=\"Grad Ulcinj velikih razvojnih \u0161ansi - Lajme nga Ulqini\" \/>\n<meta property=\"og:description\" content=\"Ada Bojana, Velika pla\u017ea i Valdanos, brojna ulaganja u infrastrukturu i razvoj Ulcinja, i usvajanje novog urbansti?kog plana, dokazuju da ovaj grad ?eka\" \/>\n<meta property=\"og:url\" content=\"https:\/\/www.visit-ulcinj.com\/blog\/2009\/04\/11\/grad-ulcinj-velikih-razvojnih-sansi\/\" \/>\n<meta property=\"og:site_name\" content=\"Lajme nga Ulqini\" \/>\n<meta property=\"article:published_time\" content=\"2009-04-11T21:41:16+00:00\" \/>\n<meta property=\"og:image\" content=\"http:\/\/www.visit-ulcinj.com\/blog\/wp-content\/uploads\/2009\/04\/velika-plaza_ulcinj_montenegro1.jpg\" \/>\n<meta name=\"twitter:label1\" content=\"Written by\" \/>\n\t<meta name=\"twitter:data1\" content=\"ulqini\" \/>\n\t<meta name=\"twitter:label2\" content=\"Est. reading time\" \/>\n\t<meta name=\"twitter:data2\" content=\"2 minutes\" \/>\n<script type=\"application\/ld+json\" class=\"yoast-schema-graph\">{\"@context\":\"https:\/\/schema.org\",\"@graph\":[{\"@type\":\"WebSite\",\"@id\":\"https:\/\/www.visit-ulcinj.com\/blog\/#website\",\"url\":\"https:\/\/www.visit-ulcinj.com\/blog\/\",\"name\":\"Lajme nga Ulqini\",\"description\":\"Lajme,Vijesti,Ulqini,Ulqin,Crna Gora,Mali i Zi\",\"potentialAction\":[{\"@type\":\"SearchAction\",\"target\":{\"@type\":\"EntryPoint\",\"urlTemplate\":\"https:\/\/www.visit-ulcinj.com\/blog\/?s={search_term_string}\"},\"query-input\":\"required name=search_term_string\"}],\"inLanguage\":\"en-US\"},{\"@type\":\"ImageObject\",\"inLanguage\":\"en-US\",\"@id\":\"https:\/\/www.visit-ulcinj.com\/blog\/2009\/04\/11\/grad-ulcinj-velikih-razvojnih-sansi\/#primaryimage\",\"url\":\"https:\/\/www.visit-ulcinj.com\/blog\/wp-content\/uploads\/2009\/04\/velika-plaza_ulcinj_montenegro1.jpg\",\"contentUrl\":\"https:\/\/www.visit-ulcinj.com\/blog\/wp-content\/uploads\/2009\/04\/velika-plaza_ulcinj_montenegro1.jpg\",\"width\":\"640\",\"height\":\"428\"},{\"@type\":\"WebPage\",\"@id\":\"https:\/\/www.visit-ulcinj.com\/blog\/2009\/04\/11\/grad-ulcinj-velikih-razvojnih-sansi\/#webpage\",\"url\":\"https:\/\/www.visit-ulcinj.com\/blog\/2009\/04\/11\/grad-ulcinj-velikih-razvojnih-sansi\/\",\"name\":\"Grad Ulcinj velikih razvojnih \u0161ansi - Lajme nga Ulqini\",\"isPartOf\":{\"@id\":\"https:\/\/www.visit-ulcinj.com\/blog\/#website\"},\"primaryImageOfPage\":{\"@id\":\"https:\/\/www.visit-ulcinj.com\/blog\/2009\/04\/11\/grad-ulcinj-velikih-razvojnih-sansi\/#primaryimage\"},\"datePublished\":\"2009-04-11T21:41:16+00:00\",\"dateModified\":\"2009-04-11T21:41:16+00:00\",\"author\":{\"@id\":\"https:\/\/www.visit-ulcinj.com\/blog\/#\/schema\/person\/dcab619c614d3038751c63bc2aadc06d\"},\"description\":\"Ada Bojana, Velika pla\u017ea i Valdanos, brojna ulaganja u infrastrukturu i razvoj Ulcinja, i usvajanje novog urbansti?kog plana, dokazuju da ovaj grad ?eka\",\"breadcrumb\":{\"@id\":\"https:\/\/www.visit-ulcinj.com\/blog\/2009\/04\/11\/grad-ulcinj-velikih-razvojnih-sansi\/#breadcrumb\"},\"inLanguage\":\"en-US\",\"potentialAction\":[{\"@type\":\"ReadAction\",\"target\":[\"https:\/\/www.visit-ulcinj.com\/blog\/2009\/04\/11\/grad-ulcinj-velikih-razvojnih-sansi\/\"]}]},{\"@type\":\"BreadcrumbList\",\"@id\":\"https:\/\/www.visit-ulcinj.com\/blog\/2009\/04\/11\/grad-ulcinj-velikih-razvojnih-sansi\/#breadcrumb\",\"itemListElement\":[{\"@type\":\"ListItem\",\"position\":1,\"name\":\"Grad Ulcinj velikih razvojnih \u0161ansi\"}]},{\"@type\":\"Person\",\"@id\":\"https:\/\/www.visit-ulcinj.com\/blog\/#\/schema\/person\/dcab619c614d3038751c63bc2aadc06d\",\"name\":\"ulqini\",\"sameAs\":[\"http:\/\/www.visit-ulcinj.com\"],\"url\":\"https:\/\/www.visit-ulcinj.com\/blog\/author\/admin\/\"}]}<\/script>\n<!-- \/ Yoast SEO plugin. -->","yoast_head_json":{"title":"Grad Ulcinj velikih razvojnih \u0161ansi - Lajme nga Ulqini","description":"Ada Bojana, Velika pla\u017ea i Valdanos, brojna ulaganja u infrastrukturu i razvoj Ulcinja, i usvajanje novog urbansti?kog plana, dokazuju da ovaj grad ?eka","robots":{"index":"index","follow":"follow","max-snippet":"max-snippet:-1","max-image-preview":"max-image-preview:large","max-video-preview":"max-video-preview:-1"},"canonical":"https:\/\/www.visit-ulcinj.com\/blog\/2009\/04\/11\/grad-ulcinj-velikih-razvojnih-sansi\/","og_locale":"en_US","og_type":"article","og_title":"Grad Ulcinj velikih razvojnih \u0161ansi - Lajme nga Ulqini","og_description":"Ada Bojana, Velika pla\u017ea i Valdanos, brojna ulaganja u infrastrukturu i razvoj Ulcinja, i usvajanje novog urbansti?kog plana, dokazuju da ovaj grad ?eka","og_url":"https:\/\/www.visit-ulcinj.com\/blog\/2009\/04\/11\/grad-ulcinj-velikih-razvojnih-sansi\/","og_site_name":"Lajme nga Ulqini","article_published_time":"2009-04-11T21:41:16+00:00","og_image":[{"url":"http:\/\/www.visit-ulcinj.com\/blog\/wp-content\/uploads\/2009\/04\/velika-plaza_ulcinj_montenegro1.jpg"}],"twitter_misc":{"Written by":"ulqini","Est. reading time":"2 minutes"},"schema":{"@context":"https:\/\/schema.org","@graph":[{"@type":"WebSite","@id":"https:\/\/www.visit-ulcinj.com\/blog\/#website","url":"https:\/\/www.visit-ulcinj.com\/blog\/","name":"Lajme nga Ulqini","description":"Lajme,Vijesti,Ulqini,Ulqin,Crna Gora,Mali i Zi","potentialAction":[{"@type":"SearchAction","target":{"@type":"EntryPoint","urlTemplate":"https:\/\/www.visit-ulcinj.com\/blog\/?s={search_term_string}"},"query-input":"required name=search_term_string"}],"inLanguage":"en-US"},{"@type":"ImageObject","inLanguage":"en-US","@id":"https:\/\/www.visit-ulcinj.com\/blog\/2009\/04\/11\/grad-ulcinj-velikih-razvojnih-sansi\/#primaryimage","url":"https:\/\/www.visit-ulcinj.com\/blog\/wp-content\/uploads\/2009\/04\/velika-plaza_ulcinj_montenegro1.jpg","contentUrl":"https:\/\/www.visit-ulcinj.com\/blog\/wp-content\/uploads\/2009\/04\/velika-plaza_ulcinj_montenegro1.jpg","width":"640","height":"428"},{"@type":"WebPage","@id":"https:\/\/www.visit-ulcinj.com\/blog\/2009\/04\/11\/grad-ulcinj-velikih-razvojnih-sansi\/#webpage","url":"https:\/\/www.visit-ulcinj.com\/blog\/2009\/04\/11\/grad-ulcinj-velikih-razvojnih-sansi\/","name":"Grad Ulcinj velikih razvojnih \u0161ansi - Lajme nga Ulqini","isPartOf":{"@id":"https:\/\/www.visit-ulcinj.com\/blog\/#website"},"primaryImageOfPage":{"@id":"https:\/\/www.visit-ulcinj.com\/blog\/2009\/04\/11\/grad-ulcinj-velikih-razvojnih-sansi\/#primaryimage"},"datePublished":"2009-04-11T21:41:16+00:00","dateModified":"2009-04-11T21:41:16+00:00","author":{"@id":"https:\/\/www.visit-ulcinj.com\/blog\/#\/schema\/person\/dcab619c614d3038751c63bc2aadc06d"},"description":"Ada Bojana, Velika pla\u017ea i Valdanos, brojna ulaganja u infrastrukturu i razvoj Ulcinja, i usvajanje novog urbansti?kog plana, dokazuju da ovaj grad ?eka","breadcrumb":{"@id":"https:\/\/www.visit-ulcinj.com\/blog\/2009\/04\/11\/grad-ulcinj-velikih-razvojnih-sansi\/#breadcrumb"},"inLanguage":"en-US","potentialAction":[{"@type":"ReadAction","target":["https:\/\/www.visit-ulcinj.com\/blog\/2009\/04\/11\/grad-ulcinj-velikih-razvojnih-sansi\/"]}]},{"@type":"BreadcrumbList","@id":"https:\/\/www.visit-ulcinj.com\/blog\/2009\/04\/11\/grad-ulcinj-velikih-razvojnih-sansi\/#breadcrumb","itemListElement":[{"@type":"ListItem","position":1,"name":"Grad Ulcinj velikih razvojnih \u0161ansi"}]},{"@type":"Person","@id":"https:\/\/www.visit-ulcinj.com\/blog\/#\/schema\/person\/dcab619c614d3038751c63bc2aadc06d","name":"ulqini","sameAs":["http:\/\/www.visit-ulcinj.com"],"url":"https:\/\/www.visit-ulcinj.com\/blog\/author\/admin\/"}]}},"jetpack_featured_media_url":"","jetpack_sharing_enabled":true,"jetpack_shortlink":"https:\/\/wp.me\/pe6lTn-4yW","_links":{"self":[{"href":"https:\/\/www.visit-ulcinj.com\/blog\/wp-json\/wp\/v2\/posts\/17542"}],"collection":[{"href":"https:\/\/www.visit-ulcinj.com\/blog\/wp-json\/wp\/v2\/posts"}],"about":[{"href":"https:\/\/www.visit-ulcinj.com\/blog\/wp-json\/wp\/v2\/types\/post"}],"author":[{"embeddable":true,"href":"https:\/\/www.visit-ulcinj.com\/blog\/wp-json\/wp\/v2\/users\/1"}],"replies":[{"embeddable":true,"href":"https:\/\/www.visit-ulcinj.com\/blog\/wp-json\/wp\/v2\/comments?post=17542"}],"version-history":[{"count":0,"href":"https:\/\/www.visit-ulcinj.com\/blog\/wp-json\/wp\/v2\/posts\/17542\/revisions"}],"wp:attachment":[{"href":"https:\/\/www.visit-ulcinj.com\/blog\/wp-json\/wp\/v2\/media?parent=17542"}],"wp:term":[{"taxonomy":"category","embeddable":true,"href":"https:\/\/www.visit-ulcinj.com\/blog\/wp-json\/wp\/v2\/categories?post=17542"},{"taxonomy":"post_tag","embeddable":true,"href":"https:\/\/www.visit-ulcinj.com\/blog\/wp-json\/wp\/v2\/tags?post=17542"}],"curies":[{"name":"wp","href":"https:\/\/api.w.org\/{rel}","templated":true}]}}